{"id":801,"date":"2016-03-18T09:41:32","date_gmt":"2016-03-18T09:41:32","guid":{"rendered":"http:\/\/skoda-rowery.pl\/?p=801"},"modified":"2016-12-05T09:55:38","modified_gmt":"2016-12-05T09:55:38","slug":"dreambig-najbardziej-ekstremalne-wyprawy-rowerowe-w-historii","status":"publish","type":"post","link":"https:\/\/www.welovecycling.com\/pl\/2016\/03\/18\/dreambig-najbardziej-ekstremalne-wyprawy-rowerowe-w-historii\/","title":{"rendered":"#DreamBig: najbardziej ekstremalne wyprawy rowerowe w historii"},"content":{"rendered":"<p style=\"text-align: justify\">Lubisz d\u0142ugie wycieczki rowerowe? Poznaj 6 ekstremalnie inspiruj\u0105cych wypraw rowerowych, kt\u00f3re mocno zapisa\u0142y si\u0119 na kartach historii. Kto wie, mo\u017ce kt\u00f3ra\u015b z nich zainspiruje Ci\u0119 do podj\u0119cia w\u0142asnego d\u0142ugodystansowego wyzwania? <!--more--><br \/>\n<strong>Wyprawa Buffalo Soldiers w 1897 r.<\/strong><\/p>\n<p style=\"text-align: justify\"><img loading=\"lazy\" decoding=\"async\" class=\"alignnone wp-image-803 size-full\" src=\"http:\/\/skoda-rowery.pl\/wp-content\/uploads\/2016\/03\/105.jpg\" alt=\"105\" width=\"600\" height=\"441\" srcset=\"https:\/\/d2p6e6u75xmxt8.cloudfront.net\/5\/2016\/03\/105.jpg 600w, https:\/\/d2p6e6u75xmxt8.cloudfront.net\/5\/2016\/03\/105-300x221.jpg 300w\" sizes=\"auto, (max-width: 600px) 100vw, 600px\" \/><br \/>\nW czasach, gdy rowery dopiero zyskiwa\u0142y na popularno\u015bci, w Stanach Zjednoczonych za\u0142o\u017cony zosta\u0142 25. Rowerowy Korpus Wojska USA w Missoula. Jednostka sk\u0142ada\u0142a si\u0119 z afroameryka\u0144skich \u017co\u0142nierzy zwanych Buffalo Soldiers. W 1897 roku wyruszyli oni na wypraw\u0119 w celu przetestowania rower\u00f3w na terenach g\u00f3rskich. Pokonali 3058 mil od Fortu Missoula do St. Louis w Missouri. Zaj\u0119\u0142o im to tylko 34 dni. To \u015bwietny wynik bior\u0105c pod uwag\u0119, \u017ce w owych czasach rowery nie by\u0142y a\u017c tak zaawansowane technologicznie jak dzi\u015b. Poza tym stan techniczny dr\u00f3g (szczeg\u00f3lnie w g\u00f3rach!) pozostawia\u0142 wiele do \u017cyczenia.<\/p>\n<p style=\"text-align: justify\"><strong>Tommy Godwin i 120 tysi\u0119cy kilometr\u00f3w w rok<br \/>\n<\/strong><br \/>\n<img loading=\"lazy\" decoding=\"async\" class=\"alignnone wp-image-804 size-full\" src=\"http:\/\/skoda-rowery.pl\/wp-content\/uploads\/2016\/03\/106.jpg\" alt=\"106\" width=\"460\" height=\"570\" srcset=\"https:\/\/d2p6e6u75xmxt8.cloudfront.net\/5\/2016\/03\/106.jpg 460w, https:\/\/d2p6e6u75xmxt8.cloudfront.net\/5\/2016\/03\/106-242x300.jpg 242w\" sizes=\"auto, (max-width: 460px) 100vw, 460px\" \/><\/p>\n<p style=\"text-align: justify\">W 1939 roku Tommy Godwin pobi\u0142 rekord \u015bwiata w je\u017adzie na d\u0142ugi dystans. Utrzymywa\u0142 go do 2015 roku, kiedy to zosta\u0142 pobity przez Kurta Searvogela. Godwin przejecha\u0142 ponad 120 tysi\u0119cy kilometr\u00f3w w ci\u0105gu roku, co w przeliczeniu daje 330 kilometr\u00f3w dziennie. Tommy je\u017adzi\u0142 na rowerze, kt\u00f3ry wa\u017cy\u0142 ponad 14 kilogram\u00f3w! Co ciekawe, w czasie trwania wyprawy utrzymywa\u0142 diet\u0119 wegetaria\u0144sk\u0105. Kiedy pobija\u0142 sw\u00f3j rekord w Wielkiej Brytanii obowi\u0105zywa\u0142o zaciemnienie zwi\u0105zane z wybuchem II Wojny \u015awiatowej i w zwi\u0105zku z tym rowerzy\u015bci nie mogli u\u017cywa\u0107 jaskrawych \u017ar\u00f3de\u0142 \u015bwiat\u0142a, kt\u00f3re mog\u0142yby by\u0107 widoczne dla prowadz\u0105cych naloty niemieckich lotnik\u00f3w. Dlatego Godwin musia\u0142 korzysta\u0107 z dynamo, kt\u00f3re zwi\u0119ksza op\u00f3r przy peda\u0142owaniu. Mimo to kolarz nawet po pobiciu rekordu nie zako\u0144czy\u0142 swej wyprawy. Jecha\u0142 jeszcze przez 500 dni, a\u017c osi\u0105gn\u0105\u0142 dystans 160 000 kilometr\u00f3w. To si\u0119 nazywa samozaparcie!<\/p>\n<p style=\"text-align: justify\"><strong>Wyprawa G\u00f6rana Kroppsa na Mount Everest<br \/>\n<\/strong><br \/>\n<img loading=\"lazy\" decoding=\"async\" class=\"alignnone wp-image-805 size-full\" src=\"http:\/\/skoda-rowery.pl\/wp-content\/uploads\/2016\/03\/107.jpg\" alt=\"107\" width=\"470\" height=\"303\" srcset=\"https:\/\/d2p6e6u75xmxt8.cloudfront.net\/5\/2016\/03\/107.jpg 470w, https:\/\/d2p6e6u75xmxt8.cloudfront.net\/5\/2016\/03\/107-300x193.jpg 300w\" sizes=\"auto, (max-width: 470px) 100vw, 470px\" \/><br \/>\nSzesnastego pa\u017adziernika 1995 roku G\u00f6ran Kropp wyjecha\u0142 ze Sztokholmu z baga\u017cem wa\u017c\u0105cym 108 kg oraz zapasem jedzenia i przejecha\u0142 13 000 kilometr\u00f3w. Met\u0105 jego wyprawy rowerowej by\u0142 Base Camp pod Mont Everest. Do bazy Kropp przyjecha\u0142 w kwietniu nast\u0119pnego roku, a ju\u017c 23 maja wspi\u0105\u0142 si\u0119 na Mount Everest bez butli tlenowej, za to z namiotem i zapasami. Nast\u0119pnie z ca\u0142ym swoim ekwipunkiem wr\u00f3ci\u0142 z powrotem do Sztokholmu.<\/p>\n<p style=\"text-align: justify\"><strong>Alastair Homphreys i jego czteroletnia podr\u00f3\u017c dooko\u0142a \u015bwiata<\/strong><\/p>\n<p style=\"text-align: justify\"><img loading=\"lazy\" decoding=\"async\" class=\"alignnone wp-image-806 size-full\" src=\"http:\/\/skoda-rowery.pl\/wp-content\/uploads\/2016\/03\/109.jpg\" alt=\"109\" width=\"600\" height=\"600\" srcset=\"https:\/\/d2p6e6u75xmxt8.cloudfront.net\/5\/2016\/03\/109.jpg 600w, https:\/\/d2p6e6u75xmxt8.cloudfront.net\/5\/2016\/03\/109-150x150.jpg 150w, https:\/\/d2p6e6u75xmxt8.cloudfront.net\/5\/2016\/03\/109-300x300.jpg 300w\" sizes=\"auto, (max-width: 600px) 100vw, 600px\" \/><\/p>\n<p style=\"text-align: justify\">W sierpniu 2001 roku Alastair Humphreys rozpocz\u0105\u0142 sw\u0105 wypraw\u0119 rowerow\u0105 z rodzinnego Yorkshire w Anglii. Przemierzy\u0142 Europ\u0119, Afryk\u0119, a p\u00f3\u017aniej \u0142\u00f3dk\u0105 z Cape Town przemie\u015bci\u0142 si\u0119 do Afryki Po\u0142udniowej, i dalej do Ameryki Po\u0142udniowej. Kolejnym etapem jego podr\u00f3\u017cy by\u0142o wybrze\u017ce Ameryki, nast\u0119pnie uda\u0142 si\u0119 na Alask\u0119 i Magadanu w Rosji. Potem odwiedzi\u0142 Japoni\u0119, Chiny i Centraln\u0105 Azj\u0119. Do domu wr\u00f3ci\u0142 dopiero w listopadzie 2005 roku. Podsumowuj\u0105c: odwiedzi\u0142 60 pa\u0144stw i pi\u0119\u0107 kontynent\u00f3w. Na rowerze przejecha\u0142 74 030 km w 4 lata i 3 miesi\u0105ce!<\/p>\n<p style=\"text-align: justify\"><strong>Rodzinna wyprawa przez Ameryk\u0119<\/strong><\/p>\n<p style=\"text-align: justify\"><img loading=\"lazy\" decoding=\"async\" class=\"alignnone wp-image-807 size-full\" src=\"http:\/\/skoda-rowery.pl\/wp-content\/uploads\/2016\/03\/108.jpg\" alt=\"108\" width=\"600\" height=\"450\" srcset=\"https:\/\/d2p6e6u75xmxt8.cloudfront.net\/5\/2016\/03\/108.jpg 600w, https:\/\/d2p6e6u75xmxt8.cloudfront.net\/5\/2016\/03\/108-300x225.jpg 300w\" sizes=\"auto, (max-width: 600px) 100vw, 600px\" \/><br \/>\nW 2008 roku Nancy Sathre \u2013 Vogel, John Vogel i ich dziesi\u0119cioletnie bli\u017aniaki \u2013 Daryl i Davy wyruszyli z Prudhoe Bay na wypraw\u0119 przez ca\u0142\u0105 Ameryk\u0119. W przeci\u0105gu 3 lat odwiedzili 15 pa\u0144stw, nie zaniedbuj\u0105c przy tym edukacji swoich dzieci. Jako, \u017ce Nancy jest nauczycielk\u0105 przez ca\u0142y czas organizowa\u0142a swoich synom przeno\u015bne zaj\u0119cia szkolne. Rowerowa rodzina 21 marca 2011 roku dojecha\u0142a do Ushuaia w Argentynie. Dystans pokonany podczas wyprawy to 27 842 kilometr\u00f3w.<\/p>\n<p style=\"text-align: justify\"><strong>Pierwsza cyklistka na Biegunie Po\u0142udniowym<\/strong><\/p>\n<p style=\"text-align: justify\"><img loading=\"lazy\" decoding=\"async\" class=\"alignnone wp-image-808 size-full\" src=\"http:\/\/skoda-rowery.pl\/wp-content\/uploads\/2016\/03\/110.jpg\" alt=\"110\" width=\"770\" height=\"513\" srcset=\"https:\/\/d2p6e6u75xmxt8.cloudfront.net\/5\/2016\/03\/110.jpg 770w, https:\/\/d2p6e6u75xmxt8.cloudfront.net\/5\/2016\/03\/110-300x200.jpg 300w, https:\/\/d2p6e6u75xmxt8.cloudfront.net\/5\/2016\/03\/110-768x512.jpg 768w, https:\/\/d2p6e6u75xmxt8.cloudfront.net\/5\/2016\/03\/110-272x182.jpg 272w\" sizes=\"auto, (max-width: 770px) 100vw, 770px\" \/><\/p>\n<p style=\"text-align: justify\">Na koniec poznaj Mari\u0119 Leijerstam &#8211; pierwsz\u0105 osob\u0119 na \u015bwiecie, kt\u00f3ra dotar\u0142a do Bieguna Po\u0142udniowego na rowerze. 17 grudnia 2013 roku Maria Leijerstam rozpocz\u0119\u0142a swoj\u0105 wypraw\u0119 z Lodowca Szelfowego Rossa na granicy Antarktydy i uda\u0142o jej si\u0119 dotrze\u0107 do Bieguna Po\u0142udniowego w 10 dni. Maria jecha\u0142a na specjalnym rowerze poziomym.<\/p>\n<p style=\"text-align: justify\">A Ty dok\u0105d masz zamiar wybra\u0107 si\u0119 na swoim rowerze? Nie zapominaj, by spe\u0142nia\u0107 swoje marzenia!<\/p>\n<p style=\"text-align: justify\">(\u017ar\u00f3d\u0142o zdj\u0119\u0107: welovecycling.com)<\/p>\n","protected":false},"excerpt":{"rendered":"<p>Lubisz d\u0142ugie wycieczki rowerowe? Poznaj 6 ekstremalnie inspiruj\u0105cych wypraw rowerowych, kt\u00f3re mocno zapisa\u0142y si\u0119 na kartach historii. Kto wie, mo\u017ce [&hellip;]<\/p>\n","protected":false},"author":1,"featured_media":802,"comment_status":"closed","ping_status":"closed","sticky":false,"template":"","format":"standard","meta":{"footnotes":""},"categories":[3],"tags":[],"global-categories":[],"class_list":["post-801","post","type-post","status-publish","format-standard","has-post-thumbnail","hentry","category-adrenalina"],"yoast_head":"<!-- This site is optimized with the Yoast SEO Premium plugin v25.3 (Yoast SEO v25.9) - https:\/\/yoast.com\/wordpress\/plugins\/seo\/ -->\n<title>#DreamBig: najbardziej ekstremalne wyprawy rowerowe w historii - \u0160koda We Love Cycling - Poland<\/title>\n<meta name=\"robots\" content=\"index, follow, max-snippet:-1, max-image-preview:large, max-video-preview:-1\" \/>\n<link rel=\"canonical\" href=\"https:\/\/www.welovecycling.com\/pl\/2016\/03\/18\/dreambig-najbardziej-ekstremalne-wyprawy-rowerowe-w-historii\/\" \/>\n<meta property=\"og:locale\" content=\"pl_PL\" \/>\n<meta property=\"og:type\" content=\"article\" \/>\n<meta property=\"og:title\" content=\"#DreamBig: najbardziej ekstremalne wyprawy rowerowe w historii\" \/>\n<meta property=\"og:description\" content=\"Lubisz d\u0142ugie wycieczki rowerowe? Poznaj 6 ekstremalnie inspiruj\u0105cych wypraw rowerowych, kt\u00f3re mocno zapisa\u0142y si\u0119 na kartach historii. Kto wie, mo\u017ce [&hellip;]\" \/>\n<meta property=\"og:url\" content=\"https:\/\/www.welovecycling.com\/pl\/2016\/03\/18\/dreambig-najbardziej-ekstremalne-wyprawy-rowerowe-w-historii\/\" \/>\n<meta property=\"og:site_name\" content=\"\u0160koda We Love Cycling - Poland\" \/>\n<meta property=\"article:published_time\" content=\"2016-03-18T09:41:32+00:00\" \/>\n<meta property=\"article:modified_time\" content=\"2016-12-05T09:55:38+00:00\" \/>\n<meta property=\"og:image\" content=\"https:\/\/d2p6e6u75xmxt8.cloudfront.net\/5\/2016\/03\/face4241.jpg\" \/>\n\t<meta property=\"og:image:width\" content=\"1628\" \/>\n\t<meta property=\"og:image:height\" content=\"600\" \/>\n\t<meta property=\"og:image:type\" content=\"image\/jpeg\" \/>\n<meta name=\"author\" content=\"WeLoveCycling\" \/>\n<meta name=\"twitter:card\" content=\"summary_large_image\" \/>\n<meta name=\"twitter:label1\" content=\"Written by\" \/>\n\t<meta name=\"twitter:data1\" content=\"WeLoveCycling\" \/>\n\t<meta name=\"twitter:label2\" content=\"Est. reading time\" \/>\n\t<meta name=\"twitter:data2\" content=\"3 minutes\" \/>\n<script type=\"application\/ld+json\" class=\"yoast-schema-graph\">{\"@context\":\"https:\/\/schema.org\",\"@graph\":[{\"@type\":\"WebPage\",\"@id\":\"https:\/\/www.welovecycling.com\/pl\/2016\/03\/18\/dreambig-najbardziej-ekstremalne-wyprawy-rowerowe-w-historii\/\",\"url\":\"https:\/\/www.welovecycling.com\/pl\/2016\/03\/18\/dreambig-najbardziej-ekstremalne-wyprawy-rowerowe-w-historii\/\",\"name\":\"#DreamBig: najbardziej ekstremalne wyprawy rowerowe w historii - \u0160koda We Love Cycling - Poland\",\"isPartOf\":{\"@id\":\"https:\/\/www.welovecycling.com\/pl\/#website\"},\"primaryImageOfPage\":{\"@id\":\"https:\/\/www.welovecycling.com\/pl\/2016\/03\/18\/dreambig-najbardziej-ekstremalne-wyprawy-rowerowe-w-historii\/#primaryimage\"},\"image\":{\"@id\":\"https:\/\/www.welovecycling.com\/pl\/2016\/03\/18\/dreambig-najbardziej-ekstremalne-wyprawy-rowerowe-w-historii\/#primaryimage\"},\"thumbnailUrl\":\"https:\/\/d2p6e6u75xmxt8.cloudfront.net\/5\/2016\/03\/face4241.jpg\",\"datePublished\":\"2016-03-18T09:41:32+00:00\",\"dateModified\":\"2016-12-05T09:55:38+00:00\",\"author\":{\"@id\":\"https:\/\/www.welovecycling.com\/pl\/#\/schema\/person\/e5187c9cac8dd619ebc7b41bd73c2fd9\"},\"breadcrumb\":{\"@id\":\"https:\/\/www.welovecycling.com\/pl\/2016\/03\/18\/dreambig-najbardziej-ekstremalne-wyprawy-rowerowe-w-historii\/#breadcrumb\"},\"inLanguage\":\"pl-PL\",\"potentialAction\":[{\"@type\":\"ReadAction\",\"target\":[\"https:\/\/www.welovecycling.com\/pl\/2016\/03\/18\/dreambig-najbardziej-ekstremalne-wyprawy-rowerowe-w-historii\/\"]}]},{\"@type\":\"ImageObject\",\"inLanguage\":\"pl-PL\",\"@id\":\"https:\/\/www.welovecycling.com\/pl\/2016\/03\/18\/dreambig-najbardziej-ekstremalne-wyprawy-rowerowe-w-historii\/#primaryimage\",\"url\":\"https:\/\/d2p6e6u75xmxt8.cloudfront.net\/5\/2016\/03\/face4241.jpg\",\"contentUrl\":\"https:\/\/d2p6e6u75xmxt8.cloudfront.net\/5\/2016\/03\/face4241.jpg\",\"width\":1628,\"height\":600},{\"@type\":\"BreadcrumbList\",\"@id\":\"https:\/\/www.welovecycling.com\/pl\/2016\/03\/18\/dreambig-najbardziej-ekstremalne-wyprawy-rowerowe-w-historii\/#breadcrumb\",\"itemListElement\":[{\"@type\":\"ListItem\",\"position\":1,\"name\":\"Home\",\"item\":\"https:\/\/www.welovecycling.com\/pl\/\"},{\"@type\":\"ListItem\",\"position\":2,\"name\":\"#DreamBig: najbardziej ekstremalne wyprawy rowerowe w historii\"}]},{\"@type\":\"WebSite\",\"@id\":\"https:\/\/www.welovecycling.com\/pl\/#website\",\"url\":\"https:\/\/www.welovecycling.com\/pl\/\",\"name\":\"\u0160koda We Love Cycling - Poland\",\"description\":\"\",\"potentialAction\":[{\"@type\":\"SearchAction\",\"target\":{\"@type\":\"EntryPoint\",\"urlTemplate\":\"https:\/\/www.welovecycling.com\/pl\/?s={search_term_string}\"},\"query-input\":{\"@type\":\"PropertyValueSpecification\",\"valueRequired\":true,\"valueName\":\"search_term_string\"}}],\"inLanguage\":\"pl-PL\"},{\"@type\":\"Person\",\"@id\":\"https:\/\/www.welovecycling.com\/pl\/#\/schema\/person\/e5187c9cac8dd619ebc7b41bd73c2fd9\",\"name\":\"WeLoveCycling\",\"image\":{\"@type\":\"ImageObject\",\"inLanguage\":\"pl-PL\",\"@id\":\"https:\/\/www.welovecycling.com\/pl\/#\/schema\/person\/image\/\",\"url\":\"https:\/\/secure.gravatar.com\/avatar\/7e1ee0ecc5e294b19ef32b9f6086e0afbb9da00c3cb0d465ba4695331f4a9187?s=96&d=mm&r=g\",\"contentUrl\":\"https:\/\/secure.gravatar.com\/avatar\/7e1ee0ecc5e294b19ef32b9f6086e0afbb9da00c3cb0d465ba4695331f4a9187?s=96&d=mm&r=g\",\"caption\":\"WeLoveCycling\"},\"url\":\"https:\/\/www.welovecycling.com\/pl\/author\/lukascech\/\"}]}<\/script>\n<!-- \/ Yoast SEO Premium plugin. -->","yoast_head_json":{"title":"#DreamBig: najbardziej ekstremalne wyprawy rowerowe w historii - \u0160koda We Love Cycling - Poland","robots":{"index":"index","follow":"follow","max-snippet":"max-snippet:-1","max-image-preview":"max-image-preview:large","max-video-preview":"max-video-preview:-1"},"canonical":"https:\/\/www.welovecycling.com\/pl\/2016\/03\/18\/dreambig-najbardziej-ekstremalne-wyprawy-rowerowe-w-historii\/","og_locale":"pl_PL","og_type":"article","og_title":"#DreamBig: najbardziej ekstremalne wyprawy rowerowe w historii","og_description":"Lubisz d\u0142ugie wycieczki rowerowe? Poznaj 6 ekstremalnie inspiruj\u0105cych wypraw rowerowych, kt\u00f3re mocno zapisa\u0142y si\u0119 na kartach historii. Kto wie, mo\u017ce [&hellip;]","og_url":"https:\/\/www.welovecycling.com\/pl\/2016\/03\/18\/dreambig-najbardziej-ekstremalne-wyprawy-rowerowe-w-historii\/","og_site_name":"\u0160koda We Love Cycling - Poland","article_published_time":"2016-03-18T09:41:32+00:00","article_modified_time":"2016-12-05T09:55:38+00:00","og_image":[{"width":1628,"height":600,"url":"https:\/\/d2p6e6u75xmxt8.cloudfront.net\/5\/2016\/03\/face4241.jpg","type":"image\/jpeg"}],"author":"WeLoveCycling","twitter_card":"summary_large_image","twitter_misc":{"Written by":"WeLoveCycling","Est. reading time":"3 minutes"},"schema":{"@context":"https:\/\/schema.org","@graph":[{"@type":"WebPage","@id":"https:\/\/www.welovecycling.com\/pl\/2016\/03\/18\/dreambig-najbardziej-ekstremalne-wyprawy-rowerowe-w-historii\/","url":"https:\/\/www.welovecycling.com\/pl\/2016\/03\/18\/dreambig-najbardziej-ekstremalne-wyprawy-rowerowe-w-historii\/","name":"#DreamBig: najbardziej ekstremalne wyprawy rowerowe w historii - \u0160koda We Love Cycling - Poland","isPartOf":{"@id":"https:\/\/www.welovecycling.com\/pl\/#website"},"primaryImageOfPage":{"@id":"https:\/\/www.welovecycling.com\/pl\/2016\/03\/18\/dreambig-najbardziej-ekstremalne-wyprawy-rowerowe-w-historii\/#primaryimage"},"image":{"@id":"https:\/\/www.welovecycling.com\/pl\/2016\/03\/18\/dreambig-najbardziej-ekstremalne-wyprawy-rowerowe-w-historii\/#primaryimage"},"thumbnailUrl":"https:\/\/d2p6e6u75xmxt8.cloudfront.net\/5\/2016\/03\/face4241.jpg","datePublished":"2016-03-18T09:41:32+00:00","dateModified":"2016-12-05T09:55:38+00:00","author":{"@id":"https:\/\/www.welovecycling.com\/pl\/#\/schema\/person\/e5187c9cac8dd619ebc7b41bd73c2fd9"},"breadcrumb":{"@id":"https:\/\/www.welovecycling.com\/pl\/2016\/03\/18\/dreambig-najbardziej-ekstremalne-wyprawy-rowerowe-w-historii\/#breadcrumb"},"inLanguage":"pl-PL","potentialAction":[{"@type":"ReadAction","target":["https:\/\/www.welovecycling.com\/pl\/2016\/03\/18\/dreambig-najbardziej-ekstremalne-wyprawy-rowerowe-w-historii\/"]}]},{"@type":"ImageObject","inLanguage":"pl-PL","@id":"https:\/\/www.welovecycling.com\/pl\/2016\/03\/18\/dreambig-najbardziej-ekstremalne-wyprawy-rowerowe-w-historii\/#primaryimage","url":"https:\/\/d2p6e6u75xmxt8.cloudfront.net\/5\/2016\/03\/face4241.jpg","contentUrl":"https:\/\/d2p6e6u75xmxt8.cloudfront.net\/5\/2016\/03\/face4241.jpg","width":1628,"height":600},{"@type":"BreadcrumbList","@id":"https:\/\/www.welovecycling.com\/pl\/2016\/03\/18\/dreambig-najbardziej-ekstremalne-wyprawy-rowerowe-w-historii\/#breadcrumb","itemListElement":[{"@type":"ListItem","position":1,"name":"Home","item":"https:\/\/www.welovecycling.com\/pl\/"},{"@type":"ListItem","position":2,"name":"#DreamBig: najbardziej ekstremalne wyprawy rowerowe w historii"}]},{"@type":"WebSite","@id":"https:\/\/www.welovecycling.com\/pl\/#website","url":"https:\/\/www.welovecycling.com\/pl\/","name":"\u0160koda We Love Cycling - Poland","description":"","potentialAction":[{"@type":"SearchAction","target":{"@type":"EntryPoint","urlTemplate":"https:\/\/www.welovecycling.com\/pl\/?s={search_term_string}"},"query-input":{"@type":"PropertyValueSpecification","valueRequired":true,"valueName":"search_term_string"}}],"inLanguage":"pl-PL"},{"@type":"Person","@id":"https:\/\/www.welovecycling.com\/pl\/#\/schema\/person\/e5187c9cac8dd619ebc7b41bd73c2fd9","name":"WeLoveCycling","image":{"@type":"ImageObject","inLanguage":"pl-PL","@id":"https:\/\/www.welovecycling.com\/pl\/#\/schema\/person\/image\/","url":"https:\/\/secure.gravatar.com\/avatar\/7e1ee0ecc5e294b19ef32b9f6086e0afbb9da00c3cb0d465ba4695331f4a9187?s=96&d=mm&r=g","contentUrl":"https:\/\/secure.gravatar.com\/avatar\/7e1ee0ecc5e294b19ef32b9f6086e0afbb9da00c3cb0d465ba4695331f4a9187?s=96&d=mm&r=g","caption":"WeLoveCycling"},"url":"https:\/\/www.welovecycling.com\/pl\/author\/lukascech\/"}]}},"_links":{"self":[{"href":"https:\/\/www.welovecycling.com\/pl\/wp-json\/wp\/v2\/posts\/801","targetHints":{"allow":["GET"]}}],"collection":[{"href":"https:\/\/www.welovecycling.com\/pl\/wp-json\/wp\/v2\/posts"}],"about":[{"href":"https:\/\/www.welovecycling.com\/pl\/wp-json\/wp\/v2\/types\/post"}],"author":[{"embeddable":true,"href":"https:\/\/www.welovecycling.com\/pl\/wp-json\/wp\/v2\/users\/1"}],"replies":[{"embeddable":true,"href":"https:\/\/www.welovecycling.com\/pl\/wp-json\/wp\/v2\/comments?post=801"}],"version-history":[{"count":1,"href":"https:\/\/www.welovecycling.com\/pl\/wp-json\/wp\/v2\/posts\/801\/revisions"}],"predecessor-version":[{"id":2481,"href":"https:\/\/www.welovecycling.com\/pl\/wp-json\/wp\/v2\/posts\/801\/revisions\/2481"}],"wp:featuredmedia":[{"embeddable":true,"href":"https:\/\/www.welovecycling.com\/pl\/wp-json\/wp\/v2\/media\/802"}],"wp:attachment":[{"href":"https:\/\/www.welovecycling.com\/pl\/wp-json\/wp\/v2\/media?parent=801"}],"wp:term":[{"taxonomy":"category","embeddable":true,"href":"https:\/\/www.welovecycling.com\/pl\/wp-json\/wp\/v2\/categories?post=801"},{"taxonomy":"post_tag","embeddable":true,"href":"https:\/\/www.welovecycling.com\/pl\/wp-json\/wp\/v2\/tags?post=801"},{"taxonomy":"global-categories","embeddable":true,"href":"https:\/\/www.welovecycling.com\/pl\/wp-json\/wp\/v2\/global-categories?post=801"}],"curies":[{"name":"wp","href":"https:\/\/api.w.org\/{rel}","templated":true}]}}