{"id":7997,"date":"2018-09-28T14:56:56","date_gmt":"2018-09-28T14:56:56","guid":{"rendered":"https:\/\/www.welovecycling.com\/pl\/?p=7997"},"modified":"2018-10-23T15:16:30","modified_gmt":"2018-10-23T15:16:30","slug":"skoda-poznan-bike-challenge-2018-rowerowe-swieto-po-raz-piaty","status":"publish","type":"post","link":"https:\/\/www.welovecycling.com\/pl\/2018\/09\/28\/skoda-poznan-bike-challenge-2018-rowerowe-swieto-po-raz-piaty\/","title":{"rendered":"\u0160koda POZNA\u0143 BIKE CHALLENGE 2018: Rowerowe \u015bwi\u0119to po raz pi\u0105ty"},"content":{"rendered":"<p><strong>Prawie 5000 os\u00f3b wzi\u0119\u0142o udzia\u0142 w pi\u0105tej edycji najwi\u0119kszego amatorskiego wy\u015bcigu kolarskiego w Europie \u015arodkowo-Wschodniej. \u00a0Po raz kolejny tytularnym sponsorem wydarzenia by\u0142a \u0160koda Polska. Wy\u015bcig oklaskiwa\u0142y t\u0142umy kibic\u00f3w zgromadzonych na trasie i pozna\u0144skim Stadionie Miejskim. Dzi\u0119kujemy Wam wszystkim!<\/strong><\/p>\n<p>23 wrze\u015bnia 2018 roku okaza\u0142 si\u0119 idealnym dniem na wielkie rowerowe \u015bwi\u0119to. Idealna temperatura i suchy asfalt pozwala\u0142y cieszy\u0107 si\u0119 jazd\u0105. Dzi\u0119ki temu pozytywna energia jak\u0105 co roku na\u0142adowany jest pozna\u0144ski wy\u015bcig, by\u0142a jeszcze bardziej zara\u017aliwa, nawet dla os\u00f3b postronnych.<\/p>\n<p>Dotychczas wy\u015bcigi startowa\u0142y z pozna\u0144skiej Malty, ale tym razem sercem imprezy by\u0142 Stadion Miejski. Okaza\u0142 si\u0119 on doskona\u0142\u0105 baz\u0105 dla uczestnik\u00f3w i kibic\u00f3w, kt\u00f3ra u\u0142atwia\u0142a organizacj\u0119 ca\u0142ego przedsi\u0119wzi\u0119cia.<\/p>\n<p>Stadion by\u0142 te\u017c aren\u0105 rywalizacji najm\u0142odszych uczestnik\u00f3w \u0160koda Pozna\u0144 Bike Challenge \u2013 dzieci w wieku od 4 do 6 lat, kt\u00f3re zmierzy\u0142y si\u0119 na 3-kilometrowej trasie, wytyczonej wok\u00f3\u0142 pozna\u0144skiej areny. Wszyscy wykazali si\u0119 wyj\u0105tkow\u0105 pasj\u0105 do kolarstwa i spodziewamy si\u0119, \u017ce ju\u017c za par\u0119 lat zobaczymy ich na d\u0142u\u017cszych trasach wy\u015bcigu!<\/p>\n<p>Podczas \u0160koda Pozna\u0144 Bike Challenge \u015bcigano si\u0119 na trzech dystansach. Najd\u0142u\u017cszy liczy\u0142 sobie oko\u0142o 120 km i na jego starcie stan\u0119li najbardziej zaawansowani zawodnicy. Presti\u017c 120 km \u0160koda Challenge podnosi\u0142 fakt, \u017ce mia\u0142 rang\u0119 eliminacji do UCI Gran Fondo World Series, czyli \u015bwiatowego cyklu wy\u015bcigu dla amator\u00f3w. Najtrudniejsze wyzwanie zawod\u00f3w podj\u0119\u0142o oko\u0142o 2000 kolarzy. Na ambitnych pasjonat\u00f3w kolarstwa, kt\u00f3rzy jednak nie czuli si\u0119 na si\u0142ach, by zmierzy\u0107 si\u0119 z tak d\u0142ug\u0105 tras\u0105, czeka\u0142o wyzwanie w postaci ok. 50-kilometrowego dystansu \u015bredniego.<\/p>\n<p>11 kilometr\u00f3w liczy\u0142a sobie z kolei trasa \u0160koda Family Challenge. Tu wa\u017cniejsza od wyniku by\u0142a dobra zabawa. Dystans ten by\u0142 propozycj\u0105 skierowan\u0105 do rodzin z dzie\u0107mi oraz wszystkich, kt\u00f3rzy najzwyczajniej w \u015bwiecie chcieli przejecha\u0107 si\u0119 na rowerze w towarzystwie innych pasjonat\u00f3w jedno\u015blad\u00f3w. Nie oznacza to oczywi\u015bcie, \u017ce na trasie nie by\u0142o rywalizacji! Niezale\u017cnie od miejsca na mecie, ka\u017cdy z uczestnik\u00f3w zas\u0142u\u017cy\u0142 na pochwa\u0142y za wsp\u00f3\u0142tworzenie wyj\u0105tkowej atmosfery, z kt\u00f3rej s\u0142ynie \u0160koda Pozna\u0144 Bike Challenge.<\/p>\n<p>Przedostatnia niedziela wrze\u015bnia by\u0142a jednak nie tylko \u015bwi\u0119tem cyklist\u00f3w. Atrakcje czeka\u0142y tak\u017ce na tych, kt\u00f3rzy dotarli na Stadion Miejski bez roweru. W Strefie \u0160KODY przygotowano kreatywne stanowiska kolarskie w technologii VR. Ci, kt\u00f3rzy za pomoc\u0105 gogli przenie\u015bli si\u0119 do wirtualnej rzeczywisto\u015bci, mieli za zadanie z\u0142o\u017cenie w niej roweru i wykonanie skoku. By\u0142y te\u017c warsztaty dla dzieci, na kt\u00f3rych m.in. mo\u017cna by\u0142o w\u0142asnor\u0119cznie wykona\u0107 ozdoby rowerowe. Powsta\u0142 tak\u017ce tor przeszk\u00f3d dla mini rowerk\u00f3w, kt\u00f3re \u2013 wbrew pozorom \u2013 cieszy\u0142y si\u0119 popularno\u015bci\u0105 nie tylko w\u015br\u00f3d najm\u0142odszych go\u015bci Strefy \u0160KODY. Wszyscy uczestnicy konkurs\u00f3w mogli liczy\u0107 na upominki od sponsora imprezy.<\/p>\n<div id='gallery-1' class='gallery galleryid-7997 gallery-columns-4 gallery-size-medium'><figure class='gallery-item'>\n\t\t\t<div class='gallery-icon landscape'>\n\t\t\t\t<a href='https:\/\/d2p6e6u75xmxt8.cloudfront.net\/5\/2018\/09\/42576339_1864395166977653_2201082438967361536_o.jpg'><img loading=\"lazy\" decoding=\"async\" width=\"300\" height=\"300\" src=\"https:\/\/d2p6e6u75xmxt8.cloudfront.net\/5\/2018\/09\/42576339_1864395166977653_2201082438967361536_o-300x300.jpg\" class=\"attachment-medium size-medium\" alt=\"\" srcset=\"https:\/\/d2p6e6u75xmxt8.cloudfront.net\/5\/2018\/09\/42576339_1864395166977653_2201082438967361536_o-300x300.jpg 300w, https:\/\/d2p6e6u75xmxt8.cloudfront.net\/5\/2018\/09\/42576339_1864395166977653_2201082438967361536_o-150x150.jpg 150w, https:\/\/d2p6e6u75xmxt8.cloudfront.net\/5\/2018\/09\/42576339_1864395166977653_2201082438967361536_o-768x768.jpg 768w, https:\/\/d2p6e6u75xmxt8.cloudfront.net\/5\/2018\/09\/42576339_1864395166977653_2201082438967361536_o-1024x1024.jpg 1024w, https:\/\/d2p6e6u75xmxt8.cloudfront.net\/5\/2018\/09\/42576339_1864395166977653_2201082438967361536_o-1920x1920.jpg 1920w, https:\/\/d2p6e6u75xmxt8.cloudfront.net\/5\/2018\/09\/42576339_1864395166977653_2201082438967361536_o.jpg 2048w, https:\/\/d2p6e6u75xmxt8.cloudfront.net\/5\/2018\/09\/42576339_1864395166977653_2201082438967361536_o-1920x1920.jpg 1920w\" sizes=\"auto, (max-width: 300px) 100vw, 300px\" \/><\/a>\n\t\t\t<\/div><\/figure><figure class='gallery-item'>\n\t\t\t<div class='gallery-icon landscape'>\n\t\t\t\t<a href='https:\/\/d2p6e6u75xmxt8.cloudfront.net\/5\/2018\/09\/42584805_1864395420310961_8573703747379658752_o.jpg'><img loading=\"lazy\" decoding=\"async\" width=\"300\" height=\"300\" src=\"https:\/\/d2p6e6u75xmxt8.cloudfront.net\/5\/2018\/09\/42584805_1864395420310961_8573703747379658752_o-300x300.jpg\" class=\"attachment-medium size-medium\" alt=\"\" srcset=\"https:\/\/d2p6e6u75xmxt8.cloudfront.net\/5\/2018\/09\/42584805_1864395420310961_8573703747379658752_o-300x300.jpg 300w, https:\/\/d2p6e6u75xmxt8.cloudfront.net\/5\/2018\/09\/42584805_1864395420310961_8573703747379658752_o-150x150.jpg 150w, https:\/\/d2p6e6u75xmxt8.cloudfront.net\/5\/2018\/09\/42584805_1864395420310961_8573703747379658752_o-768x768.jpg 768w, https:\/\/d2p6e6u75xmxt8.cloudfront.net\/5\/2018\/09\/42584805_1864395420310961_8573703747379658752_o-1024x1024.jpg 1024w, https:\/\/d2p6e6u75xmxt8.cloudfront.net\/5\/2018\/09\/42584805_1864395420310961_8573703747379658752_o-1920x1920.jpg 1920w, https:\/\/d2p6e6u75xmxt8.cloudfront.net\/5\/2018\/09\/42584805_1864395420310961_8573703747379658752_o.jpg 2048w, https:\/\/d2p6e6u75xmxt8.cloudfront.net\/5\/2018\/09\/42584805_1864395420310961_8573703747379658752_o-1920x1920.jpg 1920w\" sizes=\"auto, (max-width: 300px) 100vw, 300px\" \/><\/a>\n\t\t\t<\/div><\/figure><figure class='gallery-item'>\n\t\t\t<div class='gallery-icon portrait'>\n\t\t\t\t<a href='https:\/\/d2p6e6u75xmxt8.cloudfront.net\/5\/2018\/09\/42603555_1864396146977555_6956696208802840576_o.jpg'><img loading=\"lazy\" decoding=\"async\" width=\"200\" height=\"300\" src=\"https:\/\/d2p6e6u75xmxt8.cloudfront.net\/5\/2018\/09\/42603555_1864396146977555_6956696208802840576_o-200x300.jpg\" class=\"attachment-medium size-medium\" alt=\"\" srcset=\"https:\/\/d2p6e6u75xmxt8.cloudfront.net\/5\/2018\/09\/42603555_1864396146977555_6956696208802840576_o-200x300.jpg 200w, https:\/\/d2p6e6u75xmxt8.cloudfront.net\/5\/2018\/09\/42603555_1864396146977555_6956696208802840576_o-768x1152.jpg 768w, https:\/\/d2p6e6u75xmxt8.cloudfront.net\/5\/2018\/09\/42603555_1864396146977555_6956696208802840576_o-683x1024.jpg 683w, https:\/\/d2p6e6u75xmxt8.cloudfront.net\/5\/2018\/09\/42603555_1864396146977555_6956696208802840576_o-1280x1920.jpg 1280w, https:\/\/d2p6e6u75xmxt8.cloudfront.net\/5\/2018\/09\/42603555_1864396146977555_6956696208802840576_o.jpg 1365w, https:\/\/d2p6e6u75xmxt8.cloudfront.net\/5\/2018\/09\/42603555_1864396146977555_6956696208802840576_o-1280x1920.jpg 1280w\" sizes=\"auto, (max-width: 200px) 100vw, 200px\" \/><\/a>\n\t\t\t<\/div><\/figure><figure class='gallery-item'>\n\t\t\t<div class='gallery-icon portrait'>\n\t\t\t\t<a href='https:\/\/d2p6e6u75xmxt8.cloudfront.net\/5\/2018\/09\/42627541_1864396166977553_5496429159481606144_o.jpg'><img loading=\"lazy\" decoding=\"async\" width=\"200\" height=\"300\" src=\"https:\/\/d2p6e6u75xmxt8.cloudfront.net\/5\/2018\/09\/42627541_1864396166977553_5496429159481606144_o-200x300.jpg\" class=\"attachment-medium size-medium\" alt=\"\" srcset=\"https:\/\/d2p6e6u75xmxt8.cloudfront.net\/5\/2018\/09\/42627541_1864396166977553_5496429159481606144_o-200x300.jpg 200w, https:\/\/d2p6e6u75xmxt8.cloudfront.net\/5\/2018\/09\/42627541_1864396166977553_5496429159481606144_o-768x1152.jpg 768w, https:\/\/d2p6e6u75xmxt8.cloudfront.net\/5\/2018\/09\/42627541_1864396166977553_5496429159481606144_o-683x1024.jpg 683w, https:\/\/d2p6e6u75xmxt8.cloudfront.net\/5\/2018\/09\/42627541_1864396166977553_5496429159481606144_o-1280x1920.jpg 1280w, https:\/\/d2p6e6u75xmxt8.cloudfront.net\/5\/2018\/09\/42627541_1864396166977553_5496429159481606144_o.jpg 1365w, https:\/\/d2p6e6u75xmxt8.cloudfront.net\/5\/2018\/09\/42627541_1864396166977553_5496429159481606144_o-1280x1920.jpg 1280w\" sizes=\"auto, (max-width: 200px) 100vw, 200px\" \/><\/a>\n\t\t\t<\/div><\/figure><figure class='gallery-item'>\n\t\t\t<div class='gallery-icon portrait'>\n\t\t\t\t<a href='https:\/\/d2p6e6u75xmxt8.cloudfront.net\/5\/2018\/09\/42656633_1864396386977531_94953480577351680_o.jpg'><img loading=\"lazy\" decoding=\"async\" width=\"200\" height=\"300\" src=\"https:\/\/d2p6e6u75xmxt8.cloudfront.net\/5\/2018\/09\/42656633_1864396386977531_94953480577351680_o-200x300.jpg\" class=\"attachment-medium size-medium\" alt=\"\" srcset=\"https:\/\/d2p6e6u75xmxt8.cloudfront.net\/5\/2018\/09\/42656633_1864396386977531_94953480577351680_o-200x300.jpg 200w, https:\/\/d2p6e6u75xmxt8.cloudfront.net\/5\/2018\/09\/42656633_1864396386977531_94953480577351680_o-768x1152.jpg 768w, https:\/\/d2p6e6u75xmxt8.cloudfront.net\/5\/2018\/09\/42656633_1864396386977531_94953480577351680_o-683x1024.jpg 683w, https:\/\/d2p6e6u75xmxt8.cloudfront.net\/5\/2018\/09\/42656633_1864396386977531_94953480577351680_o-1280x1920.jpg 1280w, https:\/\/d2p6e6u75xmxt8.cloudfront.net\/5\/2018\/09\/42656633_1864396386977531_94953480577351680_o.jpg 1365w, https:\/\/d2p6e6u75xmxt8.cloudfront.net\/5\/2018\/09\/42656633_1864396386977531_94953480577351680_o-1280x1920.jpg 1280w\" sizes=\"auto, (max-width: 200px) 100vw, 200px\" \/><\/a>\n\t\t\t<\/div><\/figure><figure class='gallery-item'>\n\t\t\t<div class='gallery-icon landscape'>\n\t\t\t\t<a href='https:\/\/d2p6e6u75xmxt8.cloudfront.net\/5\/2018\/09\/42672718_1864396070310896_7089446037240152064_o.jpg'><img loading=\"lazy\" decoding=\"async\" width=\"300\" height=\"200\" src=\"https:\/\/d2p6e6u75xmxt8.cloudfront.net\/5\/2018\/09\/42672718_1864396070310896_7089446037240152064_o-300x200.jpg\" class=\"attachment-medium size-medium\" alt=\"\" srcset=\"https:\/\/d2p6e6u75xmxt8.cloudfront.net\/5\/2018\/09\/42672718_1864396070310896_7089446037240152064_o-300x200.jpg 300w, https:\/\/d2p6e6u75xmxt8.cloudfront.net\/5\/2018\/09\/42672718_1864396070310896_7089446037240152064_o-768x512.jpg 768w, https:\/\/d2p6e6u75xmxt8.cloudfront.net\/5\/2018\/09\/42672718_1864396070310896_7089446037240152064_o-1024x683.jpg 1024w, https:\/\/d2p6e6u75xmxt8.cloudfront.net\/5\/2018\/09\/42672718_1864396070310896_7089446037240152064_o-1920x1280.jpg 1920w, https:\/\/d2p6e6u75xmxt8.cloudfront.net\/5\/2018\/09\/42672718_1864396070310896_7089446037240152064_o-272x182.jpg 272w, https:\/\/d2p6e6u75xmxt8.cloudfront.net\/5\/2018\/09\/42672718_1864396070310896_7089446037240152064_o.jpg 2048w, https:\/\/d2p6e6u75xmxt8.cloudfront.net\/5\/2018\/09\/42672718_1864396070310896_7089446037240152064_o-1920x1280.jpg 1920w\" sizes=\"auto, (max-width: 300px) 100vw, 300px\" \/><\/a>\n\t\t\t<\/div><\/figure><figure class='gallery-item'>\n\t\t\t<div class='gallery-icon portrait'>\n\t\t\t\t<a href='https:\/\/d2p6e6u75xmxt8.cloudfront.net\/5\/2018\/09\/42761199_1864396076977562_1390773314535817216_o.jpg'><img loading=\"lazy\" decoding=\"async\" width=\"200\" height=\"300\" src=\"https:\/\/d2p6e6u75xmxt8.cloudfront.net\/5\/2018\/09\/42761199_1864396076977562_1390773314535817216_o-200x300.jpg\" class=\"attachment-medium size-medium\" alt=\"\" srcset=\"https:\/\/d2p6e6u75xmxt8.cloudfront.net\/5\/2018\/09\/42761199_1864396076977562_1390773314535817216_o-200x300.jpg 200w, https:\/\/d2p6e6u75xmxt8.cloudfront.net\/5\/2018\/09\/42761199_1864396076977562_1390773314535817216_o-768x1152.jpg 768w, https:\/\/d2p6e6u75xmxt8.cloudfront.net\/5\/2018\/09\/42761199_1864396076977562_1390773314535817216_o-683x1024.jpg 683w, https:\/\/d2p6e6u75xmxt8.cloudfront.net\/5\/2018\/09\/42761199_1864396076977562_1390773314535817216_o-1280x1920.jpg 1280w, https:\/\/d2p6e6u75xmxt8.cloudfront.net\/5\/2018\/09\/42761199_1864396076977562_1390773314535817216_o.jpg 1365w, https:\/\/d2p6e6u75xmxt8.cloudfront.net\/5\/2018\/09\/42761199_1864396076977562_1390773314535817216_o-1280x1920.jpg 1280w\" sizes=\"auto, (max-width: 200px) 100vw, 200px\" \/><\/a>\n\t\t\t<\/div><\/figure><figure class='gallery-item'>\n\t\t\t<div class='gallery-icon landscape'>\n\t\t\t\t<a href='https:\/\/d2p6e6u75xmxt8.cloudfront.net\/5\/2018\/09\/42560420_1864395630310940_519639885460537344_o.jpg'><img loading=\"lazy\" decoding=\"async\" width=\"300\" height=\"300\" src=\"https:\/\/d2p6e6u75xmxt8.cloudfront.net\/5\/2018\/09\/42560420_1864395630310940_519639885460537344_o-300x300.jpg\" class=\"attachment-medium size-medium\" alt=\"\" srcset=\"https:\/\/d2p6e6u75xmxt8.cloudfront.net\/5\/2018\/09\/42560420_1864395630310940_519639885460537344_o-300x300.jpg 300w, https:\/\/d2p6e6u75xmxt8.cloudfront.net\/5\/2018\/09\/42560420_1864395630310940_519639885460537344_o-150x150.jpg 150w, https:\/\/d2p6e6u75xmxt8.cloudfront.net\/5\/2018\/09\/42560420_1864395630310940_519639885460537344_o-768x768.jpg 768w, https:\/\/d2p6e6u75xmxt8.cloudfront.net\/5\/2018\/09\/42560420_1864395630310940_519639885460537344_o-1024x1024.jpg 1024w, https:\/\/d2p6e6u75xmxt8.cloudfront.net\/5\/2018\/09\/42560420_1864395630310940_519639885460537344_o-1920x1920.jpg 1920w, https:\/\/d2p6e6u75xmxt8.cloudfront.net\/5\/2018\/09\/42560420_1864395630310940_519639885460537344_o.jpg 2048w, https:\/\/d2p6e6u75xmxt8.cloudfront.net\/5\/2018\/09\/42560420_1864395630310940_519639885460537344_o-1920x1920.jpg 1920w\" sizes=\"auto, (max-width: 300px) 100vw, 300px\" \/><\/a>\n\t\t\t<\/div><\/figure>\n\t\t<\/div>\n\n<p>Raz jeszcze dzi\u0119kujemy wszystkim \u2013 jad\u0105cym i kibicuj\u0105cym \u2013 uczestnikom \u0160koda Pozna\u0144 Bike Challenge.<\/p>\n<p>Do zobaczenia w przysz\u0142ym roku!<\/p>\n","protected":false},"excerpt":{"rendered":"<p>Prawie 5000 os\u00f3b wzi\u0119\u0142o udzia\u0142 w pi\u0105tej edycji najwi\u0119kszego amatorskiego wy\u015bcigu kolarskiego w Europie \u015arodkowo-Wschodniej. \u00a0Po raz kolejny tytularnym sponsorem [&hellip;]<\/p>\n","protected":false},"author":76,"featured_media":7998,"comment_status":"open","ping_status":"open","sticky":false,"template":"","format":"standard","meta":{"footnotes":""},"categories":[295],"tags":[],"global-categories":[],"class_list":["post-7997","post","type-post","status-publish","format-standard","has-post-thumbnail","hentry","category-zawody"],"yoast_head":"<!-- This site is optimized with the Yoast SEO Premium plugin v25.3 (Yoast SEO v25.9) - https:\/\/yoast.com\/wordpress\/plugins\/seo\/ -->\n<title>\u0160koda POZNA\u0143 BIKE CHALLENGE 2018: Rowerowe \u015bwi\u0119to po raz pi\u0105ty - \u0160koda We Love Cycling - Poland<\/title>\n<meta name=\"description\" content=\"Prawie 5000 os\u00f3b wzi\u0119\u0142o udzia\u0142 w pi\u0105tej edycji najwi\u0119kszego amatorskiego wy\u015bcigu kolarskiego w Europie \u015arodkowo-Wschodniej.\" \/>\n<meta name=\"robots\" content=\"index, follow, max-snippet:-1, max-image-preview:large, max-video-preview:-1\" \/>\n<link rel=\"canonical\" href=\"https:\/\/www.welovecycling.com\/pl\/2018\/09\/28\/skoda-poznan-bike-challenge-2018-rowerowe-swieto-po-raz-piaty\/\" \/>\n<meta property=\"og:locale\" content=\"pl_PL\" \/>\n<meta property=\"og:type\" content=\"article\" \/>\n<meta property=\"og:title\" content=\"\u0160koda POZNA\u0143 BIKE CHALLENGE 2018: Rowerowe \u015bwi\u0119to po raz pi\u0105ty\" \/>\n<meta property=\"og:description\" content=\"Prawie 5000 os\u00f3b wzi\u0119\u0142o udzia\u0142 w pi\u0105tej edycji najwi\u0119kszego amatorskiego wy\u015bcigu kolarskiego w Europie \u015arodkowo-Wschodniej.\" \/>\n<meta property=\"og:url\" content=\"https:\/\/www.welovecycling.com\/pl\/2018\/09\/28\/skoda-poznan-bike-challenge-2018-rowerowe-swieto-po-raz-piaty\/\" \/>\n<meta property=\"og:site_name\" content=\"\u0160koda We Love Cycling - Poland\" \/>\n<meta property=\"article:published_time\" content=\"2018-09-28T14:56:56+00:00\" \/>\n<meta property=\"article:modified_time\" content=\"2018-10-23T15:16:30+00:00\" \/>\n<meta property=\"og:image\" content=\"https:\/\/d2p6e6u75xmxt8.cloudfront.net\/5\/2018\/10\/42576339_1864395166977653_2201082438967361536_o-e1540307176408.jpg\" \/>\n\t<meta property=\"og:image:width\" content=\"2048\" \/>\n\t<meta property=\"og:image:height\" content=\"1382\" \/>\n\t<meta property=\"og:image:type\" content=\"image\/jpeg\" \/>\n<meta name=\"author\" content=\"piotrboczkowski\" \/>\n<meta name=\"twitter:card\" content=\"summary_large_image\" \/>\n<meta name=\"twitter:label1\" content=\"Written by\" \/>\n\t<meta name=\"twitter:data1\" content=\"\u0160koda Polska\" \/>\n\t<meta name=\"twitter:label2\" content=\"Est. reading time\" \/>\n\t<meta name=\"twitter:data2\" content=\"3 minutes\" \/>\n<script type=\"application\/ld+json\" class=\"yoast-schema-graph\">{\"@context\":\"https:\/\/schema.org\",\"@graph\":[{\"@type\":\"WebPage\",\"@id\":\"https:\/\/www.welovecycling.com\/pl\/2018\/09\/28\/skoda-poznan-bike-challenge-2018-rowerowe-swieto-po-raz-piaty\/\",\"url\":\"https:\/\/www.welovecycling.com\/pl\/2018\/09\/28\/skoda-poznan-bike-challenge-2018-rowerowe-swieto-po-raz-piaty\/\",\"name\":\"\u0160koda POZNA\u0143 BIKE CHALLENGE 2018: Rowerowe \u015bwi\u0119to po raz pi\u0105ty - \u0160koda We Love Cycling - Poland\",\"isPartOf\":{\"@id\":\"https:\/\/www.welovecycling.com\/pl\/#website\"},\"primaryImageOfPage\":{\"@id\":\"https:\/\/www.welovecycling.com\/pl\/2018\/09\/28\/skoda-poznan-bike-challenge-2018-rowerowe-swieto-po-raz-piaty\/#primaryimage\"},\"image\":{\"@id\":\"https:\/\/www.welovecycling.com\/pl\/2018\/09\/28\/skoda-poznan-bike-challenge-2018-rowerowe-swieto-po-raz-piaty\/#primaryimage\"},\"thumbnailUrl\":\"https:\/\/d2p6e6u75xmxt8.cloudfront.net\/5\/2018\/10\/42576339_1864395166977653_2201082438967361536_o-e1540307176408.jpg\",\"datePublished\":\"2018-09-28T14:56:56+00:00\",\"dateModified\":\"2018-10-23T15:16:30+00:00\",\"author\":{\"@id\":\"https:\/\/www.welovecycling.com\/pl\/#\/schema\/person\/0dba2d39da943db9df3fd8f4687e7f23\"},\"description\":\"Prawie 5000 os\u00f3b wzi\u0119\u0142o udzia\u0142 w pi\u0105tej edycji najwi\u0119kszego amatorskiego wy\u015bcigu kolarskiego w Europie \u015arodkowo-Wschodniej.\",\"breadcrumb\":{\"@id\":\"https:\/\/www.welovecycling.com\/pl\/2018\/09\/28\/skoda-poznan-bike-challenge-2018-rowerowe-swieto-po-raz-piaty\/#breadcrumb\"},\"inLanguage\":\"pl-PL\",\"potentialAction\":[{\"@type\":\"ReadAction\",\"target\":[\"https:\/\/www.welovecycling.com\/pl\/2018\/09\/28\/skoda-poznan-bike-challenge-2018-rowerowe-swieto-po-raz-piaty\/\"]}]},{\"@type\":\"ImageObject\",\"inLanguage\":\"pl-PL\",\"@id\":\"https:\/\/www.welovecycling.com\/pl\/2018\/09\/28\/skoda-poznan-bike-challenge-2018-rowerowe-swieto-po-raz-piaty\/#primaryimage\",\"url\":\"https:\/\/d2p6e6u75xmxt8.cloudfront.net\/5\/2018\/10\/42576339_1864395166977653_2201082438967361536_o-e1540307176408.jpg\",\"contentUrl\":\"https:\/\/d2p6e6u75xmxt8.cloudfront.net\/5\/2018\/10\/42576339_1864395166977653_2201082438967361536_o-e1540307176408.jpg\",\"width\":2048,\"height\":1382},{\"@type\":\"BreadcrumbList\",\"@id\":\"https:\/\/www.welovecycling.com\/pl\/2018\/09\/28\/skoda-poznan-bike-challenge-2018-rowerowe-swieto-po-raz-piaty\/#breadcrumb\",\"itemListElement\":[{\"@type\":\"ListItem\",\"position\":1,\"name\":\"Home\",\"item\":\"https:\/\/www.welovecycling.com\/pl\/\"},{\"@type\":\"ListItem\",\"position\":2,\"name\":\"\u0160koda POZNA\u0143 BIKE CHALLENGE 2018: Rowerowe \u015bwi\u0119to po raz pi\u0105ty\"}]},{\"@type\":\"WebSite\",\"@id\":\"https:\/\/www.welovecycling.com\/pl\/#website\",\"url\":\"https:\/\/www.welovecycling.com\/pl\/\",\"name\":\"\u0160koda We Love Cycling - Poland\",\"description\":\"\",\"potentialAction\":[{\"@type\":\"SearchAction\",\"target\":{\"@type\":\"EntryPoint\",\"urlTemplate\":\"https:\/\/www.welovecycling.com\/pl\/?s={search_term_string}\"},\"query-input\":{\"@type\":\"PropertyValueSpecification\",\"valueRequired\":true,\"valueName\":\"search_term_string\"}}],\"inLanguage\":\"pl-PL\"},{\"@type\":\"Person\",\"@id\":\"https:\/\/www.welovecycling.com\/pl\/#\/schema\/person\/0dba2d39da943db9df3fd8f4687e7f23\",\"name\":\"piotrboczkowski\",\"image\":{\"@type\":\"ImageObject\",\"inLanguage\":\"pl-PL\",\"@id\":\"https:\/\/www.welovecycling.com\/pl\/#\/schema\/person\/image\/\",\"url\":\"https:\/\/secure.gravatar.com\/avatar\/533caccae14752e03a2ce2d3fd62d1b98b93e1393c3195c27819e53344ca1ace?s=96&d=mm&r=g\",\"contentUrl\":\"https:\/\/secure.gravatar.com\/avatar\/533caccae14752e03a2ce2d3fd62d1b98b93e1393c3195c27819e53344ca1ace?s=96&d=mm&r=g\",\"caption\":\"piotrboczkowski\"},\"url\":\"https:\/\/www.welovecycling.com\/pl\/author\/piotrboczkowski\/\"}]}<\/script>\n<!-- \/ Yoast SEO Premium plugin. -->","yoast_head_json":{"title":"\u0160koda POZNA\u0143 BIKE CHALLENGE 2018: Rowerowe \u015bwi\u0119to po raz pi\u0105ty - \u0160koda We Love Cycling - Poland","description":"Prawie 5000 os\u00f3b wzi\u0119\u0142o udzia\u0142 w pi\u0105tej edycji najwi\u0119kszego amatorskiego wy\u015bcigu kolarskiego w Europie \u015arodkowo-Wschodniej.","robots":{"index":"index","follow":"follow","max-snippet":"max-snippet:-1","max-image-preview":"max-image-preview:large","max-video-preview":"max-video-preview:-1"},"canonical":"https:\/\/www.welovecycling.com\/pl\/2018\/09\/28\/skoda-poznan-bike-challenge-2018-rowerowe-swieto-po-raz-piaty\/","og_locale":"pl_PL","og_type":"article","og_title":"\u0160koda POZNA\u0143 BIKE CHALLENGE 2018: Rowerowe \u015bwi\u0119to po raz pi\u0105ty","og_description":"Prawie 5000 os\u00f3b wzi\u0119\u0142o udzia\u0142 w pi\u0105tej edycji najwi\u0119kszego amatorskiego wy\u015bcigu kolarskiego w Europie \u015arodkowo-Wschodniej.","og_url":"https:\/\/www.welovecycling.com\/pl\/2018\/09\/28\/skoda-poznan-bike-challenge-2018-rowerowe-swieto-po-raz-piaty\/","og_site_name":"\u0160koda We Love Cycling - Poland","article_published_time":"2018-09-28T14:56:56+00:00","article_modified_time":"2018-10-23T15:16:30+00:00","og_image":[{"width":2048,"height":1382,"url":"https:\/\/d2p6e6u75xmxt8.cloudfront.net\/5\/2018\/10\/42576339_1864395166977653_2201082438967361536_o-e1540307176408.jpg","type":"image\/jpeg"}],"author":"piotrboczkowski","twitter_card":"summary_large_image","twitter_misc":{"Written by":"\u0160koda Polska","Est. reading time":"3 minutes"},"schema":{"@context":"https:\/\/schema.org","@graph":[{"@type":"WebPage","@id":"https:\/\/www.welovecycling.com\/pl\/2018\/09\/28\/skoda-poznan-bike-challenge-2018-rowerowe-swieto-po-raz-piaty\/","url":"https:\/\/www.welovecycling.com\/pl\/2018\/09\/28\/skoda-poznan-bike-challenge-2018-rowerowe-swieto-po-raz-piaty\/","name":"\u0160koda POZNA\u0143 BIKE CHALLENGE 2018: Rowerowe \u015bwi\u0119to po raz pi\u0105ty - \u0160koda We Love Cycling - Poland","isPartOf":{"@id":"https:\/\/www.welovecycling.com\/pl\/#website"},"primaryImageOfPage":{"@id":"https:\/\/www.welovecycling.com\/pl\/2018\/09\/28\/skoda-poznan-bike-challenge-2018-rowerowe-swieto-po-raz-piaty\/#primaryimage"},"image":{"@id":"https:\/\/www.welovecycling.com\/pl\/2018\/09\/28\/skoda-poznan-bike-challenge-2018-rowerowe-swieto-po-raz-piaty\/#primaryimage"},"thumbnailUrl":"https:\/\/d2p6e6u75xmxt8.cloudfront.net\/5\/2018\/10\/42576339_1864395166977653_2201082438967361536_o-e1540307176408.jpg","datePublished":"2018-09-28T14:56:56+00:00","dateModified":"2018-10-23T15:16:30+00:00","author":{"@id":"https:\/\/www.welovecycling.com\/pl\/#\/schema\/person\/0dba2d39da943db9df3fd8f4687e7f23"},"description":"Prawie 5000 os\u00f3b wzi\u0119\u0142o udzia\u0142 w pi\u0105tej edycji najwi\u0119kszego amatorskiego wy\u015bcigu kolarskiego w Europie \u015arodkowo-Wschodniej.","breadcrumb":{"@id":"https:\/\/www.welovecycling.com\/pl\/2018\/09\/28\/skoda-poznan-bike-challenge-2018-rowerowe-swieto-po-raz-piaty\/#breadcrumb"},"inLanguage":"pl-PL","potentialAction":[{"@type":"ReadAction","target":["https:\/\/www.welovecycling.com\/pl\/2018\/09\/28\/skoda-poznan-bike-challenge-2018-rowerowe-swieto-po-raz-piaty\/"]}]},{"@type":"ImageObject","inLanguage":"pl-PL","@id":"https:\/\/www.welovecycling.com\/pl\/2018\/09\/28\/skoda-poznan-bike-challenge-2018-rowerowe-swieto-po-raz-piaty\/#primaryimage","url":"https:\/\/d2p6e6u75xmxt8.cloudfront.net\/5\/2018\/10\/42576339_1864395166977653_2201082438967361536_o-e1540307176408.jpg","contentUrl":"https:\/\/d2p6e6u75xmxt8.cloudfront.net\/5\/2018\/10\/42576339_1864395166977653_2201082438967361536_o-e1540307176408.jpg","width":2048,"height":1382},{"@type":"BreadcrumbList","@id":"https:\/\/www.welovecycling.com\/pl\/2018\/09\/28\/skoda-poznan-bike-challenge-2018-rowerowe-swieto-po-raz-piaty\/#breadcrumb","itemListElement":[{"@type":"ListItem","position":1,"name":"Home","item":"https:\/\/www.welovecycling.com\/pl\/"},{"@type":"ListItem","position":2,"name":"\u0160koda POZNA\u0143 BIKE CHALLENGE 2018: Rowerowe \u015bwi\u0119to po raz pi\u0105ty"}]},{"@type":"WebSite","@id":"https:\/\/www.welovecycling.com\/pl\/#website","url":"https:\/\/www.welovecycling.com\/pl\/","name":"\u0160koda We Love Cycling - Poland","description":"","potentialAction":[{"@type":"SearchAction","target":{"@type":"EntryPoint","urlTemplate":"https:\/\/www.welovecycling.com\/pl\/?s={search_term_string}"},"query-input":{"@type":"PropertyValueSpecification","valueRequired":true,"valueName":"search_term_string"}}],"inLanguage":"pl-PL"},{"@type":"Person","@id":"https:\/\/www.welovecycling.com\/pl\/#\/schema\/person\/0dba2d39da943db9df3fd8f4687e7f23","name":"piotrboczkowski","image":{"@type":"ImageObject","inLanguage":"pl-PL","@id":"https:\/\/www.welovecycling.com\/pl\/#\/schema\/person\/image\/","url":"https:\/\/secure.gravatar.com\/avatar\/533caccae14752e03a2ce2d3fd62d1b98b93e1393c3195c27819e53344ca1ace?s=96&d=mm&r=g","contentUrl":"https:\/\/secure.gravatar.com\/avatar\/533caccae14752e03a2ce2d3fd62d1b98b93e1393c3195c27819e53344ca1ace?s=96&d=mm&r=g","caption":"piotrboczkowski"},"url":"https:\/\/www.welovecycling.com\/pl\/author\/piotrboczkowski\/"}]}},"_links":{"self":[{"href":"https:\/\/www.welovecycling.com\/pl\/wp-json\/wp\/v2\/posts\/7997","targetHints":{"allow":["GET"]}}],"collection":[{"href":"https:\/\/www.welovecycling.com\/pl\/wp-json\/wp\/v2\/posts"}],"about":[{"href":"https:\/\/www.welovecycling.com\/pl\/wp-json\/wp\/v2\/types\/post"}],"author":[{"embeddable":true,"href":"https:\/\/www.welovecycling.com\/pl\/wp-json\/wp\/v2\/users\/76"}],"replies":[{"embeddable":true,"href":"https:\/\/www.welovecycling.com\/pl\/wp-json\/wp\/v2\/comments?post=7997"}],"version-history":[{"count":2,"href":"https:\/\/www.welovecycling.com\/pl\/wp-json\/wp\/v2\/posts\/7997\/revisions"}],"predecessor-version":[{"id":8010,"href":"https:\/\/www.welovecycling.com\/pl\/wp-json\/wp\/v2\/posts\/7997\/revisions\/8010"}],"wp:featuredmedia":[{"embeddable":true,"href":"https:\/\/www.welovecycling.com\/pl\/wp-json\/wp\/v2\/media\/7998"}],"wp:attachment":[{"href":"https:\/\/www.welovecycling.com\/pl\/wp-json\/wp\/v2\/media?parent=7997"}],"wp:term":[{"taxonomy":"category","embeddable":true,"href":"https:\/\/www.welovecycling.com\/pl\/wp-json\/wp\/v2\/categories?post=7997"},{"taxonomy":"post_tag","embeddable":true,"href":"https:\/\/www.welovecycling.com\/pl\/wp-json\/wp\/v2\/tags?post=7997"},{"taxonomy":"global-categories","embeddable":true,"href":"https:\/\/www.welovecycling.com\/pl\/wp-json\/wp\/v2\/global-categories?post=7997"}],"curies":[{"name":"wp","href":"https:\/\/api.w.org\/{rel}","templated":true}]}}