{"id":7938,"date":"2018-10-11T20:57:56","date_gmt":"2018-10-11T20:57:56","guid":{"rendered":"https:\/\/www.welovecycling.com\/pl\/?p=7938"},"modified":"2018-10-12T06:08:07","modified_gmt":"2018-10-12T06:08:07","slug":"wszystko-co-chcieliscie-wiedziec-o-teneryfie","status":"publish","type":"post","link":"https:\/\/www.welovecycling.com\/pl\/2018\/10\/11\/wszystko-co-chcieliscie-wiedziec-o-teneryfie\/","title":{"rendered":"Wszystko, co chcieli\u015bcie wiedzie\u0107 o Teneryfie"},"content":{"rendered":"<p><strong>David Martin zna prawie ka\u017cd\u0105 drog\u0119 na Wyspach Kanaryjskich. Podczas wyst\u0119pu w l\u2019\u00c9tape du Tour zapytali\u015bmy go, dlaczego te atlantyckie wyspy s\u0105 tak popularne w\u015br\u00f3d kolarzy.<\/strong><\/p>\n<p>David jest jednym z trzech zwyci\u0119zc\u00f3w naszego konkursu, kt\u00f3ry reprezentowa\u0142 nas w 2015 roku w l\u2019\u00c9tape du Tour. Przemierza 500 kilometr\u00f3w na rowerze tygodniowo \u2013 trudno si\u0119 dziwi\u0107, \u017ce zaj\u0105\u0142 godne uwagi 176. miejsce w wy\u015bcigu, w kt\u00f3rym uczestniczy\u0142o 15 tysi\u0119cy zawodnik\u00f3w. Wie tak wiele o kolarstwie na Teneryfie, \u017ce postanowili\u015bmy go poprosi\u0107 o podzielenie si\u0119 wiedz\u0105 z naszymi czytelnikami.<\/p>\n<p><a href=\"https:\/\/d2p6e6u75xmxt8.cloudfront.net\/5\/2018\/10\/sportograf-66406597-600x400.jpg\"><img loading=\"lazy\" decoding=\"async\" class=\"alignnone size-full wp-image-7943\" src=\"https:\/\/d2p6e6u75xmxt8.cloudfront.net\/5\/2018\/10\/sportograf-66406597-600x400.jpg\" alt=\"\" width=\"600\" height=\"400\" srcset=\"https:\/\/d2p6e6u75xmxt8.cloudfront.net\/5\/2018\/10\/sportograf-66406597-600x400.jpg 600w, https:\/\/d2p6e6u75xmxt8.cloudfront.net\/5\/2018\/10\/sportograf-66406597-600x400-300x200.jpg 300w, https:\/\/d2p6e6u75xmxt8.cloudfront.net\/5\/2018\/10\/sportograf-66406597-600x400-272x182.jpg 272w\" sizes=\"auto, (max-width: 600px) 100vw, 600px\" \/><\/a><\/p>\n<p><strong>Co nale\u017cy wiedzie\u0107 przed udaniem si\u0119 na Kanary?<\/strong><\/p>\n<p>Czeka Ci\u0119 niezwyk\u0142e miejsce, w kt\u00f3rym na niewielkich przestrzeniach zderzaj\u0105 si\u0119 ze sob\u0105 r\u00f3\u017cnorodne klimaty i rodzaje terenu. Teneryfa jest jedynym takim miejscem w Europie, w kt\u00f3rym na wysoko\u015bci 2000 m n.p.m. mo\u017cna zacz\u0105\u0107 trening od razu po wyj\u015bciu z hotelu. Wyspa mo\u017ce pochwali\u0107 si\u0119 najd\u0142u\u017cszym w Europie wzniesieniem \u2013 od poziomu morza do 2200 m n.p.m. w jednym ci\u0105gu.<\/p>\n<p><a href=\"https:\/\/d2p6e6u75xmxt8.cloudfront.net\/5\/2018\/10\/1400270_10202163660676054_1130894882_o-600x401.jpg\"><img loading=\"lazy\" decoding=\"async\" class=\"alignnone size-full wp-image-7947\" src=\"https:\/\/d2p6e6u75xmxt8.cloudfront.net\/5\/2018\/10\/1400270_10202163660676054_1130894882_o-600x401.jpg\" alt=\"\" width=\"600\" height=\"401\" srcset=\"https:\/\/d2p6e6u75xmxt8.cloudfront.net\/5\/2018\/10\/1400270_10202163660676054_1130894882_o-600x401.jpg 600w, https:\/\/d2p6e6u75xmxt8.cloudfront.net\/5\/2018\/10\/1400270_10202163660676054_1130894882_o-600x401-300x201.jpg 300w, https:\/\/d2p6e6u75xmxt8.cloudfront.net\/5\/2018\/10\/1400270_10202163660676054_1130894882_o-600x401-272x182.jpg 272w\" sizes=\"auto, (max-width: 600px) 100vw, 600px\" \/><\/a><\/p>\n<p><strong>Wielu m\u00f3wi o je\u017cd\u017ceniu na Wyspach Kanaryjskich, jednak nie wszyscy tam jeszcze byli. Kt\u00f3ra z wysp najlepiej si\u0119 do tego nadaje i dlaczego?<\/strong><\/p>\n<p>Na Wyspach Kanaryjskich ka\u017cdy znajdzie co\u015b dla siebie. Zawodowi kolarze uciesz\u0105 si\u0119 na widok rozlicznych wzniesie\u0144 obecnych na Teneryfie. Niewiele tam p\u0142askiego terenu, ale podjazdy nie s\u0105 mocno nachylone \u2013 zwykle 5% do 6%, co czyni je \u015bwietnymi miejscami do trening\u00f3w aerobowych. Gran Canaria wita zwykle \u015bwietn\u0105 pogod\u0105, a La Palma i El Hiero s\u0105 doskona\u0142e do jazdy g\u00f3rskiej.<\/p>\n<p><strong>Co warto poleci\u0107 dla kolarza szosowego, a co dla g\u00f3rskiego?<\/strong><\/p>\n<p>Pierwsza grupa zwykle jest zadowolona z podjazdu na g\u00f3rze Teide, kt\u00f3ra jest wulkanem na Teneryfie, a zarazem najwy\u017cszym punktem w Hiszpanii (3718 m n.p.m.). R\u00f3wnie\u017c ca\u0142y \u0142a\u0144cuch g\u00f3rski Anaga jest bardzo popularny w\u015br\u00f3d rowerzyst\u00f3w. W ostatnich latach sta\u0142 si\u0119 miejscem trening\u00f3w zespo\u0142u Sky Team.<\/p>\n<div id='gallery-1' class='gallery galleryid-7938 gallery-columns-2 gallery-size-medium'><figure class='gallery-item'>\n\t\t\t<div class='gallery-icon landscape'>\n\t\t\t\t<a href='https:\/\/d2p6e6u75xmxt8.cloudfront.net\/5\/2018\/10\/11143667_10206818198876600_6113869106138917506_o-300x300.jpg'><img loading=\"lazy\" decoding=\"async\" width=\"300\" height=\"300\" src=\"https:\/\/d2p6e6u75xmxt8.cloudfront.net\/5\/2018\/10\/11143667_10206818198876600_6113869106138917506_o-300x300.jpg\" class=\"attachment-medium size-medium\" alt=\"\" srcset=\"https:\/\/d2p6e6u75xmxt8.cloudfront.net\/5\/2018\/10\/11143667_10206818198876600_6113869106138917506_o-300x300.jpg 300w, https:\/\/d2p6e6u75xmxt8.cloudfront.net\/5\/2018\/10\/11143667_10206818198876600_6113869106138917506_o-300x300-150x150.jpg 150w\" sizes=\"auto, (max-width: 300px) 100vw, 300px\" \/><\/a>\n\t\t\t<\/div><\/figure><figure class='gallery-item'>\n\t\t\t<div class='gallery-icon portrait'>\n\t\t\t\t<a href='https:\/\/d2p6e6u75xmxt8.cloudfront.net\/5\/2018\/10\/1235907_290265517778822_2063364765_n-200x300.jpg'><img loading=\"lazy\" decoding=\"async\" width=\"200\" height=\"300\" src=\"https:\/\/d2p6e6u75xmxt8.cloudfront.net\/5\/2018\/10\/1235907_290265517778822_2063364765_n-200x300-200x300.jpg\" class=\"attachment-medium size-medium\" alt=\"\" \/><\/a>\n\t\t\t<\/div><\/figure><figure class='gallery-item'>\n\t\t\t<div class='gallery-icon landscape'>\n\t\t\t\t<a href='https:\/\/d2p6e6u75xmxt8.cloudfront.net\/5\/2018\/10\/1391880_10202095380529093_1940619808_n-300x300.jpg'><img loading=\"lazy\" decoding=\"async\" width=\"300\" height=\"300\" src=\"https:\/\/d2p6e6u75xmxt8.cloudfront.net\/5\/2018\/10\/1391880_10202095380529093_1940619808_n-300x300.jpg\" class=\"attachment-medium size-medium\" alt=\"\" srcset=\"https:\/\/d2p6e6u75xmxt8.cloudfront.net\/5\/2018\/10\/1391880_10202095380529093_1940619808_n-300x300.jpg 300w, https:\/\/d2p6e6u75xmxt8.cloudfront.net\/5\/2018\/10\/1391880_10202095380529093_1940619808_n-300x300-150x150.jpg 150w\" sizes=\"auto, (max-width: 300px) 100vw, 300px\" \/><\/a>\n\t\t\t<\/div><\/figure>\n\t\t<\/div>\n\n<p>Rejon Palma po drodze podjazdu do wsi Masca jest wspania\u0142y. To niewielka g\u00f3rska wie\u015b, w kt\u00f3rej mieszka oko\u0142o 100 ludzi. Le\u017cy na poziomie 600 m n.p.m. w g\u00f3rach Macizo de Teno, kt\u00f3re rozci\u0105gaj\u0105 si\u0119 do najdalszego p\u00f3\u0142nocno-zachodniego kra\u0144ca wyspy. Teren obfituje w lasy cyprysowe i palmowe. G\u00f3ry Anaga na Teneryfie s\u0105 najlepszym wyborem dla kolarzy g\u00f3rskich.<\/p>\n<p><strong>Co z drogami na Wyspach?<\/strong><\/p>\n<p>Oko\u0142o 90% dr\u00f3g jest spokojnych i ma dobr\u0105 nawierzchni\u0119. Niekt\u00f3re z nich wymagaj\u0105 napraw, ale te \u0142atwo wymin\u0105\u0107. Miejscowi kierowcy s\u0105 niezwykle cierpliwi: potrafi\u0105 jecha\u0107 przez par\u0119 minut na podje\u017adzie za rowerzyst\u0105, czekaj\u0105c na bezpieczn\u0105 okazj\u0119 do wyprzedzenia.<\/p>\n<div id='gallery-2' class='gallery galleryid-7938 gallery-columns-2 gallery-size-medium'><figure class='gallery-item'>\n\t\t\t<div class='gallery-icon landscape'>\n\t\t\t\t<a href='https:\/\/d2p6e6u75xmxt8.cloudfront.net\/5\/2018\/10\/10313152_10203647006958784_199278088050257670_n-300x300.jpg'><img loading=\"lazy\" decoding=\"async\" width=\"300\" height=\"300\" src=\"https:\/\/d2p6e6u75xmxt8.cloudfront.net\/5\/2018\/10\/10313152_10203647006958784_199278088050257670_n-300x300.jpg\" class=\"attachment-medium size-medium\" alt=\"\" srcset=\"https:\/\/d2p6e6u75xmxt8.cloudfront.net\/5\/2018\/10\/10313152_10203647006958784_199278088050257670_n-300x300.jpg 300w, https:\/\/d2p6e6u75xmxt8.cloudfront.net\/5\/2018\/10\/10313152_10203647006958784_199278088050257670_n-300x300-150x150.jpg 150w\" sizes=\"auto, (max-width: 300px) 100vw, 300px\" \/><\/a>\n\t\t\t<\/div><\/figure><figure class='gallery-item'>\n\t\t\t<div class='gallery-icon landscape'>\n\t\t\t\t<a href='https:\/\/d2p6e6u75xmxt8.cloudfront.net\/5\/2018\/10\/10470928_10205855198162184_4255350657619183103_n-300x170.jpg'><img loading=\"lazy\" decoding=\"async\" width=\"300\" height=\"170\" src=\"https:\/\/d2p6e6u75xmxt8.cloudfront.net\/5\/2018\/10\/10470928_10205855198162184_4255350657619183103_n-300x170-300x170.jpg\" class=\"attachment-medium size-medium\" alt=\"\" \/><\/a>\n\t\t\t<\/div><\/figure><figure class='gallery-item'>\n\t\t\t<div class='gallery-icon landscape'>\n\t\t\t\t<a href='https:\/\/d2p6e6u75xmxt8.cloudfront.net\/5\/2018\/10\/10462006_10205464605557613_5158950861661287367_n-300x300.jpg'><img loading=\"lazy\" decoding=\"async\" width=\"300\" height=\"300\" src=\"https:\/\/d2p6e6u75xmxt8.cloudfront.net\/5\/2018\/10\/10462006_10205464605557613_5158950861661287367_n-300x300.jpg\" class=\"attachment-medium size-medium\" alt=\"\" srcset=\"https:\/\/d2p6e6u75xmxt8.cloudfront.net\/5\/2018\/10\/10462006_10205464605557613_5158950861661287367_n-300x300.jpg 300w, https:\/\/d2p6e6u75xmxt8.cloudfront.net\/5\/2018\/10\/10462006_10205464605557613_5158950861661287367_n-300x300-150x150.jpg 150w\" sizes=\"auto, (max-width: 300px) 100vw, 300px\" \/><\/a>\n\t\t\t<\/div><\/figure>\n\t\t<\/div>\n\n<p><strong>Kiedy i dlaczego najlepiej tam jecha\u0107?<\/strong><\/p>\n<p>W zasadzie kiedykolwiek, poniewa\u017c niezale\u017cnie od pogody zawsze mo\u017cna tam znale\u017a\u0107 tras\u0119 lub klimat \u015bwietnie dopasowane do naszych potrzeb. Wyspy Kanaryjskie nadaj\u0105 si\u0119 na ka\u017cdy sezon\u2026 Najlepiej jednak jecha\u0107 w okresie od grudnia do kwietnia. Opady deszczu zim\u0105 wyst\u0119puj\u0105 \u015brednio trzy dni w miesi\u0105cu.<\/p>\n<p><em>Zdj\u0119cia dostarczy\u0142 David Martin. <\/em><\/p>\n","protected":false},"excerpt":{"rendered":"<p>David Martin zna prawie ka\u017cd\u0105 drog\u0119 na Wyspach Kanaryjskich. Podczas wyst\u0119pu w l\u2019\u00c9tape du Tour zapytali\u015bmy go, dlaczego te atlantyckie [&hellip;]<\/p>\n","protected":false},"author":76,"featured_media":7949,"comment_status":"open","ping_status":"open","sticky":false,"template":"","format":"standard","meta":{"footnotes":""},"categories":[226,1],"tags":[],"global-categories":[],"class_list":["post-7938","post","type-post","status-publish","format-standard","has-post-thumbnail","hentry","category-ciekawostki","category-uncategorized"],"yoast_head":"<!-- This site is optimized with the Yoast SEO Premium plugin v25.3 (Yoast SEO v25.9) - https:\/\/yoast.com\/wordpress\/plugins\/seo\/ -->\n<title>Wszystko, co chcieli\u015bcie wiedzie\u0107 o Teneryfie - \u0160koda We Love Cycling - Poland<\/title>\n<meta name=\"robots\" content=\"index, follow, max-snippet:-1, max-image-preview:large, max-video-preview:-1\" \/>\n<link rel=\"canonical\" href=\"https:\/\/www.welovecycling.com\/pl\/2018\/10\/11\/wszystko-co-chcieliscie-wiedziec-o-teneryfie\/\" \/>\n<meta property=\"og:locale\" content=\"pl_PL\" \/>\n<meta property=\"og:type\" content=\"article\" \/>\n<meta property=\"og:title\" content=\"Wszystko, co chcieli\u015bcie wiedzie\u0107 o Teneryfie\" \/>\n<meta property=\"og:description\" content=\"David Martin zna prawie ka\u017cd\u0105 drog\u0119 na Wyspach Kanaryjskich. Podczas wyst\u0119pu w l\u2019\u00c9tape du Tour zapytali\u015bmy go, dlaczego te atlantyckie [&hellip;]\" \/>\n<meta property=\"og:url\" content=\"https:\/\/www.welovecycling.com\/pl\/2018\/10\/11\/wszystko-co-chcieliscie-wiedziec-o-teneryfie\/\" \/>\n<meta property=\"og:site_name\" content=\"\u0160koda We Love Cycling - Poland\" \/>\n<meta property=\"article:published_time\" content=\"2018-10-11T20:57:56+00:00\" \/>\n<meta property=\"article:modified_time\" content=\"2018-10-12T06:08:07+00:00\" \/>\n<meta property=\"og:image\" content=\"https:\/\/d2p6e6u75xmxt8.cloudfront.net\/5\/2018\/10\/opener21.jpg\" \/>\n\t<meta property=\"og:image:width\" content=\"950\" \/>\n\t<meta property=\"og:image:height\" content=\"350\" \/>\n\t<meta property=\"og:image:type\" content=\"image\/jpeg\" \/>\n<meta name=\"author\" content=\"piotrboczkowski\" \/>\n<meta name=\"twitter:card\" content=\"summary_large_image\" \/>\n<meta name=\"twitter:label1\" content=\"Written by\" \/>\n\t<meta name=\"twitter:data1\" content=\"Adam Marsal\" \/>\n\t<meta name=\"twitter:label2\" content=\"Est. reading time\" \/>\n\t<meta name=\"twitter:data2\" content=\"3 minutes\" \/>\n<script type=\"application\/ld+json\" class=\"yoast-schema-graph\">{\"@context\":\"https:\/\/schema.org\",\"@graph\":[{\"@type\":\"WebPage\",\"@id\":\"https:\/\/www.welovecycling.com\/pl\/2018\/10\/11\/wszystko-co-chcieliscie-wiedziec-o-teneryfie\/\",\"url\":\"https:\/\/www.welovecycling.com\/pl\/2018\/10\/11\/wszystko-co-chcieliscie-wiedziec-o-teneryfie\/\",\"name\":\"Wszystko, co chcieli\u015bcie wiedzie\u0107 o Teneryfie - \u0160koda We Love Cycling - Poland\",\"isPartOf\":{\"@id\":\"https:\/\/www.welovecycling.com\/pl\/#website\"},\"primaryImageOfPage\":{\"@id\":\"https:\/\/www.welovecycling.com\/pl\/2018\/10\/11\/wszystko-co-chcieliscie-wiedziec-o-teneryfie\/#primaryimage\"},\"image\":{\"@id\":\"https:\/\/www.welovecycling.com\/pl\/2018\/10\/11\/wszystko-co-chcieliscie-wiedziec-o-teneryfie\/#primaryimage\"},\"thumbnailUrl\":\"https:\/\/d2p6e6u75xmxt8.cloudfront.net\/5\/2018\/10\/opener21.jpg\",\"datePublished\":\"2018-10-11T20:57:56+00:00\",\"dateModified\":\"2018-10-12T06:08:07+00:00\",\"author\":{\"@id\":\"https:\/\/www.welovecycling.com\/pl\/#\/schema\/person\/0dba2d39da943db9df3fd8f4687e7f23\"},\"breadcrumb\":{\"@id\":\"https:\/\/www.welovecycling.com\/pl\/2018\/10\/11\/wszystko-co-chcieliscie-wiedziec-o-teneryfie\/#breadcrumb\"},\"inLanguage\":\"pl-PL\",\"potentialAction\":[{\"@type\":\"ReadAction\",\"target\":[\"https:\/\/www.welovecycling.com\/pl\/2018\/10\/11\/wszystko-co-chcieliscie-wiedziec-o-teneryfie\/\"]}]},{\"@type\":\"ImageObject\",\"inLanguage\":\"pl-PL\",\"@id\":\"https:\/\/www.welovecycling.com\/pl\/2018\/10\/11\/wszystko-co-chcieliscie-wiedziec-o-teneryfie\/#primaryimage\",\"url\":\"https:\/\/d2p6e6u75xmxt8.cloudfront.net\/5\/2018\/10\/opener21.jpg\",\"contentUrl\":\"https:\/\/d2p6e6u75xmxt8.cloudfront.net\/5\/2018\/10\/opener21.jpg\",\"width\":950,\"height\":350},{\"@type\":\"BreadcrumbList\",\"@id\":\"https:\/\/www.welovecycling.com\/pl\/2018\/10\/11\/wszystko-co-chcieliscie-wiedziec-o-teneryfie\/#breadcrumb\",\"itemListElement\":[{\"@type\":\"ListItem\",\"position\":1,\"name\":\"Home\",\"item\":\"https:\/\/www.welovecycling.com\/pl\/\"},{\"@type\":\"ListItem\",\"position\":2,\"name\":\"Wszystko, co chcieli\u015bcie wiedzie\u0107 o Teneryfie\"}]},{\"@type\":\"WebSite\",\"@id\":\"https:\/\/www.welovecycling.com\/pl\/#website\",\"url\":\"https:\/\/www.welovecycling.com\/pl\/\",\"name\":\"\u0160koda We Love Cycling - Poland\",\"description\":\"\",\"potentialAction\":[{\"@type\":\"SearchAction\",\"target\":{\"@type\":\"EntryPoint\",\"urlTemplate\":\"https:\/\/www.welovecycling.com\/pl\/?s={search_term_string}\"},\"query-input\":{\"@type\":\"PropertyValueSpecification\",\"valueRequired\":true,\"valueName\":\"search_term_string\"}}],\"inLanguage\":\"pl-PL\"},{\"@type\":\"Person\",\"@id\":\"https:\/\/www.welovecycling.com\/pl\/#\/schema\/person\/0dba2d39da943db9df3fd8f4687e7f23\",\"name\":\"piotrboczkowski\",\"image\":{\"@type\":\"ImageObject\",\"inLanguage\":\"pl-PL\",\"@id\":\"https:\/\/www.welovecycling.com\/pl\/#\/schema\/person\/image\/\",\"url\":\"https:\/\/secure.gravatar.com\/avatar\/533caccae14752e03a2ce2d3fd62d1b98b93e1393c3195c27819e53344ca1ace?s=96&d=mm&r=g\",\"contentUrl\":\"https:\/\/secure.gravatar.com\/avatar\/533caccae14752e03a2ce2d3fd62d1b98b93e1393c3195c27819e53344ca1ace?s=96&d=mm&r=g\",\"caption\":\"piotrboczkowski\"},\"url\":\"https:\/\/www.welovecycling.com\/pl\/author\/piotrboczkowski\/\"}]}<\/script>\n<!-- \/ Yoast SEO Premium plugin. -->","yoast_head_json":{"title":"Wszystko, co chcieli\u015bcie wiedzie\u0107 o Teneryfie - \u0160koda We Love Cycling - Poland","robots":{"index":"index","follow":"follow","max-snippet":"max-snippet:-1","max-image-preview":"max-image-preview:large","max-video-preview":"max-video-preview:-1"},"canonical":"https:\/\/www.welovecycling.com\/pl\/2018\/10\/11\/wszystko-co-chcieliscie-wiedziec-o-teneryfie\/","og_locale":"pl_PL","og_type":"article","og_title":"Wszystko, co chcieli\u015bcie wiedzie\u0107 o Teneryfie","og_description":"David Martin zna prawie ka\u017cd\u0105 drog\u0119 na Wyspach Kanaryjskich. Podczas wyst\u0119pu w l\u2019\u00c9tape du Tour zapytali\u015bmy go, dlaczego te atlantyckie [&hellip;]","og_url":"https:\/\/www.welovecycling.com\/pl\/2018\/10\/11\/wszystko-co-chcieliscie-wiedziec-o-teneryfie\/","og_site_name":"\u0160koda We Love Cycling - Poland","article_published_time":"2018-10-11T20:57:56+00:00","article_modified_time":"2018-10-12T06:08:07+00:00","og_image":[{"width":950,"height":350,"url":"https:\/\/d2p6e6u75xmxt8.cloudfront.net\/5\/2018\/10\/opener21.jpg","type":"image\/jpeg"}],"author":"piotrboczkowski","twitter_card":"summary_large_image","twitter_misc":{"Written by":"Adam Marsal","Est. reading time":"3 minutes"},"schema":{"@context":"https:\/\/schema.org","@graph":[{"@type":"WebPage","@id":"https:\/\/www.welovecycling.com\/pl\/2018\/10\/11\/wszystko-co-chcieliscie-wiedziec-o-teneryfie\/","url":"https:\/\/www.welovecycling.com\/pl\/2018\/10\/11\/wszystko-co-chcieliscie-wiedziec-o-teneryfie\/","name":"Wszystko, co chcieli\u015bcie wiedzie\u0107 o Teneryfie - \u0160koda We Love Cycling - Poland","isPartOf":{"@id":"https:\/\/www.welovecycling.com\/pl\/#website"},"primaryImageOfPage":{"@id":"https:\/\/www.welovecycling.com\/pl\/2018\/10\/11\/wszystko-co-chcieliscie-wiedziec-o-teneryfie\/#primaryimage"},"image":{"@id":"https:\/\/www.welovecycling.com\/pl\/2018\/10\/11\/wszystko-co-chcieliscie-wiedziec-o-teneryfie\/#primaryimage"},"thumbnailUrl":"https:\/\/d2p6e6u75xmxt8.cloudfront.net\/5\/2018\/10\/opener21.jpg","datePublished":"2018-10-11T20:57:56+00:00","dateModified":"2018-10-12T06:08:07+00:00","author":{"@id":"https:\/\/www.welovecycling.com\/pl\/#\/schema\/person\/0dba2d39da943db9df3fd8f4687e7f23"},"breadcrumb":{"@id":"https:\/\/www.welovecycling.com\/pl\/2018\/10\/11\/wszystko-co-chcieliscie-wiedziec-o-teneryfie\/#breadcrumb"},"inLanguage":"pl-PL","potentialAction":[{"@type":"ReadAction","target":["https:\/\/www.welovecycling.com\/pl\/2018\/10\/11\/wszystko-co-chcieliscie-wiedziec-o-teneryfie\/"]}]},{"@type":"ImageObject","inLanguage":"pl-PL","@id":"https:\/\/www.welovecycling.com\/pl\/2018\/10\/11\/wszystko-co-chcieliscie-wiedziec-o-teneryfie\/#primaryimage","url":"https:\/\/d2p6e6u75xmxt8.cloudfront.net\/5\/2018\/10\/opener21.jpg","contentUrl":"https:\/\/d2p6e6u75xmxt8.cloudfront.net\/5\/2018\/10\/opener21.jpg","width":950,"height":350},{"@type":"BreadcrumbList","@id":"https:\/\/www.welovecycling.com\/pl\/2018\/10\/11\/wszystko-co-chcieliscie-wiedziec-o-teneryfie\/#breadcrumb","itemListElement":[{"@type":"ListItem","position":1,"name":"Home","item":"https:\/\/www.welovecycling.com\/pl\/"},{"@type":"ListItem","position":2,"name":"Wszystko, co chcieli\u015bcie wiedzie\u0107 o Teneryfie"}]},{"@type":"WebSite","@id":"https:\/\/www.welovecycling.com\/pl\/#website","url":"https:\/\/www.welovecycling.com\/pl\/","name":"\u0160koda We Love Cycling - Poland","description":"","potentialAction":[{"@type":"SearchAction","target":{"@type":"EntryPoint","urlTemplate":"https:\/\/www.welovecycling.com\/pl\/?s={search_term_string}"},"query-input":{"@type":"PropertyValueSpecification","valueRequired":true,"valueName":"search_term_string"}}],"inLanguage":"pl-PL"},{"@type":"Person","@id":"https:\/\/www.welovecycling.com\/pl\/#\/schema\/person\/0dba2d39da943db9df3fd8f4687e7f23","name":"piotrboczkowski","image":{"@type":"ImageObject","inLanguage":"pl-PL","@id":"https:\/\/www.welovecycling.com\/pl\/#\/schema\/person\/image\/","url":"https:\/\/secure.gravatar.com\/avatar\/533caccae14752e03a2ce2d3fd62d1b98b93e1393c3195c27819e53344ca1ace?s=96&d=mm&r=g","contentUrl":"https:\/\/secure.gravatar.com\/avatar\/533caccae14752e03a2ce2d3fd62d1b98b93e1393c3195c27819e53344ca1ace?s=96&d=mm&r=g","caption":"piotrboczkowski"},"url":"https:\/\/www.welovecycling.com\/pl\/author\/piotrboczkowski\/"}]}},"_links":{"self":[{"href":"https:\/\/www.welovecycling.com\/pl\/wp-json\/wp\/v2\/posts\/7938","targetHints":{"allow":["GET"]}}],"collection":[{"href":"https:\/\/www.welovecycling.com\/pl\/wp-json\/wp\/v2\/posts"}],"about":[{"href":"https:\/\/www.welovecycling.com\/pl\/wp-json\/wp\/v2\/types\/post"}],"author":[{"embeddable":true,"href":"https:\/\/www.welovecycling.com\/pl\/wp-json\/wp\/v2\/users\/76"}],"replies":[{"embeddable":true,"href":"https:\/\/www.welovecycling.com\/pl\/wp-json\/wp\/v2\/comments?post=7938"}],"version-history":[{"count":2,"href":"https:\/\/www.welovecycling.com\/pl\/wp-json\/wp\/v2\/posts\/7938\/revisions"}],"predecessor-version":[{"id":7951,"href":"https:\/\/www.welovecycling.com\/pl\/wp-json\/wp\/v2\/posts\/7938\/revisions\/7951"}],"wp:featuredmedia":[{"embeddable":true,"href":"https:\/\/www.welovecycling.com\/pl\/wp-json\/wp\/v2\/media\/7949"}],"wp:attachment":[{"href":"https:\/\/www.welovecycling.com\/pl\/wp-json\/wp\/v2\/media?parent=7938"}],"wp:term":[{"taxonomy":"category","embeddable":true,"href":"https:\/\/www.welovecycling.com\/pl\/wp-json\/wp\/v2\/categories?post=7938"},{"taxonomy":"post_tag","embeddable":true,"href":"https:\/\/www.welovecycling.com\/pl\/wp-json\/wp\/v2\/tags?post=7938"},{"taxonomy":"global-categories","embeddable":true,"href":"https:\/\/www.welovecycling.com\/pl\/wp-json\/wp\/v2\/global-categories?post=7938"}],"curies":[{"name":"wp","href":"https:\/\/api.w.org\/{rel}","templated":true}]}}