{"id":7890,"date":"2018-10-03T20:52:47","date_gmt":"2018-10-03T20:52:47","guid":{"rendered":"https:\/\/www.welovecycling.com\/pl\/?p=7890"},"modified":"2018-10-04T06:53:00","modified_gmt":"2018-10-04T06:53:00","slug":"zawodnik-polskiego-pochodzenia-podbil-kolarski-swiat","status":"publish","type":"post","link":"https:\/\/www.welovecycling.com\/pl\/2018\/10\/03\/zawodnik-polskiego-pochodzenia-podbil-kolarski-swiat\/","title":{"rendered":"Zawodnik polskiego pochodzenia podbi\u0142 kolarski \u015bwiat!"},"content":{"rendered":"<p><strong>Najpierw syn polskich emigrant\u00f3w musia\u0142 walczy\u0107 o francuskie obywatelstwo, za to dzi\u015b francuskie ulice nosz\u0105 jego imi\u0119, a na tablicach widniej\u0105 napisy: \u201eW ho\u0142dzie mistrzowi kolarstwa\u201d. Poznajcie histori\u0119 Jeana Graczyka, kolarza polskiego pochodzenia, kt\u00f3ry dwukrotnie zdoby\u0142 zielon\u0105 koszulk\u0119 Tour de France.<\/strong><\/p>\n<p>Czasy by\u0142y ci\u0119\u017ckie &#8211; okres mi\u0119dzywojenny, gdy w Polsce si\u0119 nie przelewa\u0142o, a nad Europ\u0105 wisia\u0142 strach przed kolejnym konfliktem. To w\u0142a\u015bnie wtedy pa\u0144stwo Graczykowie wyjechali do Francji, gdzie w 1933 r. urodzi\u0142 si\u0119 ich syn \u2013 Jean.<\/p>\n<p>Na pocz\u0105tku nie mia\u0142 jednak nawet francuskiego obywatelstwa, ale z czasem zyska\u0142 znacznie wi\u0119cej ni\u017c niejeden rodowity Francuz. \u201eBy\u0142 przyk\u0142adem, \u017ce polscy emigranci\u00a0 byli godnymi rywalami dla najlepszych francuskich kolarzy\u201d \u2013 tak dzi\u015b wspominaj\u0105 go nad Sekwan\u0105.<\/p>\n<figure id=\"attachment_7892\" aria-describedby=\"caption-attachment-7892\" style=\"width: 387px\" class=\"wp-caption alignnone\"><a href=\"https:\/\/d2p6e6u75xmxt8.cloudfront.net\/5\/2018\/10\/ob_53d6b2_ob-ce04ef-graczyk4.jpg\"><img loading=\"lazy\" decoding=\"async\" class=\"size-full wp-image-7892\" src=\"https:\/\/d2p6e6u75xmxt8.cloudfront.net\/5\/2018\/10\/ob_53d6b2_ob-ce04ef-graczyk4.jpg\" alt=\"\" width=\"387\" height=\"611\" srcset=\"https:\/\/d2p6e6u75xmxt8.cloudfront.net\/5\/2018\/10\/ob_53d6b2_ob-ce04ef-graczyk4.jpg 387w, https:\/\/d2p6e6u75xmxt8.cloudfront.net\/5\/2018\/10\/ob_53d6b2_ob-ce04ef-graczyk4-190x300.jpg 190w\" sizes=\"auto, (max-width: 387px) 100vw, 387px\" \/><\/a><figcaption id=\"caption-attachment-7892\" class=\"wp-caption-text\">http:\/\/www.les-actus-du-cyclisme.com\/2015\/03\/paris-nice-de-tous-les-champions-cyclistes-du-cher-jean-graczyk-est-certainement-celui-qui-a-le-plus-marque-de-son-empreinte-la-cour<\/figcaption><\/figure>\n<p><strong>Nieust\u0119pliwy wojownik<\/strong><\/p>\n<p>Dla Francji zdoby\u0142 medal olimpijski, wygrywa\u0142 wielkie wy\u015bcigi, presti\u017cowe etapy i kolekcjonowa\u0142 zielone koszulki Wielkiej P\u0119tli. By jednak do tego dosz\u0142o, musia\u0142 najpierw otrzyma\u0107 obywatelstwo, a czeka\u0142 na to 16 lat. Pewnie sprawy potoczy\u0142by si\u0119 szybciej, gdyby Francuzi wcze\u015bniej wiedzieli, jaki sportowy diament urodzi\u0142 si\u0119 w ich kraju\u2026<\/p>\n<p>By\u0107 mo\u017ce Graczyk nigdy nie zaszed\u0142by tak daleko, gdyby nie mistrzostwo Francji amator\u00f3w oraz srebrny medal na igrzyskach olimpijskich w Melbourne w wy\u015bcigu dru\u017cynowym (1956 r.). Takie rzeczy nie przechodz\u0105 bez echa, wi\u0119c rok p\u00f3\u017aniej syn polskich emigrant\u00f3w by\u0142 ju\u017c zawodowcem, a co za tym idzie \u2013 francuskim kolarzem pe\u0142n\u0105 g\u0119b\u0105.<\/p>\n<p>Szybko te\u017c pokaza\u0142, \u017ce w peletonie nie zamierza by\u0107 tylko pomocnikiem, ale walczy\u0142 na ca\u0142ego. Do dzi\u015b Francuzi wspominaj\u0105 go jako \u015bwietnego sprintera i nieust\u0119pliwego wojownika. Kapitalnie radzi\u0142 sobie te\u017c na brukach, kt\u00f3rych dzi\u015b kolarze podczas Tour de France boj\u0105 si\u0119 jak ognia.<\/p>\n<p>To w\u0142a\u015bnie dzi\u0119ki temu dwa razy (w 1958 r. i 1960 r.) zdoby\u0142 zielon\u0105 koszulk\u0119 za zwyci\u0119stwo w klasyfikacji punktowej, kt\u00f3r\u0105 obecnie sponsoruje \u0160koda. A jak wielkie to wyr\u00f3\u017cnienie, \u015bwiadcz\u0105 nazwiska zwyci\u0119zc\u00f3w tej klasyfikacji w XXI w. Wystarczy wymieni\u0107 Petera Sagana, Marka Cavendisha, Alessandro Petacchiego, czy Erika Zabela.<\/p>\n<figure id=\"attachment_7891\" aria-describedby=\"caption-attachment-7891\" style=\"width: 953px\" class=\"wp-caption alignnone\"><a href=\"https:\/\/d2p6e6u75xmxt8.cloudfront.net\/5\/2018\/10\/ob_e29351_jean-graczyk.jpg\"><img loading=\"lazy\" decoding=\"async\" class=\"size-full wp-image-7891\" src=\"https:\/\/d2p6e6u75xmxt8.cloudfront.net\/5\/2018\/10\/ob_e29351_jean-graczyk.jpg\" alt=\"\" width=\"953\" height=\"730\" srcset=\"https:\/\/d2p6e6u75xmxt8.cloudfront.net\/5\/2018\/10\/ob_e29351_jean-graczyk.jpg 953w, https:\/\/d2p6e6u75xmxt8.cloudfront.net\/5\/2018\/10\/ob_e29351_jean-graczyk-300x230.jpg 300w, https:\/\/d2p6e6u75xmxt8.cloudfront.net\/5\/2018\/10\/ob_e29351_jean-graczyk-768x588.jpg 768w\" sizes=\"auto, (max-width: 953px) 100vw, 953px\" \/><\/a><figcaption id=\"caption-attachment-7891\" class=\"wp-caption-text\">http:\/\/www.les-actus-du-cyclisme.com\/2015\/03\/paris-nice-de-tous-les-champions-cyclistes-du-cher-jean-graczyk-est-certainement-celui-qui-a-le-plus-marque-de-son-empreinte-la-cour<\/figcaption><\/figure>\n<p>&nbsp;<\/p>\n<p><strong>Zawsze szed\u0142 na ca\u0142o\u015b\u0107<\/strong><\/p>\n<p>I cho\u0107 Graczyk wygrywa\u0142 w czasach, gdy zawodnicy je\u017adzili w czapeczkach zamiast kask\u00f3w, wozy techniczne przypomina\u0142y zabytkowe cacka, a nie nowoczesne maszyny, o komunikacji radiowej nawet nie wspominaj\u0105c, to jednak do dzi\u015b \u015brodowisko wspomina go z szacunkiem i sentymentem.<\/p>\n<p>\u201eNale\u017ca\u0142 do tego pokolenia kolarzy, dla kt\u00f3rych rower by\u0142 wszystkim. By\u0142 \u015bwietny pod ka\u017cdym wzgl\u0119dem, do tego mia\u0142 dusz\u0119 wojownika, kt\u00f3ry zawsze szed\u0142 na ca\u0142o\u015b\u0107\u201d \u2013 pisze Ars\u00e8ne Maulav\u00e9, dziennikarz Ouest-France, specjalizuj\u0105cy si\u0119 w biografiach najznakomitszych kolarzy.<\/p>\n<p>\u201eW peletonie by\u0142 dobrym kompanem. Nie waha\u0142 si\u0119 po\u015bwi\u0119ci\u0107 swoich szans na korzy\u015b\u0107 zespo\u0142u. W\u00f3wczas cierpia\u0142y jego osi\u0105gni\u0119cia, ale entuzjazm do \u015bcigania nie mala\u0142\u201d \u2013 tak z kolei schlebia\u0142 mu dziennikarz Christophe Penot.<\/p>\n<p>W karierze Graczyk triumfowa\u0142 w pi\u0119ciu etapach Tour de France i pi\u0119ciu Vuelta a Espana. Wygra\u0142 te\u017c Chellenge Pernod, wy\u015bcig Pary\u017c \u2013 Nicea \u2013 Rzym, czy Criterium International. \u0141\u0105cznie odni\u00f3s\u0142 a\u017c 65 zwyci\u0119stw w latach 1957 \u2013 1969. Trzy sezony p\u00f3\u017aniej sko\u0144czy\u0142 karier\u0119 i zaszy\u0142 si\u0119 w miasteczku Vierzon w centralnej Francji.<\/p>\n<p><strong>Wnuk nie pozwoli\u0142 zapomnie\u0107<\/strong><\/p>\n<p>Nie lubi\u0142 rozg\u0142osu, na sportowej emeryturze wola\u0142 przechadza\u0107 si\u0119 po bliskich \u0142\u0105kach i lasach oraz bra\u0107 udzia\u0142 w polowaniach. Kolarstwo nie da\u0142o mu jednak o sobie zapomnie\u0107 za spraw\u0105 wnuka Vincenta, kt\u00f3ry r\u00f3wnie\u017c si\u0119 \u015bciga\u0142 i to z powodzeniem, bo w 2000 r. zosta\u0142 uznany jednym z najlepszych francuskich kolarzy m\u0142odego pokolenia i rywalizuje do dzi\u015b.<\/p>\n<p>Dziadek Jean wspiera\u0142 go a\u017c do \u015bmierci w 2004 r. Rok p\u00f3\u017aniej w Vignoux zorganizowano wy\u015bcig jego imienia, a wygra\u0142 go&#8230; Vincent. W\u00f3wczas te\u017c jednej z ulic nadano imi\u0119 Jeana Graczyka, a pod tabliczk\u0105 umieszczono napis: \u201eW ho\u0142dzie mistrzowi kolarstwa\u201d.<\/p>\n","protected":false},"excerpt":{"rendered":"<p>Najpierw syn polskich emigrant\u00f3w musia\u0142 walczy\u0107 o francuskie obywatelstwo, za to dzi\u015b francuskie ulice nosz\u0105 jego imi\u0119, a na tablicach [&hellip;]<\/p>\n","protected":false},"author":76,"featured_media":7893,"comment_status":"open","ping_status":"open","sticky":false,"template":"","format":"standard","meta":{"footnotes":""},"categories":[1],"tags":[],"global-categories":[],"class_list":["post-7890","post","type-post","status-publish","format-standard","has-post-thumbnail","hentry","category-uncategorized"],"yoast_head":"<!-- This site is optimized with the Yoast SEO Premium plugin v25.3 (Yoast SEO v25.9) - https:\/\/yoast.com\/wordpress\/plugins\/seo\/ -->\n<title>Zawodnik polskiego pochodzenia podbi\u0142 kolarski \u015bwiat! - \u0160koda We Love Cycling - Poland<\/title>\n<meta name=\"robots\" content=\"index, follow, max-snippet:-1, max-image-preview:large, max-video-preview:-1\" \/>\n<link rel=\"canonical\" href=\"https:\/\/www.welovecycling.com\/pl\/2018\/10\/03\/zawodnik-polskiego-pochodzenia-podbil-kolarski-swiat\/\" \/>\n<meta property=\"og:locale\" content=\"pl_PL\" \/>\n<meta property=\"og:type\" content=\"article\" \/>\n<meta property=\"og:title\" content=\"Zawodnik polskiego pochodzenia podbi\u0142 kolarski \u015bwiat!\" \/>\n<meta property=\"og:description\" content=\"Najpierw syn polskich emigrant\u00f3w musia\u0142 walczy\u0107 o francuskie obywatelstwo, za to dzi\u015b francuskie ulice nosz\u0105 jego imi\u0119, a na tablicach [&hellip;]\" \/>\n<meta property=\"og:url\" content=\"https:\/\/www.welovecycling.com\/pl\/2018\/10\/03\/zawodnik-polskiego-pochodzenia-podbil-kolarski-swiat\/\" \/>\n<meta property=\"og:site_name\" content=\"\u0160koda We Love Cycling - Poland\" \/>\n<meta property=\"article:published_time\" content=\"2018-10-03T20:52:47+00:00\" \/>\n<meta property=\"article:modified_time\" content=\"2018-10-04T06:53:00+00:00\" \/>\n<meta property=\"og:image\" content=\"https:\/\/d2p6e6u75xmxt8.cloudfront.net\/5\/2018\/10\/ob_1f8e16_jean-graczyk-remportait-cette-annee-l.jpg\" \/>\n\t<meta property=\"og:image:width\" content=\"800\" \/>\n\t<meta property=\"og:image:height\" content=\"533\" \/>\n\t<meta property=\"og:image:type\" content=\"image\/jpeg\" \/>\n<meta name=\"author\" content=\"piotrboczkowski\" \/>\n<meta name=\"twitter:card\" content=\"summary_large_image\" \/>\n<meta name=\"twitter:label1\" content=\"Written by\" \/>\n\t<meta name=\"twitter:data1\" content=\"Piotr Jawor\" \/>\n\t<meta name=\"twitter:label2\" content=\"Est. reading time\" \/>\n\t<meta name=\"twitter:data2\" content=\"4\" \/>\n<script type=\"application\/ld+json\" class=\"yoast-schema-graph\">{\"@context\":\"https:\/\/schema.org\",\"@graph\":[{\"@type\":\"WebPage\",\"@id\":\"https:\/\/www.welovecycling.com\/pl\/2018\/10\/03\/zawodnik-polskiego-pochodzenia-podbil-kolarski-swiat\/\",\"url\":\"https:\/\/www.welovecycling.com\/pl\/2018\/10\/03\/zawodnik-polskiego-pochodzenia-podbil-kolarski-swiat\/\",\"name\":\"Zawodnik polskiego pochodzenia podbi\u0142 kolarski \u015bwiat! - \u0160koda We Love Cycling - Poland\",\"isPartOf\":{\"@id\":\"https:\/\/www.welovecycling.com\/pl\/#website\"},\"primaryImageOfPage\":{\"@id\":\"https:\/\/www.welovecycling.com\/pl\/2018\/10\/03\/zawodnik-polskiego-pochodzenia-podbil-kolarski-swiat\/#primaryimage\"},\"image\":{\"@id\":\"https:\/\/www.welovecycling.com\/pl\/2018\/10\/03\/zawodnik-polskiego-pochodzenia-podbil-kolarski-swiat\/#primaryimage\"},\"thumbnailUrl\":\"https:\/\/d2p6e6u75xmxt8.cloudfront.net\/5\/2018\/10\/ob_1f8e16_jean-graczyk-remportait-cette-annee-l.jpg\",\"datePublished\":\"2018-10-03T20:52:47+00:00\",\"dateModified\":\"2018-10-04T06:53:00+00:00\",\"author\":{\"@id\":\"https:\/\/www.welovecycling.com\/pl\/#\/schema\/person\/0dba2d39da943db9df3fd8f4687e7f23\"},\"breadcrumb\":{\"@id\":\"https:\/\/www.welovecycling.com\/pl\/2018\/10\/03\/zawodnik-polskiego-pochodzenia-podbil-kolarski-swiat\/#breadcrumb\"},\"inLanguage\":\"pl-PL\",\"potentialAction\":[{\"@type\":\"ReadAction\",\"target\":[\"https:\/\/www.welovecycling.com\/pl\/2018\/10\/03\/zawodnik-polskiego-pochodzenia-podbil-kolarski-swiat\/\"]}]},{\"@type\":\"ImageObject\",\"inLanguage\":\"pl-PL\",\"@id\":\"https:\/\/www.welovecycling.com\/pl\/2018\/10\/03\/zawodnik-polskiego-pochodzenia-podbil-kolarski-swiat\/#primaryimage\",\"url\":\"https:\/\/d2p6e6u75xmxt8.cloudfront.net\/5\/2018\/10\/ob_1f8e16_jean-graczyk-remportait-cette-annee-l.jpg\",\"contentUrl\":\"https:\/\/d2p6e6u75xmxt8.cloudfront.net\/5\/2018\/10\/ob_1f8e16_jean-graczyk-remportait-cette-annee-l.jpg\",\"width\":800,\"height\":533,\"caption\":\"http:\/\/www.les-actus-du-cyclisme.com\/2015\/03\/paris-nice-de-tous-les-champions-cyclistes-du-cher-jean-graczyk-est-certainement-celui-qui-a-le-plus-marque-de-son-empreinte-la-cour\"},{\"@type\":\"BreadcrumbList\",\"@id\":\"https:\/\/www.welovecycling.com\/pl\/2018\/10\/03\/zawodnik-polskiego-pochodzenia-podbil-kolarski-swiat\/#breadcrumb\",\"itemListElement\":[{\"@type\":\"ListItem\",\"position\":1,\"name\":\"Home\",\"item\":\"https:\/\/www.welovecycling.com\/pl\/\"},{\"@type\":\"ListItem\",\"position\":2,\"name\":\"Zawodnik polskiego pochodzenia podbi\u0142 kolarski \u015bwiat!\"}]},{\"@type\":\"WebSite\",\"@id\":\"https:\/\/www.welovecycling.com\/pl\/#website\",\"url\":\"https:\/\/www.welovecycling.com\/pl\/\",\"name\":\"\u0160koda We Love Cycling - Poland\",\"description\":\"\",\"potentialAction\":[{\"@type\":\"SearchAction\",\"target\":{\"@type\":\"EntryPoint\",\"urlTemplate\":\"https:\/\/www.welovecycling.com\/pl\/?s={search_term_string}\"},\"query-input\":{\"@type\":\"PropertyValueSpecification\",\"valueRequired\":true,\"valueName\":\"search_term_string\"}}],\"inLanguage\":\"pl-PL\"},{\"@type\":\"Person\",\"@id\":\"https:\/\/www.welovecycling.com\/pl\/#\/schema\/person\/0dba2d39da943db9df3fd8f4687e7f23\",\"name\":\"piotrboczkowski\",\"image\":{\"@type\":\"ImageObject\",\"inLanguage\":\"pl-PL\",\"@id\":\"https:\/\/www.welovecycling.com\/pl\/#\/schema\/person\/image\/\",\"url\":\"https:\/\/secure.gravatar.com\/avatar\/533caccae14752e03a2ce2d3fd62d1b98b93e1393c3195c27819e53344ca1ace?s=96&d=mm&r=g\",\"contentUrl\":\"https:\/\/secure.gravatar.com\/avatar\/533caccae14752e03a2ce2d3fd62d1b98b93e1393c3195c27819e53344ca1ace?s=96&d=mm&r=g\",\"caption\":\"piotrboczkowski\"},\"url\":\"https:\/\/www.welovecycling.com\/pl\/author\/piotrboczkowski\/\"}]}<\/script>\n<!-- \/ Yoast SEO Premium plugin. -->","yoast_head_json":{"title":"Zawodnik polskiego pochodzenia podbi\u0142 kolarski \u015bwiat! - \u0160koda We Love Cycling - Poland","robots":{"index":"index","follow":"follow","max-snippet":"max-snippet:-1","max-image-preview":"max-image-preview:large","max-video-preview":"max-video-preview:-1"},"canonical":"https:\/\/www.welovecycling.com\/pl\/2018\/10\/03\/zawodnik-polskiego-pochodzenia-podbil-kolarski-swiat\/","og_locale":"pl_PL","og_type":"article","og_title":"Zawodnik polskiego pochodzenia podbi\u0142 kolarski \u015bwiat!","og_description":"Najpierw syn polskich emigrant\u00f3w musia\u0142 walczy\u0107 o francuskie obywatelstwo, za to dzi\u015b francuskie ulice nosz\u0105 jego imi\u0119, a na tablicach [&hellip;]","og_url":"https:\/\/www.welovecycling.com\/pl\/2018\/10\/03\/zawodnik-polskiego-pochodzenia-podbil-kolarski-swiat\/","og_site_name":"\u0160koda We Love Cycling - Poland","article_published_time":"2018-10-03T20:52:47+00:00","article_modified_time":"2018-10-04T06:53:00+00:00","og_image":[{"width":800,"height":533,"url":"https:\/\/d2p6e6u75xmxt8.cloudfront.net\/5\/2018\/10\/ob_1f8e16_jean-graczyk-remportait-cette-annee-l.jpg","type":"image\/jpeg"}],"author":"piotrboczkowski","twitter_card":"summary_large_image","twitter_misc":{"Written by":"Piotr Jawor","Est. reading time":"4"},"schema":{"@context":"https:\/\/schema.org","@graph":[{"@type":"WebPage","@id":"https:\/\/www.welovecycling.com\/pl\/2018\/10\/03\/zawodnik-polskiego-pochodzenia-podbil-kolarski-swiat\/","url":"https:\/\/www.welovecycling.com\/pl\/2018\/10\/03\/zawodnik-polskiego-pochodzenia-podbil-kolarski-swiat\/","name":"Zawodnik polskiego pochodzenia podbi\u0142 kolarski \u015bwiat! - \u0160koda We Love Cycling - Poland","isPartOf":{"@id":"https:\/\/www.welovecycling.com\/pl\/#website"},"primaryImageOfPage":{"@id":"https:\/\/www.welovecycling.com\/pl\/2018\/10\/03\/zawodnik-polskiego-pochodzenia-podbil-kolarski-swiat\/#primaryimage"},"image":{"@id":"https:\/\/www.welovecycling.com\/pl\/2018\/10\/03\/zawodnik-polskiego-pochodzenia-podbil-kolarski-swiat\/#primaryimage"},"thumbnailUrl":"https:\/\/d2p6e6u75xmxt8.cloudfront.net\/5\/2018\/10\/ob_1f8e16_jean-graczyk-remportait-cette-annee-l.jpg","datePublished":"2018-10-03T20:52:47+00:00","dateModified":"2018-10-04T06:53:00+00:00","author":{"@id":"https:\/\/www.welovecycling.com\/pl\/#\/schema\/person\/0dba2d39da943db9df3fd8f4687e7f23"},"breadcrumb":{"@id":"https:\/\/www.welovecycling.com\/pl\/2018\/10\/03\/zawodnik-polskiego-pochodzenia-podbil-kolarski-swiat\/#breadcrumb"},"inLanguage":"pl-PL","potentialAction":[{"@type":"ReadAction","target":["https:\/\/www.welovecycling.com\/pl\/2018\/10\/03\/zawodnik-polskiego-pochodzenia-podbil-kolarski-swiat\/"]}]},{"@type":"ImageObject","inLanguage":"pl-PL","@id":"https:\/\/www.welovecycling.com\/pl\/2018\/10\/03\/zawodnik-polskiego-pochodzenia-podbil-kolarski-swiat\/#primaryimage","url":"https:\/\/d2p6e6u75xmxt8.cloudfront.net\/5\/2018\/10\/ob_1f8e16_jean-graczyk-remportait-cette-annee-l.jpg","contentUrl":"https:\/\/d2p6e6u75xmxt8.cloudfront.net\/5\/2018\/10\/ob_1f8e16_jean-graczyk-remportait-cette-annee-l.jpg","width":800,"height":533,"caption":"http:\/\/www.les-actus-du-cyclisme.com\/2015\/03\/paris-nice-de-tous-les-champions-cyclistes-du-cher-jean-graczyk-est-certainement-celui-qui-a-le-plus-marque-de-son-empreinte-la-cour"},{"@type":"BreadcrumbList","@id":"https:\/\/www.welovecycling.com\/pl\/2018\/10\/03\/zawodnik-polskiego-pochodzenia-podbil-kolarski-swiat\/#breadcrumb","itemListElement":[{"@type":"ListItem","position":1,"name":"Home","item":"https:\/\/www.welovecycling.com\/pl\/"},{"@type":"ListItem","position":2,"name":"Zawodnik polskiego pochodzenia podbi\u0142 kolarski \u015bwiat!"}]},{"@type":"WebSite","@id":"https:\/\/www.welovecycling.com\/pl\/#website","url":"https:\/\/www.welovecycling.com\/pl\/","name":"\u0160koda We Love Cycling - Poland","description":"","potentialAction":[{"@type":"SearchAction","target":{"@type":"EntryPoint","urlTemplate":"https:\/\/www.welovecycling.com\/pl\/?s={search_term_string}"},"query-input":{"@type":"PropertyValueSpecification","valueRequired":true,"valueName":"search_term_string"}}],"inLanguage":"pl-PL"},{"@type":"Person","@id":"https:\/\/www.welovecycling.com\/pl\/#\/schema\/person\/0dba2d39da943db9df3fd8f4687e7f23","name":"piotrboczkowski","image":{"@type":"ImageObject","inLanguage":"pl-PL","@id":"https:\/\/www.welovecycling.com\/pl\/#\/schema\/person\/image\/","url":"https:\/\/secure.gravatar.com\/avatar\/533caccae14752e03a2ce2d3fd62d1b98b93e1393c3195c27819e53344ca1ace?s=96&d=mm&r=g","contentUrl":"https:\/\/secure.gravatar.com\/avatar\/533caccae14752e03a2ce2d3fd62d1b98b93e1393c3195c27819e53344ca1ace?s=96&d=mm&r=g","caption":"piotrboczkowski"},"url":"https:\/\/www.welovecycling.com\/pl\/author\/piotrboczkowski\/"}]}},"_links":{"self":[{"href":"https:\/\/www.welovecycling.com\/pl\/wp-json\/wp\/v2\/posts\/7890","targetHints":{"allow":["GET"]}}],"collection":[{"href":"https:\/\/www.welovecycling.com\/pl\/wp-json\/wp\/v2\/posts"}],"about":[{"href":"https:\/\/www.welovecycling.com\/pl\/wp-json\/wp\/v2\/types\/post"}],"author":[{"embeddable":true,"href":"https:\/\/www.welovecycling.com\/pl\/wp-json\/wp\/v2\/users\/76"}],"replies":[{"embeddable":true,"href":"https:\/\/www.welovecycling.com\/pl\/wp-json\/wp\/v2\/comments?post=7890"}],"version-history":[{"count":1,"href":"https:\/\/www.welovecycling.com\/pl\/wp-json\/wp\/v2\/posts\/7890\/revisions"}],"predecessor-version":[{"id":7894,"href":"https:\/\/www.welovecycling.com\/pl\/wp-json\/wp\/v2\/posts\/7890\/revisions\/7894"}],"wp:featuredmedia":[{"embeddable":true,"href":"https:\/\/www.welovecycling.com\/pl\/wp-json\/wp\/v2\/media\/7893"}],"wp:attachment":[{"href":"https:\/\/www.welovecycling.com\/pl\/wp-json\/wp\/v2\/media?parent=7890"}],"wp:term":[{"taxonomy":"category","embeddable":true,"href":"https:\/\/www.welovecycling.com\/pl\/wp-json\/wp\/v2\/categories?post=7890"},{"taxonomy":"post_tag","embeddable":true,"href":"https:\/\/www.welovecycling.com\/pl\/wp-json\/wp\/v2\/tags?post=7890"},{"taxonomy":"global-categories","embeddable":true,"href":"https:\/\/www.welovecycling.com\/pl\/wp-json\/wp\/v2\/global-categories?post=7890"}],"curies":[{"name":"wp","href":"https:\/\/api.w.org\/{rel}","templated":true}]}}