{"id":7868,"date":"2018-09-26T16:01:34","date_gmt":"2018-09-26T16:01:34","guid":{"rendered":"https:\/\/www.welovecycling.com\/pl\/?p=7868"},"modified":"2018-09-26T16:01:34","modified_gmt":"2018-09-26T16:01:34","slug":"maszyna-nie-do-zatrzymania-tak-padl-wielki-rekord-tour-de-france","status":"publish","type":"post","link":"https:\/\/www.welovecycling.com\/pl\/2018\/09\/26\/maszyna-nie-do-zatrzymania-tak-padl-wielki-rekord-tour-de-france\/","title":{"rendered":"\u201eMaszyna\u201d nie do zatrzymania! Tak pad\u0142 wielki rekord Tour de France"},"content":{"rendered":"<p><strong>Przez rok mo\u017cna wywr\u00f3ci\u0107 \u017cycie do g\u00f3ry nogami, tymczasem on kr\u0119ci\u0142, kr\u0119ci\u0142 i kr\u0119ci\u0142\u2026 Sylvain Chavanel na Tour de France sp\u0119dzi\u0142 \u0142\u0105cznie 368 dni (!) i zosta\u0142 rekordzist\u0105 pod wzgl\u0119dem liczby wyst\u0119p\u00f3w.<\/strong><\/p>\n<p>&nbsp;<\/p>\n<p>Na \u015bwiecie dzia\u0142alno\u015b\u0107 zaczyna\u0142a Wikipedia, w Polsce na ekrany wchodzi\u0142 \u201ePoranek Kojota\u201d, a w sporcie Adam Ma\u0142ysz zdobywa\u0142 swoj\u0105 pierwsz\u0105 Kryszta\u0142ow\u0105 Kul\u0119. W\u0142a\u015bnie w takich okoliczno\u015bciach w 2001 r. Chavanel debiutowa\u0142 na Tour de France.<\/p>\n<figure id=\"attachment_7870\" aria-describedby=\"caption-attachment-7870\" style=\"width: 1000px\" class=\"wp-caption alignnone\"><a href=\"https:\/\/d2p6e6u75xmxt8.cloudfront.net\/5\/2018\/09\/14954.jpg\"><img loading=\"lazy\" decoding=\"async\" class=\"size-full wp-image-7870\" src=\"https:\/\/d2p6e6u75xmxt8.cloudfront.net\/5\/2018\/09\/14954.jpg\" alt=\"\" width=\"1000\" height=\"667\" srcset=\"https:\/\/d2p6e6u75xmxt8.cloudfront.net\/5\/2018\/09\/14954.jpg 1000w, https:\/\/d2p6e6u75xmxt8.cloudfront.net\/5\/2018\/09\/14954-300x200.jpg 300w, https:\/\/d2p6e6u75xmxt8.cloudfront.net\/5\/2018\/09\/14954-768x512.jpg 768w, https:\/\/d2p6e6u75xmxt8.cloudfront.net\/5\/2018\/09\/14954-272x182.jpg 272w\" sizes=\"auto, (max-width: 1000px) 100vw, 1000px\" \/><\/a><figcaption id=\"caption-attachment-7870\" class=\"wp-caption-text\">Tour de France 2018 &#8211; 29\/07\/2018 &#8211; Etape 21 &#8211; Houilles \/ Paris Champs-Elys\u00e9es (116 km) &#8211; Sylvain CHAVANEL (DIRECT ENERGIE) Premier \u00e0 entrer sur les Champs-Elys\u00e9es pour son dernier Tour de France \u00a9 PresseSports\/Etienne GARNIER<\/figcaption><\/figure>\n<p>Dla niego tegoroczna Wielka P\u0119tla mog\u0142aby si\u0119 sko\u0144czy\u0107 ju\u017c\u2026 pierwszego dnia, a nawet po pierwszym nadepni\u0119ciu peda\u0142\u00f3w. Ju\u017c wtedy by\u0142o bowiem wiadomo, \u017ce Francuz ma na koncie 18. start w najwi\u0119kszym wy\u015bcigu \u015bwiata i pod tym wzgl\u0119dem wyprzedzi\u0142 Niemca Jensa Voigta. Tyle \u017ce Chavanel chcia\u0142 wi\u0119cej, czyli dojecha\u0107 do mety. Dzi\u0119ki temu pokona\u0142 te\u017c Holendra Joopa Zoetemelka, kt\u00f3ry na Tour de France sp\u0119dzi\u0142 \u0142\u0105cznie 365 dni, &#8211; o trzy mniej ni\u017c Chavanel.<\/p>\n<p><strong>Wy\u015bcigi figurkami<\/strong><\/p>\n<p>Chavanel jakby urodzi\u0142 si\u0119 do tego, by startowa\u0107 w Tour de France. W Vuelta a Espana jecha\u0142 cztery razy, w Giro d\u2019Italia raptem raz, a na Wielkiej P\u0119tli zjawi\u0142 si\u0119 jako 22-letni zawodnik i od tamtej pory nie odpu\u015bci\u0142 \u017cadnego (!) wy\u015bcigu. Nie by\u0142o chor\u00f3b, kontuzji czy innych wym\u00f3wek. W XXI w. Wielka P\u0119tla bez Chavanela nie by\u0142aby tym samym.<\/p>\n<p>Kolarstwem interesowa\u0142 si\u0119 ju\u017c wtedy, gdy ledwie umia\u0142 utrzyma\u0107 r\u00f3wnowag\u0119 na dw\u00f3ch ko\u0142ach. W\u00f3wczas jeszcze nie \u015bciga\u0142 si\u0119 z r\u00f3wie\u015bnikami, tylko siada\u0142 z najbli\u017cszymi w ogrodzie i\u2026 gra\u0142 w tzw. kolarzy.<\/p>\n<p>\u2013 Mieli\u015bmy do\u015b\u0107 du\u017c\u0105 rodzin\u0119 i wszyscy interesowali\u015bmy si\u0119 rowerami. Z trzema bra\u0107mi i siostr\u0105 brali\u015bmy takie ma\u0142e figurki, kt\u00f3rym nadawali\u015bmy imiona. Moja to by\u0142 Greg LeMond [trzykrotny zwyci\u0119zca Tour de France \u2013 przyp. red.]. Lubi\u0142em spos\u00f3b, w jaki m\u00f3wi\u0142 po francusku, a tak\u017ce jego styl jazdy. Poza tym wydawa\u0142o mi si\u0119, \u017ce to mi\u0142y go\u015b\u0107. P\u00f3\u017aniej by\u0142em jeszcze Miguelem Indurainem [pi\u0119ciokrotny triumfator Wielkiej P\u0119tli], ewentualnie Laurentem Jalabertem \u2013 opowiada\u0142 Chavanel w wywiadzie dla magazynu Procycling.<\/p>\n<p><strong>Pogo\u0144 za dziewcz\u0119tami<\/strong><\/p>\n<p>Ju\u017c nie w ogrodzie, ale mi\u0119dzy r\u00f3wie\u015bnikami, kolarstwo zacz\u0105\u0142 uprawia\u0107 jako o\u015bmiolatek. P\u00f3\u017aniej, jak wi\u0119kszo\u015b\u0107 m\u0142odych ch\u0142opak\u00f3w, mia\u0142 przerw\u0119 na pi\u0142k\u0119 no\u017cn\u0105, a do roweru wr\u00f3ci\u0142 po czterech latach.<\/p>\n<p>Powr\u00f3t by\u0142 jednak trudny, bo podczas zawod\u00f3w szkolnych cz\u0119sto musia\u0142 ogl\u0105da\u0107 plecy nie tylko koleg\u00f3w, ale r\u00f3wnie\u017c kole\u017canek. Wspomina jednak, \u017ce wszystko zmieni\u0142o si\u0119, gdy pokona\u0142 swojego starszego brata \u2013 Frederica.<\/p>\n<p>W\u00f3wczas sko\u0144czy\u0142a si\u0119 walka rodem z morderczych podjazd\u00f3w, a zacz\u0105\u0142 si\u0119 przyjemny zjazd. Chavanel zacz\u0105\u0142 kolekcjonowa\u0107 puchary w juniorskiej rywalizacji, czym wzbudzi\u0142 zainteresowanie profesjonalnych grup.<\/p>\n<p><strong>\u201eMaszyna\u201d pasuje jak ula\u0142<\/strong><\/p>\n<p>W wieku 21 lat by\u0142 ju\u017c zawodowcem pe\u0142n\u0105 g\u0119b\u0105, a rok p\u00f3\u017aniej zadebiutowa\u0142 w Tour de France. W peletonie nigdy nie nale\u017ca\u0142 do faworyt\u00f3w \u2013 \u0142\u0105cznie wygra\u0142 trzy etapy (czyli \u015brednio jeden na sze\u015b\u0107 lat) i dwukrotnie jecha\u0142 w \u017c\u00f3\u0142tej koszulce lidera (\u015brednio raz na dziewi\u0119\u0107). Najwy\u017csze miejsce w klasyfikacji generalnej zaj\u0105\u0142 w 2009 r., gdy sko\u0144czy\u0142 wy\u015bcig na 19. pozycji. Podczas tegorocznej Wielkiej P\u0119tli by\u0142 39.<\/p>\n<p>Dzi\u015b wiadomo, \u017ce Chavanel tego wyniku ju\u017c nie poprawi, bo zapowiedzia\u0142, i\u017c w tym roku ko\u0144czy karier\u0119. \u2013 Jestem pewny, \u017ce to by\u0142 m\u00f3j ostatni Tour de France \u2013 nie pozostawia cienia w\u0105tpliwo\u015bci, a to oznacza, \u017ce przysz\u0142oroczna Wielka P\u0119tla b\u0119dzie pierwsz\u0105 w XXI w. bez kolarza o pseudonimie \u201eMaszyna\u201d.<\/p>\n<p>Czemu \u201eMaszyna\u201d? Ten przydomek otrzyma\u0142 od dziennikarzy za swoj\u0105 wytrzyma\u0142o\u015b\u0107 i determinacj\u0119, bez kt\u00f3rych niemo\u017cliwe by\u0142oby przejechanie 18 Tour de France z rz\u0119du\u2026<\/p>\n","protected":false},"excerpt":{"rendered":"<p>Przez rok mo\u017cna wywr\u00f3ci\u0107 \u017cycie do g\u00f3ry nogami, tymczasem on kr\u0119ci\u0142, kr\u0119ci\u0142 i kr\u0119ci\u0142\u2026 Sylvain Chavanel na Tour de France [&hellip;]<\/p>\n","protected":false},"author":76,"featured_media":7869,"comment_status":"open","ping_status":"open","sticky":false,"template":"","format":"standard","meta":{"footnotes":""},"categories":[270],"tags":[],"global-categories":[],"class_list":["post-7868","post","type-post","status-publish","format-standard","has-post-thumbnail","hentry","category-tour-de-france-2018"],"yoast_head":"<!-- This site is optimized with the Yoast SEO Premium plugin v25.3 (Yoast SEO v25.9) - https:\/\/yoast.com\/wordpress\/plugins\/seo\/ -->\n<title>\u201eMaszyna\u201d nie do zatrzymania! Tak pad\u0142 wielki rekord Tour de France - \u0160koda We Love Cycling - Poland<\/title>\n<meta name=\"robots\" content=\"index, follow, max-snippet:-1, max-image-preview:large, max-video-preview:-1\" \/>\n<link rel=\"canonical\" href=\"https:\/\/www.welovecycling.com\/pl\/2018\/09\/26\/maszyna-nie-do-zatrzymania-tak-padl-wielki-rekord-tour-de-france\/\" \/>\n<meta property=\"og:locale\" content=\"pl_PL\" \/>\n<meta property=\"og:type\" content=\"article\" \/>\n<meta property=\"og:title\" content=\"\u201eMaszyna\u201d nie do zatrzymania! Tak pad\u0142 wielki rekord Tour de France\" \/>\n<meta property=\"og:description\" content=\"Przez rok mo\u017cna wywr\u00f3ci\u0107 \u017cycie do g\u00f3ry nogami, tymczasem on kr\u0119ci\u0142, kr\u0119ci\u0142 i kr\u0119ci\u0142\u2026 Sylvain Chavanel na Tour de France [&hellip;]\" \/>\n<meta property=\"og:url\" content=\"https:\/\/www.welovecycling.com\/pl\/2018\/09\/26\/maszyna-nie-do-zatrzymania-tak-padl-wielki-rekord-tour-de-france\/\" \/>\n<meta property=\"og:site_name\" content=\"\u0160koda We Love Cycling - Poland\" \/>\n<meta property=\"article:published_time\" content=\"2018-09-26T16:01:34+00:00\" \/>\n<meta property=\"og:image\" content=\"https:\/\/d2p6e6u75xmxt8.cloudfront.net\/5\/2018\/09\/Sylvain-CHAVANEL-DIRECT-ENERGIE-et-Julian-ALAPHILIPPE-QUICK-STEP-FLOORS-\u00a9-PresseSportsEtienne-GARNIER.jpg\" \/>\n\t<meta property=\"og:image:width\" content=\"1000\" \/>\n\t<meta property=\"og:image:height\" content=\"667\" \/>\n\t<meta property=\"og:image:type\" content=\"image\/jpeg\" \/>\n<meta name=\"author\" content=\"piotrboczkowski\" \/>\n<meta name=\"twitter:card\" content=\"summary_large_image\" \/>\n<meta name=\"twitter:label1\" content=\"Written by\" \/>\n\t<meta name=\"twitter:data1\" content=\"Piotr Jawor\" \/>\n\t<meta name=\"twitter:label2\" content=\"Est. reading time\" \/>\n\t<meta name=\"twitter:data2\" content=\"3 minutes\" \/>\n<script type=\"application\/ld+json\" class=\"yoast-schema-graph\">{\"@context\":\"https:\/\/schema.org\",\"@graph\":[{\"@type\":\"WebPage\",\"@id\":\"https:\/\/www.welovecycling.com\/pl\/2018\/09\/26\/maszyna-nie-do-zatrzymania-tak-padl-wielki-rekord-tour-de-france\/\",\"url\":\"https:\/\/www.welovecycling.com\/pl\/2018\/09\/26\/maszyna-nie-do-zatrzymania-tak-padl-wielki-rekord-tour-de-france\/\",\"name\":\"\u201eMaszyna\u201d nie do zatrzymania! Tak pad\u0142 wielki rekord Tour de France - \u0160koda We Love Cycling - Poland\",\"isPartOf\":{\"@id\":\"https:\/\/www.welovecycling.com\/pl\/#website\"},\"primaryImageOfPage\":{\"@id\":\"https:\/\/www.welovecycling.com\/pl\/2018\/09\/26\/maszyna-nie-do-zatrzymania-tak-padl-wielki-rekord-tour-de-france\/#primaryimage\"},\"image\":{\"@id\":\"https:\/\/www.welovecycling.com\/pl\/2018\/09\/26\/maszyna-nie-do-zatrzymania-tak-padl-wielki-rekord-tour-de-france\/#primaryimage\"},\"thumbnailUrl\":\"https:\/\/d2p6e6u75xmxt8.cloudfront.net\/5\/2018\/09\/Sylvain-CHAVANEL-DIRECT-ENERGIE-et-Julian-ALAPHILIPPE-QUICK-STEP-FLOORS-\u00a9-PresseSportsEtienne-GARNIER.jpg\",\"datePublished\":\"2018-09-26T16:01:34+00:00\",\"author\":{\"@id\":\"https:\/\/www.welovecycling.com\/pl\/#\/schema\/person\/0dba2d39da943db9df3fd8f4687e7f23\"},\"breadcrumb\":{\"@id\":\"https:\/\/www.welovecycling.com\/pl\/2018\/09\/26\/maszyna-nie-do-zatrzymania-tak-padl-wielki-rekord-tour-de-france\/#breadcrumb\"},\"inLanguage\":\"pl-PL\",\"potentialAction\":[{\"@type\":\"ReadAction\",\"target\":[\"https:\/\/www.welovecycling.com\/pl\/2018\/09\/26\/maszyna-nie-do-zatrzymania-tak-padl-wielki-rekord-tour-de-france\/\"]}]},{\"@type\":\"ImageObject\",\"inLanguage\":\"pl-PL\",\"@id\":\"https:\/\/www.welovecycling.com\/pl\/2018\/09\/26\/maszyna-nie-do-zatrzymania-tak-padl-wielki-rekord-tour-de-france\/#primaryimage\",\"url\":\"https:\/\/d2p6e6u75xmxt8.cloudfront.net\/5\/2018\/09\/Sylvain-CHAVANEL-DIRECT-ENERGIE-et-Julian-ALAPHILIPPE-QUICK-STEP-FLOORS-\u00a9-PresseSportsEtienne-GARNIER.jpg\",\"contentUrl\":\"https:\/\/d2p6e6u75xmxt8.cloudfront.net\/5\/2018\/09\/Sylvain-CHAVANEL-DIRECT-ENERGIE-et-Julian-ALAPHILIPPE-QUICK-STEP-FLOORS-\u00a9-PresseSportsEtienne-GARNIER.jpg\",\"width\":1000,\"height\":667},{\"@type\":\"BreadcrumbList\",\"@id\":\"https:\/\/www.welovecycling.com\/pl\/2018\/09\/26\/maszyna-nie-do-zatrzymania-tak-padl-wielki-rekord-tour-de-france\/#breadcrumb\",\"itemListElement\":[{\"@type\":\"ListItem\",\"position\":1,\"name\":\"Home\",\"item\":\"https:\/\/www.welovecycling.com\/pl\/\"},{\"@type\":\"ListItem\",\"position\":2,\"name\":\"\u201eMaszyna\u201d nie do zatrzymania! Tak pad\u0142 wielki rekord Tour de France\"}]},{\"@type\":\"WebSite\",\"@id\":\"https:\/\/www.welovecycling.com\/pl\/#website\",\"url\":\"https:\/\/www.welovecycling.com\/pl\/\",\"name\":\"\u0160koda We Love Cycling - Poland\",\"description\":\"\",\"potentialAction\":[{\"@type\":\"SearchAction\",\"target\":{\"@type\":\"EntryPoint\",\"urlTemplate\":\"https:\/\/www.welovecycling.com\/pl\/?s={search_term_string}\"},\"query-input\":{\"@type\":\"PropertyValueSpecification\",\"valueRequired\":true,\"valueName\":\"search_term_string\"}}],\"inLanguage\":\"pl-PL\"},{\"@type\":\"Person\",\"@id\":\"https:\/\/www.welovecycling.com\/pl\/#\/schema\/person\/0dba2d39da943db9df3fd8f4687e7f23\",\"name\":\"piotrboczkowski\",\"image\":{\"@type\":\"ImageObject\",\"inLanguage\":\"pl-PL\",\"@id\":\"https:\/\/www.welovecycling.com\/pl\/#\/schema\/person\/image\/\",\"url\":\"https:\/\/secure.gravatar.com\/avatar\/533caccae14752e03a2ce2d3fd62d1b98b93e1393c3195c27819e53344ca1ace?s=96&d=mm&r=g\",\"contentUrl\":\"https:\/\/secure.gravatar.com\/avatar\/533caccae14752e03a2ce2d3fd62d1b98b93e1393c3195c27819e53344ca1ace?s=96&d=mm&r=g\",\"caption\":\"piotrboczkowski\"},\"url\":\"https:\/\/www.welovecycling.com\/pl\/author\/piotrboczkowski\/\"}]}<\/script>\n<!-- \/ Yoast SEO Premium plugin. -->","yoast_head_json":{"title":"\u201eMaszyna\u201d nie do zatrzymania! Tak pad\u0142 wielki rekord Tour de France - \u0160koda We Love Cycling - Poland","robots":{"index":"index","follow":"follow","max-snippet":"max-snippet:-1","max-image-preview":"max-image-preview:large","max-video-preview":"max-video-preview:-1"},"canonical":"https:\/\/www.welovecycling.com\/pl\/2018\/09\/26\/maszyna-nie-do-zatrzymania-tak-padl-wielki-rekord-tour-de-france\/","og_locale":"pl_PL","og_type":"article","og_title":"\u201eMaszyna\u201d nie do zatrzymania! Tak pad\u0142 wielki rekord Tour de France","og_description":"Przez rok mo\u017cna wywr\u00f3ci\u0107 \u017cycie do g\u00f3ry nogami, tymczasem on kr\u0119ci\u0142, kr\u0119ci\u0142 i kr\u0119ci\u0142\u2026 Sylvain Chavanel na Tour de France [&hellip;]","og_url":"https:\/\/www.welovecycling.com\/pl\/2018\/09\/26\/maszyna-nie-do-zatrzymania-tak-padl-wielki-rekord-tour-de-france\/","og_site_name":"\u0160koda We Love Cycling - Poland","article_published_time":"2018-09-26T16:01:34+00:00","og_image":[{"width":1000,"height":667,"url":"https:\/\/d2p6e6u75xmxt8.cloudfront.net\/5\/2018\/09\/Sylvain-CHAVANEL-DIRECT-ENERGIE-et-Julian-ALAPHILIPPE-QUICK-STEP-FLOORS-\u00a9-PresseSportsEtienne-GARNIER.jpg","type":"image\/jpeg"}],"author":"piotrboczkowski","twitter_card":"summary_large_image","twitter_misc":{"Written by":"Piotr Jawor","Est. reading time":"3 minutes"},"schema":{"@context":"https:\/\/schema.org","@graph":[{"@type":"WebPage","@id":"https:\/\/www.welovecycling.com\/pl\/2018\/09\/26\/maszyna-nie-do-zatrzymania-tak-padl-wielki-rekord-tour-de-france\/","url":"https:\/\/www.welovecycling.com\/pl\/2018\/09\/26\/maszyna-nie-do-zatrzymania-tak-padl-wielki-rekord-tour-de-france\/","name":"\u201eMaszyna\u201d nie do zatrzymania! Tak pad\u0142 wielki rekord Tour de France - \u0160koda We Love Cycling - Poland","isPartOf":{"@id":"https:\/\/www.welovecycling.com\/pl\/#website"},"primaryImageOfPage":{"@id":"https:\/\/www.welovecycling.com\/pl\/2018\/09\/26\/maszyna-nie-do-zatrzymania-tak-padl-wielki-rekord-tour-de-france\/#primaryimage"},"image":{"@id":"https:\/\/www.welovecycling.com\/pl\/2018\/09\/26\/maszyna-nie-do-zatrzymania-tak-padl-wielki-rekord-tour-de-france\/#primaryimage"},"thumbnailUrl":"https:\/\/d2p6e6u75xmxt8.cloudfront.net\/5\/2018\/09\/Sylvain-CHAVANEL-DIRECT-ENERGIE-et-Julian-ALAPHILIPPE-QUICK-STEP-FLOORS-\u00a9-PresseSportsEtienne-GARNIER.jpg","datePublished":"2018-09-26T16:01:34+00:00","author":{"@id":"https:\/\/www.welovecycling.com\/pl\/#\/schema\/person\/0dba2d39da943db9df3fd8f4687e7f23"},"breadcrumb":{"@id":"https:\/\/www.welovecycling.com\/pl\/2018\/09\/26\/maszyna-nie-do-zatrzymania-tak-padl-wielki-rekord-tour-de-france\/#breadcrumb"},"inLanguage":"pl-PL","potentialAction":[{"@type":"ReadAction","target":["https:\/\/www.welovecycling.com\/pl\/2018\/09\/26\/maszyna-nie-do-zatrzymania-tak-padl-wielki-rekord-tour-de-france\/"]}]},{"@type":"ImageObject","inLanguage":"pl-PL","@id":"https:\/\/www.welovecycling.com\/pl\/2018\/09\/26\/maszyna-nie-do-zatrzymania-tak-padl-wielki-rekord-tour-de-france\/#primaryimage","url":"https:\/\/d2p6e6u75xmxt8.cloudfront.net\/5\/2018\/09\/Sylvain-CHAVANEL-DIRECT-ENERGIE-et-Julian-ALAPHILIPPE-QUICK-STEP-FLOORS-\u00a9-PresseSportsEtienne-GARNIER.jpg","contentUrl":"https:\/\/d2p6e6u75xmxt8.cloudfront.net\/5\/2018\/09\/Sylvain-CHAVANEL-DIRECT-ENERGIE-et-Julian-ALAPHILIPPE-QUICK-STEP-FLOORS-\u00a9-PresseSportsEtienne-GARNIER.jpg","width":1000,"height":667},{"@type":"BreadcrumbList","@id":"https:\/\/www.welovecycling.com\/pl\/2018\/09\/26\/maszyna-nie-do-zatrzymania-tak-padl-wielki-rekord-tour-de-france\/#breadcrumb","itemListElement":[{"@type":"ListItem","position":1,"name":"Home","item":"https:\/\/www.welovecycling.com\/pl\/"},{"@type":"ListItem","position":2,"name":"\u201eMaszyna\u201d nie do zatrzymania! Tak pad\u0142 wielki rekord Tour de France"}]},{"@type":"WebSite","@id":"https:\/\/www.welovecycling.com\/pl\/#website","url":"https:\/\/www.welovecycling.com\/pl\/","name":"\u0160koda We Love Cycling - Poland","description":"","potentialAction":[{"@type":"SearchAction","target":{"@type":"EntryPoint","urlTemplate":"https:\/\/www.welovecycling.com\/pl\/?s={search_term_string}"},"query-input":{"@type":"PropertyValueSpecification","valueRequired":true,"valueName":"search_term_string"}}],"inLanguage":"pl-PL"},{"@type":"Person","@id":"https:\/\/www.welovecycling.com\/pl\/#\/schema\/person\/0dba2d39da943db9df3fd8f4687e7f23","name":"piotrboczkowski","image":{"@type":"ImageObject","inLanguage":"pl-PL","@id":"https:\/\/www.welovecycling.com\/pl\/#\/schema\/person\/image\/","url":"https:\/\/secure.gravatar.com\/avatar\/533caccae14752e03a2ce2d3fd62d1b98b93e1393c3195c27819e53344ca1ace?s=96&d=mm&r=g","contentUrl":"https:\/\/secure.gravatar.com\/avatar\/533caccae14752e03a2ce2d3fd62d1b98b93e1393c3195c27819e53344ca1ace?s=96&d=mm&r=g","caption":"piotrboczkowski"},"url":"https:\/\/www.welovecycling.com\/pl\/author\/piotrboczkowski\/"}]}},"_links":{"self":[{"href":"https:\/\/www.welovecycling.com\/pl\/wp-json\/wp\/v2\/posts\/7868","targetHints":{"allow":["GET"]}}],"collection":[{"href":"https:\/\/www.welovecycling.com\/pl\/wp-json\/wp\/v2\/posts"}],"about":[{"href":"https:\/\/www.welovecycling.com\/pl\/wp-json\/wp\/v2\/types\/post"}],"author":[{"embeddable":true,"href":"https:\/\/www.welovecycling.com\/pl\/wp-json\/wp\/v2\/users\/76"}],"replies":[{"embeddable":true,"href":"https:\/\/www.welovecycling.com\/pl\/wp-json\/wp\/v2\/comments?post=7868"}],"version-history":[{"count":2,"href":"https:\/\/www.welovecycling.com\/pl\/wp-json\/wp\/v2\/posts\/7868\/revisions"}],"predecessor-version":[{"id":7872,"href":"https:\/\/www.welovecycling.com\/pl\/wp-json\/wp\/v2\/posts\/7868\/revisions\/7872"}],"wp:featuredmedia":[{"embeddable":true,"href":"https:\/\/www.welovecycling.com\/pl\/wp-json\/wp\/v2\/media\/7869"}],"wp:attachment":[{"href":"https:\/\/www.welovecycling.com\/pl\/wp-json\/wp\/v2\/media?parent=7868"}],"wp:term":[{"taxonomy":"category","embeddable":true,"href":"https:\/\/www.welovecycling.com\/pl\/wp-json\/wp\/v2\/categories?post=7868"},{"taxonomy":"post_tag","embeddable":true,"href":"https:\/\/www.welovecycling.com\/pl\/wp-json\/wp\/v2\/tags?post=7868"},{"taxonomy":"global-categories","embeddable":true,"href":"https:\/\/www.welovecycling.com\/pl\/wp-json\/wp\/v2\/global-categories?post=7868"}],"curies":[{"name":"wp","href":"https:\/\/api.w.org\/{rel}","templated":true}]}}