{"id":7854,"date":"2018-09-21T15:02:40","date_gmt":"2018-09-21T15:02:40","guid":{"rendered":"https:\/\/www.welovecycling.com\/pl\/?p=7854"},"modified":"2018-09-21T15:02:59","modified_gmt":"2018-09-21T15:02:59","slug":"mistrzostwa-swiata-w-kolarstwie-szosowym-2018-nasz-wzrok-powoli-kierujemy-na-austrie","status":"publish","type":"post","link":"https:\/\/www.welovecycling.com\/pl\/2018\/09\/21\/mistrzostwa-swiata-w-kolarstwie-szosowym-2018-nasz-wzrok-powoli-kierujemy-na-austrie\/","title":{"rendered":"Mistrzostwa \u015awiata w Kolarstwie Szosowym 2018 &#8211; nasz wzrok powoli kierujemy na Austri\u0119."},"content":{"rendered":"<p><strong>Na pocz\u0105tku b\u0119dzie troch\u0119 fakt\u00f3w, p\u00f3\u017aniej naszych oczekiwa\u0144. Czas rozlicze\u0144 rozpocznie si\u0119 1 pa\u017adziernika. Ale po kolei.<\/strong><\/p>\n<p>Po\u0142o\u017cona w Europie \u015arodkowej Austria, kt\u00f3rej po\u0142owa terytorialna znajduje si\u0119 w Alpach, a najwy\u017cszy szczyt Grosglockner si\u0119ga wysoko\u015bci 3797 m n.p.m., b\u0119dzie gospodarzem tegorocznych mistrzostw \u015bwiata w kolarstwie szosowym. \u015amietanka kolarzy zawita na osiem dni do po\u0142o\u017conej w Tyrolu miejscowo\u015bci Innsbruck. W\u0142a\u015bnie tutaj \u2013 w tak pi\u0119knych okoliczno\u015bciach przyrody, ale na bardzo wymagaj\u0105cych trasach, szczeg\u00f3lnie wy\u015bcig\u00f3w ze startu wsp\u00f3lnego \u2013 zawodnicy od juniora do elity rywalizowa\u0107 b\u0119d\u0105 o medale i tytu\u0142y mistrzowskie w trzech szosowych odmianach kolarstwa.<\/p>\n<p><a href=\"https:\/\/d2p6e6u75xmxt8.cloudfront.net\/5\/2018\/09\/UCI-Stra\u00dfenrad-WM-2018-Wichtige-Infos-f\u00fcr-akkreditierte-Medienvertreter-1.jpg\"><img loading=\"lazy\" decoding=\"async\" class=\"alignnone size-full wp-image-7855\" src=\"https:\/\/d2p6e6u75xmxt8.cloudfront.net\/5\/2018\/09\/UCI-Stra\u00dfenrad-WM-2018-Wichtige-Infos-f\u00fcr-akkreditierte-Medienvertreter-1.jpg\" alt=\"\" width=\"1535\" height=\"1063\" srcset=\"https:\/\/d2p6e6u75xmxt8.cloudfront.net\/5\/2018\/09\/UCI-Stra\u00dfenrad-WM-2018-Wichtige-Infos-f\u00fcr-akkreditierte-Medienvertreter-1.jpg 1535w, https:\/\/d2p6e6u75xmxt8.cloudfront.net\/5\/2018\/09\/UCI-Stra\u00dfenrad-WM-2018-Wichtige-Infos-f\u00fcr-akkreditierte-Medienvertreter-1-300x208.jpg 300w, https:\/\/d2p6e6u75xmxt8.cloudfront.net\/5\/2018\/09\/UCI-Stra\u00dfenrad-WM-2018-Wichtige-Infos-f\u00fcr-akkreditierte-Medienvertreter-1-768x532.jpg 768w, https:\/\/d2p6e6u75xmxt8.cloudfront.net\/5\/2018\/09\/UCI-Stra\u00dfenrad-WM-2018-Wichtige-Infos-f\u00fcr-akkreditierte-Medienvertreter-1-1024x709.jpg 1024w\" sizes=\"auto, (max-width: 1535px) 100vw, 1535px\" \/><\/a><\/p>\n<p>Ca\u0142a zabawa rozpocznie si\u0119 w niedziel\u0119 23 wrze\u015bnia. Punktualnie o godzinie 10:10 na tras\u0119 jazdy dru\u017cynowej na czas na dystansie 54,5 km wyrusz\u0105 kobiety. Zawodniczki najlepszych dru\u017cyn walczy\u0107 b\u0119d\u0105 o tytu\u0142 dru\u017cynowego mistrza \u015bwiata w je\u017adzie na czas. Trasa, kt\u00f3r\u0105 wytyczyli organizatorzy, wygl\u0105da na bardzo szybk\u0105. Zosta\u0142a poprowadzona dolin\u0105 Upper Inn w stron\u0119 Innsbrucku, start znajduje si\u0119 na wysoko\u015bci 700 m n.p.m. (jest zlokalizowany przy Parku Rozrywki AREA 47), a meta \u2013 na wysoko\u015bci 582 m n.p.m. Trasa ma tylko 152 m przewy\u017cszenia. Dru\u017cyny startuj\u0105 w sze\u015bcioosobowych sk\u0142adach, a organizator przewiduje rekordowe \u015brednie pr\u0119dko\u015bci oscyluj\u0105ce w granicach 55\u201360 km\/h.<\/p>\n<p>Z tego samego miejsca o godzinie 14:40 na tras\u0119 o d\u0142ugo\u015bci 62,8 km wyrusz\u0105 dru\u017cyny m\u0119skie. M\u0119\u017cczy\u017ani na trasie zmierz\u0105 si\u0119 z czterokilometrow\u0105 przeszkod\u0105, jak\u0105 jest podjazd z Kematen do Axams, w kt\u00f3rym nachylenie si\u0119ga miejscami 13%. Po chwili wytchnienia na szczycie rozpocznie si\u0119 bardzo szybki zjazd prowadz\u0105cy do V\u00f6ls, na kt\u00f3rym dru\u017cyny powinny rozp\u0119dzi\u0107 si\u0119 nawet do, uwaga, 100 km\/h! Finisz, podobnie jak u kobiet, zlokalizowano przy Hofburg Imperial Palace. Z\u0142otych medali broni\u0107 b\u0119dzie team Sunweb, kt\u00f3ry w 2017 r. w Bergen wygra\u0142 rywalizacj\u0119 w\u015br\u00f3d dru\u017cyn damskich i m\u0119skich. Takie otwarcie powinno da\u0107 nam wiele niezwyk\u0142ych prze\u017cy\u0107 ju\u017c pierwszego dnia rywalizacji. Wy\u015bcigi dru\u017cynowe s\u0105 bardzo widowiskowe, a szybkie trasy powinny podkr\u0119ci\u0107 emocje.<\/p>\n<p>Drugiego dnia rywalizacji kolejna konkurencja i walka nie tylko z zegarem, ale r\u00f3wnie\u017c z samym sob\u0105. W poniedzia\u0142ek 24 wrze\u015bnia zaplanowano rozegranie pierwszej serii wy\u015bcig\u00f3w jazdy indywidualnej na czas. Najkr\u00f3tszy dystans tego dnia b\u0119d\u0105 mia\u0142y do pokonania juniorki, kt\u00f3re wyrusz\u0105 na 20-kilometrowy odcinek o godzinie 10:10. Meta, podobnie jak podczas czas\u00f3wki dru\u017cynowej (TTT), b\u0119dzie znajdowa\u0107 si\u0119 w samym centrum Innsbrucku \u2013 przy Hofburg Imperial Palace. Jednak start tego wy\u015bcigu zlokalizowano w wyj\u0105tkowym miejscu \u2013 przy o\u015brodku \u201eKryszta\u0142owe \u015bwiaty Swarovskiego\u201d. Przy tej jednej z najpopularniejszych atrakcji Tyrolu swoje wy\u015bcigi rozpoczn\u0105 r\u00f3wnie\u017c orlicy. Zawodnicy poni\u017cej 23. roku \u017cycia o godzinie 14:40 wyrusz\u0105 na tras\u0119 o d\u0142ugo\u015bci 27,8 km. Du\u017co bardziej wymagaj\u0105cy profil, szczeg\u00f3lnie w drugiej cz\u0119\u015b\u0107 rywalizacji, b\u0119dzie faworyzowa\u0142 zawodnik\u00f3w potrafi\u0105cych utrzyma\u0107 dobry rytm jazdy i generuj\u0105cych wysokie moce w d\u0142u\u017cszym przedziale czasowym. Nie bez znaczenia b\u0119d\u0105 r\u00f3wnie\u017c umiej\u0119tno\u015bci jazdy w g\u00f3rach, bo cho\u0107 brakuje tutaj wymagaj\u0105cych wzniesie\u0144, ca\u0142a trasa u\u0142o\u017cona jest blisko g\u00f3r, dzi\u0119ki czemu praktycznie nie ma d\u0142u\u017cszych odcink\u00f3w p\u0142askich.<\/p>\n<p>Wtorek to kolejny dzie\u0144 wy\u015bcig\u00f3w jazdy indywidualnej na czas. Na trasie identycznej jak orlicy rywalizowa\u0107 b\u0119d\u0105 ich m\u0142odsi koledzy, juniorzy, oraz elita kobiet. Pierwsi juniorzy wyrusz\u0105 na tras\u0119 o 10:10, kobiety za\u015b rozpoczn\u0105 rywalizacj\u0119 o godzinie 14:40. Tytu\u0142u w je\u017adzie indywidualnej na czas broni\u0107 b\u0119dzie Annemiek Van Vleuten.<\/p>\n<p>Ostatni dzie\u0144 zmaga\u0144 z rowerem do jazdy indywidualnej na czas przypada w \u015brod\u0119, kiedy to najwi\u0119ksi \u015bwiatowi specjali\u015bci elity m\u0119\u017cczyzn zmierz\u0105 si\u0119 ze sob\u0105 podczas walki o t\u0119czow\u0105 koszulk\u0119 mistrza \u015bwiata. Tytu\u0142u broni\u0142 b\u0119dzie Holender Tom Dumoulin, kt\u00f3ry w 2017 r. pokona\u0142 Primoza Roglica oraz Chrisa Froome\u2019a. W tym roku Froome nie jedzie, ale to nie znaczy, \u017ce Tom mo\u017ce si\u0119 czu\u0107 niezagro\u017cony. Podczas hiszpa\u0144skiej Vuelty \u015bwietn\u0105 dyspozycj\u0119 pokaza\u0142 mistrz Australii, Rohan Denis. Znaj\u0105c rang\u0119 imprezy, mo\u017cemy by\u0107 pewni, \u017ce nie jest to jedyny pretendent do z\u0142ota. M\u0119\u017cczy\u017ani b\u0119d\u0105 mieli do pokonania tras\u0119 o d\u0142ugo\u015bci 52,5 km z ma\u0142ego miasteczka Rattenberg do Hofburg Palace w Innsbrucku. Pierwsze kilometry wy\u015bcigu b\u0119d\u0105 szybkie i p\u0142askie, tras\u0119 poprowadzono dolin\u0105, wzd\u0142u\u017c rzeki Inn. Po tych \u201erozgrzewkowych\u201d kilometrach zawodnicy zmierz\u0105 si\u0119 z najwi\u0119ksz\u0105 tego dnia przeszkod\u0105, czyli pi\u0119ciokilometrowym podjazdem z Fritzens do Gnadenwald o \u015brednim nachyleniu 7,1% i ca\u0142kowitym przewy\u017cszeniu 350 m. Po zje\u017adzie zawodnicy wr\u00f3c\u0105 na dobrze znan\u0105 z poprzednich dni drog\u0119 prowadz\u0105c\u0105 do mety. Trasa wydaje si\u0119 skrojona pod dobrych czasowc\u00f3w i g\u00f3rali jednocze\u015bnie. Trzeba mocno pojecha\u0107 pierwsze 30 km i w dobrym rytmie wjecha\u0107 na decyduj\u0105cy podjazd, a potem poradzi\u0107 sobie z bardzo szybkim zjazdem i utrzyma\u0107 tempo do samej mety. Niby brzmi to \u0142atwo, ale sztuka ta udaje si\u0119 tylko nielicznym.<\/p>\n<p>Od czwartku do niedzieli najlepsi zawodnicy globu rywalizowa\u0107 b\u0119d\u0105 podczas wy\u015bcig\u00f3w ze startu wsp\u00f3lnego. Na pocz\u0105tek do boju rusz\u0105 juniorki (72 km) oraz juniorzy (132,5 km). Lokalizacje start\u00f3w b\u0119d\u0105 w r\u00f3\u017cnych miejscach, ale wszystkie wy\u015bcigi zosta\u0142y spi\u0119te wsp\u00f3ln\u0105 klamr\u0105, czyli bardzo wymagaj\u0105c\u0105 typowo alpejsk\u0105 rund\u0105 o d\u0142ugo\u015bci niespe\u0142na 24 km. Najwi\u0119ksz\u0105 przeszkod\u0105, z kt\u00f3r\u0105 b\u0119d\u0105 musieli zmierzy\u0107 si\u0119 wszyscy zawodnicy, b\u0119dzie podjazd do Ambras Castle o d\u0142ugo\u015bci 7,9 km i maksymalnym nachyleniu 10%. Nast\u0119pnie bardzo szybki i miejscami kr\u0119ty zjazd poprowadzi do miasta gospodarza, w kt\u00f3rym do przejechania b\u0119dzie kilka kr\u0119tych odcink\u00f3w, dwa przejazdy przez most nad rzek\u0105 Inn i finisz przy Hofburg Imperial Palace. Zawodnicy do 23 lat b\u0119d\u0105 mieli do pokonania 179 km. Wystartuj\u0105 w pi\u0105tek o 12:40 z Kufstein i po przejechaniu niespe\u0142na 85 km dojad\u0105 do fina\u0142owej rundy, kt\u00f3r\u0105 pokonaj\u0105 czterokrotnie. W sobot\u0119 w tym samym programie czasowym na tras\u0119 ruszy elita kobiet. Po doje\u017adzie do Innsbrucka zawodniczki zamelduj\u0105 si\u0119 na szczycie Ambas Castle trzy razy, co \u0142\u0105cznie da sum\u0119 156 km. Jako ostatni, tradycyjnie w niedziel\u0119, na tras\u0119 wyrusz\u0105 m\u0119\u017cczy\u017ani. Ten wy\u015bcig zawsze przyci\u0105ga t\u0142umy kibic\u00f3w zar\u00f3wno przy trasie, jak i przed telewizorami. Zawodnicy rozpoczn\u0105 rywalizacj\u0119 o godzinie 9:40 i do pokonania b\u0119d\u0105 mieli 258,5 km oraz 4670 metr\u00f3w przewy\u017cszenia. Z\u0142o\u017cy si\u0119 na to sze\u015b\u0107 rund w Kufstein oraz dojazd do linii mety (\u0142\u0105cznie 84,7km), sze\u015b\u0107 tradycyjnych rund z podjazdem pod Ambas Castle oraz ostatnia urozmaicona i wyd\u0142u\u017cona runda z dodatkowym podjazdem H\u00f6ttinger H\u00f6ll, kt\u00f3rego maksymalne nachylenie si\u0119ga nawet 28%. D\u0142ugo\u015b\u0107 ostatniego podjazdu to zaledwie 3,2 km, ale b\u0119dzie to bardzo, bardzo wymagaj\u0105cy i wa\u017cny odcinek podczas rywalizacji m\u0119\u017cczyzn.<\/p>\n<p>My oczywi\u015bcie ca\u0142ym sercem kibicujemy naszym kolarzom. Zar\u00f3wno w m\u0142odszych, jak i starszych kategoriach wiekowych mo\u017cemy liczy\u0107 na niespodzianki. Nasi reprezentanci s\u0105 bardzo utalentowani i mamy nadziej\u0119, \u017ce r\u00f3wnie\u017c zmotywowani. M\u0142odzie\u017cowcy coraz mocniej dobijaj\u0105 si\u0119 do \u015bwiatowej czo\u0142\u00f3wki, a kobiety i m\u0119\u017cczy\u017ani \u2013 mo\u017cna \u015bmia\u0142o powiedzie\u0107 \u2013 ju\u017c s\u0105 do niej zaliczani. Oczywi\u015bcie mistrzostwa \u015bwiata sk\u0142adaj\u0105 si\u0119 z wy\u015bcig\u00f3w wyj\u0105tkowych, jednodniowych \u2013 nie ma tu czasu na odrabianie strat i czekanie na lepszy dzie\u0144. Liczy si\u0119 tylko tu i teraz. Dlatego tak wa\u017cne jest nastawienie i dobre przygotowanie do startu. Nie bez znaczenia b\u0119dzie r\u00f3wnie\u017c trasa, kt\u00f3ra ju\u017c zosta\u0142a okrzykni\u0119ta najbardziej wymagaj\u0105cym fizycznie przejazdem ostatnich lat \u2013 szczeg\u00f3lnie wy\u015bcig elity m\u0119\u017cczyzn zwala z n\u00f3g samym swoim wykresem. Wielk\u0105 niewiadom\u0105 b\u0119dzie oczywi\u015bcie pogoda. Koniec wrze\u015bnia w Alpach mo\u017ce zaskoczy\u0107, miejmy nadziej\u0119, \u017ce zaskoczy nas pozytywnie. Nie zapominajmy m\u0142odszych kategoriach wiekowych, juniorach i orlikach, kt\u00f3rych \u015bciganie zawsze jest bardzo nieprzewidywalne i ambitne. Tu nie ma kalkulacji i przeliczania, dlatego tak fajnie \u015bledzi si\u0119 te kr\u00f3tkie, ale dynamiczne wy\u015bcigi. Co innego elita kobiet i m\u0119\u017cczyzn \u2013 cho\u0107 stawka jest ta sama, to jednak ranga tytu\u0142u du\u017co wy\u017csza. Kto nie chcia\u0142by by\u0107 mistrzem \u015bwiata elity na szosie i przez rok dumnie \u015bciga\u0107 si\u0119 na wszystkich wy\u015bcigach w specjalnej koszulce? Warto przywo\u0142a\u0107 emocje towarzysz\u0105ce wy\u015bcigom w Ponferradzie w 2014 r., kiedy Micha\u0142 Kwiatkowski zak\u0142ada\u0142 na podium koszulk\u0119 najlepszego kolarza globu.<\/p>\n<p>To by\u0142y pi\u0119kne i emocjonuj\u0105ce chwile dla polskiego kolarstwa. Mo\u017ce czas na powt\u00f3rk\u0119\u2026<\/p>\n<figure id=\"attachment_7856\" aria-describedby=\"caption-attachment-7856\" style=\"width: 1920px\" class=\"wp-caption alignnone\"><a href=\"https:\/\/d2p6e6u75xmxt8.cloudfront.net\/5\/2018\/09\/RVProfis-bei-1-WMTrainingscamp-in-Tirol-6.jpg\"><img loading=\"lazy\" decoding=\"async\" class=\"size-extra-large wp-image-7856\" src=\"https:\/\/d2p6e6u75xmxt8.cloudfront.net\/5\/2018\/09\/RVProfis-bei-1-WMTrainingscamp-in-Tirol-6-1920x1299.jpg\" alt=\"\" width=\"1920\" height=\"1299\" srcset=\"https:\/\/d2p6e6u75xmxt8.cloudfront.net\/5\/2018\/09\/RVProfis-bei-1-WMTrainingscamp-in-Tirol-6-1920x1299.jpg 1920w, https:\/\/d2p6e6u75xmxt8.cloudfront.net\/5\/2018\/09\/RVProfis-bei-1-WMTrainingscamp-in-Tirol-6-300x203.jpg 300w, https:\/\/d2p6e6u75xmxt8.cloudfront.net\/5\/2018\/09\/RVProfis-bei-1-WMTrainingscamp-in-Tirol-6-768x520.jpg 768w, https:\/\/d2p6e6u75xmxt8.cloudfront.net\/5\/2018\/09\/RVProfis-bei-1-WMTrainingscamp-in-Tirol-6-1024x693.jpg 1024w, https:\/\/d2p6e6u75xmxt8.cloudfront.net\/5\/2018\/09\/RVProfis-bei-1-WMTrainingscamp-in-Tirol-6-1920x1299.jpg 1920w\" sizes=\"auto, (max-width: 1920px) 100vw, 1920px\" \/><\/a><figcaption id=\"caption-attachment-7856\" class=\"wp-caption-text\">25.04.2018, Innsbruck, AUT, \u00d6RV Trainingslager, UCI Stra\u00dfenrad WM 2018, im Bild Mitglieder der \u00d6sterreichischen Nationalmannschaft vor Schloss Amras \/\/ during a Testdrive for the UCI Road World Championships in INNSBRUCK, Austria on 2018\/04\/25. EXPA Pictures \u00a9 2018, PhotoCredit: EXPA\/ JFK<\/figcaption><\/figure>\n","protected":false},"excerpt":{"rendered":"<p>Na pocz\u0105tku b\u0119dzie troch\u0119 fakt\u00f3w, p\u00f3\u017aniej naszych oczekiwa\u0144. Czas rozlicze\u0144 rozpocznie si\u0119 1 pa\u017adziernika. Ale po kolei. Po\u0142o\u017cona w Europie [&hellip;]<\/p>\n","protected":false},"author":76,"featured_media":7857,"comment_status":"open","ping_status":"open","sticky":false,"template":"","format":"standard","meta":{"footnotes":""},"categories":[203],"tags":[],"global-categories":[],"class_list":["post-7854","post","type-post","status-publish","format-standard","has-post-thumbnail","hentry","category-bartosz-huzarski"],"yoast_head":"<!-- This site is optimized with the Yoast SEO Premium plugin v25.3 (Yoast SEO v25.9) - https:\/\/yoast.com\/wordpress\/plugins\/seo\/ -->\n<title>Mistrzostwa \u015awiata w Kolarstwie Szosowym 2018 - nasz wzrok powoli kierujemy na Austri\u0119. - \u0160koda We Love Cycling - Poland<\/title>\n<meta name=\"robots\" content=\"index, follow, max-snippet:-1, max-image-preview:large, max-video-preview:-1\" \/>\n<link rel=\"canonical\" href=\"https:\/\/www.welovecycling.com\/pl\/2018\/09\/21\/mistrzostwa-swiata-w-kolarstwie-szosowym-2018-nasz-wzrok-powoli-kierujemy-na-austrie\/\" \/>\n<meta property=\"og:locale\" content=\"pl_PL\" \/>\n<meta property=\"og:type\" content=\"article\" \/>\n<meta property=\"og:title\" content=\"Mistrzostwa \u015awiata w Kolarstwie Szosowym 2018 - nasz wzrok powoli kierujemy na Austri\u0119.\" \/>\n<meta property=\"og:description\" content=\"Na pocz\u0105tku b\u0119dzie troch\u0119 fakt\u00f3w, p\u00f3\u017aniej naszych oczekiwa\u0144. Czas rozlicze\u0144 rozpocznie si\u0119 1 pa\u017adziernika. Ale po kolei. Po\u0142o\u017cona w Europie [&hellip;]\" \/>\n<meta property=\"og:url\" content=\"https:\/\/www.welovecycling.com\/pl\/2018\/09\/21\/mistrzostwa-swiata-w-kolarstwie-szosowym-2018-nasz-wzrok-powoli-kierujemy-na-austrie\/\" \/>\n<meta property=\"og:site_name\" content=\"\u0160koda We Love Cycling - Poland\" \/>\n<meta property=\"article:published_time\" content=\"2018-09-21T15:02:40+00:00\" \/>\n<meta property=\"article:modified_time\" content=\"2018-09-21T15:02:59+00:00\" \/>\n<meta property=\"og:image\" content=\"https:\/\/d2p6e6u75xmxt8.cloudfront.net\/5\/2018\/09\/Mobil-und-informiert-w\u00e4hrend-der-Rad-WM-1-1024x731.jpg\" \/>\n\t<meta property=\"og:image:width\" content=\"1024\" \/>\n\t<meta property=\"og:image:height\" content=\"731\" \/>\n\t<meta property=\"og:image:type\" content=\"image\/jpeg\" \/>\n<meta name=\"author\" content=\"piotrboczkowski\" \/>\n<meta name=\"twitter:card\" content=\"summary_large_image\" \/>\n<meta name=\"twitter:label1\" content=\"Written by\" \/>\n\t<meta name=\"twitter:data1\" content=\"Bartosz Huzarski\" \/>\n\t<meta name=\"twitter:label2\" content=\"Est. reading time\" \/>\n\t<meta name=\"twitter:data2\" content=\"7 minutes\" \/>\n<script type=\"application\/ld+json\" class=\"yoast-schema-graph\">{\"@context\":\"https:\/\/schema.org\",\"@graph\":[{\"@type\":\"WebPage\",\"@id\":\"https:\/\/www.welovecycling.com\/pl\/2018\/09\/21\/mistrzostwa-swiata-w-kolarstwie-szosowym-2018-nasz-wzrok-powoli-kierujemy-na-austrie\/\",\"url\":\"https:\/\/www.welovecycling.com\/pl\/2018\/09\/21\/mistrzostwa-swiata-w-kolarstwie-szosowym-2018-nasz-wzrok-powoli-kierujemy-na-austrie\/\",\"name\":\"Mistrzostwa \u015awiata w Kolarstwie Szosowym 2018 - nasz wzrok powoli kierujemy na Austri\u0119. - \u0160koda We Love Cycling - Poland\",\"isPartOf\":{\"@id\":\"https:\/\/www.welovecycling.com\/pl\/#website\"},\"primaryImageOfPage\":{\"@id\":\"https:\/\/www.welovecycling.com\/pl\/2018\/09\/21\/mistrzostwa-swiata-w-kolarstwie-szosowym-2018-nasz-wzrok-powoli-kierujemy-na-austrie\/#primaryimage\"},\"image\":{\"@id\":\"https:\/\/www.welovecycling.com\/pl\/2018\/09\/21\/mistrzostwa-swiata-w-kolarstwie-szosowym-2018-nasz-wzrok-powoli-kierujemy-na-austrie\/#primaryimage\"},\"thumbnailUrl\":\"https:\/\/d2p6e6u75xmxt8.cloudfront.net\/5\/2018\/09\/Mobil-und-informiert-w\u00e4hrend-der-Rad-WM-1.jpg\",\"datePublished\":\"2018-09-21T15:02:40+00:00\",\"dateModified\":\"2018-09-21T15:02:59+00:00\",\"author\":{\"@id\":\"https:\/\/www.welovecycling.com\/pl\/#\/schema\/person\/0dba2d39da943db9df3fd8f4687e7f23\"},\"breadcrumb\":{\"@id\":\"https:\/\/www.welovecycling.com\/pl\/2018\/09\/21\/mistrzostwa-swiata-w-kolarstwie-szosowym-2018-nasz-wzrok-powoli-kierujemy-na-austrie\/#breadcrumb\"},\"inLanguage\":\"pl-PL\",\"potentialAction\":[{\"@type\":\"ReadAction\",\"target\":[\"https:\/\/www.welovecycling.com\/pl\/2018\/09\/21\/mistrzostwa-swiata-w-kolarstwie-szosowym-2018-nasz-wzrok-powoli-kierujemy-na-austrie\/\"]}]},{\"@type\":\"ImageObject\",\"inLanguage\":\"pl-PL\",\"@id\":\"https:\/\/www.welovecycling.com\/pl\/2018\/09\/21\/mistrzostwa-swiata-w-kolarstwie-szosowym-2018-nasz-wzrok-powoli-kierujemy-na-austrie\/#primaryimage\",\"url\":\"https:\/\/d2p6e6u75xmxt8.cloudfront.net\/5\/2018\/09\/Mobil-und-informiert-w\u00e4hrend-der-Rad-WM-1.jpg\",\"contentUrl\":\"https:\/\/d2p6e6u75xmxt8.cloudfront.net\/5\/2018\/09\/Mobil-und-informiert-w\u00e4hrend-der-Rad-WM-1.jpg\",\"width\":3307,\"height\":2362,\"caption\":\"20.04.2018, Innsbruck, AUT, Tour of the Alps, \u00d6sterreich, 5. Etappe, von Rattenberg nach Innsbruck (164,2 km), im Bild das Fahrerfeld am Olympia Climb \/\/ the riders at Olympia climb during 5th stage from Rattenberg to Innsbruck of 2018 Tour of the Alps in Innsbruck, Austria on 2018\/04\/20. Innsbruck, Austria on 2018\/04\/20. EXPA Pictures \u00a9 2018, PhotoCredit: EXPA\/ Reinhard Eisenbauer\"},{\"@type\":\"BreadcrumbList\",\"@id\":\"https:\/\/www.welovecycling.com\/pl\/2018\/09\/21\/mistrzostwa-swiata-w-kolarstwie-szosowym-2018-nasz-wzrok-powoli-kierujemy-na-austrie\/#breadcrumb\",\"itemListElement\":[{\"@type\":\"ListItem\",\"position\":1,\"name\":\"Home\",\"item\":\"https:\/\/www.welovecycling.com\/pl\/\"},{\"@type\":\"ListItem\",\"position\":2,\"name\":\"Mistrzostwa \u015awiata w Kolarstwie Szosowym 2018 &#8211; nasz wzrok powoli kierujemy na Austri\u0119.\"}]},{\"@type\":\"WebSite\",\"@id\":\"https:\/\/www.welovecycling.com\/pl\/#website\",\"url\":\"https:\/\/www.welovecycling.com\/pl\/\",\"name\":\"\u0160koda We Love Cycling - Poland\",\"description\":\"\",\"potentialAction\":[{\"@type\":\"SearchAction\",\"target\":{\"@type\":\"EntryPoint\",\"urlTemplate\":\"https:\/\/www.welovecycling.com\/pl\/?s={search_term_string}\"},\"query-input\":{\"@type\":\"PropertyValueSpecification\",\"valueRequired\":true,\"valueName\":\"search_term_string\"}}],\"inLanguage\":\"pl-PL\"},{\"@type\":\"Person\",\"@id\":\"https:\/\/www.welovecycling.com\/pl\/#\/schema\/person\/0dba2d39da943db9df3fd8f4687e7f23\",\"name\":\"piotrboczkowski\",\"image\":{\"@type\":\"ImageObject\",\"inLanguage\":\"pl-PL\",\"@id\":\"https:\/\/www.welovecycling.com\/pl\/#\/schema\/person\/image\/\",\"url\":\"https:\/\/secure.gravatar.com\/avatar\/533caccae14752e03a2ce2d3fd62d1b98b93e1393c3195c27819e53344ca1ace?s=96&d=mm&r=g\",\"contentUrl\":\"https:\/\/secure.gravatar.com\/avatar\/533caccae14752e03a2ce2d3fd62d1b98b93e1393c3195c27819e53344ca1ace?s=96&d=mm&r=g\",\"caption\":\"piotrboczkowski\"},\"url\":\"https:\/\/www.welovecycling.com\/pl\/author\/piotrboczkowski\/\"}]}<\/script>\n<!-- \/ Yoast SEO Premium plugin. -->","yoast_head_json":{"title":"Mistrzostwa \u015awiata w Kolarstwie Szosowym 2018 - nasz wzrok powoli kierujemy na Austri\u0119. - \u0160koda We Love Cycling - Poland","robots":{"index":"index","follow":"follow","max-snippet":"max-snippet:-1","max-image-preview":"max-image-preview:large","max-video-preview":"max-video-preview:-1"},"canonical":"https:\/\/www.welovecycling.com\/pl\/2018\/09\/21\/mistrzostwa-swiata-w-kolarstwie-szosowym-2018-nasz-wzrok-powoli-kierujemy-na-austrie\/","og_locale":"pl_PL","og_type":"article","og_title":"Mistrzostwa \u015awiata w Kolarstwie Szosowym 2018 - nasz wzrok powoli kierujemy na Austri\u0119.","og_description":"Na pocz\u0105tku b\u0119dzie troch\u0119 fakt\u00f3w, p\u00f3\u017aniej naszych oczekiwa\u0144. Czas rozlicze\u0144 rozpocznie si\u0119 1 pa\u017adziernika. Ale po kolei. Po\u0142o\u017cona w Europie [&hellip;]","og_url":"https:\/\/www.welovecycling.com\/pl\/2018\/09\/21\/mistrzostwa-swiata-w-kolarstwie-szosowym-2018-nasz-wzrok-powoli-kierujemy-na-austrie\/","og_site_name":"\u0160koda We Love Cycling - Poland","article_published_time":"2018-09-21T15:02:40+00:00","article_modified_time":"2018-09-21T15:02:59+00:00","og_image":[{"width":1024,"height":731,"url":"https:\/\/d2p6e6u75xmxt8.cloudfront.net\/5\/2018\/09\/Mobil-und-informiert-w\u00e4hrend-der-Rad-WM-1-1024x731.jpg","type":"image\/jpeg"}],"author":"piotrboczkowski","twitter_card":"summary_large_image","twitter_misc":{"Written by":"Bartosz Huzarski","Est. reading time":"7 minutes"},"schema":{"@context":"https:\/\/schema.org","@graph":[{"@type":"WebPage","@id":"https:\/\/www.welovecycling.com\/pl\/2018\/09\/21\/mistrzostwa-swiata-w-kolarstwie-szosowym-2018-nasz-wzrok-powoli-kierujemy-na-austrie\/","url":"https:\/\/www.welovecycling.com\/pl\/2018\/09\/21\/mistrzostwa-swiata-w-kolarstwie-szosowym-2018-nasz-wzrok-powoli-kierujemy-na-austrie\/","name":"Mistrzostwa \u015awiata w Kolarstwie Szosowym 2018 - nasz wzrok powoli kierujemy na Austri\u0119. - \u0160koda We Love Cycling - Poland","isPartOf":{"@id":"https:\/\/www.welovecycling.com\/pl\/#website"},"primaryImageOfPage":{"@id":"https:\/\/www.welovecycling.com\/pl\/2018\/09\/21\/mistrzostwa-swiata-w-kolarstwie-szosowym-2018-nasz-wzrok-powoli-kierujemy-na-austrie\/#primaryimage"},"image":{"@id":"https:\/\/www.welovecycling.com\/pl\/2018\/09\/21\/mistrzostwa-swiata-w-kolarstwie-szosowym-2018-nasz-wzrok-powoli-kierujemy-na-austrie\/#primaryimage"},"thumbnailUrl":"https:\/\/d2p6e6u75xmxt8.cloudfront.net\/5\/2018\/09\/Mobil-und-informiert-w\u00e4hrend-der-Rad-WM-1.jpg","datePublished":"2018-09-21T15:02:40+00:00","dateModified":"2018-09-21T15:02:59+00:00","author":{"@id":"https:\/\/www.welovecycling.com\/pl\/#\/schema\/person\/0dba2d39da943db9df3fd8f4687e7f23"},"breadcrumb":{"@id":"https:\/\/www.welovecycling.com\/pl\/2018\/09\/21\/mistrzostwa-swiata-w-kolarstwie-szosowym-2018-nasz-wzrok-powoli-kierujemy-na-austrie\/#breadcrumb"},"inLanguage":"pl-PL","potentialAction":[{"@type":"ReadAction","target":["https:\/\/www.welovecycling.com\/pl\/2018\/09\/21\/mistrzostwa-swiata-w-kolarstwie-szosowym-2018-nasz-wzrok-powoli-kierujemy-na-austrie\/"]}]},{"@type":"ImageObject","inLanguage":"pl-PL","@id":"https:\/\/www.welovecycling.com\/pl\/2018\/09\/21\/mistrzostwa-swiata-w-kolarstwie-szosowym-2018-nasz-wzrok-powoli-kierujemy-na-austrie\/#primaryimage","url":"https:\/\/d2p6e6u75xmxt8.cloudfront.net\/5\/2018\/09\/Mobil-und-informiert-w\u00e4hrend-der-Rad-WM-1.jpg","contentUrl":"https:\/\/d2p6e6u75xmxt8.cloudfront.net\/5\/2018\/09\/Mobil-und-informiert-w\u00e4hrend-der-Rad-WM-1.jpg","width":3307,"height":2362,"caption":"20.04.2018, Innsbruck, AUT, Tour of the Alps, \u00d6sterreich, 5. Etappe, von Rattenberg nach Innsbruck (164,2 km), im Bild das Fahrerfeld am Olympia Climb \/\/ the riders at Olympia climb during 5th stage from Rattenberg to Innsbruck of 2018 Tour of the Alps in Innsbruck, Austria on 2018\/04\/20. Innsbruck, Austria on 2018\/04\/20. EXPA Pictures \u00a9 2018, PhotoCredit: EXPA\/ Reinhard Eisenbauer"},{"@type":"BreadcrumbList","@id":"https:\/\/www.welovecycling.com\/pl\/2018\/09\/21\/mistrzostwa-swiata-w-kolarstwie-szosowym-2018-nasz-wzrok-powoli-kierujemy-na-austrie\/#breadcrumb","itemListElement":[{"@type":"ListItem","position":1,"name":"Home","item":"https:\/\/www.welovecycling.com\/pl\/"},{"@type":"ListItem","position":2,"name":"Mistrzostwa \u015awiata w Kolarstwie Szosowym 2018 &#8211; nasz wzrok powoli kierujemy na Austri\u0119."}]},{"@type":"WebSite","@id":"https:\/\/www.welovecycling.com\/pl\/#website","url":"https:\/\/www.welovecycling.com\/pl\/","name":"\u0160koda We Love Cycling - Poland","description":"","potentialAction":[{"@type":"SearchAction","target":{"@type":"EntryPoint","urlTemplate":"https:\/\/www.welovecycling.com\/pl\/?s={search_term_string}"},"query-input":{"@type":"PropertyValueSpecification","valueRequired":true,"valueName":"search_term_string"}}],"inLanguage":"pl-PL"},{"@type":"Person","@id":"https:\/\/www.welovecycling.com\/pl\/#\/schema\/person\/0dba2d39da943db9df3fd8f4687e7f23","name":"piotrboczkowski","image":{"@type":"ImageObject","inLanguage":"pl-PL","@id":"https:\/\/www.welovecycling.com\/pl\/#\/schema\/person\/image\/","url":"https:\/\/secure.gravatar.com\/avatar\/533caccae14752e03a2ce2d3fd62d1b98b93e1393c3195c27819e53344ca1ace?s=96&d=mm&r=g","contentUrl":"https:\/\/secure.gravatar.com\/avatar\/533caccae14752e03a2ce2d3fd62d1b98b93e1393c3195c27819e53344ca1ace?s=96&d=mm&r=g","caption":"piotrboczkowski"},"url":"https:\/\/www.welovecycling.com\/pl\/author\/piotrboczkowski\/"}]}},"_links":{"self":[{"href":"https:\/\/www.welovecycling.com\/pl\/wp-json\/wp\/v2\/posts\/7854","targetHints":{"allow":["GET"]}}],"collection":[{"href":"https:\/\/www.welovecycling.com\/pl\/wp-json\/wp\/v2\/posts"}],"about":[{"href":"https:\/\/www.welovecycling.com\/pl\/wp-json\/wp\/v2\/types\/post"}],"author":[{"embeddable":true,"href":"https:\/\/www.welovecycling.com\/pl\/wp-json\/wp\/v2\/users\/76"}],"replies":[{"embeddable":true,"href":"https:\/\/www.welovecycling.com\/pl\/wp-json\/wp\/v2\/comments?post=7854"}],"version-history":[{"count":1,"href":"https:\/\/www.welovecycling.com\/pl\/wp-json\/wp\/v2\/posts\/7854\/revisions"}],"predecessor-version":[{"id":7858,"href":"https:\/\/www.welovecycling.com\/pl\/wp-json\/wp\/v2\/posts\/7854\/revisions\/7858"}],"wp:featuredmedia":[{"embeddable":true,"href":"https:\/\/www.welovecycling.com\/pl\/wp-json\/wp\/v2\/media\/7857"}],"wp:attachment":[{"href":"https:\/\/www.welovecycling.com\/pl\/wp-json\/wp\/v2\/media?parent=7854"}],"wp:term":[{"taxonomy":"category","embeddable":true,"href":"https:\/\/www.welovecycling.com\/pl\/wp-json\/wp\/v2\/categories?post=7854"},{"taxonomy":"post_tag","embeddable":true,"href":"https:\/\/www.welovecycling.com\/pl\/wp-json\/wp\/v2\/tags?post=7854"},{"taxonomy":"global-categories","embeddable":true,"href":"https:\/\/www.welovecycling.com\/pl\/wp-json\/wp\/v2\/global-categories?post=7854"}],"curies":[{"name":"wp","href":"https:\/\/api.w.org\/{rel}","templated":true}]}}