{"id":7835,"date":"2018-09-18T19:28:42","date_gmt":"2018-09-18T19:28:42","guid":{"rendered":"https:\/\/www.welovecycling.com\/pl\/?p=7835"},"modified":"2018-09-19T00:35:47","modified_gmt":"2018-09-19T00:35:47","slug":"7835","status":"publish","type":"post","link":"https:\/\/www.welovecycling.com\/pl\/2018\/09\/18\/7835\/","title":{"rendered":"Wielkie zwyci\u0119stwo i \u0142zy wzruszenia. To ju\u017c koniec Vuelta a Espana!"},"content":{"rendered":"<p><span style=\"font-size: 8pt;\"><span class=\"embed-work-detail-title\">Simon Yates<\/span><cite class=\"embed-work-detail-source\">\/MANUEL BRUQUE \/PAP\/EPA<\/cite><\/span><\/p>\n<p><strong>Wielkie zwyci\u0119stwo i \u0142zy wzruszenia. To ju\u017c koniec Vuelta a Espana!<\/strong><\/p>\n<p>M\u00f3g\u0142 mie\u0107 chwil\u0119 zw\u0105tpienia, ale gdy zn\u00f3w dorwa\u0142 czerwon\u0105 koszulk\u0119 lidera, to niemal przyklei\u0142 j\u0105 do cia\u0142a. Simon Yates (Mitchelton \u2013 Scott) wygra\u0142 tegoroczn\u0105 Vuelta a Espana!<\/p>\n<p>To kolejne trofeum w gablocie rodziny Yates\u00f3w. Gablocie, kt\u00f3ra powinna by\u0107 wyj\u0105tkowo pojemna, poniewa\u017c zmie\u015bci jeszcze niejeden puchar i medal \u2013 wygl\u0105da na to, \u017ce Simon dopiero si\u0119 rozkr\u0119ca.<\/p>\n<p><strong>\u201eBrakuje mi s\u0142\u00f3w\u201d<\/strong><\/p>\n<p>Kolarstwo trenowa\u0142 jego ojciec, ale mia\u0142 wypadek \u2013 wpad\u0142 pod samoch\u00f3d i po\u0142ama\u0142 \u017cebra. Mi\u0142o\u015b\u0107 do dw\u00f3ch k\u00f3\u0142ek zaszczepi\u0142 swoim synom bli\u017aniakom \u2013 Adamowi i o kilka minut starszemu Simonowi.<\/p>\n<p>26-latkowie wygrali ju\u017c wiele mniejszych wy\u015bcig\u00f3w, triumfowali te\u017c w klasyfikacji m\u0142odzie\u017cowej Tour de France, ale teraz Simon otworzy\u0142 nowy rozdzia\u0142 pt. \u201eZwyci\u0119stwa w najwi\u0119kszych wy\u015bcigach etapowych\u201d.<\/p>\n<p>Gdy na pocz\u0105tku Vuelta a Espana szala\u0142 Micha\u0142 Kwiatkowski, Yates czai\u0142 si\u0119 w drugim szeregu. P\u00f3\u017aniej zacz\u0105\u0142 zbli\u017ca\u0107 si\u0119 do podium, a na pierwsze miejsce wskoczy\u0142 po dziewi\u0105tym etapie. P\u00f3\u017aniej, ku rado\u015bci hiszpa\u0144skich kibic\u00f3w, na dwa dni zdetronizowa\u0142 go Jesus Herrada (Cofidis, Solutions Credits), ale nast\u0119pnie do s\u0142owa zn\u00f3w doszed\u0142 Yates i czerwonej koszulki nie odda\u0142 a\u017c do mety w Madrycie.<\/p>\n<p>\u2013 Czuj\u0119 si\u0119 wspaniale, ale brakuje mi s\u0142\u00f3w, by opisa\u0107 to, co si\u0119 sta\u0142o. To po prostu niewiarygodne. Lubi\u0119 si\u0119 \u015bciga\u0107 i mam nadziej\u0119, \u017ce b\u0119d\u0119 osi\u0105ga\u0142 jeszcze lepsze wyniki \u2013 cieszy\u0142 si\u0119 Yates na mecie.<\/p>\n<p><strong>Wzruszaj\u0105ce po\u017cegnanie<\/strong><\/p>\n<p>W kratk\u0119 spisali si\u0119 Polacy. Co prawda Kwiatkowski (Team Sky) pobi\u0142 rekord Polski w d\u0142ugo\u015bci bycia liderem wielkiego wy\u015bcigu (w czerwonej koszulce jecha\u0142 trzy dni), ale p\u00f3\u017aniej sz\u0142o mu s\u0142abiej. Ostatecznie zaj\u0105\u0142 43. miejsce i kr\u00f3tko podsumowa\u0142 trzy tygodnie \u015bcigania po Hiszpanii:<\/p>\n<p>\u201eKoniec. Kolejny Wielki Tour za mn\u0105. Do zobaczenia w Innsbrucku\u201d \u2013 napisa\u0142 Kwiatkowski na Twitterze.<\/p>\n<p>Na wi\u0119cej liczy\u0142 te\u017c Rafa\u0142 Majka (Bora Hansgrohe), kt\u00f3ry najlepszy wyst\u0119p zaliczy\u0142 podczas 13. etapu, gdy zaj\u0105\u0142 drugie miejsce, ale w klasyfikacji generalnej ostatecznie by\u0142 13.<\/p>\n<p>\u201eNo i Vuelta si\u0119 zako\u0144czy\u0142a. [\u2026] Patrz\u0105c wstecz na ca\u0142y wy\u015bcig, nie zrealizowali\u015bmy swoich cel\u00f3w sprzed startu \u2013 wygranej etapowej oraz TOP 10 w klasyfikacji generalnej. Czas odpocz\u0105\u0107 i wyci\u0105gn\u0105\u0107 wnioski. Jestem zm\u0119czony po swoim drugim Wielkim Tourze z rz\u0119du, wracam teraz do domu i zbieram si\u0142y na ostatni wa\u017cny start w tym sezonie, czyli mistrzostwa \u015bwiata w Innsbrucku. Dzi\u0119kuj\u0119 Wam wszystkim za wsparcie w dobrych i trudnych chwilach podczas tegorocznej Vuelty!\u201d \u2013 napisa\u0142 Majka na Facebooku.<\/p>\n<p>Tegoroczn\u0105 Vuelta a Espana zapami\u0119tamy r\u00f3wnie\u017c z po\u017cegnania Igora Antona (Dimension Data), kt\u00f3ry w wieku 35 lat postanowi\u0142 zako\u0144czy\u0107 karier\u0119.<\/p>\n<p>\u201eDzi\u0119kuj\u0119 mojej mamie, kt\u00f3rej mi bardzo brakuje. Wiele dla mnie po\u015bwi\u0119ci\u0142a, aby m\u00f3g\u0142 zrealizowa\u0107 marzenia. Z kolei moja \u017cona cierpia\u0142a ze mn\u0105 przez wszystkie z\u0142e chwile, trwa\u0142a przy mnie i pomaga\u0142a, a teraz moim silnikiem jest moja kochaj\u0105ca c\u00f3rka\u201d \u2013 napisa\u0142.<\/p>\n<p>Klasyfikacj\u0119 g\u00f3rsk\u0105 Vuelta a Espana wygra\u0142 Belg Thomas De Gendt (Lotto \u2013 Soudal), punktow\u0105 Alejandro Valverde (Movistar), kombinowan\u0105 Simon Yates, a dru\u017cynow\u0105 Movistar.<\/p>\n<p><strong>Wszystkie oczy na Innsbruck<\/strong><\/p>\n<p>Teraz ca\u0142y kolarski \u015bwiat czeka ju\u017c na ostatni akcent sezonu, czyli mistrzostwa \u015bwiata w kolarstwie szosowym w Innsbrucku. Zawodnicy b\u0119d\u0105 walczyli o medale w je\u017adzie dru\u017cynowej na czas (23.09), je\u017adzie indywidualnej na czas (25.09 kobiety, 26.09 m\u0119\u017cczy\u017ani) i wy\u015bcigu ze startu wsp\u00f3lnego (29.09 kobiety, 30.09 m\u0119\u017cczy\u017ani).<\/p>\n<p>&nbsp;<\/p>\n<p><strong>Klasyfikacja generalna Vuelta a Espana 2018:<\/strong><\/p>\n<ol>\n<li>Simon Yates (Mitchelton \u2013 Scott)<\/li>\n<li>Enric Nicolau (Quick Step Floors), 00.01:46<\/li>\n<li>Miguel Moreno (Astana Pro Team), 00.02:04<\/li>\n<\/ol>\n<p>&#8212;&#8212;&#8212;&#8212;&#8212;&#8212;&#8212;-<\/p>\n<ol start=\"13\">\n<li>Rafa\u0142 Majka (Bora Hansgrohe), 00.17:57<\/li>\n<li>Micha\u0142 Kwiatkowski (Team Sky), 01.43:49<\/li>\n<\/ol>\n","protected":false},"excerpt":{"rendered":"<p>Simon Yates\/MANUEL BRUQUE \/PAP\/EPA Wielkie zwyci\u0119stwo i \u0142zy wzruszenia. To ju\u017c koniec Vuelta a Espana! M\u00f3g\u0142 mie\u0107 chwil\u0119 zw\u0105tpienia, ale [&hellip;]<\/p>\n","protected":false},"author":76,"featured_media":7836,"comment_status":"open","ping_status":"open","sticky":false,"template":"","format":"standard","meta":{"footnotes":""},"categories":[295],"tags":[],"global-categories":[],"class_list":["post-7835","post","type-post","status-publish","format-standard","has-post-thumbnail","hentry","category-zawody"],"yoast_head":"<!-- This site is optimized with the Yoast SEO Premium plugin v25.3 (Yoast SEO v25.9) - https:\/\/yoast.com\/wordpress\/plugins\/seo\/ -->\n<title>Wielkie zwyci\u0119stwo i \u0142zy wzruszenia. To ju\u017c koniec Vuelta a Espana! - \u0160koda We Love Cycling - Poland<\/title>\n<meta name=\"description\" content=\"Simon Yates (Mitchelton \u2013 Scott) wygra\u0142 tegoroczn\u0105 Vuelta a Espana!\" \/>\n<meta name=\"robots\" content=\"index, follow, max-snippet:-1, max-image-preview:large, max-video-preview:-1\" \/>\n<link rel=\"canonical\" href=\"https:\/\/www.welovecycling.com\/pl\/2018\/09\/18\/7835\/\" \/>\n<meta property=\"og:locale\" content=\"pl_PL\" \/>\n<meta property=\"og:type\" content=\"article\" \/>\n<meta property=\"og:title\" content=\"Wielkie zwyci\u0119stwo i \u0142zy wzruszenia. To ju\u017c koniec Vuelta a Espana!\" \/>\n<meta property=\"og:description\" content=\"Simon Yates (Mitchelton \u2013 Scott) wygra\u0142 tegoroczn\u0105 Vuelta a Espana!\" \/>\n<meta property=\"og:url\" content=\"https:\/\/www.welovecycling.com\/pl\/2018\/09\/18\/7835\/\" \/>\n<meta property=\"og:site_name\" content=\"\u0160koda We Love Cycling - Poland\" \/>\n<meta property=\"article:published_time\" content=\"2018-09-18T19:28:42+00:00\" \/>\n<meta property=\"article:modified_time\" content=\"2018-09-19T00:35:47+00:00\" \/>\n<meta property=\"og:image\" content=\"https:\/\/d2p6e6u75xmxt8.cloudfront.net\/5\/2018\/09\/0007LOMSGUW2LQ1T-C123-F4.jpg\" \/>\n\t<meta property=\"og:image:width\" content=\"915\" \/>\n\t<meta property=\"og:image:height\" content=\"520\" \/>\n\t<meta property=\"og:image:type\" content=\"image\/jpeg\" \/>\n<meta name=\"author\" content=\"piotrboczkowski\" \/>\n<meta name=\"twitter:card\" content=\"summary_large_image\" \/>\n<meta name=\"twitter:label1\" content=\"Written by\" \/>\n\t<meta name=\"twitter:data1\" content=\"Piotr Jawor\" \/>\n\t<meta name=\"twitter:label2\" content=\"Est. reading time\" \/>\n\t<meta name=\"twitter:data2\" content=\"3 minutes\" \/>\n<script type=\"application\/ld+json\" class=\"yoast-schema-graph\">{\"@context\":\"https:\/\/schema.org\",\"@graph\":[{\"@type\":\"WebPage\",\"@id\":\"https:\/\/www.welovecycling.com\/pl\/2018\/09\/18\/7835\/\",\"url\":\"https:\/\/www.welovecycling.com\/pl\/2018\/09\/18\/7835\/\",\"name\":\"Wielkie zwyci\u0119stwo i \u0142zy wzruszenia. To ju\u017c koniec Vuelta a Espana! - \u0160koda We Love Cycling - Poland\",\"isPartOf\":{\"@id\":\"https:\/\/www.welovecycling.com\/pl\/#website\"},\"primaryImageOfPage\":{\"@id\":\"https:\/\/www.welovecycling.com\/pl\/2018\/09\/18\/7835\/#primaryimage\"},\"image\":{\"@id\":\"https:\/\/www.welovecycling.com\/pl\/2018\/09\/18\/7835\/#primaryimage\"},\"thumbnailUrl\":\"https:\/\/d2p6e6u75xmxt8.cloudfront.net\/5\/2018\/09\/0007LOMSGUW2LQ1T-C123-F4.jpg\",\"datePublished\":\"2018-09-18T19:28:42+00:00\",\"dateModified\":\"2018-09-19T00:35:47+00:00\",\"author\":{\"@id\":\"https:\/\/www.welovecycling.com\/pl\/#\/schema\/person\/0dba2d39da943db9df3fd8f4687e7f23\"},\"description\":\"Simon Yates (Mitchelton \u2013 Scott) wygra\u0142 tegoroczn\u0105 Vuelta a Espana!\",\"breadcrumb\":{\"@id\":\"https:\/\/www.welovecycling.com\/pl\/2018\/09\/18\/7835\/#breadcrumb\"},\"inLanguage\":\"pl-PL\",\"potentialAction\":[{\"@type\":\"ReadAction\",\"target\":[\"https:\/\/www.welovecycling.com\/pl\/2018\/09\/18\/7835\/\"]}]},{\"@type\":\"ImageObject\",\"inLanguage\":\"pl-PL\",\"@id\":\"https:\/\/www.welovecycling.com\/pl\/2018\/09\/18\/7835\/#primaryimage\",\"url\":\"https:\/\/d2p6e6u75xmxt8.cloudfront.net\/5\/2018\/09\/0007LOMSGUW2LQ1T-C123-F4.jpg\",\"contentUrl\":\"https:\/\/d2p6e6u75xmxt8.cloudfront.net\/5\/2018\/09\/0007LOMSGUW2LQ1T-C123-F4.jpg\",\"width\":915,\"height\":520},{\"@type\":\"BreadcrumbList\",\"@id\":\"https:\/\/www.welovecycling.com\/pl\/2018\/09\/18\/7835\/#breadcrumb\",\"itemListElement\":[{\"@type\":\"ListItem\",\"position\":1,\"name\":\"Home\",\"item\":\"https:\/\/www.welovecycling.com\/pl\/\"},{\"@type\":\"ListItem\",\"position\":2,\"name\":\"Wielkie zwyci\u0119stwo i \u0142zy wzruszenia. To ju\u017c koniec Vuelta a Espana!\"}]},{\"@type\":\"WebSite\",\"@id\":\"https:\/\/www.welovecycling.com\/pl\/#website\",\"url\":\"https:\/\/www.welovecycling.com\/pl\/\",\"name\":\"\u0160koda We Love Cycling - Poland\",\"description\":\"\",\"potentialAction\":[{\"@type\":\"SearchAction\",\"target\":{\"@type\":\"EntryPoint\",\"urlTemplate\":\"https:\/\/www.welovecycling.com\/pl\/?s={search_term_string}\"},\"query-input\":{\"@type\":\"PropertyValueSpecification\",\"valueRequired\":true,\"valueName\":\"search_term_string\"}}],\"inLanguage\":\"pl-PL\"},{\"@type\":\"Person\",\"@id\":\"https:\/\/www.welovecycling.com\/pl\/#\/schema\/person\/0dba2d39da943db9df3fd8f4687e7f23\",\"name\":\"piotrboczkowski\",\"image\":{\"@type\":\"ImageObject\",\"inLanguage\":\"pl-PL\",\"@id\":\"https:\/\/www.welovecycling.com\/pl\/#\/schema\/person\/image\/\",\"url\":\"https:\/\/secure.gravatar.com\/avatar\/533caccae14752e03a2ce2d3fd62d1b98b93e1393c3195c27819e53344ca1ace?s=96&d=mm&r=g\",\"contentUrl\":\"https:\/\/secure.gravatar.com\/avatar\/533caccae14752e03a2ce2d3fd62d1b98b93e1393c3195c27819e53344ca1ace?s=96&d=mm&r=g\",\"caption\":\"piotrboczkowski\"},\"url\":\"https:\/\/www.welovecycling.com\/pl\/author\/piotrboczkowski\/\"}]}<\/script>\n<!-- \/ Yoast SEO Premium plugin. -->","yoast_head_json":{"title":"Wielkie zwyci\u0119stwo i \u0142zy wzruszenia. To ju\u017c koniec Vuelta a Espana! - \u0160koda We Love Cycling - Poland","description":"Simon Yates (Mitchelton \u2013 Scott) wygra\u0142 tegoroczn\u0105 Vuelta a Espana!","robots":{"index":"index","follow":"follow","max-snippet":"max-snippet:-1","max-image-preview":"max-image-preview:large","max-video-preview":"max-video-preview:-1"},"canonical":"https:\/\/www.welovecycling.com\/pl\/2018\/09\/18\/7835\/","og_locale":"pl_PL","og_type":"article","og_title":"Wielkie zwyci\u0119stwo i \u0142zy wzruszenia. To ju\u017c koniec Vuelta a Espana!","og_description":"Simon Yates (Mitchelton \u2013 Scott) wygra\u0142 tegoroczn\u0105 Vuelta a Espana!","og_url":"https:\/\/www.welovecycling.com\/pl\/2018\/09\/18\/7835\/","og_site_name":"\u0160koda We Love Cycling - Poland","article_published_time":"2018-09-18T19:28:42+00:00","article_modified_time":"2018-09-19T00:35:47+00:00","og_image":[{"width":915,"height":520,"url":"https:\/\/d2p6e6u75xmxt8.cloudfront.net\/5\/2018\/09\/0007LOMSGUW2LQ1T-C123-F4.jpg","type":"image\/jpeg"}],"author":"piotrboczkowski","twitter_card":"summary_large_image","twitter_misc":{"Written by":"Piotr Jawor","Est. reading time":"3 minutes"},"schema":{"@context":"https:\/\/schema.org","@graph":[{"@type":"WebPage","@id":"https:\/\/www.welovecycling.com\/pl\/2018\/09\/18\/7835\/","url":"https:\/\/www.welovecycling.com\/pl\/2018\/09\/18\/7835\/","name":"Wielkie zwyci\u0119stwo i \u0142zy wzruszenia. To ju\u017c koniec Vuelta a Espana! - \u0160koda We Love Cycling - Poland","isPartOf":{"@id":"https:\/\/www.welovecycling.com\/pl\/#website"},"primaryImageOfPage":{"@id":"https:\/\/www.welovecycling.com\/pl\/2018\/09\/18\/7835\/#primaryimage"},"image":{"@id":"https:\/\/www.welovecycling.com\/pl\/2018\/09\/18\/7835\/#primaryimage"},"thumbnailUrl":"https:\/\/d2p6e6u75xmxt8.cloudfront.net\/5\/2018\/09\/0007LOMSGUW2LQ1T-C123-F4.jpg","datePublished":"2018-09-18T19:28:42+00:00","dateModified":"2018-09-19T00:35:47+00:00","author":{"@id":"https:\/\/www.welovecycling.com\/pl\/#\/schema\/person\/0dba2d39da943db9df3fd8f4687e7f23"},"description":"Simon Yates (Mitchelton \u2013 Scott) wygra\u0142 tegoroczn\u0105 Vuelta a Espana!","breadcrumb":{"@id":"https:\/\/www.welovecycling.com\/pl\/2018\/09\/18\/7835\/#breadcrumb"},"inLanguage":"pl-PL","potentialAction":[{"@type":"ReadAction","target":["https:\/\/www.welovecycling.com\/pl\/2018\/09\/18\/7835\/"]}]},{"@type":"ImageObject","inLanguage":"pl-PL","@id":"https:\/\/www.welovecycling.com\/pl\/2018\/09\/18\/7835\/#primaryimage","url":"https:\/\/d2p6e6u75xmxt8.cloudfront.net\/5\/2018\/09\/0007LOMSGUW2LQ1T-C123-F4.jpg","contentUrl":"https:\/\/d2p6e6u75xmxt8.cloudfront.net\/5\/2018\/09\/0007LOMSGUW2LQ1T-C123-F4.jpg","width":915,"height":520},{"@type":"BreadcrumbList","@id":"https:\/\/www.welovecycling.com\/pl\/2018\/09\/18\/7835\/#breadcrumb","itemListElement":[{"@type":"ListItem","position":1,"name":"Home","item":"https:\/\/www.welovecycling.com\/pl\/"},{"@type":"ListItem","position":2,"name":"Wielkie zwyci\u0119stwo i \u0142zy wzruszenia. To ju\u017c koniec Vuelta a Espana!"}]},{"@type":"WebSite","@id":"https:\/\/www.welovecycling.com\/pl\/#website","url":"https:\/\/www.welovecycling.com\/pl\/","name":"\u0160koda We Love Cycling - Poland","description":"","potentialAction":[{"@type":"SearchAction","target":{"@type":"EntryPoint","urlTemplate":"https:\/\/www.welovecycling.com\/pl\/?s={search_term_string}"},"query-input":{"@type":"PropertyValueSpecification","valueRequired":true,"valueName":"search_term_string"}}],"inLanguage":"pl-PL"},{"@type":"Person","@id":"https:\/\/www.welovecycling.com\/pl\/#\/schema\/person\/0dba2d39da943db9df3fd8f4687e7f23","name":"piotrboczkowski","image":{"@type":"ImageObject","inLanguage":"pl-PL","@id":"https:\/\/www.welovecycling.com\/pl\/#\/schema\/person\/image\/","url":"https:\/\/secure.gravatar.com\/avatar\/533caccae14752e03a2ce2d3fd62d1b98b93e1393c3195c27819e53344ca1ace?s=96&d=mm&r=g","contentUrl":"https:\/\/secure.gravatar.com\/avatar\/533caccae14752e03a2ce2d3fd62d1b98b93e1393c3195c27819e53344ca1ace?s=96&d=mm&r=g","caption":"piotrboczkowski"},"url":"https:\/\/www.welovecycling.com\/pl\/author\/piotrboczkowski\/"}]}},"_links":{"self":[{"href":"https:\/\/www.welovecycling.com\/pl\/wp-json\/wp\/v2\/posts\/7835","targetHints":{"allow":["GET"]}}],"collection":[{"href":"https:\/\/www.welovecycling.com\/pl\/wp-json\/wp\/v2\/posts"}],"about":[{"href":"https:\/\/www.welovecycling.com\/pl\/wp-json\/wp\/v2\/types\/post"}],"author":[{"embeddable":true,"href":"https:\/\/www.welovecycling.com\/pl\/wp-json\/wp\/v2\/users\/76"}],"replies":[{"embeddable":true,"href":"https:\/\/www.welovecycling.com\/pl\/wp-json\/wp\/v2\/comments?post=7835"}],"version-history":[{"count":1,"href":"https:\/\/www.welovecycling.com\/pl\/wp-json\/wp\/v2\/posts\/7835\/revisions"}],"predecessor-version":[{"id":7837,"href":"https:\/\/www.welovecycling.com\/pl\/wp-json\/wp\/v2\/posts\/7835\/revisions\/7837"}],"wp:featuredmedia":[{"embeddable":true,"href":"https:\/\/www.welovecycling.com\/pl\/wp-json\/wp\/v2\/media\/7836"}],"wp:attachment":[{"href":"https:\/\/www.welovecycling.com\/pl\/wp-json\/wp\/v2\/media?parent=7835"}],"wp:term":[{"taxonomy":"category","embeddable":true,"href":"https:\/\/www.welovecycling.com\/pl\/wp-json\/wp\/v2\/categories?post=7835"},{"taxonomy":"post_tag","embeddable":true,"href":"https:\/\/www.welovecycling.com\/pl\/wp-json\/wp\/v2\/tags?post=7835"},{"taxonomy":"global-categories","embeddable":true,"href":"https:\/\/www.welovecycling.com\/pl\/wp-json\/wp\/v2\/global-categories?post=7835"}],"curies":[{"name":"wp","href":"https:\/\/api.w.org\/{rel}","templated":true}]}}