{"id":7801,"date":"2018-09-11T20:17:39","date_gmt":"2018-09-11T20:17:39","guid":{"rendered":"https:\/\/www.welovecycling.com\/pl\/?p=7801"},"modified":"2018-09-12T08:31:37","modified_gmt":"2018-09-12T08:31:37","slug":"szalenstwo-podczas-vuelta-a-espana","status":"publish","type":"post","link":"https:\/\/www.welovecycling.com\/pl\/2018\/09\/11\/szalenstwo-podczas-vuelta-a-espana\/","title":{"rendered":"Szale\u0144stwo podczas Vuelta a Espana"},"content":{"rendered":"<p><span style=\"font-size: 8pt;\">photo:\u00a0\u24d2photogomezsport<\/span><\/p>\n<p><strong>Podczas Vuelta a Espana p<\/strong><strong>olscy kolarze zostali wrzuceni na rollercoastera. Raz s\u0105 na g\u00f3rze, raz na dole, ale nie spos\u00f3b si\u0119 z nimi nudzi\u0107.<\/strong><\/p>\n<p>Za nami dwa tygodnie Wy\u015bcigu Dooko\u0142a Hiszpanii, a w tym czasie polscy kibice mieli ju\u017c niemal wszystko: \u015bwietn\u0105 jazd\u0119 i prowadzenie w klasyfikacji generalnej Micha\u0142a Kwiatkowskiego, b\u0142ysk Rafa\u0142a Majki, a w niedziel\u0119 zn\u00f3w g\u0142o\u015bno by\u0142o o Kwiatkowskim, ale tym razem z powodu gro\u017anie wygl\u0105daj\u0105cej kraksy.<\/p>\n<p>A to jeszcze nie koniec, bo przed nami rozstrzygaj\u0105cy tydzie\u0144 piekielnie trudnej rywalizacji.<\/p>\n<p>Polski rekord pobity<\/p>\n<p>Zacz\u0119\u0142o si\u0119 \u015bwietnie, bo Kwiatkowski jecha\u0142 jak wybitny strateg, kt\u00f3remu w pewnym momencie zabrak\u0142o jednak pomocy ze strony \u017co\u0142nierzy, czyli pozosta\u0142ych zawodnik\u00f3w Team Sky. Mimo to \u201eKwiato\u201d przez trzy dni zdo\u0142a\u0142 utrzyma\u0107 czerwon\u0105 koszulk\u0119 lidera, co w historii najwi\u0119kszych wy\u015bcig\u00f3w \u015bwiata nie uda\u0142o si\u0119 jeszcze \u017cadnemu Polakowi.<\/p>\n<p>P\u00f3\u017aniej Kwiatkowskiemu sz\u0142o ju\u017c znaczenie gorzej, a do g\u0142osu doszed\u0142 Francuz Rudy Molard (Groupama &#8211; FDJ), kt\u00f3ry przez cztery dni prowadzi\u0142 w klasyfikacji generalnej. Teraz na szczycie znajduje si\u0119 Simon Yates (Mitchelton &#8211; Scott), ale gospodarze ca\u0142y czas licz\u0105, \u017ce w ostatnim tygodniu pokaz si\u0142y da ich rodak \u2013 Alejandro Valverde (Movistar).<\/p>\n<p>Tymczasem Kwiatkowski zajmuje 26. miejsce, ale sukcesem jest ju\u017c fakt, \u017ce jego nazwisko w og\u00f3le znajduje si\u0119 w klasyfikacji. W niedziel\u0119 Polak mia\u0142 bowiem gro\u017an\u0105 kraks\u0119.<\/p>\n<p>\u201eTo niestety Micha\u0142, trzyma si\u0119 za \u017cebra\u2026 Szkoda, bo jecha\u0142 dzi\u015b bardzo aktywnie. Miejmy nadziej\u0119, \u017ce to nic powa\u017cnego, ale ci\u0119\u017cko mu si\u0119 pozbiera\u0107, jest ca\u0142y obola\u0142y\u201d \u2013 relacjonowali upadek Polaka komentatorzy Eurosportu.<\/p>\n<p>Jak do tego dosz\u0142o? 28 kilometr\u00f3w przed met\u0105, podczas zjazdu Kwiatkowski wpad\u0142 na Alexandre Genieza (AG2R La Mondiale) i uderzy\u0142 o asfalt. Polak w ko\u0144cu pozbiera\u0142 si\u0119 i dojecha\u0142 do mety, ale ci\u0105gle nie by\u0142o wiadomo, czy b\u0119dzie w stanie walczy\u0107 dalej. Kibic\u00f3w uspokoi\u0142 jednak wpisem na Facebooku:<\/p>\n<p>\u201eNiestety nie mia\u0142em szans na reakcj\u0119, gdy Alex Geniez upad\u0142 tu\u017c przede mn\u0105. Ze mn\u0105 jednak wszystko w porz\u0105dku, mam nadziej\u0119, \u017ce z Aleksem r\u00f3wnie\u017c. Oby to by\u0142 koniec pecha w tym sezonie. Trzymajcie kciuki\u201d<\/p>\n<p>Strata Polaka jest jednak zbyt du\u017ca, by liczy\u0142 si\u0119 w walce o zwyci\u0119stwo w Vuelta a Espana.<\/p>\n<p>Przekonywanie samego siebie<\/p>\n<p>10 pozycji nad Kwiatkowskim, czyli na 16. miejscu w klasyfikacji generalnej znajduje si\u0119 Rafa\u0142a Majka, kt\u00f3rego g\u0142\u00f3wnym zadaniem jest jednak pomaganie liderowi Bora Hansgrohe &#8211; Emanuelowi Buchmanowi. Mimo to Polak b\u0142ysn\u0105\u0142 podczas pi\u0105tkowego etapu, gdy zaj\u0105\u0142 drugie miejsce. Szybszy od niego by\u0142 tylko Oscar Rodriguez (Euskadi-Murias).<\/p>\n<p>\u201eTo by\u0142 ci\u0119\u017cki dzie\u0144, szykowa\u0142em si\u0119 na ten etap z my\u015bl\u0105 o wygranej. [\u2026] Zdecydowa\u0142em si\u0119 zaatakowa\u0107 w ko\u0144c\u00f3wce, ale niestety Oscar Rodriguez pod g\u00f3r\u0119 by\u0142 szybszy. Drugie miejsce nie jest jednak z\u0142e, przesun\u0105\u0142em si\u0119 te\u017c do przodu w generalce \u2013 do pierwszej dwudziestki, co te\u017c jest pozytywne. Udowodni\u0142em sam sobie, \u017ce mog\u0119 walczy\u0107. Teraz czekam na kolejne g\u00f3ry\u201d \u2013 napisa\u0142 Majka na Facebooku.<\/p>\n<p>Najpierw mord\u0119ga, p\u00f3\u017aniej szampan<\/p>\n<p>We wtorek zawodnik\u00f3w czeka czas\u00f3wka Santillana del Mar \u2013 Torrelavega (32 km), ale p\u00f3\u017aniej peleton wjedzie w Pireneje. To w\u0142a\u015bnie wysokie g\u00f3ry rozdadz\u0105 karty w tegorocznej Vuelta a Espana, ale wszystko i tak mo\u017ce wywr\u00f3ci\u0107 si\u0119 podczas sobotniego etapu, kt\u00f3ry zako\u0144czy morderczy podjazd na Coll de la Gallina.<\/p>\n<p>Nazajutrz zwyci\u0119zc\u0119 czeka ju\u017c tylko picie szampana w Madrycie\u2026<\/p>\n<p>&nbsp;<\/p>\n<p>Klasyfikacja generalna po 15 etapach Vuelta a Espana:<\/p>\n<ol>\n<li>Simon Yates (Mitchelton &#8211; Scott)<\/li>\n<li>Alejandro Valverde (Movistar) +0.00:26<\/li>\n<li>Nairo Quintana (Movistar) + 0.00:33<\/li>\n<\/ol>\n<p>&#8212;&#8212;&#8212;&#8212;&#8212;&#8211;<\/p>\n<ol start=\"16\">\n<li>Rafa\u0142 Majka (Bora Hansgrohe) 00.11:21<\/li>\n<li>Micha\u0142 Kwiatkowski (Team Sky) 00.32:12<\/li>\n<\/ol>\n","protected":false},"excerpt":{"rendered":"<p>photo:\u00a0\u24d2photogomezsport Podczas Vuelta a Espana polscy kolarze zostali wrzuceni na rollercoastera. Raz s\u0105 na g\u00f3rze, raz na dole, ale nie [&hellip;]<\/p>\n","protected":false},"author":76,"featured_media":7802,"comment_status":"open","ping_status":"open","sticky":false,"template":"","format":"standard","meta":{"footnotes":""},"categories":[295],"tags":[],"global-categories":[],"class_list":["post-7801","post","type-post","status-publish","format-standard","has-post-thumbnail","hentry","category-zawody"],"yoast_head":"<!-- This site is optimized with the Yoast SEO Premium plugin v25.3 (Yoast SEO v25.9) - https:\/\/yoast.com\/wordpress\/plugins\/seo\/ -->\n<title>Szale\u0144stwo podczas Vuelta a Espana - \u0160koda We Love Cycling - Poland<\/title>\n<meta name=\"robots\" content=\"index, follow, max-snippet:-1, max-image-preview:large, max-video-preview:-1\" \/>\n<link rel=\"canonical\" href=\"https:\/\/www.welovecycling.com\/pl\/2018\/09\/11\/szalenstwo-podczas-vuelta-a-espana\/\" \/>\n<meta property=\"og:locale\" content=\"pl_PL\" \/>\n<meta property=\"og:type\" content=\"article\" \/>\n<meta property=\"og:title\" content=\"Szale\u0144stwo podczas Vuelta a Espana\" \/>\n<meta property=\"og:description\" content=\"photo:\u00a0\u24d2photogomezsport Podczas Vuelta a Espana polscy kolarze zostali wrzuceni na rollercoastera. Raz s\u0105 na g\u00f3rze, raz na dole, ale nie [&hellip;]\" \/>\n<meta property=\"og:url\" content=\"https:\/\/www.welovecycling.com\/pl\/2018\/09\/11\/szalenstwo-podczas-vuelta-a-espana\/\" \/>\n<meta property=\"og:site_name\" content=\"\u0160koda We Love Cycling - Poland\" \/>\n<meta property=\"article:published_time\" content=\"2018-09-11T20:17:39+00:00\" \/>\n<meta property=\"article:modified_time\" content=\"2018-09-12T08:31:37+00:00\" \/>\n<meta property=\"og:image\" content=\"https:\/\/d2p6e6u75xmxt8.cloudfront.net\/5\/2018\/09\/photogomezsport.jpg\" \/>\n\t<meta property=\"og:image:width\" content=\"1000\" \/>\n\t<meta property=\"og:image:height\" content=\"666\" \/>\n\t<meta property=\"og:image:type\" content=\"image\/jpeg\" \/>\n<meta name=\"author\" content=\"piotrboczkowski\" \/>\n<meta name=\"twitter:card\" content=\"summary_large_image\" \/>\n<meta name=\"twitter:label1\" content=\"Written by\" \/>\n\t<meta name=\"twitter:data1\" content=\"Piotr Jawor\" \/>\n\t<meta name=\"twitter:label2\" content=\"Est. reading time\" \/>\n\t<meta name=\"twitter:data2\" content=\"3 minutes\" \/>\n<script type=\"application\/ld+json\" class=\"yoast-schema-graph\">{\"@context\":\"https:\/\/schema.org\",\"@graph\":[{\"@type\":\"WebPage\",\"@id\":\"https:\/\/www.welovecycling.com\/pl\/2018\/09\/11\/szalenstwo-podczas-vuelta-a-espana\/\",\"url\":\"https:\/\/www.welovecycling.com\/pl\/2018\/09\/11\/szalenstwo-podczas-vuelta-a-espana\/\",\"name\":\"Szale\u0144stwo podczas Vuelta a Espana - \u0160koda We Love Cycling - Poland\",\"isPartOf\":{\"@id\":\"https:\/\/www.welovecycling.com\/pl\/#website\"},\"primaryImageOfPage\":{\"@id\":\"https:\/\/www.welovecycling.com\/pl\/2018\/09\/11\/szalenstwo-podczas-vuelta-a-espana\/#primaryimage\"},\"image\":{\"@id\":\"https:\/\/www.welovecycling.com\/pl\/2018\/09\/11\/szalenstwo-podczas-vuelta-a-espana\/#primaryimage\"},\"thumbnailUrl\":\"https:\/\/d2p6e6u75xmxt8.cloudfront.net\/5\/2018\/09\/photogomezsport.jpg\",\"datePublished\":\"2018-09-11T20:17:39+00:00\",\"dateModified\":\"2018-09-12T08:31:37+00:00\",\"author\":{\"@id\":\"https:\/\/www.welovecycling.com\/pl\/#\/schema\/person\/0dba2d39da943db9df3fd8f4687e7f23\"},\"breadcrumb\":{\"@id\":\"https:\/\/www.welovecycling.com\/pl\/2018\/09\/11\/szalenstwo-podczas-vuelta-a-espana\/#breadcrumb\"},\"inLanguage\":\"pl-PL\",\"potentialAction\":[{\"@type\":\"ReadAction\",\"target\":[\"https:\/\/www.welovecycling.com\/pl\/2018\/09\/11\/szalenstwo-podczas-vuelta-a-espana\/\"]}]},{\"@type\":\"ImageObject\",\"inLanguage\":\"pl-PL\",\"@id\":\"https:\/\/www.welovecycling.com\/pl\/2018\/09\/11\/szalenstwo-podczas-vuelta-a-espana\/#primaryimage\",\"url\":\"https:\/\/d2p6e6u75xmxt8.cloudfront.net\/5\/2018\/09\/photogomezsport.jpg\",\"contentUrl\":\"https:\/\/d2p6e6u75xmxt8.cloudfront.net\/5\/2018\/09\/photogomezsport.jpg\",\"width\":1000,\"height\":666},{\"@type\":\"BreadcrumbList\",\"@id\":\"https:\/\/www.welovecycling.com\/pl\/2018\/09\/11\/szalenstwo-podczas-vuelta-a-espana\/#breadcrumb\",\"itemListElement\":[{\"@type\":\"ListItem\",\"position\":1,\"name\":\"Home\",\"item\":\"https:\/\/www.welovecycling.com\/pl\/\"},{\"@type\":\"ListItem\",\"position\":2,\"name\":\"Szale\u0144stwo podczas Vuelta a Espana\"}]},{\"@type\":\"WebSite\",\"@id\":\"https:\/\/www.welovecycling.com\/pl\/#website\",\"url\":\"https:\/\/www.welovecycling.com\/pl\/\",\"name\":\"\u0160koda We Love Cycling - Poland\",\"description\":\"\",\"potentialAction\":[{\"@type\":\"SearchAction\",\"target\":{\"@type\":\"EntryPoint\",\"urlTemplate\":\"https:\/\/www.welovecycling.com\/pl\/?s={search_term_string}\"},\"query-input\":{\"@type\":\"PropertyValueSpecification\",\"valueRequired\":true,\"valueName\":\"search_term_string\"}}],\"inLanguage\":\"pl-PL\"},{\"@type\":\"Person\",\"@id\":\"https:\/\/www.welovecycling.com\/pl\/#\/schema\/person\/0dba2d39da943db9df3fd8f4687e7f23\",\"name\":\"piotrboczkowski\",\"image\":{\"@type\":\"ImageObject\",\"inLanguage\":\"pl-PL\",\"@id\":\"https:\/\/www.welovecycling.com\/pl\/#\/schema\/person\/image\/\",\"url\":\"https:\/\/secure.gravatar.com\/avatar\/533caccae14752e03a2ce2d3fd62d1b98b93e1393c3195c27819e53344ca1ace?s=96&d=mm&r=g\",\"contentUrl\":\"https:\/\/secure.gravatar.com\/avatar\/533caccae14752e03a2ce2d3fd62d1b98b93e1393c3195c27819e53344ca1ace?s=96&d=mm&r=g\",\"caption\":\"piotrboczkowski\"},\"url\":\"https:\/\/www.welovecycling.com\/pl\/author\/piotrboczkowski\/\"}]}<\/script>\n<!-- \/ Yoast SEO Premium plugin. -->","yoast_head_json":{"title":"Szale\u0144stwo podczas Vuelta a Espana - \u0160koda We Love Cycling - Poland","robots":{"index":"index","follow":"follow","max-snippet":"max-snippet:-1","max-image-preview":"max-image-preview:large","max-video-preview":"max-video-preview:-1"},"canonical":"https:\/\/www.welovecycling.com\/pl\/2018\/09\/11\/szalenstwo-podczas-vuelta-a-espana\/","og_locale":"pl_PL","og_type":"article","og_title":"Szale\u0144stwo podczas Vuelta a Espana","og_description":"photo:\u00a0\u24d2photogomezsport Podczas Vuelta a Espana polscy kolarze zostali wrzuceni na rollercoastera. Raz s\u0105 na g\u00f3rze, raz na dole, ale nie [&hellip;]","og_url":"https:\/\/www.welovecycling.com\/pl\/2018\/09\/11\/szalenstwo-podczas-vuelta-a-espana\/","og_site_name":"\u0160koda We Love Cycling - Poland","article_published_time":"2018-09-11T20:17:39+00:00","article_modified_time":"2018-09-12T08:31:37+00:00","og_image":[{"width":1000,"height":666,"url":"https:\/\/d2p6e6u75xmxt8.cloudfront.net\/5\/2018\/09\/photogomezsport.jpg","type":"image\/jpeg"}],"author":"piotrboczkowski","twitter_card":"summary_large_image","twitter_misc":{"Written by":"Piotr Jawor","Est. reading time":"3 minutes"},"schema":{"@context":"https:\/\/schema.org","@graph":[{"@type":"WebPage","@id":"https:\/\/www.welovecycling.com\/pl\/2018\/09\/11\/szalenstwo-podczas-vuelta-a-espana\/","url":"https:\/\/www.welovecycling.com\/pl\/2018\/09\/11\/szalenstwo-podczas-vuelta-a-espana\/","name":"Szale\u0144stwo podczas Vuelta a Espana - \u0160koda We Love Cycling - Poland","isPartOf":{"@id":"https:\/\/www.welovecycling.com\/pl\/#website"},"primaryImageOfPage":{"@id":"https:\/\/www.welovecycling.com\/pl\/2018\/09\/11\/szalenstwo-podczas-vuelta-a-espana\/#primaryimage"},"image":{"@id":"https:\/\/www.welovecycling.com\/pl\/2018\/09\/11\/szalenstwo-podczas-vuelta-a-espana\/#primaryimage"},"thumbnailUrl":"https:\/\/d2p6e6u75xmxt8.cloudfront.net\/5\/2018\/09\/photogomezsport.jpg","datePublished":"2018-09-11T20:17:39+00:00","dateModified":"2018-09-12T08:31:37+00:00","author":{"@id":"https:\/\/www.welovecycling.com\/pl\/#\/schema\/person\/0dba2d39da943db9df3fd8f4687e7f23"},"breadcrumb":{"@id":"https:\/\/www.welovecycling.com\/pl\/2018\/09\/11\/szalenstwo-podczas-vuelta-a-espana\/#breadcrumb"},"inLanguage":"pl-PL","potentialAction":[{"@type":"ReadAction","target":["https:\/\/www.welovecycling.com\/pl\/2018\/09\/11\/szalenstwo-podczas-vuelta-a-espana\/"]}]},{"@type":"ImageObject","inLanguage":"pl-PL","@id":"https:\/\/www.welovecycling.com\/pl\/2018\/09\/11\/szalenstwo-podczas-vuelta-a-espana\/#primaryimage","url":"https:\/\/d2p6e6u75xmxt8.cloudfront.net\/5\/2018\/09\/photogomezsport.jpg","contentUrl":"https:\/\/d2p6e6u75xmxt8.cloudfront.net\/5\/2018\/09\/photogomezsport.jpg","width":1000,"height":666},{"@type":"BreadcrumbList","@id":"https:\/\/www.welovecycling.com\/pl\/2018\/09\/11\/szalenstwo-podczas-vuelta-a-espana\/#breadcrumb","itemListElement":[{"@type":"ListItem","position":1,"name":"Home","item":"https:\/\/www.welovecycling.com\/pl\/"},{"@type":"ListItem","position":2,"name":"Szale\u0144stwo podczas Vuelta a Espana"}]},{"@type":"WebSite","@id":"https:\/\/www.welovecycling.com\/pl\/#website","url":"https:\/\/www.welovecycling.com\/pl\/","name":"\u0160koda We Love Cycling - Poland","description":"","potentialAction":[{"@type":"SearchAction","target":{"@type":"EntryPoint","urlTemplate":"https:\/\/www.welovecycling.com\/pl\/?s={search_term_string}"},"query-input":{"@type":"PropertyValueSpecification","valueRequired":true,"valueName":"search_term_string"}}],"inLanguage":"pl-PL"},{"@type":"Person","@id":"https:\/\/www.welovecycling.com\/pl\/#\/schema\/person\/0dba2d39da943db9df3fd8f4687e7f23","name":"piotrboczkowski","image":{"@type":"ImageObject","inLanguage":"pl-PL","@id":"https:\/\/www.welovecycling.com\/pl\/#\/schema\/person\/image\/","url":"https:\/\/secure.gravatar.com\/avatar\/533caccae14752e03a2ce2d3fd62d1b98b93e1393c3195c27819e53344ca1ace?s=96&d=mm&r=g","contentUrl":"https:\/\/secure.gravatar.com\/avatar\/533caccae14752e03a2ce2d3fd62d1b98b93e1393c3195c27819e53344ca1ace?s=96&d=mm&r=g","caption":"piotrboczkowski"},"url":"https:\/\/www.welovecycling.com\/pl\/author\/piotrboczkowski\/"}]}},"_links":{"self":[{"href":"https:\/\/www.welovecycling.com\/pl\/wp-json\/wp\/v2\/posts\/7801","targetHints":{"allow":["GET"]}}],"collection":[{"href":"https:\/\/www.welovecycling.com\/pl\/wp-json\/wp\/v2\/posts"}],"about":[{"href":"https:\/\/www.welovecycling.com\/pl\/wp-json\/wp\/v2\/types\/post"}],"author":[{"embeddable":true,"href":"https:\/\/www.welovecycling.com\/pl\/wp-json\/wp\/v2\/users\/76"}],"replies":[{"embeddable":true,"href":"https:\/\/www.welovecycling.com\/pl\/wp-json\/wp\/v2\/comments?post=7801"}],"version-history":[{"count":2,"href":"https:\/\/www.welovecycling.com\/pl\/wp-json\/wp\/v2\/posts\/7801\/revisions"}],"predecessor-version":[{"id":7806,"href":"https:\/\/www.welovecycling.com\/pl\/wp-json\/wp\/v2\/posts\/7801\/revisions\/7806"}],"wp:featuredmedia":[{"embeddable":true,"href":"https:\/\/www.welovecycling.com\/pl\/wp-json\/wp\/v2\/media\/7802"}],"wp:attachment":[{"href":"https:\/\/www.welovecycling.com\/pl\/wp-json\/wp\/v2\/media?parent=7801"}],"wp:term":[{"taxonomy":"category","embeddable":true,"href":"https:\/\/www.welovecycling.com\/pl\/wp-json\/wp\/v2\/categories?post=7801"},{"taxonomy":"post_tag","embeddable":true,"href":"https:\/\/www.welovecycling.com\/pl\/wp-json\/wp\/v2\/tags?post=7801"},{"taxonomy":"global-categories","embeddable":true,"href":"https:\/\/www.welovecycling.com\/pl\/wp-json\/wp\/v2\/global-categories?post=7801"}],"curies":[{"name":"wp","href":"https:\/\/api.w.org\/{rel}","templated":true}]}}