{"id":7633,"date":"2018-09-07T15:56:15","date_gmt":"2018-09-07T15:56:15","guid":{"rendered":"https:\/\/www.welovecycling.com\/pl\/?p=7633"},"modified":"2018-09-11T15:35:41","modified_gmt":"2018-09-11T15:35:41","slug":"skoda-poznan-bike-challenge-23-wrzesnia-odbedzie-sie-najwiekszy-amatorski-wyscig-kolarski-w-europie-srodkowo-wschodniej","status":"publish","type":"post","link":"https:\/\/www.welovecycling.com\/pl\/2018\/09\/07\/skoda-poznan-bike-challenge-23-wrzesnia-odbedzie-sie-najwiekszy-amatorski-wyscig-kolarski-w-europie-srodkowo-wschodniej\/","title":{"rendered":"\u0160koda Pozna\u0144 Bike Challenge \u2013 23 wrze\u015bnia odb\u0119dzie si\u0119 najwi\u0119kszy amatorski wy\u015bcig kolarski w Europie \u015arodkowo-Wschodniej"},"content":{"rendered":"<p><strong>Z pocz\u0105tkiem jesieni rowerowa stolica Polski ponownie przeniesie si\u0119 do Wielkopolski. Pi\u0105ta edycja \u0160koda Pozna\u0144 Bike Challenge \u2013 najwi\u0119kszego amatorskiego wy\u015bcigu kolarskiego w Europie \u015arodkowo-Wschodniej \u2013 odb\u0119dzie si\u0119 23 wrze\u015bnia. Tym razem impreza b\u0119dzie mia\u0142a miejsce na Stadionie Miejskim.<\/strong><\/p>\n<p>Wydarzenie cieszy si\u0119 bardzo du\u017c\u0105 popularno\u015bci\u0105 w\u015br\u00f3d mi\u0142o\u015bnik\u00f3w dw\u00f3ch k\u00f3\u0142ek a do udzia\u0142u w nim zg\u0142aszaj\u0105 si\u0119 tysi\u0105ce zawodnik\u00f3w. W tym roku do startu zg\u0142osi\u0142o si\u0119 ponad 4500 os\u00f3b. Dodajmy do tego t\u0142umy kibic\u00f3w, a otrzymamy obraz pozna\u0144skiego stadionu, kt\u00f3ry dos\u0142ownie opanowany zostanie rowerowym szale\u0144stwem. Szale\u0144stwem jak najbardziej pozytywnym, bo dobra atmosfera imprezy zawsze udziela si\u0119 nawet tym, kt\u00f3rzy na co dzie\u0144 z rowerami maj\u0105 niewiele do czynienia.<\/p>\n<p>Do udzia\u0142u w zawodach m\u00f3g\u0142 zg\u0142osi\u0107 si\u0119 ka\u017cdy, kto czu\u0142 si\u0119 na si\u0142ach \u2013 zar\u00f3wno profesjonalista, jak i amator. Rywalizacja odb\u0119dzie si\u0119 na czterech dystansach. Najd\u0142u\u017cszy z nich, przeznaczony dla zawodowc\u00f3w i bardzo zaawansowanych amator\u00f3w, mierzy ok. 120 km i stanowi eliminacje do UCI Gran Fondo World Series. Kolejna trasa ma d\u0142ugo\u015b\u0107 ok. 45 km i b\u0119dzie wyzwaniem dla \u015brednio zaawansowanych amator\u00f3w. 11-kilometrowy Dystans Family to propozycja dla rodzin z dzie\u0107mi i wszystkich, kt\u00f3rzy maj\u0105 ochot\u0119 na rekreacyjn\u0105 przeja\u017cd\u017ck\u0119 w atmosferze dobrej zabawy. Dla samych dzieci przygotowano natomiast minitras\u0119 o d\u0142ugo\u015bci 3 km. Organizatorzy du\u017c\u0105 wag\u0119 przyk\u0142adaj\u0105 do bezpiecze\u0144stwa zawodnik\u00f3w i kibic\u00f3w \u2013 trasy zabezpiecza\u0107 b\u0119dzie m.in. 12 samochod\u00f3w udost\u0119pnionych przez \u0160KOD\u0118.<\/p>\n<p>Jak zwykle nie zabraknie dodatkowych atrakcji dla tych, kt\u00f3rzy zechc\u0105 chwil\u0119 odetchn\u0105\u0107 od sportowych wra\u017ce\u0144. W zesz\u0142ym roku ogromnym powodzeniem w strefie SKODY cieszy\u0142y si\u0119 m.in. warsztaty \u201ePimp My Bike\u201d, jazda po torze przeszk\u00f3d na minirowerach, a tak\u017ce showroom z najnowszymi modelami aut i \u0160koda Auto Szko\u0142a z atrakcjami w wirtualnej rzeczywisto\u015bci. Tym razem tak\u017ce nie ob\u0119dzie si\u0119 bez podobnych rozrywek, co wi\u0119cej \u2013 znaj\u0105c inwencj\u0119 organizator\u00f3w \u2013 jeste\u015bmy przekonani, \u017ce zabawa b\u0119dzie jeszcze lepsza.<\/p>\n","protected":false},"excerpt":{"rendered":"<p>Z pocz\u0105tkiem jesieni rowerowa stolica Polski ponownie przeniesie si\u0119 do Wielkopolski. Pi\u0105ta edycja \u0160koda Pozna\u0144 Bike Challenge \u2013 najwi\u0119kszego amatorskiego [&hellip;]<\/p>\n","protected":false},"author":76,"featured_media":7634,"comment_status":"open","ping_status":"open","sticky":false,"template":"","format":"standard","meta":{"footnotes":""},"categories":[6,295],"tags":[180],"global-categories":[],"class_list":["post-7633","post","type-post","status-publish","format-standard","has-post-thumbnail","hentry","category-kolarstwo-szosowe","category-zawody","tag-poznan-bike-challenge"],"yoast_head":"<!-- This site is optimized with the Yoast SEO Premium plugin v25.3 (Yoast SEO v25.9) - https:\/\/yoast.com\/wordpress\/plugins\/seo\/ -->\n<title>\u0160koda Pozna\u0144 Bike Challenge \u2013 23 wrze\u015bnia odb\u0119dzie si\u0119 najwi\u0119kszy amatorski wy\u015bcig kolarski w Europie \u015arodkowo-Wschodniej - \u0160koda We Love Cycling - Poland<\/title>\n<meta name=\"robots\" content=\"index, follow, max-snippet:-1, max-image-preview:large, max-video-preview:-1\" \/>\n<link rel=\"canonical\" href=\"https:\/\/www.welovecycling.com\/pl\/2018\/09\/07\/skoda-poznan-bike-challenge-23-wrzesnia-odbedzie-sie-najwiekszy-amatorski-wyscig-kolarski-w-europie-srodkowo-wschodniej\/\" \/>\n<meta property=\"og:locale\" content=\"pl_PL\" \/>\n<meta property=\"og:type\" content=\"article\" \/>\n<meta property=\"og:title\" content=\"\u0160koda Pozna\u0144 Bike Challenge \u2013 23 wrze\u015bnia odb\u0119dzie si\u0119 najwi\u0119kszy amatorski wy\u015bcig kolarski w Europie \u015arodkowo-Wschodniej\" \/>\n<meta property=\"og:description\" content=\"Z pocz\u0105tkiem jesieni rowerowa stolica Polski ponownie przeniesie si\u0119 do Wielkopolski. Pi\u0105ta edycja \u0160koda Pozna\u0144 Bike Challenge \u2013 najwi\u0119kszego amatorskiego [&hellip;]\" \/>\n<meta property=\"og:url\" content=\"https:\/\/www.welovecycling.com\/pl\/2018\/09\/07\/skoda-poznan-bike-challenge-23-wrzesnia-odbedzie-sie-najwiekszy-amatorski-wyscig-kolarski-w-europie-srodkowo-wschodniej\/\" \/>\n<meta property=\"og:site_name\" content=\"\u0160koda We Love Cycling - Poland\" \/>\n<meta property=\"article:published_time\" content=\"2018-09-07T15:56:15+00:00\" \/>\n<meta property=\"article:modified_time\" content=\"2018-09-11T15:35:41+00:00\" \/>\n<meta property=\"og:image\" content=\"https:\/\/d2p6e6u75xmxt8.cloudfront.net\/5\/2018\/09\/1200x628.jpg\" \/>\n\t<meta property=\"og:image:width\" content=\"1200\" \/>\n\t<meta property=\"og:image:height\" content=\"628\" \/>\n\t<meta property=\"og:image:type\" content=\"image\/jpeg\" \/>\n<meta name=\"author\" content=\"piotrboczkowski\" \/>\n<meta name=\"twitter:card\" content=\"summary_large_image\" \/>\n<meta name=\"twitter:label1\" content=\"Written by\" \/>\n\t<meta name=\"twitter:data1\" content=\"Welovecycling\" \/>\n\t<meta name=\"twitter:label2\" content=\"Est. reading time\" \/>\n\t<meta name=\"twitter:data2\" content=\"2 minutes\" \/>\n<script type=\"application\/ld+json\" class=\"yoast-schema-graph\">{\"@context\":\"https:\/\/schema.org\",\"@graph\":[{\"@type\":\"WebPage\",\"@id\":\"https:\/\/www.welovecycling.com\/pl\/2018\/09\/07\/skoda-poznan-bike-challenge-23-wrzesnia-odbedzie-sie-najwiekszy-amatorski-wyscig-kolarski-w-europie-srodkowo-wschodniej\/\",\"url\":\"https:\/\/www.welovecycling.com\/pl\/2018\/09\/07\/skoda-poznan-bike-challenge-23-wrzesnia-odbedzie-sie-najwiekszy-amatorski-wyscig-kolarski-w-europie-srodkowo-wschodniej\/\",\"name\":\"\u0160koda Pozna\u0144 Bike Challenge \u2013 23 wrze\u015bnia odb\u0119dzie si\u0119 najwi\u0119kszy amatorski wy\u015bcig kolarski w Europie \u015arodkowo-Wschodniej - \u0160koda We Love Cycling - Poland\",\"isPartOf\":{\"@id\":\"https:\/\/www.welovecycling.com\/pl\/#website\"},\"primaryImageOfPage\":{\"@id\":\"https:\/\/www.welovecycling.com\/pl\/2018\/09\/07\/skoda-poznan-bike-challenge-23-wrzesnia-odbedzie-sie-najwiekszy-amatorski-wyscig-kolarski-w-europie-srodkowo-wschodniej\/#primaryimage\"},\"image\":{\"@id\":\"https:\/\/www.welovecycling.com\/pl\/2018\/09\/07\/skoda-poznan-bike-challenge-23-wrzesnia-odbedzie-sie-najwiekszy-amatorski-wyscig-kolarski-w-europie-srodkowo-wschodniej\/#primaryimage\"},\"thumbnailUrl\":\"https:\/\/d2p6e6u75xmxt8.cloudfront.net\/5\/2018\/09\/1200x628.jpg\",\"datePublished\":\"2018-09-07T15:56:15+00:00\",\"dateModified\":\"2018-09-11T15:35:41+00:00\",\"author\":{\"@id\":\"https:\/\/www.welovecycling.com\/pl\/#\/schema\/person\/0dba2d39da943db9df3fd8f4687e7f23\"},\"breadcrumb\":{\"@id\":\"https:\/\/www.welovecycling.com\/pl\/2018\/09\/07\/skoda-poznan-bike-challenge-23-wrzesnia-odbedzie-sie-najwiekszy-amatorski-wyscig-kolarski-w-europie-srodkowo-wschodniej\/#breadcrumb\"},\"inLanguage\":\"pl-PL\",\"potentialAction\":[{\"@type\":\"ReadAction\",\"target\":[\"https:\/\/www.welovecycling.com\/pl\/2018\/09\/07\/skoda-poznan-bike-challenge-23-wrzesnia-odbedzie-sie-najwiekszy-amatorski-wyscig-kolarski-w-europie-srodkowo-wschodniej\/\"]}]},{\"@type\":\"ImageObject\",\"inLanguage\":\"pl-PL\",\"@id\":\"https:\/\/www.welovecycling.com\/pl\/2018\/09\/07\/skoda-poznan-bike-challenge-23-wrzesnia-odbedzie-sie-najwiekszy-amatorski-wyscig-kolarski-w-europie-srodkowo-wschodniej\/#primaryimage\",\"url\":\"https:\/\/d2p6e6u75xmxt8.cloudfront.net\/5\/2018\/09\/1200x628.jpg\",\"contentUrl\":\"https:\/\/d2p6e6u75xmxt8.cloudfront.net\/5\/2018\/09\/1200x628.jpg\",\"width\":1200,\"height\":628},{\"@type\":\"BreadcrumbList\",\"@id\":\"https:\/\/www.welovecycling.com\/pl\/2018\/09\/07\/skoda-poznan-bike-challenge-23-wrzesnia-odbedzie-sie-najwiekszy-amatorski-wyscig-kolarski-w-europie-srodkowo-wschodniej\/#breadcrumb\",\"itemListElement\":[{\"@type\":\"ListItem\",\"position\":1,\"name\":\"Home\",\"item\":\"https:\/\/www.welovecycling.com\/pl\/\"},{\"@type\":\"ListItem\",\"position\":2,\"name\":\"\u0160koda Pozna\u0144 Bike Challenge \u2013 23 wrze\u015bnia odb\u0119dzie si\u0119 najwi\u0119kszy amatorski wy\u015bcig kolarski w Europie \u015arodkowo-Wschodniej\"}]},{\"@type\":\"WebSite\",\"@id\":\"https:\/\/www.welovecycling.com\/pl\/#website\",\"url\":\"https:\/\/www.welovecycling.com\/pl\/\",\"name\":\"\u0160koda We Love Cycling - Poland\",\"description\":\"\",\"potentialAction\":[{\"@type\":\"SearchAction\",\"target\":{\"@type\":\"EntryPoint\",\"urlTemplate\":\"https:\/\/www.welovecycling.com\/pl\/?s={search_term_string}\"},\"query-input\":{\"@type\":\"PropertyValueSpecification\",\"valueRequired\":true,\"valueName\":\"search_term_string\"}}],\"inLanguage\":\"pl-PL\"},{\"@type\":\"Person\",\"@id\":\"https:\/\/www.welovecycling.com\/pl\/#\/schema\/person\/0dba2d39da943db9df3fd8f4687e7f23\",\"name\":\"piotrboczkowski\",\"image\":{\"@type\":\"ImageObject\",\"inLanguage\":\"pl-PL\",\"@id\":\"https:\/\/www.welovecycling.com\/pl\/#\/schema\/person\/image\/\",\"url\":\"https:\/\/secure.gravatar.com\/avatar\/533caccae14752e03a2ce2d3fd62d1b98b93e1393c3195c27819e53344ca1ace?s=96&d=mm&r=g\",\"contentUrl\":\"https:\/\/secure.gravatar.com\/avatar\/533caccae14752e03a2ce2d3fd62d1b98b93e1393c3195c27819e53344ca1ace?s=96&d=mm&r=g\",\"caption\":\"piotrboczkowski\"},\"url\":\"https:\/\/www.welovecycling.com\/pl\/author\/piotrboczkowski\/\"}]}<\/script>\n<!-- \/ Yoast SEO Premium plugin. -->","yoast_head_json":{"title":"\u0160koda Pozna\u0144 Bike Challenge \u2013 23 wrze\u015bnia odb\u0119dzie si\u0119 najwi\u0119kszy amatorski wy\u015bcig kolarski w Europie \u015arodkowo-Wschodniej - \u0160koda We Love Cycling - Poland","robots":{"index":"index","follow":"follow","max-snippet":"max-snippet:-1","max-image-preview":"max-image-preview:large","max-video-preview":"max-video-preview:-1"},"canonical":"https:\/\/www.welovecycling.com\/pl\/2018\/09\/07\/skoda-poznan-bike-challenge-23-wrzesnia-odbedzie-sie-najwiekszy-amatorski-wyscig-kolarski-w-europie-srodkowo-wschodniej\/","og_locale":"pl_PL","og_type":"article","og_title":"\u0160koda Pozna\u0144 Bike Challenge \u2013 23 wrze\u015bnia odb\u0119dzie si\u0119 najwi\u0119kszy amatorski wy\u015bcig kolarski w Europie \u015arodkowo-Wschodniej","og_description":"Z pocz\u0105tkiem jesieni rowerowa stolica Polski ponownie przeniesie si\u0119 do Wielkopolski. Pi\u0105ta edycja \u0160koda Pozna\u0144 Bike Challenge \u2013 najwi\u0119kszego amatorskiego [&hellip;]","og_url":"https:\/\/www.welovecycling.com\/pl\/2018\/09\/07\/skoda-poznan-bike-challenge-23-wrzesnia-odbedzie-sie-najwiekszy-amatorski-wyscig-kolarski-w-europie-srodkowo-wschodniej\/","og_site_name":"\u0160koda We Love Cycling - Poland","article_published_time":"2018-09-07T15:56:15+00:00","article_modified_time":"2018-09-11T15:35:41+00:00","og_image":[{"width":1200,"height":628,"url":"https:\/\/d2p6e6u75xmxt8.cloudfront.net\/5\/2018\/09\/1200x628.jpg","type":"image\/jpeg"}],"author":"piotrboczkowski","twitter_card":"summary_large_image","twitter_misc":{"Written by":"Welovecycling","Est. reading time":"2 minutes"},"schema":{"@context":"https:\/\/schema.org","@graph":[{"@type":"WebPage","@id":"https:\/\/www.welovecycling.com\/pl\/2018\/09\/07\/skoda-poznan-bike-challenge-23-wrzesnia-odbedzie-sie-najwiekszy-amatorski-wyscig-kolarski-w-europie-srodkowo-wschodniej\/","url":"https:\/\/www.welovecycling.com\/pl\/2018\/09\/07\/skoda-poznan-bike-challenge-23-wrzesnia-odbedzie-sie-najwiekszy-amatorski-wyscig-kolarski-w-europie-srodkowo-wschodniej\/","name":"\u0160koda Pozna\u0144 Bike Challenge \u2013 23 wrze\u015bnia odb\u0119dzie si\u0119 najwi\u0119kszy amatorski wy\u015bcig kolarski w Europie \u015arodkowo-Wschodniej - \u0160koda We Love Cycling - Poland","isPartOf":{"@id":"https:\/\/www.welovecycling.com\/pl\/#website"},"primaryImageOfPage":{"@id":"https:\/\/www.welovecycling.com\/pl\/2018\/09\/07\/skoda-poznan-bike-challenge-23-wrzesnia-odbedzie-sie-najwiekszy-amatorski-wyscig-kolarski-w-europie-srodkowo-wschodniej\/#primaryimage"},"image":{"@id":"https:\/\/www.welovecycling.com\/pl\/2018\/09\/07\/skoda-poznan-bike-challenge-23-wrzesnia-odbedzie-sie-najwiekszy-amatorski-wyscig-kolarski-w-europie-srodkowo-wschodniej\/#primaryimage"},"thumbnailUrl":"https:\/\/d2p6e6u75xmxt8.cloudfront.net\/5\/2018\/09\/1200x628.jpg","datePublished":"2018-09-07T15:56:15+00:00","dateModified":"2018-09-11T15:35:41+00:00","author":{"@id":"https:\/\/www.welovecycling.com\/pl\/#\/schema\/person\/0dba2d39da943db9df3fd8f4687e7f23"},"breadcrumb":{"@id":"https:\/\/www.welovecycling.com\/pl\/2018\/09\/07\/skoda-poznan-bike-challenge-23-wrzesnia-odbedzie-sie-najwiekszy-amatorski-wyscig-kolarski-w-europie-srodkowo-wschodniej\/#breadcrumb"},"inLanguage":"pl-PL","potentialAction":[{"@type":"ReadAction","target":["https:\/\/www.welovecycling.com\/pl\/2018\/09\/07\/skoda-poznan-bike-challenge-23-wrzesnia-odbedzie-sie-najwiekszy-amatorski-wyscig-kolarski-w-europie-srodkowo-wschodniej\/"]}]},{"@type":"ImageObject","inLanguage":"pl-PL","@id":"https:\/\/www.welovecycling.com\/pl\/2018\/09\/07\/skoda-poznan-bike-challenge-23-wrzesnia-odbedzie-sie-najwiekszy-amatorski-wyscig-kolarski-w-europie-srodkowo-wschodniej\/#primaryimage","url":"https:\/\/d2p6e6u75xmxt8.cloudfront.net\/5\/2018\/09\/1200x628.jpg","contentUrl":"https:\/\/d2p6e6u75xmxt8.cloudfront.net\/5\/2018\/09\/1200x628.jpg","width":1200,"height":628},{"@type":"BreadcrumbList","@id":"https:\/\/www.welovecycling.com\/pl\/2018\/09\/07\/skoda-poznan-bike-challenge-23-wrzesnia-odbedzie-sie-najwiekszy-amatorski-wyscig-kolarski-w-europie-srodkowo-wschodniej\/#breadcrumb","itemListElement":[{"@type":"ListItem","position":1,"name":"Home","item":"https:\/\/www.welovecycling.com\/pl\/"},{"@type":"ListItem","position":2,"name":"\u0160koda Pozna\u0144 Bike Challenge \u2013 23 wrze\u015bnia odb\u0119dzie si\u0119 najwi\u0119kszy amatorski wy\u015bcig kolarski w Europie \u015arodkowo-Wschodniej"}]},{"@type":"WebSite","@id":"https:\/\/www.welovecycling.com\/pl\/#website","url":"https:\/\/www.welovecycling.com\/pl\/","name":"\u0160koda We Love Cycling - Poland","description":"","potentialAction":[{"@type":"SearchAction","target":{"@type":"EntryPoint","urlTemplate":"https:\/\/www.welovecycling.com\/pl\/?s={search_term_string}"},"query-input":{"@type":"PropertyValueSpecification","valueRequired":true,"valueName":"search_term_string"}}],"inLanguage":"pl-PL"},{"@type":"Person","@id":"https:\/\/www.welovecycling.com\/pl\/#\/schema\/person\/0dba2d39da943db9df3fd8f4687e7f23","name":"piotrboczkowski","image":{"@type":"ImageObject","inLanguage":"pl-PL","@id":"https:\/\/www.welovecycling.com\/pl\/#\/schema\/person\/image\/","url":"https:\/\/secure.gravatar.com\/avatar\/533caccae14752e03a2ce2d3fd62d1b98b93e1393c3195c27819e53344ca1ace?s=96&d=mm&r=g","contentUrl":"https:\/\/secure.gravatar.com\/avatar\/533caccae14752e03a2ce2d3fd62d1b98b93e1393c3195c27819e53344ca1ace?s=96&d=mm&r=g","caption":"piotrboczkowski"},"url":"https:\/\/www.welovecycling.com\/pl\/author\/piotrboczkowski\/"}]}},"_links":{"self":[{"href":"https:\/\/www.welovecycling.com\/pl\/wp-json\/wp\/v2\/posts\/7633","targetHints":{"allow":["GET"]}}],"collection":[{"href":"https:\/\/www.welovecycling.com\/pl\/wp-json\/wp\/v2\/posts"}],"about":[{"href":"https:\/\/www.welovecycling.com\/pl\/wp-json\/wp\/v2\/types\/post"}],"author":[{"embeddable":true,"href":"https:\/\/www.welovecycling.com\/pl\/wp-json\/wp\/v2\/users\/76"}],"replies":[{"embeddable":true,"href":"https:\/\/www.welovecycling.com\/pl\/wp-json\/wp\/v2\/comments?post=7633"}],"version-history":[{"count":1,"href":"https:\/\/www.welovecycling.com\/pl\/wp-json\/wp\/v2\/posts\/7633\/revisions"}],"predecessor-version":[{"id":7635,"href":"https:\/\/www.welovecycling.com\/pl\/wp-json\/wp\/v2\/posts\/7633\/revisions\/7635"}],"wp:featuredmedia":[{"embeddable":true,"href":"https:\/\/www.welovecycling.com\/pl\/wp-json\/wp\/v2\/media\/7634"}],"wp:attachment":[{"href":"https:\/\/www.welovecycling.com\/pl\/wp-json\/wp\/v2\/media?parent=7633"}],"wp:term":[{"taxonomy":"category","embeddable":true,"href":"https:\/\/www.welovecycling.com\/pl\/wp-json\/wp\/v2\/categories?post=7633"},{"taxonomy":"post_tag","embeddable":true,"href":"https:\/\/www.welovecycling.com\/pl\/wp-json\/wp\/v2\/tags?post=7633"},{"taxonomy":"global-categories","embeddable":true,"href":"https:\/\/www.welovecycling.com\/pl\/wp-json\/wp\/v2\/global-categories?post=7633"}],"curies":[{"name":"wp","href":"https:\/\/api.w.org\/{rel}","templated":true}]}}