{"id":7621,"date":"2018-09-04T15:19:55","date_gmt":"2018-09-04T15:19:55","guid":{"rendered":"https:\/\/www.welovecycling.com\/pl\/?p=7621"},"modified":"2018-09-04T15:19:55","modified_gmt":"2018-09-04T15:19:55","slug":"fotelik-dzieciecy-ktory-zmiescisz-w-plecaku","status":"publish","type":"post","link":"https:\/\/www.welovecycling.com\/pl\/2018\/09\/04\/fotelik-dzieciecy-ktory-zmiescisz-w-plecaku\/","title":{"rendered":"Fotelik dzieci\u0119cy, kt\u00f3ry zmie\u015bcisz w plecaku"},"content":{"rendered":"<p><span style=\"color: #000000; font-family: Calibri;\">R\u00f3\u017cnica mi\u0119dzy je\u017cd\u017ceniem w pojedynk\u0119 a z dzieckiem jest ogromna. Jak wprowadzi\u0107 swojego malucha w \u015bwiat kolarstwa? Przez pierwsze miesi\u0105ce najprawdopodobniej trzeba b\u0119dzie zadowoli\u0107 si\u0119 przyczepk\u0105 rowerow\u0105: du\u017cym \u201epojazdem\u201d doczepionym z ty\u0142u, pe\u0142ni\u0105cym funkcj\u0119 mobilnego \u0142\u00f3\u017cka i \u015brodka transportu jednocze\u015bnie. <\/span><\/p>\n<p><span style=\"color: #000000; font-family: Calibri;\">Jazda przez w\u0105skie uliczki z przyczepk\u0105 mo\u017ce by\u0107 stresuj\u0105ca, wi\u0119c im szybciej posadzisz swojego m\u0142odego pilota w foteliku, tym lepiej. Teraz jednak czeka Ci\u0119 wyb\u00f3r: czy lepiej usadowi\u0107 dziecko za Twoimi plecami, czy pozwoli\u0107 mu na jazd\u0119 przy kierownicy, z doskona\u0142ym widokiem na okolic\u0119?<\/span><\/p>\n<p><span style=\"color: #000000; font-family: Calibri;\">Wi\u0119kszo\u015b\u0107 ekspert\u00f3w powiedzia\u0142aby, \u017ce mimo \u017ce pierwsza opcja oferuje wi\u0119cej komfortu ze wzgl\u0119du na lepsze zbalansowanie tylnego ko\u0142a, to opcja druga jest bezpieczniejsza i pozwala na zachowanie wi\u0119kszej kontroli nad sytuacj\u0105. Pozostaje pytanie, kt\u00f3re foteliki s\u0105 lepsze. Niestety wi\u0119kszo\u015b\u0107 z nich jest ci\u0119\u017cka, niepor\u0119czna i wygl\u0105da jak co\u015b wzi\u0119tego z roweru kochanej ciotuni. Niewielu rodzic\u00f3w odwa\u017cy si\u0119 na taki wyb\u00f3r. <\/span><\/p>\n<p><span style=\"color: #000000; font-family: Calibri;\">Na szcz\u0119\u015bcie kilku ojc\u00f3w z Afryki P\u00f3\u0142nocnej, kt\u00f3rzy zmagali si\u0119 z podobnymi problemami, opracowa\u0142o fotelik Feva Star Kids Bike Seat. <\/span><\/p>\n<p><span style=\"color: #000000; font-family: Calibri;\">Mo\u017cesz si\u0119 nieco zmiesza\u0107 przy rozpakowywaniu zawarto\u015bci pude\u0142ka kryj\u0105cego ten sprz\u0119t: jest on bowiem bardzo p\u0142aski. Po wydobyciu ca\u0142o\u015bci Twoim oczom uka\u017ce si\u0119 g\u0105bczasty przedmiot przypominaj\u0105cy g\u0105bki u\u017cywane przez pocz\u0105tkuj\u0105cych p\u0142ywak\u00f3w. <\/span><\/p>\n<p><span style=\"color: #000000; font-family: Calibri;\">Ale chwilka\u2026 Ta nietoksyczna g\u0119sta pianka sk\u0142ada si\u0119 z kilku odczepianych od siebie cz\u0119\u015bci, kt\u00f3re mo\u017cna ze sob\u0105 sk\u0142ada\u0107 jak klocki i stworzy\u0107 fotelik. Nawet ci rodzice, kt\u00f3rzy maj\u0105 opory przed sk\u0142adaniem mebli, poradz\u0105 sobie ze wszystkim w par\u0119 minut. To nie jest jednak najwi\u0119ksza zaleta tego fotelika \u2013 po sko\u0144czonej je\u017adzie mo\u017cesz po prostu roz\u0142o\u017cy\u0107 go na mniejsze cz\u0119\u015bci i przechowywa\u0107 nawet w plecaku. <\/span><\/p>\n<p><span style=\"color: #000000; font-family: Calibri;\">Fotelik Feva jest zaprojektowany z my\u015bl\u0105 o dzieciach w wieku od 2 do 5 lat, a cena wynosi 55 euro. Ca\u0142o\u015b\u0107 mo\u017cna dopasowa\u0107 do swoich potrzeb. Fotelik z \u0142atwo\u015bci\u0105 zamontujesz na wi\u0119kszo\u015bci rower\u00f3w dla doros\u0142ych, wliczaj\u0105c w to modele z w\u0142\u00f3kna szklanego czy te z pochylon\u0105 ram\u0105. Dziecko jest przypi\u0119te pasami, a pozycja naszego ma\u0142ego pasa\u017cera wp\u0142ywa korzystnie na rozw\u00f3j kr\u0119gos\u0142upa, jako \u017ce stymuluje mi\u0119\u015bnie plec\u00f3w. <\/span><\/p>\n<p><span style=\"color: #000000; font-family: Calibri;\">Doskona\u0142y pretekst do jazdy z dzieckiem!<\/span><\/p>\n<p><a href=\"https:\/\/d2p6e6u75xmxt8.cloudfront.net\/5\/2018\/09\/FVA.jpg\"><br \/>\n<img loading=\"lazy\" decoding=\"async\" class=\"alignnone size-full wp-image-7617\" src=\"https:\/\/d2p6e6u75xmxt8.cloudfront.net\/5\/2018\/09\/FVA.jpg\" alt=\"\" width=\"918\" height=\"918\" srcset=\"https:\/\/d2p6e6u75xmxt8.cloudfront.net\/5\/2018\/09\/FVA.jpg 918w, https:\/\/d2p6e6u75xmxt8.cloudfront.net\/5\/2018\/09\/FVA-150x150.jpg 150w, https:\/\/d2p6e6u75xmxt8.cloudfront.net\/5\/2018\/09\/FVA-300x300.jpg 300w, https:\/\/d2p6e6u75xmxt8.cloudfront.net\/5\/2018\/09\/FVA-768x768.jpg 768w\" sizes=\"auto, (max-width: 918px) 100vw, 918px\" \/><\/a><\/p>\n","protected":false},"excerpt":{"rendered":"<p>R\u00f3\u017cnica mi\u0119dzy je\u017cd\u017ceniem w pojedynk\u0119 a z dzieckiem jest ogromna. Jak wprowadzi\u0107 swojego malucha w \u015bwiat kolarstwa? Przez pierwsze miesi\u0105ce [&hellip;]<\/p>\n","protected":false},"author":76,"featured_media":7616,"comment_status":"open","ping_status":"open","sticky":false,"template":"","format":"standard","meta":{"footnotes":""},"categories":[268],"tags":[],"global-categories":[],"class_list":["post-7621","post","type-post","status-publish","format-standard","has-post-thumbnail","hentry","category-rodzina"],"yoast_head":"<!-- This site is optimized with the Yoast SEO Premium plugin v25.3 (Yoast SEO v25.9) - https:\/\/yoast.com\/wordpress\/plugins\/seo\/ -->\n<title>Fotelik dzieci\u0119cy, kt\u00f3ry zmie\u015bcisz w plecaku - \u0160koda We Love Cycling - Poland<\/title>\n<meta name=\"robots\" content=\"index, follow, max-snippet:-1, max-image-preview:large, max-video-preview:-1\" \/>\n<link rel=\"canonical\" href=\"https:\/\/www.welovecycling.com\/pl\/2018\/09\/04\/fotelik-dzieciecy-ktory-zmiescisz-w-plecaku\/\" \/>\n<meta property=\"og:locale\" content=\"pl_PL\" \/>\n<meta property=\"og:type\" content=\"article\" \/>\n<meta property=\"og:title\" content=\"Fotelik dzieci\u0119cy, kt\u00f3ry zmie\u015bcisz w plecaku\" \/>\n<meta property=\"og:description\" content=\"R\u00f3\u017cnica mi\u0119dzy je\u017cd\u017ceniem w pojedynk\u0119 a z dzieckiem jest ogromna. Jak wprowadzi\u0107 swojego malucha w \u015bwiat kolarstwa? Przez pierwsze miesi\u0105ce [&hellip;]\" \/>\n<meta property=\"og:url\" content=\"https:\/\/www.welovecycling.com\/pl\/2018\/09\/04\/fotelik-dzieciecy-ktory-zmiescisz-w-plecaku\/\" \/>\n<meta property=\"og:site_name\" content=\"\u0160koda We Love Cycling - Poland\" \/>\n<meta property=\"article:published_time\" content=\"2018-09-04T15:19:55+00:00\" \/>\n<meta property=\"og:image\" content=\"https:\/\/d2p6e6u75xmxt8.cloudfront.net\/5\/2018\/09\/FevaCVR.jpg\" \/>\n\t<meta property=\"og:image:width\" content=\"1366\" \/>\n\t<meta property=\"og:image:height\" content=\"600\" \/>\n\t<meta property=\"og:image:type\" content=\"image\/jpeg\" \/>\n<meta name=\"author\" content=\"piotrboczkowski\" \/>\n<meta name=\"twitter:card\" content=\"summary_large_image\" \/>\n<meta name=\"twitter:label1\" content=\"Written by\" \/>\n\t<meta name=\"twitter:data1\" content=\"Adam Marsal\" \/>\n\t<meta name=\"twitter:label2\" content=\"Est. reading time\" \/>\n\t<meta name=\"twitter:data2\" content=\"4\" \/>\n<script type=\"application\/ld+json\" class=\"yoast-schema-graph\">{\"@context\":\"https:\/\/schema.org\",\"@graph\":[{\"@type\":\"WebPage\",\"@id\":\"https:\/\/www.welovecycling.com\/pl\/2018\/09\/04\/fotelik-dzieciecy-ktory-zmiescisz-w-plecaku\/\",\"url\":\"https:\/\/www.welovecycling.com\/pl\/2018\/09\/04\/fotelik-dzieciecy-ktory-zmiescisz-w-plecaku\/\",\"name\":\"Fotelik dzieci\u0119cy, kt\u00f3ry zmie\u015bcisz w plecaku - \u0160koda We Love Cycling - Poland\",\"isPartOf\":{\"@id\":\"https:\/\/www.welovecycling.com\/pl\/#website\"},\"primaryImageOfPage\":{\"@id\":\"https:\/\/www.welovecycling.com\/pl\/2018\/09\/04\/fotelik-dzieciecy-ktory-zmiescisz-w-plecaku\/#primaryimage\"},\"image\":{\"@id\":\"https:\/\/www.welovecycling.com\/pl\/2018\/09\/04\/fotelik-dzieciecy-ktory-zmiescisz-w-plecaku\/#primaryimage\"},\"thumbnailUrl\":\"https:\/\/d2p6e6u75xmxt8.cloudfront.net\/5\/2018\/09\/FevaCVR.jpg\",\"datePublished\":\"2018-09-04T15:19:55+00:00\",\"author\":{\"@id\":\"https:\/\/www.welovecycling.com\/pl\/#\/schema\/person\/0dba2d39da943db9df3fd8f4687e7f23\"},\"breadcrumb\":{\"@id\":\"https:\/\/www.welovecycling.com\/pl\/2018\/09\/04\/fotelik-dzieciecy-ktory-zmiescisz-w-plecaku\/#breadcrumb\"},\"inLanguage\":\"pl-PL\",\"potentialAction\":[{\"@type\":\"ReadAction\",\"target\":[\"https:\/\/www.welovecycling.com\/pl\/2018\/09\/04\/fotelik-dzieciecy-ktory-zmiescisz-w-plecaku\/\"]}]},{\"@type\":\"ImageObject\",\"inLanguage\":\"pl-PL\",\"@id\":\"https:\/\/www.welovecycling.com\/pl\/2018\/09\/04\/fotelik-dzieciecy-ktory-zmiescisz-w-plecaku\/#primaryimage\",\"url\":\"https:\/\/d2p6e6u75xmxt8.cloudfront.net\/5\/2018\/09\/FevaCVR.jpg\",\"contentUrl\":\"https:\/\/d2p6e6u75xmxt8.cloudfront.net\/5\/2018\/09\/FevaCVR.jpg\",\"width\":1366,\"height\":600},{\"@type\":\"BreadcrumbList\",\"@id\":\"https:\/\/www.welovecycling.com\/pl\/2018\/09\/04\/fotelik-dzieciecy-ktory-zmiescisz-w-plecaku\/#breadcrumb\",\"itemListElement\":[{\"@type\":\"ListItem\",\"position\":1,\"name\":\"Home\",\"item\":\"https:\/\/www.welovecycling.com\/pl\/\"},{\"@type\":\"ListItem\",\"position\":2,\"name\":\"Fotelik dzieci\u0119cy, kt\u00f3ry zmie\u015bcisz w plecaku\"}]},{\"@type\":\"WebSite\",\"@id\":\"https:\/\/www.welovecycling.com\/pl\/#website\",\"url\":\"https:\/\/www.welovecycling.com\/pl\/\",\"name\":\"\u0160koda We Love Cycling - Poland\",\"description\":\"\",\"potentialAction\":[{\"@type\":\"SearchAction\",\"target\":{\"@type\":\"EntryPoint\",\"urlTemplate\":\"https:\/\/www.welovecycling.com\/pl\/?s={search_term_string}\"},\"query-input\":{\"@type\":\"PropertyValueSpecification\",\"valueRequired\":true,\"valueName\":\"search_term_string\"}}],\"inLanguage\":\"pl-PL\"},{\"@type\":\"Person\",\"@id\":\"https:\/\/www.welovecycling.com\/pl\/#\/schema\/person\/0dba2d39da943db9df3fd8f4687e7f23\",\"name\":\"piotrboczkowski\",\"image\":{\"@type\":\"ImageObject\",\"inLanguage\":\"pl-PL\",\"@id\":\"https:\/\/www.welovecycling.com\/pl\/#\/schema\/person\/image\/\",\"url\":\"https:\/\/secure.gravatar.com\/avatar\/533caccae14752e03a2ce2d3fd62d1b98b93e1393c3195c27819e53344ca1ace?s=96&d=mm&r=g\",\"contentUrl\":\"https:\/\/secure.gravatar.com\/avatar\/533caccae14752e03a2ce2d3fd62d1b98b93e1393c3195c27819e53344ca1ace?s=96&d=mm&r=g\",\"caption\":\"piotrboczkowski\"},\"url\":\"https:\/\/www.welovecycling.com\/pl\/author\/piotrboczkowski\/\"}]}<\/script>\n<!-- \/ Yoast SEO Premium plugin. -->","yoast_head_json":{"title":"Fotelik dzieci\u0119cy, kt\u00f3ry zmie\u015bcisz w plecaku - \u0160koda We Love Cycling - Poland","robots":{"index":"index","follow":"follow","max-snippet":"max-snippet:-1","max-image-preview":"max-image-preview:large","max-video-preview":"max-video-preview:-1"},"canonical":"https:\/\/www.welovecycling.com\/pl\/2018\/09\/04\/fotelik-dzieciecy-ktory-zmiescisz-w-plecaku\/","og_locale":"pl_PL","og_type":"article","og_title":"Fotelik dzieci\u0119cy, kt\u00f3ry zmie\u015bcisz w plecaku","og_description":"R\u00f3\u017cnica mi\u0119dzy je\u017cd\u017ceniem w pojedynk\u0119 a z dzieckiem jest ogromna. Jak wprowadzi\u0107 swojego malucha w \u015bwiat kolarstwa? Przez pierwsze miesi\u0105ce [&hellip;]","og_url":"https:\/\/www.welovecycling.com\/pl\/2018\/09\/04\/fotelik-dzieciecy-ktory-zmiescisz-w-plecaku\/","og_site_name":"\u0160koda We Love Cycling - Poland","article_published_time":"2018-09-04T15:19:55+00:00","og_image":[{"width":1366,"height":600,"url":"https:\/\/d2p6e6u75xmxt8.cloudfront.net\/5\/2018\/09\/FevaCVR.jpg","type":"image\/jpeg"}],"author":"piotrboczkowski","twitter_card":"summary_large_image","twitter_misc":{"Written by":"Adam Marsal","Est. reading time":"4"},"schema":{"@context":"https:\/\/schema.org","@graph":[{"@type":"WebPage","@id":"https:\/\/www.welovecycling.com\/pl\/2018\/09\/04\/fotelik-dzieciecy-ktory-zmiescisz-w-plecaku\/","url":"https:\/\/www.welovecycling.com\/pl\/2018\/09\/04\/fotelik-dzieciecy-ktory-zmiescisz-w-plecaku\/","name":"Fotelik dzieci\u0119cy, kt\u00f3ry zmie\u015bcisz w plecaku - \u0160koda We Love Cycling - Poland","isPartOf":{"@id":"https:\/\/www.welovecycling.com\/pl\/#website"},"primaryImageOfPage":{"@id":"https:\/\/www.welovecycling.com\/pl\/2018\/09\/04\/fotelik-dzieciecy-ktory-zmiescisz-w-plecaku\/#primaryimage"},"image":{"@id":"https:\/\/www.welovecycling.com\/pl\/2018\/09\/04\/fotelik-dzieciecy-ktory-zmiescisz-w-plecaku\/#primaryimage"},"thumbnailUrl":"https:\/\/d2p6e6u75xmxt8.cloudfront.net\/5\/2018\/09\/FevaCVR.jpg","datePublished":"2018-09-04T15:19:55+00:00","author":{"@id":"https:\/\/www.welovecycling.com\/pl\/#\/schema\/person\/0dba2d39da943db9df3fd8f4687e7f23"},"breadcrumb":{"@id":"https:\/\/www.welovecycling.com\/pl\/2018\/09\/04\/fotelik-dzieciecy-ktory-zmiescisz-w-plecaku\/#breadcrumb"},"inLanguage":"pl-PL","potentialAction":[{"@type":"ReadAction","target":["https:\/\/www.welovecycling.com\/pl\/2018\/09\/04\/fotelik-dzieciecy-ktory-zmiescisz-w-plecaku\/"]}]},{"@type":"ImageObject","inLanguage":"pl-PL","@id":"https:\/\/www.welovecycling.com\/pl\/2018\/09\/04\/fotelik-dzieciecy-ktory-zmiescisz-w-plecaku\/#primaryimage","url":"https:\/\/d2p6e6u75xmxt8.cloudfront.net\/5\/2018\/09\/FevaCVR.jpg","contentUrl":"https:\/\/d2p6e6u75xmxt8.cloudfront.net\/5\/2018\/09\/FevaCVR.jpg","width":1366,"height":600},{"@type":"BreadcrumbList","@id":"https:\/\/www.welovecycling.com\/pl\/2018\/09\/04\/fotelik-dzieciecy-ktory-zmiescisz-w-plecaku\/#breadcrumb","itemListElement":[{"@type":"ListItem","position":1,"name":"Home","item":"https:\/\/www.welovecycling.com\/pl\/"},{"@type":"ListItem","position":2,"name":"Fotelik dzieci\u0119cy, kt\u00f3ry zmie\u015bcisz w plecaku"}]},{"@type":"WebSite","@id":"https:\/\/www.welovecycling.com\/pl\/#website","url":"https:\/\/www.welovecycling.com\/pl\/","name":"\u0160koda We Love Cycling - Poland","description":"","potentialAction":[{"@type":"SearchAction","target":{"@type":"EntryPoint","urlTemplate":"https:\/\/www.welovecycling.com\/pl\/?s={search_term_string}"},"query-input":{"@type":"PropertyValueSpecification","valueRequired":true,"valueName":"search_term_string"}}],"inLanguage":"pl-PL"},{"@type":"Person","@id":"https:\/\/www.welovecycling.com\/pl\/#\/schema\/person\/0dba2d39da943db9df3fd8f4687e7f23","name":"piotrboczkowski","image":{"@type":"ImageObject","inLanguage":"pl-PL","@id":"https:\/\/www.welovecycling.com\/pl\/#\/schema\/person\/image\/","url":"https:\/\/secure.gravatar.com\/avatar\/533caccae14752e03a2ce2d3fd62d1b98b93e1393c3195c27819e53344ca1ace?s=96&d=mm&r=g","contentUrl":"https:\/\/secure.gravatar.com\/avatar\/533caccae14752e03a2ce2d3fd62d1b98b93e1393c3195c27819e53344ca1ace?s=96&d=mm&r=g","caption":"piotrboczkowski"},"url":"https:\/\/www.welovecycling.com\/pl\/author\/piotrboczkowski\/"}]}},"_links":{"self":[{"href":"https:\/\/www.welovecycling.com\/pl\/wp-json\/wp\/v2\/posts\/7621","targetHints":{"allow":["GET"]}}],"collection":[{"href":"https:\/\/www.welovecycling.com\/pl\/wp-json\/wp\/v2\/posts"}],"about":[{"href":"https:\/\/www.welovecycling.com\/pl\/wp-json\/wp\/v2\/types\/post"}],"author":[{"embeddable":true,"href":"https:\/\/www.welovecycling.com\/pl\/wp-json\/wp\/v2\/users\/76"}],"replies":[{"embeddable":true,"href":"https:\/\/www.welovecycling.com\/pl\/wp-json\/wp\/v2\/comments?post=7621"}],"version-history":[{"count":2,"href":"https:\/\/www.welovecycling.com\/pl\/wp-json\/wp\/v2\/posts\/7621\/revisions"}],"predecessor-version":[{"id":7623,"href":"https:\/\/www.welovecycling.com\/pl\/wp-json\/wp\/v2\/posts\/7621\/revisions\/7623"}],"wp:featuredmedia":[{"embeddable":true,"href":"https:\/\/www.welovecycling.com\/pl\/wp-json\/wp\/v2\/media\/7616"}],"wp:attachment":[{"href":"https:\/\/www.welovecycling.com\/pl\/wp-json\/wp\/v2\/media?parent=7621"}],"wp:term":[{"taxonomy":"category","embeddable":true,"href":"https:\/\/www.welovecycling.com\/pl\/wp-json\/wp\/v2\/categories?post=7621"},{"taxonomy":"post_tag","embeddable":true,"href":"https:\/\/www.welovecycling.com\/pl\/wp-json\/wp\/v2\/tags?post=7621"},{"taxonomy":"global-categories","embeddable":true,"href":"https:\/\/www.welovecycling.com\/pl\/wp-json\/wp\/v2\/global-categories?post=7621"}],"curies":[{"name":"wp","href":"https:\/\/api.w.org\/{rel}","templated":true}]}}