{"id":7590,"date":"2018-08-24T12:34:32","date_gmt":"2018-08-24T12:34:32","guid":{"rendered":"https:\/\/www.welovecycling.com\/pl\/?p=7590"},"modified":"2018-08-24T12:34:32","modified_gmt":"2018-08-24T12:34:32","slug":"piotr-szwed-szwedowski-rowerowy-masyw-slezy-relacja-wideo","status":"publish","type":"post","link":"https:\/\/www.welovecycling.com\/pl\/2018\/08\/24\/piotr-szwed-szwedowski-rowerowy-masyw-slezy-relacja-wideo\/","title":{"rendered":"Piotr \u201eSzwed\u201d Szwedowski: Rowerowy Masyw \u015al\u0119\u017cy \u2013 relacja wideo"},"content":{"rendered":"<p>\u015al\u0119\u017ca to najwy\u017cszy szczyt Przedg\u00f3rza Sudeckiego. W prehistorycznych czasach stanowi\u0142a doskona\u0142\u0105 po\u017cywk\u0119 dla wyobra\u017ani okolicznych plemion, pe\u0142ni\u0105c rol\u0119 o\u015brodka kultu. Zreszt\u0105 do dzi\u015b niczym magnes przyci\u0105ga wzrok ka\u017cdego, kto przeje\u017cd\u017ca w jej pobli\u017cu. C\u00f3\u017c ma do zaoferowania? Dla spragnionych dozna\u0144 grawitacyjnych cyklist\u00f3w z Wroc\u0142awia i okolic \u015al\u0119\u017ca stanowi niezwykle \u0142akomy k\u0105sek: przypomina prawdziwe g\u00f3ry i le\u017cy dwa razy bli\u017cej ni\u017c najbli\u017csze pasmo Sudeckie. Zapraszam na relacj\u0119.<\/p>\n<div class=\"embed-controller-wrapper\">\n<div class=\"embed-wrapper\"><iframe title=\"Piotr \u201eSzwed\u201d Szwedowski: Rowerowy Masyw \u015al\u0119\u017cy \u2013 relacja wideo\" width=\"500\" height=\"281\" data-src=\"https:\/\/www.youtube.com\/embed\/Fvq7xagRL_U?feature=oembed\" frameborder=\"0\" allow=\"accelerometer; autoplay; clipboard-write; encrypted-media; gyroscope; picture-in-picture; web-share\" referrerpolicy=\"strict-origin-when-cross-origin\" allowfullscreen><\/iframe><\/div>\n<\/div>\n","protected":false},"excerpt":{"rendered":"<p>\u015al\u0119\u017ca to najwy\u017cszy szczyt Przedg\u00f3rza Sudeckiego. W prehistorycznych czasach stanowi\u0142a doskona\u0142\u0105 po\u017cywk\u0119 dla wyobra\u017ani okolicznych plemion, pe\u0142ni\u0105c rol\u0119 o\u015brodka kultu. [&hellip;]<\/p>\n","protected":false},"author":76,"featured_media":7592,"comment_status":"open","ping_status":"open","sticky":false,"template":"","format":"standard","meta":{"footnotes":""},"categories":[5],"tags":[293,134],"global-categories":[],"class_list":["post-7590","post","type-post","status-publish","format-standard","has-post-thumbnail","hentry","category-outdoormtb","tag-masyw-slezy","tag-piotr-szwed-szwedowski"],"yoast_head":"<!-- This site is optimized with the Yoast SEO Premium plugin v25.3 (Yoast SEO v25.9) - https:\/\/yoast.com\/wordpress\/plugins\/seo\/ -->\n<title>Piotr \u201eSzwed\u201d Szwedowski: Rowerowy Masyw \u015al\u0119\u017cy \u2013 relacja wideo - \u0160koda We Love Cycling - Poland<\/title>\n<meta name=\"robots\" content=\"index, follow, max-snippet:-1, max-image-preview:large, max-video-preview:-1\" \/>\n<link rel=\"canonical\" href=\"https:\/\/www.welovecycling.com\/pl\/2018\/08\/24\/piotr-szwed-szwedowski-rowerowy-masyw-slezy-relacja-wideo\/\" \/>\n<meta property=\"og:locale\" content=\"pl_PL\" \/>\n<meta property=\"og:type\" content=\"article\" \/>\n<meta property=\"og:title\" content=\"Piotr \u201eSzwed\u201d Szwedowski: Rowerowy Masyw \u015al\u0119\u017cy \u2013 relacja wideo\" \/>\n<meta property=\"og:description\" content=\"\u015al\u0119\u017ca to najwy\u017cszy szczyt Przedg\u00f3rza Sudeckiego. W prehistorycznych czasach stanowi\u0142a doskona\u0142\u0105 po\u017cywk\u0119 dla wyobra\u017ani okolicznych plemion, pe\u0142ni\u0105c rol\u0119 o\u015brodka kultu. [&hellip;]\" \/>\n<meta property=\"og:url\" content=\"https:\/\/www.welovecycling.com\/pl\/2018\/08\/24\/piotr-szwed-szwedowski-rowerowy-masyw-slezy-relacja-wideo\/\" \/>\n<meta property=\"og:site_name\" content=\"\u0160koda We Love Cycling - Poland\" \/>\n<meta property=\"article:published_time\" content=\"2018-08-24T12:34:32+00:00\" \/>\n<meta property=\"og:image\" content=\"https:\/\/d2p6e6u75xmxt8.cloudfront.net\/5\/2018\/08\/3.PNG-1024x573.png\" \/>\n\t<meta property=\"og:image:width\" content=\"1024\" \/>\n\t<meta property=\"og:image:height\" content=\"573\" \/>\n\t<meta property=\"og:image:type\" content=\"image\/png\" \/>\n<meta name=\"author\" content=\"piotrboczkowski\" \/>\n<meta name=\"twitter:card\" content=\"summary_large_image\" \/>\n<meta name=\"twitter:label1\" content=\"Written by\" \/>\n\t<meta name=\"twitter:data1\" content=\"Piotr Szwedowski\" \/>\n<script type=\"application\/ld+json\" class=\"yoast-schema-graph\">{\"@context\":\"https:\/\/schema.org\",\"@graph\":[{\"@type\":\"WebPage\",\"@id\":\"https:\/\/www.welovecycling.com\/pl\/2018\/08\/24\/piotr-szwed-szwedowski-rowerowy-masyw-slezy-relacja-wideo\/\",\"url\":\"https:\/\/www.welovecycling.com\/pl\/2018\/08\/24\/piotr-szwed-szwedowski-rowerowy-masyw-slezy-relacja-wideo\/\",\"name\":\"Piotr \u201eSzwed\u201d Szwedowski: Rowerowy Masyw \u015al\u0119\u017cy \u2013 relacja wideo - \u0160koda We Love Cycling - Poland\",\"isPartOf\":{\"@id\":\"https:\/\/www.welovecycling.com\/pl\/#website\"},\"primaryImageOfPage\":{\"@id\":\"https:\/\/www.welovecycling.com\/pl\/2018\/08\/24\/piotr-szwed-szwedowski-rowerowy-masyw-slezy-relacja-wideo\/#primaryimage\"},\"image\":{\"@id\":\"https:\/\/www.welovecycling.com\/pl\/2018\/08\/24\/piotr-szwed-szwedowski-rowerowy-masyw-slezy-relacja-wideo\/#primaryimage\"},\"thumbnailUrl\":\"https:\/\/d2p6e6u75xmxt8.cloudfront.net\/5\/2018\/08\/3.PNG.png\",\"datePublished\":\"2018-08-24T12:34:32+00:00\",\"author\":{\"@id\":\"https:\/\/www.welovecycling.com\/pl\/#\/schema\/person\/0dba2d39da943db9df3fd8f4687e7f23\"},\"breadcrumb\":{\"@id\":\"https:\/\/www.welovecycling.com\/pl\/2018\/08\/24\/piotr-szwed-szwedowski-rowerowy-masyw-slezy-relacja-wideo\/#breadcrumb\"},\"inLanguage\":\"pl-PL\",\"potentialAction\":[{\"@type\":\"ReadAction\",\"target\":[\"https:\/\/www.welovecycling.com\/pl\/2018\/08\/24\/piotr-szwed-szwedowski-rowerowy-masyw-slezy-relacja-wideo\/\"]}]},{\"@type\":\"ImageObject\",\"inLanguage\":\"pl-PL\",\"@id\":\"https:\/\/www.welovecycling.com\/pl\/2018\/08\/24\/piotr-szwed-szwedowski-rowerowy-masyw-slezy-relacja-wideo\/#primaryimage\",\"url\":\"https:\/\/d2p6e6u75xmxt8.cloudfront.net\/5\/2018\/08\/3.PNG.png\",\"contentUrl\":\"https:\/\/d2p6e6u75xmxt8.cloudfront.net\/5\/2018\/08\/3.PNG.png\",\"width\":1507,\"height\":844},{\"@type\":\"BreadcrumbList\",\"@id\":\"https:\/\/www.welovecycling.com\/pl\/2018\/08\/24\/piotr-szwed-szwedowski-rowerowy-masyw-slezy-relacja-wideo\/#breadcrumb\",\"itemListElement\":[{\"@type\":\"ListItem\",\"position\":1,\"name\":\"Home\",\"item\":\"https:\/\/www.welovecycling.com\/pl\/\"},{\"@type\":\"ListItem\",\"position\":2,\"name\":\"Piotr \u201eSzwed\u201d Szwedowski: Rowerowy Masyw \u015al\u0119\u017cy \u2013 relacja wideo\"}]},{\"@type\":\"WebSite\",\"@id\":\"https:\/\/www.welovecycling.com\/pl\/#website\",\"url\":\"https:\/\/www.welovecycling.com\/pl\/\",\"name\":\"\u0160koda We Love Cycling - Poland\",\"description\":\"\",\"potentialAction\":[{\"@type\":\"SearchAction\",\"target\":{\"@type\":\"EntryPoint\",\"urlTemplate\":\"https:\/\/www.welovecycling.com\/pl\/?s={search_term_string}\"},\"query-input\":{\"@type\":\"PropertyValueSpecification\",\"valueRequired\":true,\"valueName\":\"search_term_string\"}}],\"inLanguage\":\"pl-PL\"},{\"@type\":\"Person\",\"@id\":\"https:\/\/www.welovecycling.com\/pl\/#\/schema\/person\/0dba2d39da943db9df3fd8f4687e7f23\",\"name\":\"piotrboczkowski\",\"image\":{\"@type\":\"ImageObject\",\"inLanguage\":\"pl-PL\",\"@id\":\"https:\/\/www.welovecycling.com\/pl\/#\/schema\/person\/image\/\",\"url\":\"https:\/\/secure.gravatar.com\/avatar\/533caccae14752e03a2ce2d3fd62d1b98b93e1393c3195c27819e53344ca1ace?s=96&d=mm&r=g\",\"contentUrl\":\"https:\/\/secure.gravatar.com\/avatar\/533caccae14752e03a2ce2d3fd62d1b98b93e1393c3195c27819e53344ca1ace?s=96&d=mm&r=g\",\"caption\":\"piotrboczkowski\"},\"url\":\"https:\/\/www.welovecycling.com\/pl\/author\/piotrboczkowski\/\"}]}<\/script>\n<!-- \/ Yoast SEO Premium plugin. -->","yoast_head_json":{"title":"Piotr \u201eSzwed\u201d Szwedowski: Rowerowy Masyw \u015al\u0119\u017cy \u2013 relacja wideo - \u0160koda We Love Cycling - Poland","robots":{"index":"index","follow":"follow","max-snippet":"max-snippet:-1","max-image-preview":"max-image-preview:large","max-video-preview":"max-video-preview:-1"},"canonical":"https:\/\/www.welovecycling.com\/pl\/2018\/08\/24\/piotr-szwed-szwedowski-rowerowy-masyw-slezy-relacja-wideo\/","og_locale":"pl_PL","og_type":"article","og_title":"Piotr \u201eSzwed\u201d Szwedowski: Rowerowy Masyw \u015al\u0119\u017cy \u2013 relacja wideo","og_description":"\u015al\u0119\u017ca to najwy\u017cszy szczyt Przedg\u00f3rza Sudeckiego. W prehistorycznych czasach stanowi\u0142a doskona\u0142\u0105 po\u017cywk\u0119 dla wyobra\u017ani okolicznych plemion, pe\u0142ni\u0105c rol\u0119 o\u015brodka kultu. [&hellip;]","og_url":"https:\/\/www.welovecycling.com\/pl\/2018\/08\/24\/piotr-szwed-szwedowski-rowerowy-masyw-slezy-relacja-wideo\/","og_site_name":"\u0160koda We Love Cycling - Poland","article_published_time":"2018-08-24T12:34:32+00:00","og_image":[{"width":1024,"height":573,"url":"https:\/\/d2p6e6u75xmxt8.cloudfront.net\/5\/2018\/08\/3.PNG-1024x573.png","type":"image\/png"}],"author":"piotrboczkowski","twitter_card":"summary_large_image","twitter_misc":{"Written by":"Piotr Szwedowski"},"schema":{"@context":"https:\/\/schema.org","@graph":[{"@type":"WebPage","@id":"https:\/\/www.welovecycling.com\/pl\/2018\/08\/24\/piotr-szwed-szwedowski-rowerowy-masyw-slezy-relacja-wideo\/","url":"https:\/\/www.welovecycling.com\/pl\/2018\/08\/24\/piotr-szwed-szwedowski-rowerowy-masyw-slezy-relacja-wideo\/","name":"Piotr \u201eSzwed\u201d Szwedowski: Rowerowy Masyw \u015al\u0119\u017cy \u2013 relacja wideo - \u0160koda We Love Cycling - Poland","isPartOf":{"@id":"https:\/\/www.welovecycling.com\/pl\/#website"},"primaryImageOfPage":{"@id":"https:\/\/www.welovecycling.com\/pl\/2018\/08\/24\/piotr-szwed-szwedowski-rowerowy-masyw-slezy-relacja-wideo\/#primaryimage"},"image":{"@id":"https:\/\/www.welovecycling.com\/pl\/2018\/08\/24\/piotr-szwed-szwedowski-rowerowy-masyw-slezy-relacja-wideo\/#primaryimage"},"thumbnailUrl":"https:\/\/d2p6e6u75xmxt8.cloudfront.net\/5\/2018\/08\/3.PNG.png","datePublished":"2018-08-24T12:34:32+00:00","author":{"@id":"https:\/\/www.welovecycling.com\/pl\/#\/schema\/person\/0dba2d39da943db9df3fd8f4687e7f23"},"breadcrumb":{"@id":"https:\/\/www.welovecycling.com\/pl\/2018\/08\/24\/piotr-szwed-szwedowski-rowerowy-masyw-slezy-relacja-wideo\/#breadcrumb"},"inLanguage":"pl-PL","potentialAction":[{"@type":"ReadAction","target":["https:\/\/www.welovecycling.com\/pl\/2018\/08\/24\/piotr-szwed-szwedowski-rowerowy-masyw-slezy-relacja-wideo\/"]}]},{"@type":"ImageObject","inLanguage":"pl-PL","@id":"https:\/\/www.welovecycling.com\/pl\/2018\/08\/24\/piotr-szwed-szwedowski-rowerowy-masyw-slezy-relacja-wideo\/#primaryimage","url":"https:\/\/d2p6e6u75xmxt8.cloudfront.net\/5\/2018\/08\/3.PNG.png","contentUrl":"https:\/\/d2p6e6u75xmxt8.cloudfront.net\/5\/2018\/08\/3.PNG.png","width":1507,"height":844},{"@type":"BreadcrumbList","@id":"https:\/\/www.welovecycling.com\/pl\/2018\/08\/24\/piotr-szwed-szwedowski-rowerowy-masyw-slezy-relacja-wideo\/#breadcrumb","itemListElement":[{"@type":"ListItem","position":1,"name":"Home","item":"https:\/\/www.welovecycling.com\/pl\/"},{"@type":"ListItem","position":2,"name":"Piotr \u201eSzwed\u201d Szwedowski: Rowerowy Masyw \u015al\u0119\u017cy \u2013 relacja wideo"}]},{"@type":"WebSite","@id":"https:\/\/www.welovecycling.com\/pl\/#website","url":"https:\/\/www.welovecycling.com\/pl\/","name":"\u0160koda We Love Cycling - Poland","description":"","potentialAction":[{"@type":"SearchAction","target":{"@type":"EntryPoint","urlTemplate":"https:\/\/www.welovecycling.com\/pl\/?s={search_term_string}"},"query-input":{"@type":"PropertyValueSpecification","valueRequired":true,"valueName":"search_term_string"}}],"inLanguage":"pl-PL"},{"@type":"Person","@id":"https:\/\/www.welovecycling.com\/pl\/#\/schema\/person\/0dba2d39da943db9df3fd8f4687e7f23","name":"piotrboczkowski","image":{"@type":"ImageObject","inLanguage":"pl-PL","@id":"https:\/\/www.welovecycling.com\/pl\/#\/schema\/person\/image\/","url":"https:\/\/secure.gravatar.com\/avatar\/533caccae14752e03a2ce2d3fd62d1b98b93e1393c3195c27819e53344ca1ace?s=96&d=mm&r=g","contentUrl":"https:\/\/secure.gravatar.com\/avatar\/533caccae14752e03a2ce2d3fd62d1b98b93e1393c3195c27819e53344ca1ace?s=96&d=mm&r=g","caption":"piotrboczkowski"},"url":"https:\/\/www.welovecycling.com\/pl\/author\/piotrboczkowski\/"}]}},"_links":{"self":[{"href":"https:\/\/www.welovecycling.com\/pl\/wp-json\/wp\/v2\/posts\/7590","targetHints":{"allow":["GET"]}}],"collection":[{"href":"https:\/\/www.welovecycling.com\/pl\/wp-json\/wp\/v2\/posts"}],"about":[{"href":"https:\/\/www.welovecycling.com\/pl\/wp-json\/wp\/v2\/types\/post"}],"author":[{"embeddable":true,"href":"https:\/\/www.welovecycling.com\/pl\/wp-json\/wp\/v2\/users\/76"}],"replies":[{"embeddable":true,"href":"https:\/\/www.welovecycling.com\/pl\/wp-json\/wp\/v2\/comments?post=7590"}],"version-history":[{"count":1,"href":"https:\/\/www.welovecycling.com\/pl\/wp-json\/wp\/v2\/posts\/7590\/revisions"}],"predecessor-version":[{"id":7593,"href":"https:\/\/www.welovecycling.com\/pl\/wp-json\/wp\/v2\/posts\/7590\/revisions\/7593"}],"wp:featuredmedia":[{"embeddable":true,"href":"https:\/\/www.welovecycling.com\/pl\/wp-json\/wp\/v2\/media\/7592"}],"wp:attachment":[{"href":"https:\/\/www.welovecycling.com\/pl\/wp-json\/wp\/v2\/media?parent=7590"}],"wp:term":[{"taxonomy":"category","embeddable":true,"href":"https:\/\/www.welovecycling.com\/pl\/wp-json\/wp\/v2\/categories?post=7590"},{"taxonomy":"post_tag","embeddable":true,"href":"https:\/\/www.welovecycling.com\/pl\/wp-json\/wp\/v2\/tags?post=7590"},{"taxonomy":"global-categories","embeddable":true,"href":"https:\/\/www.welovecycling.com\/pl\/wp-json\/wp\/v2\/global-categories?post=7590"}],"curies":[{"name":"wp","href":"https:\/\/api.w.org\/{rel}","templated":true}]}}