{"id":7584,"date":"2018-08-23T18:07:05","date_gmt":"2018-08-23T18:07:05","guid":{"rendered":"https:\/\/www.welovecycling.com\/pl\/?p=7584"},"modified":"2018-08-23T18:07:05","modified_gmt":"2018-08-23T18:07:05","slug":"lellek-group-gold-hill-mtb-maraton-zapisy-na-1-2-09-otwarte","status":"publish","type":"post","link":"https:\/\/www.welovecycling.com\/pl\/2018\/08\/23\/lellek-group-gold-hill-mtb-maraton-zapisy-na-1-2-09-otwarte\/","title":{"rendered":"Lellek Group \u2013 Gold Hill MTB Maraton  \u2013 zapisy na 1\u20132.09 otwarte!"},"content":{"rendered":"<p><strong>Drugiego wrze\u015bnia w G\u0142ucho\u0142azach, w samym sercu G\u00f3r Opawskich, wystartuje trzecia edycja \u201eLellek Group \u2013 Gold Hill MTB Maraton\u201d. To gratka dla wszystkich mi\u0142o\u015bnik\u00f3w rower\u00f3w, adrenaliny i g\u00f3rskich szlak\u00f3w, a tak\u017ce okazja do aktywnego sp\u0119dzenia czasu<br \/>\nz rodzin\u0105. <\/strong><\/p>\n<p>Zach\u0119camy do zarezerwowania sobie ca\u0142ego weekendu, poniewa\u017c dzie\u0144 wcze\u015bniej odb\u0119dzie si\u0119 VII og\u00f3lnopolski wy\u015bcig CykloOpawy XC w randze Pucharu Polski XCO. B\u0119dzie to ukoronowanie tegorocznych zmaga\u0144 najlepszych kolarzy g\u00f3rskich, wi\u0119c emocji i widowiskowych przejazd\u00f3w na pewno nie zabraknie. Tym bardziej \u017ce organizatorzy mocno postarali si\u0119, aby trasa by\u0142a ciekawa zar\u00f3wno dla uczestnik\u00f3w, jak i dla widz\u00f3w. Tego dnia zawodnicy powalcz\u0105 tak\u017ce o kilka innych tytu\u0142\u00f3w, mi\u0119dzy innymi o Mi\u0119dzywojew\u00f3dzkie Mistrzostwo M\u0142odzik\u00f3w MTB i Mistrzostwo Opolszczyzny MTB. Wysoka ranga zawod\u00f3w gwarantuje, \u017ce pojawi\u0105 si\u0119 na niej najwa\u017cniejsze osobisto\u015bci zwi\u0105zane z t\u0105 dyscyplin\u0105 sportu.<\/p>\n<p><strong>W niedziel\u0119 2 wrze\u015bnia<\/strong> czeka nas dzie\u0144 pe\u0142en sportowych emocji pod patronatem <strong>Lellek Group \u2013 Gold Hill MTB Maraton G\u0142ucho\u0142azy<\/strong>. Zawodnicy b\u0119d\u0105 rywalizowa\u0107 ze sob\u0105 na trzech r\u00f3\u017cnych dystansach wok\u00f3\u0142 G\u00f3ry Parkowej: \u201eMINI\u201d (23 km), \u201eMEGA\u201d (46 km) i \u201eGIGA\u201d (69 km). Przygotowano odcinki zar\u00f3wno dla mi\u0142o\u015bnik\u00f3w \u0142agodnych tras, jak i dla os\u00f3b szukaj\u0105cych wyzwa\u0144. Trasy \u201eMEGA\u201d i \u201eGIGA\u201d naszpikowane b\u0119d\u0105 d\u0142ugimi podjazdami, ostrymi zjazdami i elementami technicznymi. Organizatorzy przewidzieli r\u00f3wnie\u017c dodatkowe atrakcje dla dzieci i ca\u0142ych rodzin, m.in. alkogogle, gigapuzzle, zabawy rowerowe, konkursy rysunkowe, ekspozycj\u0119 najnowszych modeli \u0160KODY i wiele innych.<\/p>\n<p><a href=\"https:\/\/d2p6e6u75xmxt8.cloudfront.net\/5\/2018\/08\/shutterstock_1009664716.jpg\"><img loading=\"lazy\" decoding=\"async\" class=\"alignnone size-extra-large wp-image-7586\" src=\"https:\/\/d2p6e6u75xmxt8.cloudfront.net\/5\/2018\/08\/shutterstock_1009664716-1920x1280.jpg\" alt=\"\" width=\"1920\" height=\"1280\" srcset=\"https:\/\/d2p6e6u75xmxt8.cloudfront.net\/5\/2018\/08\/shutterstock_1009664716-1920x1280.jpg 1920w, https:\/\/d2p6e6u75xmxt8.cloudfront.net\/5\/2018\/08\/shutterstock_1009664716-300x200.jpg 300w, https:\/\/d2p6e6u75xmxt8.cloudfront.net\/5\/2018\/08\/shutterstock_1009664716-768x512.jpg 768w, https:\/\/d2p6e6u75xmxt8.cloudfront.net\/5\/2018\/08\/shutterstock_1009664716-1024x683.jpg 1024w, https:\/\/d2p6e6u75xmxt8.cloudfront.net\/5\/2018\/08\/shutterstock_1009664716-272x182.jpg 272w, https:\/\/d2p6e6u75xmxt8.cloudfront.net\/5\/2018\/08\/shutterstock_1009664716-1920x1280.jpg 1920w\" sizes=\"auto, (max-width: 1920px) 100vw, 1920px\" \/><\/a><\/p>\n<p>Organizatorami wy\u015bcig\u00f3w s\u0105: Klub Turystyki Kolarskiej G\u0142ucho\u0142azy \u2013 Ktukol, Miasto G\u0142ucho\u0142azy i Wojew\u00f3dztwo Opolskie. Patronat nad zawodami obj\u0105\u0142 burmistrz G\u0142ucho\u0142az Edward Szupryczy\u0144ski.<\/p>\n<p>Trzeci rok z rz\u0119du g\u0142\u00f3wnym sponsorem wy\u015bcigu b\u0119dzie <strong>\u0160koda LELLEK OPOLE<\/strong>. Firma kontynuuje tym samym zaszczytn\u0105 tradycj\u0119, poniewa\u017c czeski producent aut zaczyna\u0142 ponad 120 lat temu w\u0142a\u015bnie od\u2026 produkcji rower\u00f3w.<\/p>\n<p><a href=\"https:\/\/d2p6e6u75xmxt8.cloudfront.net\/5\/2018\/08\/shutterstock_692329399.jpg\"><img loading=\"lazy\" decoding=\"async\" class=\"alignnone size-extra-large wp-image-7585\" src=\"https:\/\/d2p6e6u75xmxt8.cloudfront.net\/5\/2018\/08\/shutterstock_692329399-1920x1280.jpg\" alt=\"\" width=\"1920\" height=\"1280\" srcset=\"https:\/\/d2p6e6u75xmxt8.cloudfront.net\/5\/2018\/08\/shutterstock_692329399-1920x1280.jpg 1920w, https:\/\/d2p6e6u75xmxt8.cloudfront.net\/5\/2018\/08\/shutterstock_692329399-300x200.jpg 300w, https:\/\/d2p6e6u75xmxt8.cloudfront.net\/5\/2018\/08\/shutterstock_692329399-768x512.jpg 768w, https:\/\/d2p6e6u75xmxt8.cloudfront.net\/5\/2018\/08\/shutterstock_692329399-1024x683.jpg 1024w, https:\/\/d2p6e6u75xmxt8.cloudfront.net\/5\/2018\/08\/shutterstock_692329399-272x182.jpg 272w, https:\/\/d2p6e6u75xmxt8.cloudfront.net\/5\/2018\/08\/shutterstock_692329399-1920x1280.jpg 1920w\" sizes=\"auto, (max-width: 1920px) 100vw, 1920px\" \/><\/a><\/p>\n<p>Szczeg\u00f3\u0142owy kalendarz kolarskiego weekendu mo\u017cna sprawdzi\u0107 tutaj:<\/p>\n<p><a href=\"https:\/\/portal.lellek.pl\/lel\/aktualnosci\/1663,Zapraszamy-do-udzialu-w-LELLEK-Group-Gold-Hill-MTB-Maraton-Glucholazy-2018.html\">https:\/\/portal.lellek.pl\/lel\/aktualnosci\/1663,Zapraszamy-do-udzialu-w-LELLEK-Group-Gold-Hill-MTB-Maraton-Glucholazy-2018.html<\/a><\/p>\n<p>Aby wzi\u0105\u0107 udzia\u0142 w zawodach, nale\u017cy wype\u0142ni\u0107 formularz online oraz ui\u015bci\u0107 op\u0142at\u0119 startow\u0105. Warto si\u0119 pospieszy\u0107, poniewa\u017c do 29 sierpnia obowi\u0105zuje ni\u017csza cena ni\u017c w dniu zawod\u00f3w. Formularz zg\u0142oszeniowy jest dost\u0119pny pod tym linkiem:<\/p>\n<p><a href=\"http:\/\/mtbglucholazy.pl\/maraton\/rejestracja\/\">http:\/\/mtbglucholazy.pl\/maraton\/rejestracja\/<\/a><\/p>\n<p>Zach\u0119camy do udzia\u0142u i \u017cyczymy powodzenia wszystkim startuj\u0105cym!<\/p>\n","protected":false},"excerpt":{"rendered":"<p>Drugiego wrze\u015bnia w G\u0142ucho\u0142azach, w samym sercu G\u00f3r Opawskich, wystartuje trzecia edycja \u201eLellek Group \u2013 Gold Hill MTB Maraton\u201d. To [&hellip;]<\/p>\n","protected":false},"author":76,"featured_media":7587,"comment_status":"open","ping_status":"open","sticky":false,"template":"","format":"standard","meta":{"footnotes":""},"categories":[289],"tags":[292,291,290],"global-categories":[],"class_list":["post-7584","post","type-post","status-publish","format-standard","has-post-thumbnail","hentry","category-we-love-cycling","tag-glucholazy","tag-gold-hill-mtb-maraton","tag-lellek-group"],"yoast_head":"<!-- This site is optimized with the Yoast SEO Premium plugin v25.3 (Yoast SEO v25.9) - https:\/\/yoast.com\/wordpress\/plugins\/seo\/ -->\n<title>Lellek Group \u2013 Gold Hill MTB Maraton \u2013 zapisy na 1\u20132.09 otwarte! - \u0160koda We Love Cycling - Poland<\/title>\n<meta name=\"robots\" content=\"index, follow, max-snippet:-1, max-image-preview:large, max-video-preview:-1\" \/>\n<link rel=\"canonical\" href=\"https:\/\/www.welovecycling.com\/pl\/2018\/08\/23\/lellek-group-gold-hill-mtb-maraton-zapisy-na-1-2-09-otwarte\/\" \/>\n<meta property=\"og:locale\" content=\"pl_PL\" \/>\n<meta property=\"og:type\" content=\"article\" \/>\n<meta property=\"og:title\" content=\"Lellek Group \u2013 Gold Hill MTB Maraton \u2013 zapisy na 1\u20132.09 otwarte!\" \/>\n<meta property=\"og:description\" content=\"Drugiego wrze\u015bnia w G\u0142ucho\u0142azach, w samym sercu G\u00f3r Opawskich, wystartuje trzecia edycja \u201eLellek Group \u2013 Gold Hill MTB Maraton\u201d. To [&hellip;]\" \/>\n<meta property=\"og:url\" content=\"https:\/\/www.welovecycling.com\/pl\/2018\/08\/23\/lellek-group-gold-hill-mtb-maraton-zapisy-na-1-2-09-otwarte\/\" \/>\n<meta property=\"og:site_name\" content=\"\u0160koda We Love Cycling - Poland\" \/>\n<meta property=\"article:published_time\" content=\"2018-08-23T18:07:05+00:00\" \/>\n<meta property=\"og:image\" content=\"https:\/\/d2p6e6u75xmxt8.cloudfront.net\/5\/2018\/08\/shutterstock_1009664761-1024x683.jpg\" \/>\n\t<meta property=\"og:image:width\" content=\"1024\" \/>\n\t<meta property=\"og:image:height\" content=\"683\" \/>\n\t<meta property=\"og:image:type\" content=\"image\/jpeg\" \/>\n<meta name=\"author\" content=\"piotrboczkowski\" \/>\n<meta name=\"twitter:card\" content=\"summary_large_image\" \/>\n<meta name=\"twitter:label1\" content=\"Written by\" \/>\n\t<meta name=\"twitter:data1\" content=\"Welovecycling\" \/>\n\t<meta name=\"twitter:label2\" content=\"Est. reading time\" \/>\n\t<meta name=\"twitter:data2\" content=\"2 minutes\" \/>\n<script type=\"application\/ld+json\" class=\"yoast-schema-graph\">{\"@context\":\"https:\/\/schema.org\",\"@graph\":[{\"@type\":\"WebPage\",\"@id\":\"https:\/\/www.welovecycling.com\/pl\/2018\/08\/23\/lellek-group-gold-hill-mtb-maraton-zapisy-na-1-2-09-otwarte\/\",\"url\":\"https:\/\/www.welovecycling.com\/pl\/2018\/08\/23\/lellek-group-gold-hill-mtb-maraton-zapisy-na-1-2-09-otwarte\/\",\"name\":\"Lellek Group \u2013 Gold Hill MTB Maraton \u2013 zapisy na 1\u20132.09 otwarte! - \u0160koda We Love Cycling - Poland\",\"isPartOf\":{\"@id\":\"https:\/\/www.welovecycling.com\/pl\/#website\"},\"primaryImageOfPage\":{\"@id\":\"https:\/\/www.welovecycling.com\/pl\/2018\/08\/23\/lellek-group-gold-hill-mtb-maraton-zapisy-na-1-2-09-otwarte\/#primaryimage\"},\"image\":{\"@id\":\"https:\/\/www.welovecycling.com\/pl\/2018\/08\/23\/lellek-group-gold-hill-mtb-maraton-zapisy-na-1-2-09-otwarte\/#primaryimage\"},\"thumbnailUrl\":\"https:\/\/d2p6e6u75xmxt8.cloudfront.net\/5\/2018\/08\/shutterstock_1009664761.jpg\",\"datePublished\":\"2018-08-23T18:07:05+00:00\",\"author\":{\"@id\":\"https:\/\/www.welovecycling.com\/pl\/#\/schema\/person\/0dba2d39da943db9df3fd8f4687e7f23\"},\"breadcrumb\":{\"@id\":\"https:\/\/www.welovecycling.com\/pl\/2018\/08\/23\/lellek-group-gold-hill-mtb-maraton-zapisy-na-1-2-09-otwarte\/#breadcrumb\"},\"inLanguage\":\"pl-PL\",\"potentialAction\":[{\"@type\":\"ReadAction\",\"target\":[\"https:\/\/www.welovecycling.com\/pl\/2018\/08\/23\/lellek-group-gold-hill-mtb-maraton-zapisy-na-1-2-09-otwarte\/\"]}]},{\"@type\":\"ImageObject\",\"inLanguage\":\"pl-PL\",\"@id\":\"https:\/\/www.welovecycling.com\/pl\/2018\/08\/23\/lellek-group-gold-hill-mtb-maraton-zapisy-na-1-2-09-otwarte\/#primaryimage\",\"url\":\"https:\/\/d2p6e6u75xmxt8.cloudfront.net\/5\/2018\/08\/shutterstock_1009664761.jpg\",\"contentUrl\":\"https:\/\/d2p6e6u75xmxt8.cloudfront.net\/5\/2018\/08\/shutterstock_1009664761.jpg\",\"width\":5472,\"height\":3648},{\"@type\":\"BreadcrumbList\",\"@id\":\"https:\/\/www.welovecycling.com\/pl\/2018\/08\/23\/lellek-group-gold-hill-mtb-maraton-zapisy-na-1-2-09-otwarte\/#breadcrumb\",\"itemListElement\":[{\"@type\":\"ListItem\",\"position\":1,\"name\":\"Home\",\"item\":\"https:\/\/www.welovecycling.com\/pl\/\"},{\"@type\":\"ListItem\",\"position\":2,\"name\":\"Lellek Group \u2013 Gold Hill MTB Maraton \u2013 zapisy na 1\u20132.09 otwarte!\"}]},{\"@type\":\"WebSite\",\"@id\":\"https:\/\/www.welovecycling.com\/pl\/#website\",\"url\":\"https:\/\/www.welovecycling.com\/pl\/\",\"name\":\"\u0160koda We Love Cycling - Poland\",\"description\":\"\",\"potentialAction\":[{\"@type\":\"SearchAction\",\"target\":{\"@type\":\"EntryPoint\",\"urlTemplate\":\"https:\/\/www.welovecycling.com\/pl\/?s={search_term_string}\"},\"query-input\":{\"@type\":\"PropertyValueSpecification\",\"valueRequired\":true,\"valueName\":\"search_term_string\"}}],\"inLanguage\":\"pl-PL\"},{\"@type\":\"Person\",\"@id\":\"https:\/\/www.welovecycling.com\/pl\/#\/schema\/person\/0dba2d39da943db9df3fd8f4687e7f23\",\"name\":\"piotrboczkowski\",\"image\":{\"@type\":\"ImageObject\",\"inLanguage\":\"pl-PL\",\"@id\":\"https:\/\/www.welovecycling.com\/pl\/#\/schema\/person\/image\/\",\"url\":\"https:\/\/secure.gravatar.com\/avatar\/533caccae14752e03a2ce2d3fd62d1b98b93e1393c3195c27819e53344ca1ace?s=96&d=mm&r=g\",\"contentUrl\":\"https:\/\/secure.gravatar.com\/avatar\/533caccae14752e03a2ce2d3fd62d1b98b93e1393c3195c27819e53344ca1ace?s=96&d=mm&r=g\",\"caption\":\"piotrboczkowski\"},\"url\":\"https:\/\/www.welovecycling.com\/pl\/author\/piotrboczkowski\/\"}]}<\/script>\n<!-- \/ Yoast SEO Premium plugin. -->","yoast_head_json":{"title":"Lellek Group \u2013 Gold Hill MTB Maraton \u2013 zapisy na 1\u20132.09 otwarte! - \u0160koda We Love Cycling - Poland","robots":{"index":"index","follow":"follow","max-snippet":"max-snippet:-1","max-image-preview":"max-image-preview:large","max-video-preview":"max-video-preview:-1"},"canonical":"https:\/\/www.welovecycling.com\/pl\/2018\/08\/23\/lellek-group-gold-hill-mtb-maraton-zapisy-na-1-2-09-otwarte\/","og_locale":"pl_PL","og_type":"article","og_title":"Lellek Group \u2013 Gold Hill MTB Maraton \u2013 zapisy na 1\u20132.09 otwarte!","og_description":"Drugiego wrze\u015bnia w G\u0142ucho\u0142azach, w samym sercu G\u00f3r Opawskich, wystartuje trzecia edycja \u201eLellek Group \u2013 Gold Hill MTB Maraton\u201d. To [&hellip;]","og_url":"https:\/\/www.welovecycling.com\/pl\/2018\/08\/23\/lellek-group-gold-hill-mtb-maraton-zapisy-na-1-2-09-otwarte\/","og_site_name":"\u0160koda We Love Cycling - Poland","article_published_time":"2018-08-23T18:07:05+00:00","og_image":[{"width":1024,"height":683,"url":"https:\/\/d2p6e6u75xmxt8.cloudfront.net\/5\/2018\/08\/shutterstock_1009664761-1024x683.jpg","type":"image\/jpeg"}],"author":"piotrboczkowski","twitter_card":"summary_large_image","twitter_misc":{"Written by":"Welovecycling","Est. reading time":"2 minutes"},"schema":{"@context":"https:\/\/schema.org","@graph":[{"@type":"WebPage","@id":"https:\/\/www.welovecycling.com\/pl\/2018\/08\/23\/lellek-group-gold-hill-mtb-maraton-zapisy-na-1-2-09-otwarte\/","url":"https:\/\/www.welovecycling.com\/pl\/2018\/08\/23\/lellek-group-gold-hill-mtb-maraton-zapisy-na-1-2-09-otwarte\/","name":"Lellek Group \u2013 Gold Hill MTB Maraton \u2013 zapisy na 1\u20132.09 otwarte! - \u0160koda We Love Cycling - Poland","isPartOf":{"@id":"https:\/\/www.welovecycling.com\/pl\/#website"},"primaryImageOfPage":{"@id":"https:\/\/www.welovecycling.com\/pl\/2018\/08\/23\/lellek-group-gold-hill-mtb-maraton-zapisy-na-1-2-09-otwarte\/#primaryimage"},"image":{"@id":"https:\/\/www.welovecycling.com\/pl\/2018\/08\/23\/lellek-group-gold-hill-mtb-maraton-zapisy-na-1-2-09-otwarte\/#primaryimage"},"thumbnailUrl":"https:\/\/d2p6e6u75xmxt8.cloudfront.net\/5\/2018\/08\/shutterstock_1009664761.jpg","datePublished":"2018-08-23T18:07:05+00:00","author":{"@id":"https:\/\/www.welovecycling.com\/pl\/#\/schema\/person\/0dba2d39da943db9df3fd8f4687e7f23"},"breadcrumb":{"@id":"https:\/\/www.welovecycling.com\/pl\/2018\/08\/23\/lellek-group-gold-hill-mtb-maraton-zapisy-na-1-2-09-otwarte\/#breadcrumb"},"inLanguage":"pl-PL","potentialAction":[{"@type":"ReadAction","target":["https:\/\/www.welovecycling.com\/pl\/2018\/08\/23\/lellek-group-gold-hill-mtb-maraton-zapisy-na-1-2-09-otwarte\/"]}]},{"@type":"ImageObject","inLanguage":"pl-PL","@id":"https:\/\/www.welovecycling.com\/pl\/2018\/08\/23\/lellek-group-gold-hill-mtb-maraton-zapisy-na-1-2-09-otwarte\/#primaryimage","url":"https:\/\/d2p6e6u75xmxt8.cloudfront.net\/5\/2018\/08\/shutterstock_1009664761.jpg","contentUrl":"https:\/\/d2p6e6u75xmxt8.cloudfront.net\/5\/2018\/08\/shutterstock_1009664761.jpg","width":5472,"height":3648},{"@type":"BreadcrumbList","@id":"https:\/\/www.welovecycling.com\/pl\/2018\/08\/23\/lellek-group-gold-hill-mtb-maraton-zapisy-na-1-2-09-otwarte\/#breadcrumb","itemListElement":[{"@type":"ListItem","position":1,"name":"Home","item":"https:\/\/www.welovecycling.com\/pl\/"},{"@type":"ListItem","position":2,"name":"Lellek Group \u2013 Gold Hill MTB Maraton \u2013 zapisy na 1\u20132.09 otwarte!"}]},{"@type":"WebSite","@id":"https:\/\/www.welovecycling.com\/pl\/#website","url":"https:\/\/www.welovecycling.com\/pl\/","name":"\u0160koda We Love Cycling - Poland","description":"","potentialAction":[{"@type":"SearchAction","target":{"@type":"EntryPoint","urlTemplate":"https:\/\/www.welovecycling.com\/pl\/?s={search_term_string}"},"query-input":{"@type":"PropertyValueSpecification","valueRequired":true,"valueName":"search_term_string"}}],"inLanguage":"pl-PL"},{"@type":"Person","@id":"https:\/\/www.welovecycling.com\/pl\/#\/schema\/person\/0dba2d39da943db9df3fd8f4687e7f23","name":"piotrboczkowski","image":{"@type":"ImageObject","inLanguage":"pl-PL","@id":"https:\/\/www.welovecycling.com\/pl\/#\/schema\/person\/image\/","url":"https:\/\/secure.gravatar.com\/avatar\/533caccae14752e03a2ce2d3fd62d1b98b93e1393c3195c27819e53344ca1ace?s=96&d=mm&r=g","contentUrl":"https:\/\/secure.gravatar.com\/avatar\/533caccae14752e03a2ce2d3fd62d1b98b93e1393c3195c27819e53344ca1ace?s=96&d=mm&r=g","caption":"piotrboczkowski"},"url":"https:\/\/www.welovecycling.com\/pl\/author\/piotrboczkowski\/"}]}},"_links":{"self":[{"href":"https:\/\/www.welovecycling.com\/pl\/wp-json\/wp\/v2\/posts\/7584","targetHints":{"allow":["GET"]}}],"collection":[{"href":"https:\/\/www.welovecycling.com\/pl\/wp-json\/wp\/v2\/posts"}],"about":[{"href":"https:\/\/www.welovecycling.com\/pl\/wp-json\/wp\/v2\/types\/post"}],"author":[{"embeddable":true,"href":"https:\/\/www.welovecycling.com\/pl\/wp-json\/wp\/v2\/users\/76"}],"replies":[{"embeddable":true,"href":"https:\/\/www.welovecycling.com\/pl\/wp-json\/wp\/v2\/comments?post=7584"}],"version-history":[{"count":1,"href":"https:\/\/www.welovecycling.com\/pl\/wp-json\/wp\/v2\/posts\/7584\/revisions"}],"predecessor-version":[{"id":7589,"href":"https:\/\/www.welovecycling.com\/pl\/wp-json\/wp\/v2\/posts\/7584\/revisions\/7589"}],"wp:featuredmedia":[{"embeddable":true,"href":"https:\/\/www.welovecycling.com\/pl\/wp-json\/wp\/v2\/media\/7587"}],"wp:attachment":[{"href":"https:\/\/www.welovecycling.com\/pl\/wp-json\/wp\/v2\/media?parent=7584"}],"wp:term":[{"taxonomy":"category","embeddable":true,"href":"https:\/\/www.welovecycling.com\/pl\/wp-json\/wp\/v2\/categories?post=7584"},{"taxonomy":"post_tag","embeddable":true,"href":"https:\/\/www.welovecycling.com\/pl\/wp-json\/wp\/v2\/tags?post=7584"},{"taxonomy":"global-categories","embeddable":true,"href":"https:\/\/www.welovecycling.com\/pl\/wp-json\/wp\/v2\/global-categories?post=7584"}],"curies":[{"name":"wp","href":"https:\/\/api.w.org\/{rel}","templated":true}]}}