{"id":7564,"date":"2018-08-21T15:22:16","date_gmt":"2018-08-21T15:22:16","guid":{"rendered":"https:\/\/www.welovecycling.com\/pl\/?p=7564"},"modified":"2018-08-21T15:22:16","modified_gmt":"2018-08-21T15:22:16","slug":"legenda-freeride-geoff-gulevich-pewnego-razu-pogodzilem-sie-ze-smiercia","status":"publish","type":"post","link":"https:\/\/www.welovecycling.com\/pl\/2018\/08\/21\/legenda-freeride-geoff-gulevich-pewnego-razu-pogodzilem-sie-ze-smiercia\/","title":{"rendered":"Legenda freeride Geoff Gulevich: pewnego razu pogodzi\u0142em si\u0119 ze \u015bmierci\u0105"},"content":{"rendered":"<p><strong>Pochodz\u0105cy z kanadyjskiej Kolumbii Brytyjskiej Geoff Gulevich ma wszystko, o czym marzy ka\u017cdy kolarz: najlepsze na \u015bwiecie miejsce do je\u017cd\u017cenia oraz wype\u0142nion\u0105 sukcesami karier\u0119, wliczaj\u0105c w to miejsca na podiach w Red Bull Rampage w Utah w USA oraz Red Bull Joyride w Whistler w Kanadzie. Jest kolarzem zawodowym, kt\u00f3rego \u017cycie obraca si\u0119 wok\u00f3\u0142 tego sportu, oraz \u2013 ostatnio \u2013 \u015blubu ze swoj\u0105 narzeczon\u0105 Briann\u0105. W naszym wywiadzie opowiada o bliskim spotkaniu ze \u015bmierci\u0105, walce z okrutn\u0105 pogod\u0105 oraz o najlepszych na urlopowe wypady miejscach do jazdy.<\/strong><\/p>\n<p><strong><em>Jak ewoluowa\u0142o kolarstwo g\u00f3rskie od pocz\u0105tku twojej kariery? My\u015blisz, \u017ce jest lepiej, czy gorzej ni\u017c oko\u0142o dziesi\u0119\u0107 lat temu?<\/em><\/strong><\/p>\n<p>Widzia\u0142em sporo zmian w tej bran\u017cy. Zadziwiaj\u0105ce jest widzie\u0107, jak wiele firm oferuje teraz konkurencyjne produkty na naszym rynku. Z perspektywy samej jazdy mo\u017cna powiedzie\u0107, \u017ce sama technologia rowerowa sta\u0142a si\u0119 wy\u015bmienita, a trasy o wiele bardziej trwa\u0142e i ekscytuj\u0105ce. \u00a0Nie znam tegorocznej najlepszej nowinki technologicznej, ale jestem pewien, \u017ce uwielbiam swoje nowe rowery od Focus. Je\u017adzi si\u0119 na nich \u015bwietnie, bo to niezwyk\u0142e sprz\u0119ty!<\/p>\n<p><a href=\"https:\/\/d2p6e6u75xmxt8.cloudfront.net\/5\/2018\/08\/1349594884194-1899818642_news.jpg\"><img loading=\"lazy\" decoding=\"async\" class=\"alignnone size-extra-large wp-image-7573\" src=\"https:\/\/d2p6e6u75xmxt8.cloudfront.net\/5\/2018\/08\/1349594884194-1899818642_news-1920x1278.jpg\" alt=\"\" width=\"1920\" height=\"1278\" srcset=\"https:\/\/d2p6e6u75xmxt8.cloudfront.net\/5\/2018\/08\/1349594884194-1899818642_news-1920x1278.jpg 1920w, https:\/\/d2p6e6u75xmxt8.cloudfront.net\/5\/2018\/08\/1349594884194-1899818642_news-300x200.jpg 300w, https:\/\/d2p6e6u75xmxt8.cloudfront.net\/5\/2018\/08\/1349594884194-1899818642_news-768x511.jpg 768w, https:\/\/d2p6e6u75xmxt8.cloudfront.net\/5\/2018\/08\/1349594884194-1899818642_news-1024x682.jpg 1024w, https:\/\/d2p6e6u75xmxt8.cloudfront.net\/5\/2018\/08\/1349594884194-1899818642_news-272x182.jpg 272w, https:\/\/d2p6e6u75xmxt8.cloudfront.net\/5\/2018\/08\/1349594884194-1899818642_news-1920x1278.jpg 1920w\" sizes=\"auto, (max-width: 1920px) 100vw, 1920px\" \/><\/a><\/p>\n<p><strong><em>Mo\u017cesz si\u0119 utrzyma\u0107 z samego kolarstwa?<\/em><\/strong><\/p>\n<p>Tak, \u017cyj\u0119 tylko z tego\u2026 Moi sponsorzy daj\u0105 mi niesamowite wsparcie. Jestem kolarzem g\u00f3rskim <em>freeride<\/em>. Moim zadaniem jest robienie zdj\u0119\u0107 i film\u00f3w oraz nakr\u0119canie ludzi na jazd\u0119, \u015bwietnie si\u0119 przy tym bawi\u0105c.<\/p>\n<p><strong><em>Patrz\u0105c w przesz\u0142o\u015b\u0107, czy widzisz co\u015b co by\u015b zrobi\u0142 inaczej?<\/em><\/strong><\/p>\n<p>Nie\u2026 Czuj\u0119, \u017ce uczy\u0142em si\u0119 na swoich b\u0142\u0119dach: to mnie uczyni\u0142o takim cz\u0142owiekiem, jakim jestem dzisiaj.<\/p>\n<p><strong><em>Jak sobie radzisz ze strachem? Jak dawno temu prze\u017cy\u0142e\u015b chwil\u0119, gdy u\u015bwiadomi\u0142e\u015b sobie, \u017ce co\u015b posz\u0142o \u017ale lub, \u017ce przesadzi\u0142e\u015b?<\/em><\/strong><\/p>\n<p>Prze\u017cy\u0142em kilka niebezpiecznych moment\u00f3w, ale najlepiej pami\u0119tam ten sprzed kilku lat na RedBull Rampage. Mia\u0142em najpierw zaliczy\u0107 skok z 12 metr\u00f3w, ale zda\u0142em sobie spraw\u0119, \u017ce mi si\u0119 nie uda. Przewr\u00f3ci\u0142em si\u0119 przez kierownic\u0119, spad\u0142em tych 12 metr\u00f3w w d\u00f3\u0142 i potoczy\u0142em wzd\u0142u\u017c toru. Spadaj\u0105c pogodzi\u0142em si\u0119 ju\u017c z faktem, \u017ce mog\u0119 zgin\u0105\u0107. O dziwo, nie\u017ale znios\u0142em upadek i nie zrobi\u0142em sobie krzywdy.<\/p>\n<p><a href=\"https:\/\/d2p6e6u75xmxt8.cloudfront.net\/5\/2018\/08\/Geoff4.jpg\"><img loading=\"lazy\" decoding=\"async\" class=\"alignnone size-full wp-image-7571\" src=\"https:\/\/d2p6e6u75xmxt8.cloudfront.net\/5\/2018\/08\/Geoff4.jpg\" alt=\"\" width=\"1500\" height=\"1125\" srcset=\"https:\/\/d2p6e6u75xmxt8.cloudfront.net\/5\/2018\/08\/Geoff4.jpg 1500w, https:\/\/d2p6e6u75xmxt8.cloudfront.net\/5\/2018\/08\/Geoff4-300x225.jpg 300w, https:\/\/d2p6e6u75xmxt8.cloudfront.net\/5\/2018\/08\/Geoff4-768x576.jpg 768w, https:\/\/d2p6e6u75xmxt8.cloudfront.net\/5\/2018\/08\/Geoff4-1024x768.jpg 1024w\" sizes=\"auto, (max-width: 1500px) 100vw, 1500px\" \/><\/a><\/p>\n<p><strong><em>Jak lubisz zaczyna\u0107 dzie\u0144?<\/em><\/strong><\/p>\n<p>Patrz\u0119 jak \u017cona ubiera si\u0119 do pracy\u2026 Potem, nalewam sobie kawy i za\u017cywam snu.<\/p>\n<p><strong><em>Prawie ka\u017cdy m\u0119\u017cczyzna co\u015b zbiera \u2013 fajki, samochody, whisky, trofea, w\u0119dki\u2026 R\u00f3\u017cne rzeczy. Co jest twoj\u0105 pasj\u0105?<\/em><\/strong><\/p>\n<p>Zbieram whisky, scyzoryki z ka\u017cdego kraju kt\u00f3ry odwiedzam, oraz sw\u00f3j stary sprz\u0119t kolarski przywo\u0142uj\u0105cy pami\u0119tne chwile.<\/p>\n<p><a href=\"https:\/\/d2p6e6u75xmxt8.cloudfront.net\/5\/2018\/08\/IMG_9057.JPG.jpg\"><img loading=\"lazy\" decoding=\"async\" class=\"alignnone size-extra-large wp-image-7567\" src=\"https:\/\/d2p6e6u75xmxt8.cloudfront.net\/5\/2018\/08\/IMG_9057.JPG-1536x1920.jpg\" alt=\"\" width=\"1536\" height=\"1920\" srcset=\"https:\/\/d2p6e6u75xmxt8.cloudfront.net\/5\/2018\/08\/IMG_9057.JPG-1536x1920.jpg 1536w, https:\/\/d2p6e6u75xmxt8.cloudfront.net\/5\/2018\/08\/IMG_9057.JPG-240x300.jpg 240w, https:\/\/d2p6e6u75xmxt8.cloudfront.net\/5\/2018\/08\/IMG_9057.JPG-768x960.jpg 768w, https:\/\/d2p6e6u75xmxt8.cloudfront.net\/5\/2018\/08\/IMG_9057.JPG-819x1024.jpg 819w, https:\/\/d2p6e6u75xmxt8.cloudfront.net\/5\/2018\/08\/IMG_9057.JPG-1536x1920.jpg 1536w\" sizes=\"auto, (max-width: 1536px) 100vw, 1536px\" \/><\/a><\/p>\n<p><strong><em>Jako kolarz g\u00f3rski, czy przypominasz sobie dzie\u0144, w kt\u00f3rym podejmowa\u0142e\u015b wi\u0119kszy ni\u017c zwykle wysi\u0142ek i musia\u0142e\u015b wr\u0119cz walczy\u0107 z matk\u0105 natur\u0105?<\/em><\/strong><\/p>\n<p>Ledwie kilka dni temu by\u0142em w Moan w stanie Utah. Mieli\u015bmy przed sob\u0105 ostatnie dwa odcinki, kiedy nadesz\u0142a burza. Wiatr o pr\u0119dko\u015bci 100 km na godzin\u0119, deszcz, b\u0142yskawice\u2026 Trudno i \u015blisko si\u0119 jecha\u0142o po g\u0142adkiej skale \u2013 by\u0142o nieciekawie, r\u00f3wnie\u017c ze wzgl\u0119du na wiatr.<\/p>\n<p><strong><em>Co zawsze ze sob\u0105 zabierasz na szlak?<\/em><\/strong><br \/>\nSw\u00f3j n\u00f3\u017c.<\/p>\n<p><strong><em>Czy mo\u017cesz wymieni\u0107 pi\u0119\u0107 najlepszych miejsc, kt\u00f3re odwiedzi\u0142e\u015b oraz powiedzie\u0107, za co je najbardziej lubisz?<\/em><\/strong><\/p>\n<p>Nowa Zelandia. Ludzie s\u0105 wyluzowani, a jazda \u015bwietna.<\/p>\n<p>Peru. Najd\u0142u\u017csze zjazdy w \u017cyciu oraz przeje\u017cd\u017canie przez spokojne, g\u00f3rskie miasteczka.<\/p>\n<p>Bellingham w stanie Washington. Przyja\u017ani ludzie, dobre piwo oraz, oczywi\u015bcie, d\u0142ugie trasy.<\/p>\n<p>Czechy. Dom mojego przyjaciela, Richarda Gasperotti. \u015awietnie si\u0119 z nim bawi\u0142em i nie mog\u0119 si\u0119 doczeka\u0107 powrotu.<\/p>\n<p>Vancouver. Zawsze si\u0119 ciesz\u0119 na powr\u00f3t do rodziny. Dom to dom.<\/p>\n<p><a href=\"https:\/\/d2p6e6u75xmxt8.cloudfront.net\/5\/2018\/08\/Geoff3.jpg\"><img loading=\"lazy\" decoding=\"async\" class=\"alignnone size-full wp-image-7570\" src=\"https:\/\/d2p6e6u75xmxt8.cloudfront.net\/5\/2018\/08\/Geoff3.jpg\" alt=\"\" width=\"1440\" height=\"1440\" srcset=\"https:\/\/d2p6e6u75xmxt8.cloudfront.net\/5\/2018\/08\/Geoff3.jpg 1440w, https:\/\/d2p6e6u75xmxt8.cloudfront.net\/5\/2018\/08\/Geoff3-150x150.jpg 150w, https:\/\/d2p6e6u75xmxt8.cloudfront.net\/5\/2018\/08\/Geoff3-300x300.jpg 300w, https:\/\/d2p6e6u75xmxt8.cloudfront.net\/5\/2018\/08\/Geoff3-768x768.jpg 768w, https:\/\/d2p6e6u75xmxt8.cloudfront.net\/5\/2018\/08\/Geoff3-1024x1024.jpg 1024w\" sizes=\"auto, (max-width: 1440px) 100vw, 1440px\" \/><\/a><\/p>\n<p><strong><em>A co ze zwierz\u0119tami? Masz mo\u017ce psa, kota lub\u2026 nied\u017awiedzia?<\/em><\/strong><\/p>\n<p>Moi rodzice maj\u0105 psa, kt\u00f3ry si\u0119 wabi Luna \u2013 cz\u0119sto z nim spaceruj\u0119. Nadal jednak czekam na tego wyj\u0105tkowego nied\u017awiedzia\u2026 Takiego, kt\u00f3ry mnie nie zje.<\/p>\n<p><em><strong>S\u0142ysza\u0142em co\u015b o \u015blubie. Przedstawi\u0142by\u015b czytelnikom swoj\u0105 dziewczyn\u0119?<\/strong><\/em><\/p>\n<p>Nazywa si\u0119 Brainna Saimoto \u2013 wkr\u00f3tce Brianna Gulevich \u2013 a jeste\u015bmy ze sob\u0105 ju\u017c prawie trzyna\u015bcie lat. Poznali\u015bmy si\u0119 poprzez znajomych w szkole \u015bredniej. Jest po prostu niezwyk\u0142a. Cierpliwa, pomocna\u2026 Umie mnie r\u00f3wnie\u017c sprowadzi\u0107 na ziemi\u0119, gdy si\u0119 zapomn\u0119. Potrzebuj\u0119 jej.<\/p>\n<p><a href=\"https:\/\/d2p6e6u75xmxt8.cloudfront.net\/5\/2018\/08\/Geoff1.jpg\"><img loading=\"lazy\" decoding=\"async\" class=\"alignnone size-full wp-image-7569\" src=\"https:\/\/d2p6e6u75xmxt8.cloudfront.net\/5\/2018\/08\/Geoff1.jpg\" alt=\"\" width=\"1500\" height=\"1125\" srcset=\"https:\/\/d2p6e6u75xmxt8.cloudfront.net\/5\/2018\/08\/Geoff1.jpg 1500w, https:\/\/d2p6e6u75xmxt8.cloudfront.net\/5\/2018\/08\/Geoff1-300x225.jpg 300w, https:\/\/d2p6e6u75xmxt8.cloudfront.net\/5\/2018\/08\/Geoff1-768x576.jpg 768w, https:\/\/d2p6e6u75xmxt8.cloudfront.net\/5\/2018\/08\/Geoff1-1024x768.jpg 1024w\" sizes=\"auto, (max-width: 1500px) 100vw, 1500px\" \/><\/a><\/p>\n<p><strong><em>Co zmieni\u0142o si\u0119 w twoim \u017cyciu po zar\u0119czynach?<\/em><\/strong><\/p>\n<p>Nic si\u0119 nie zmieni\u0142o. Ona sprawia, \u017ce jestem lepszym cz\u0142owiekiem. Jeste\u015bmy zar\u0119czeni od trzech lat, pobieramy si\u0119 6-go pa\u017adziernika. Nie mog\u0119 si\u0119 doczeka\u0107 wesela!<\/p>\n","protected":false},"excerpt":{"rendered":"<p>Pochodz\u0105cy z kanadyjskiej Kolumbii Brytyjskiej Geoff Gulevich ma wszystko, o czym marzy ka\u017cdy kolarz: najlepsze na \u015bwiecie miejsce do je\u017cd\u017cenia [&hellip;]<\/p>\n","protected":false},"author":76,"featured_media":7572,"comment_status":"open","ping_status":"open","sticky":false,"template":"","format":"standard","meta":{"footnotes":""},"categories":[5],"tags":[288],"global-categories":[],"class_list":["post-7564","post","type-post","status-publish","format-standard","has-post-thumbnail","hentry","category-outdoormtb","tag-geoff-gulevich"],"yoast_head":"<!-- This site is optimized with the Yoast SEO Premium plugin v25.3 (Yoast SEO v25.9) - https:\/\/yoast.com\/wordpress\/plugins\/seo\/ -->\n<title>Legenda freeride Geoff Gulevich: pewnego razu pogodzi\u0142em si\u0119 ze \u015bmierci\u0105 - \u0160koda We Love Cycling - Poland<\/title>\n<meta name=\"robots\" content=\"index, follow, max-snippet:-1, max-image-preview:large, max-video-preview:-1\" \/>\n<link rel=\"canonical\" href=\"https:\/\/www.welovecycling.com\/pl\/2018\/08\/21\/legenda-freeride-geoff-gulevich-pewnego-razu-pogodzilem-sie-ze-smiercia\/\" \/>\n<meta property=\"og:locale\" content=\"pl_PL\" \/>\n<meta property=\"og:type\" content=\"article\" \/>\n<meta property=\"og:title\" content=\"Legenda freeride Geoff Gulevich: pewnego razu pogodzi\u0142em si\u0119 ze \u015bmierci\u0105\" \/>\n<meta property=\"og:description\" content=\"Pochodz\u0105cy z kanadyjskiej Kolumbii Brytyjskiej Geoff Gulevich ma wszystko, o czym marzy ka\u017cdy kolarz: najlepsze na \u015bwiecie miejsce do je\u017cd\u017cenia [&hellip;]\" \/>\n<meta property=\"og:url\" content=\"https:\/\/www.welovecycling.com\/pl\/2018\/08\/21\/legenda-freeride-geoff-gulevich-pewnego-razu-pogodzilem-sie-ze-smiercia\/\" \/>\n<meta property=\"og:site_name\" content=\"\u0160koda We Love Cycling - Poland\" \/>\n<meta property=\"article:published_time\" content=\"2018-08-21T15:22:16+00:00\" \/>\n<meta property=\"og:image\" content=\"https:\/\/d2p6e6u75xmxt8.cloudfront.net\/5\/2018\/08\/gullevichcvr.jpg\" \/>\n\t<meta property=\"og:image:width\" content=\"1366\" \/>\n\t<meta property=\"og:image:height\" content=\"600\" \/>\n\t<meta property=\"og:image:type\" content=\"image\/jpeg\" \/>\n<meta name=\"author\" content=\"piotrboczkowski\" \/>\n<meta name=\"twitter:card\" content=\"summary_large_image\" \/>\n<meta name=\"twitter:label1\" content=\"Written by\" \/>\n\t<meta name=\"twitter:data1\" content=\"Adam Marsal\" \/>\n\t<meta name=\"twitter:label2\" content=\"Est. reading time\" \/>\n\t<meta name=\"twitter:data2\" content=\"4 minutes\" \/>\n<script type=\"application\/ld+json\" class=\"yoast-schema-graph\">{\"@context\":\"https:\/\/schema.org\",\"@graph\":[{\"@type\":\"WebPage\",\"@id\":\"https:\/\/www.welovecycling.com\/pl\/2018\/08\/21\/legenda-freeride-geoff-gulevich-pewnego-razu-pogodzilem-sie-ze-smiercia\/\",\"url\":\"https:\/\/www.welovecycling.com\/pl\/2018\/08\/21\/legenda-freeride-geoff-gulevich-pewnego-razu-pogodzilem-sie-ze-smiercia\/\",\"name\":\"Legenda freeride Geoff Gulevich: pewnego razu pogodzi\u0142em si\u0119 ze \u015bmierci\u0105 - \u0160koda We Love Cycling - Poland\",\"isPartOf\":{\"@id\":\"https:\/\/www.welovecycling.com\/pl\/#website\"},\"primaryImageOfPage\":{\"@id\":\"https:\/\/www.welovecycling.com\/pl\/2018\/08\/21\/legenda-freeride-geoff-gulevich-pewnego-razu-pogodzilem-sie-ze-smiercia\/#primaryimage\"},\"image\":{\"@id\":\"https:\/\/www.welovecycling.com\/pl\/2018\/08\/21\/legenda-freeride-geoff-gulevich-pewnego-razu-pogodzilem-sie-ze-smiercia\/#primaryimage\"},\"thumbnailUrl\":\"https:\/\/d2p6e6u75xmxt8.cloudfront.net\/5\/2018\/08\/gullevichcvr.jpg\",\"datePublished\":\"2018-08-21T15:22:16+00:00\",\"author\":{\"@id\":\"https:\/\/www.welovecycling.com\/pl\/#\/schema\/person\/0dba2d39da943db9df3fd8f4687e7f23\"},\"breadcrumb\":{\"@id\":\"https:\/\/www.welovecycling.com\/pl\/2018\/08\/21\/legenda-freeride-geoff-gulevich-pewnego-razu-pogodzilem-sie-ze-smiercia\/#breadcrumb\"},\"inLanguage\":\"pl-PL\",\"potentialAction\":[{\"@type\":\"ReadAction\",\"target\":[\"https:\/\/www.welovecycling.com\/pl\/2018\/08\/21\/legenda-freeride-geoff-gulevich-pewnego-razu-pogodzilem-sie-ze-smiercia\/\"]}]},{\"@type\":\"ImageObject\",\"inLanguage\":\"pl-PL\",\"@id\":\"https:\/\/www.welovecycling.com\/pl\/2018\/08\/21\/legenda-freeride-geoff-gulevich-pewnego-razu-pogodzilem-sie-ze-smiercia\/#primaryimage\",\"url\":\"https:\/\/d2p6e6u75xmxt8.cloudfront.net\/5\/2018\/08\/gullevichcvr.jpg\",\"contentUrl\":\"https:\/\/d2p6e6u75xmxt8.cloudfront.net\/5\/2018\/08\/gullevichcvr.jpg\",\"width\":1366,\"height\":600},{\"@type\":\"BreadcrumbList\",\"@id\":\"https:\/\/www.welovecycling.com\/pl\/2018\/08\/21\/legenda-freeride-geoff-gulevich-pewnego-razu-pogodzilem-sie-ze-smiercia\/#breadcrumb\",\"itemListElement\":[{\"@type\":\"ListItem\",\"position\":1,\"name\":\"Home\",\"item\":\"https:\/\/www.welovecycling.com\/pl\/\"},{\"@type\":\"ListItem\",\"position\":2,\"name\":\"Legenda freeride Geoff Gulevich: pewnego razu pogodzi\u0142em si\u0119 ze \u015bmierci\u0105\"}]},{\"@type\":\"WebSite\",\"@id\":\"https:\/\/www.welovecycling.com\/pl\/#website\",\"url\":\"https:\/\/www.welovecycling.com\/pl\/\",\"name\":\"\u0160koda We Love Cycling - Poland\",\"description\":\"\",\"potentialAction\":[{\"@type\":\"SearchAction\",\"target\":{\"@type\":\"EntryPoint\",\"urlTemplate\":\"https:\/\/www.welovecycling.com\/pl\/?s={search_term_string}\"},\"query-input\":{\"@type\":\"PropertyValueSpecification\",\"valueRequired\":true,\"valueName\":\"search_term_string\"}}],\"inLanguage\":\"pl-PL\"},{\"@type\":\"Person\",\"@id\":\"https:\/\/www.welovecycling.com\/pl\/#\/schema\/person\/0dba2d39da943db9df3fd8f4687e7f23\",\"name\":\"piotrboczkowski\",\"image\":{\"@type\":\"ImageObject\",\"inLanguage\":\"pl-PL\",\"@id\":\"https:\/\/www.welovecycling.com\/pl\/#\/schema\/person\/image\/\",\"url\":\"https:\/\/secure.gravatar.com\/avatar\/533caccae14752e03a2ce2d3fd62d1b98b93e1393c3195c27819e53344ca1ace?s=96&d=mm&r=g\",\"contentUrl\":\"https:\/\/secure.gravatar.com\/avatar\/533caccae14752e03a2ce2d3fd62d1b98b93e1393c3195c27819e53344ca1ace?s=96&d=mm&r=g\",\"caption\":\"piotrboczkowski\"},\"url\":\"https:\/\/www.welovecycling.com\/pl\/author\/piotrboczkowski\/\"}]}<\/script>\n<!-- \/ Yoast SEO Premium plugin. -->","yoast_head_json":{"title":"Legenda freeride Geoff Gulevich: pewnego razu pogodzi\u0142em si\u0119 ze \u015bmierci\u0105 - \u0160koda We Love Cycling - Poland","robots":{"index":"index","follow":"follow","max-snippet":"max-snippet:-1","max-image-preview":"max-image-preview:large","max-video-preview":"max-video-preview:-1"},"canonical":"https:\/\/www.welovecycling.com\/pl\/2018\/08\/21\/legenda-freeride-geoff-gulevich-pewnego-razu-pogodzilem-sie-ze-smiercia\/","og_locale":"pl_PL","og_type":"article","og_title":"Legenda freeride Geoff Gulevich: pewnego razu pogodzi\u0142em si\u0119 ze \u015bmierci\u0105","og_description":"Pochodz\u0105cy z kanadyjskiej Kolumbii Brytyjskiej Geoff Gulevich ma wszystko, o czym marzy ka\u017cdy kolarz: najlepsze na \u015bwiecie miejsce do je\u017cd\u017cenia [&hellip;]","og_url":"https:\/\/www.welovecycling.com\/pl\/2018\/08\/21\/legenda-freeride-geoff-gulevich-pewnego-razu-pogodzilem-sie-ze-smiercia\/","og_site_name":"\u0160koda We Love Cycling - Poland","article_published_time":"2018-08-21T15:22:16+00:00","og_image":[{"width":1366,"height":600,"url":"https:\/\/d2p6e6u75xmxt8.cloudfront.net\/5\/2018\/08\/gullevichcvr.jpg","type":"image\/jpeg"}],"author":"piotrboczkowski","twitter_card":"summary_large_image","twitter_misc":{"Written by":"Adam Marsal","Est. reading time":"4 minutes"},"schema":{"@context":"https:\/\/schema.org","@graph":[{"@type":"WebPage","@id":"https:\/\/www.welovecycling.com\/pl\/2018\/08\/21\/legenda-freeride-geoff-gulevich-pewnego-razu-pogodzilem-sie-ze-smiercia\/","url":"https:\/\/www.welovecycling.com\/pl\/2018\/08\/21\/legenda-freeride-geoff-gulevich-pewnego-razu-pogodzilem-sie-ze-smiercia\/","name":"Legenda freeride Geoff Gulevich: pewnego razu pogodzi\u0142em si\u0119 ze \u015bmierci\u0105 - \u0160koda We Love Cycling - Poland","isPartOf":{"@id":"https:\/\/www.welovecycling.com\/pl\/#website"},"primaryImageOfPage":{"@id":"https:\/\/www.welovecycling.com\/pl\/2018\/08\/21\/legenda-freeride-geoff-gulevich-pewnego-razu-pogodzilem-sie-ze-smiercia\/#primaryimage"},"image":{"@id":"https:\/\/www.welovecycling.com\/pl\/2018\/08\/21\/legenda-freeride-geoff-gulevich-pewnego-razu-pogodzilem-sie-ze-smiercia\/#primaryimage"},"thumbnailUrl":"https:\/\/d2p6e6u75xmxt8.cloudfront.net\/5\/2018\/08\/gullevichcvr.jpg","datePublished":"2018-08-21T15:22:16+00:00","author":{"@id":"https:\/\/www.welovecycling.com\/pl\/#\/schema\/person\/0dba2d39da943db9df3fd8f4687e7f23"},"breadcrumb":{"@id":"https:\/\/www.welovecycling.com\/pl\/2018\/08\/21\/legenda-freeride-geoff-gulevich-pewnego-razu-pogodzilem-sie-ze-smiercia\/#breadcrumb"},"inLanguage":"pl-PL","potentialAction":[{"@type":"ReadAction","target":["https:\/\/www.welovecycling.com\/pl\/2018\/08\/21\/legenda-freeride-geoff-gulevich-pewnego-razu-pogodzilem-sie-ze-smiercia\/"]}]},{"@type":"ImageObject","inLanguage":"pl-PL","@id":"https:\/\/www.welovecycling.com\/pl\/2018\/08\/21\/legenda-freeride-geoff-gulevich-pewnego-razu-pogodzilem-sie-ze-smiercia\/#primaryimage","url":"https:\/\/d2p6e6u75xmxt8.cloudfront.net\/5\/2018\/08\/gullevichcvr.jpg","contentUrl":"https:\/\/d2p6e6u75xmxt8.cloudfront.net\/5\/2018\/08\/gullevichcvr.jpg","width":1366,"height":600},{"@type":"BreadcrumbList","@id":"https:\/\/www.welovecycling.com\/pl\/2018\/08\/21\/legenda-freeride-geoff-gulevich-pewnego-razu-pogodzilem-sie-ze-smiercia\/#breadcrumb","itemListElement":[{"@type":"ListItem","position":1,"name":"Home","item":"https:\/\/www.welovecycling.com\/pl\/"},{"@type":"ListItem","position":2,"name":"Legenda freeride Geoff Gulevich: pewnego razu pogodzi\u0142em si\u0119 ze \u015bmierci\u0105"}]},{"@type":"WebSite","@id":"https:\/\/www.welovecycling.com\/pl\/#website","url":"https:\/\/www.welovecycling.com\/pl\/","name":"\u0160koda We Love Cycling - Poland","description":"","potentialAction":[{"@type":"SearchAction","target":{"@type":"EntryPoint","urlTemplate":"https:\/\/www.welovecycling.com\/pl\/?s={search_term_string}"},"query-input":{"@type":"PropertyValueSpecification","valueRequired":true,"valueName":"search_term_string"}}],"inLanguage":"pl-PL"},{"@type":"Person","@id":"https:\/\/www.welovecycling.com\/pl\/#\/schema\/person\/0dba2d39da943db9df3fd8f4687e7f23","name":"piotrboczkowski","image":{"@type":"ImageObject","inLanguage":"pl-PL","@id":"https:\/\/www.welovecycling.com\/pl\/#\/schema\/person\/image\/","url":"https:\/\/secure.gravatar.com\/avatar\/533caccae14752e03a2ce2d3fd62d1b98b93e1393c3195c27819e53344ca1ace?s=96&d=mm&r=g","contentUrl":"https:\/\/secure.gravatar.com\/avatar\/533caccae14752e03a2ce2d3fd62d1b98b93e1393c3195c27819e53344ca1ace?s=96&d=mm&r=g","caption":"piotrboczkowski"},"url":"https:\/\/www.welovecycling.com\/pl\/author\/piotrboczkowski\/"}]}},"_links":{"self":[{"href":"https:\/\/www.welovecycling.com\/pl\/wp-json\/wp\/v2\/posts\/7564","targetHints":{"allow":["GET"]}}],"collection":[{"href":"https:\/\/www.welovecycling.com\/pl\/wp-json\/wp\/v2\/posts"}],"about":[{"href":"https:\/\/www.welovecycling.com\/pl\/wp-json\/wp\/v2\/types\/post"}],"author":[{"embeddable":true,"href":"https:\/\/www.welovecycling.com\/pl\/wp-json\/wp\/v2\/users\/76"}],"replies":[{"embeddable":true,"href":"https:\/\/www.welovecycling.com\/pl\/wp-json\/wp\/v2\/comments?post=7564"}],"version-history":[{"count":1,"href":"https:\/\/www.welovecycling.com\/pl\/wp-json\/wp\/v2\/posts\/7564\/revisions"}],"predecessor-version":[{"id":7574,"href":"https:\/\/www.welovecycling.com\/pl\/wp-json\/wp\/v2\/posts\/7564\/revisions\/7574"}],"wp:featuredmedia":[{"embeddable":true,"href":"https:\/\/www.welovecycling.com\/pl\/wp-json\/wp\/v2\/media\/7572"}],"wp:attachment":[{"href":"https:\/\/www.welovecycling.com\/pl\/wp-json\/wp\/v2\/media?parent=7564"}],"wp:term":[{"taxonomy":"category","embeddable":true,"href":"https:\/\/www.welovecycling.com\/pl\/wp-json\/wp\/v2\/categories?post=7564"},{"taxonomy":"post_tag","embeddable":true,"href":"https:\/\/www.welovecycling.com\/pl\/wp-json\/wp\/v2\/tags?post=7564"},{"taxonomy":"global-categories","embeddable":true,"href":"https:\/\/www.welovecycling.com\/pl\/wp-json\/wp\/v2\/global-categories?post=7564"}],"curies":[{"name":"wp","href":"https:\/\/api.w.org\/{rel}","templated":true}]}}