{"id":7549,"date":"2018-08-16T21:10:13","date_gmt":"2018-08-16T21:10:13","guid":{"rendered":"https:\/\/www.welovecycling.com\/pl\/?p=7549"},"modified":"2018-08-16T21:10:13","modified_gmt":"2018-08-16T21:10:13","slug":"luis-ocana-jako-jedyny-nie-bal-sie-poteznego-eddiego-merckx","status":"publish","type":"post","link":"https:\/\/www.welovecycling.com\/pl\/2018\/08\/16\/luis-ocana-jako-jedyny-nie-bal-sie-poteznego-eddiego-merckx\/","title":{"rendered":"Luis Oca\u00f1a jako jedyny nie ba\u0142 si\u0119 pot\u0119\u017cnego Eddiego Merckx"},"content":{"rendered":"<p>&nbsp;<\/p>\n<p><strong>Podr\u0119czniki do historii mog\u0105 podawa\u0107, \u017ce Tour de France w roku 1971 wygra\u0142 Cannibal. Rzeczywi\u015bcie, Eddy Merckx jako pierwszy przekroczy\u0142 lini\u0119 mety w Pary\u017cu \u2013 trzeci raz z rz\u0119du tamtego roku. Jednak\u017ce ci, kt\u00f3rzy ogl\u0105dali wtedy ten wy\u015bcig mog\u0105 mie\u0107 inne zdanie na jego temat\u2026lub nawet kilka zda\u0144, do opowiedzenia \u2013 histori\u0119 strapionego cz\u0142owieka, kt\u00f3ry pokona\u0142 Eddy\u2019ego z pozorn\u0105 \u0142atwo\u015bci\u0105. Tym cz\u0142owiekiem by\u0142 Luis Oca\u00f1a.<\/strong><\/p>\n<p>Uwa\u017cano tego w\u0105t\u0142ego i niezmordowanego cz\u0142owieka za koz\u0142a ofiarnego wy\u015bcigu. Jedynie takie wyt\u0142umaczenie przychodzi\u0142o do g\u0142owy Hiszpana, gdy pytano go dlaczego nie m\u00f3g\u0142 ujawni\u0107 swojego geniuszu kolarskiego podczas wy\u015bcigu. Na jego usprawiedliwienie trzeba przyzna\u0107, \u017ce pada\u0142 ofiar\u0105 wszystkiego, co tylko mog\u0142o si\u0119 podczas niego przydarzy\u0107\u2026 Poczynaj\u0105c od masy problem\u00f3w ze sprz\u0119tem, dolegliwo\u015bci zdrowotnych, a nawet zaburze\u0144 psychicznych. Mimo wszystko, w roku 1971 wszystko wydawa\u0142o si\u0119 by\u0107 na swoim miejscu.<\/p>\n<p><a href=\"https:\/\/d2p6e6u75xmxt8.cloudfront.net\/5\/2018\/08\/profimedia-0068222318.jpg\"><img loading=\"lazy\" decoding=\"async\" class=\"size-full wp-image-7551\" src=\"https:\/\/d2p6e6u75xmxt8.cloudfront.net\/5\/2018\/08\/profimedia-0068222318.jpg\" alt=\"\" width=\"1250\" height=\"863\" srcset=\"https:\/\/d2p6e6u75xmxt8.cloudfront.net\/5\/2018\/08\/profimedia-0068222318.jpg 1250w, https:\/\/d2p6e6u75xmxt8.cloudfront.net\/5\/2018\/08\/profimedia-0068222318-300x207.jpg 300w, https:\/\/d2p6e6u75xmxt8.cloudfront.net\/5\/2018\/08\/profimedia-0068222318-768x530.jpg 768w, https:\/\/d2p6e6u75xmxt8.cloudfront.net\/5\/2018\/08\/profimedia-0068222318-1024x707.jpg 1024w\" sizes=\"auto, (max-width: 1250px) 100vw, 1250px\" \/><\/a><\/p>\n<p>Pomimo sukcesu Oca\u00f1y w La Vuelta w poprzednim roku, La Marca narzeka\u0142 na ko\u0144cz\u0105c\u0105 si\u0119 pewn\u0105 er\u0119. Zawodnicy tej samej ligi, co Bahamontes i Jim\u00e9nez mieli ju\u017c si\u0119 w og\u00f3le nie pojawia\u0107. Zamiast jednak skupia\u0107 si\u0119 na rodakach, za najwi\u0119ksze zagro\u017cenie hattricka Merckx\u2019a uwa\u017cano takich ludzi jak Joop Zoetemelk, Bernard Th\u00e9venet oraz Lucien van Impe. Cannibal jednak\u017ce wiedzia\u0142 swoje.<\/p>\n<p>Po Crit\u00e9rium du Dauphin\u00e9 to w\u0142a\u015bnie Oca\u00f1a by\u0142 chwalony przez Belga, kt\u00f3ry twierdzi\u0142, \u017ce Oca\u00f1a jako jedyny nie stara\u0142 si\u0119 \u00a0wygra\u0107, a pokona\u0107 go. To by\u0142 cz\u0119sty problem pokolenia Cannibala. Wygra\u0142 tyle razy (jeden na trzy wy\u015bcigi, w kt\u00f3rych bra\u0142 udzia\u0142), \u017ce jego konkurenci byli zadowoleni z walki o drugie miejsce\u2026. To jednak nie by\u0142a filozofia Luis Oca\u00f1a.<\/p>\n<p>\u201eCzy boj\u0119 si\u0119 Merckx\u2019a? A niby dlaczego? Gdybym si\u0119 ba\u0142, m\u00f3g\u0142bym po prostu wycofa\u0107 si\u0119 z wy\u015bcigu i wraca\u0107 do domu. Nie s\u0105dz\u0119, \u017ce jest niepokonany. Nikt nie jest.\u201d: jak powiedzia\u0142 buntowniczo Oca\u00f1a, gdy dziennikarze spytali go o Belga.<\/p>\n<figure id=\"attachment_7555\" aria-describedby=\"caption-attachment-7555\" style=\"width: 1250px\" class=\"wp-caption alignnone\"><a href=\"https:\/\/d2p6e6u75xmxt8.cloudfront.net\/5\/2018\/08\/profimedia-0017421579.jpg\"><img loading=\"lazy\" decoding=\"async\" class=\"size-full wp-image-7555\" src=\"https:\/\/d2p6e6u75xmxt8.cloudfront.net\/5\/2018\/08\/profimedia-0017421579.jpg\" alt=\"\" width=\"1250\" height=\"1043\" srcset=\"https:\/\/d2p6e6u75xmxt8.cloudfront.net\/5\/2018\/08\/profimedia-0017421579.jpg 1250w, https:\/\/d2p6e6u75xmxt8.cloudfront.net\/5\/2018\/08\/profimedia-0017421579-300x250.jpg 300w, https:\/\/d2p6e6u75xmxt8.cloudfront.net\/5\/2018\/08\/profimedia-0017421579-768x641.jpg 768w, https:\/\/d2p6e6u75xmxt8.cloudfront.net\/5\/2018\/08\/profimedia-0017421579-1024x854.jpg 1024w\" sizes=\"auto, (max-width: 1250px) 100vw, 1250px\" \/><\/a><figcaption id=\"caption-attachment-7555\" class=\"wp-caption-text\">Luis Ocana prowadzi z przodu Lucien\u2019a Van Impe i Joop Zoetemelk 8 lipca 1971 roku podczas 11go etapu Tour de Ffrance pomi\u0119dzy Grenoble a Orci\u00e8res-Merlette. Ocana wygra\u0142 etap, wyprzedzaj\u0105c Van Impe (5\u201952\u201d za nim) oraz Belga Eddy\u2019ego Merckx i Zoetemelk (8\u201942\u201d) zdobywaj\u0105c tym samym \u017c\u00f3\u0142t\u0105 koszulk\u0119 od Holendra, jako og\u00f3lnego lidera. \u00a9 Profimedia, AFP<\/figcaption><\/figure>\n<p>Grand Boucl\u00e9 w roku 1971 zacz\u0119\u0142o si\u0119 szybko i agresywnie. Na etapie drugim grupa pi\u0119tnastu zawodnik\u00f3w sko\u0144czy\u0142a wy\u015bcig 10 minut przed peletonem. Eddy Merckx zdoby\u0142 <em>maillot jaune<\/em> i oczywistym zdawa\u0142o si\u0119, \u017ce zwyci\u0119zca b\u0119dzie nale\u017ca\u0142 do tej najszybszej wtedy grupy. Obecny w Oca\u00f1a wykorzysta\u0142 podjazd Puy de Dome na etapie \u00f3smym, aby zaatakowa\u0107 Belga po raz pierwszy. Cannibal rzeczywi\u015bcie straci\u0142 wtedy troch\u0119 czasu. To jednak by\u0142o niczym w por\u00f3wnaniu z wydarzeniem z etapu 11.<\/p>\n<p>Oca\u00f1a zaatakowa\u0142 na podje\u017adzie Cote de Laffrey, za\u015b Merckx nie odnalaz\u0142 w sobie tyle si\u0142, by z nim powalczy\u0107. Za ka\u017cdym razem, gdy motocykl pojawia\u0142 si\u0119 przy zawodnikach, kolejna minuta pojawia\u0142a si\u0119 na liczniku. \u017baden z faworyt\u00f3w GC nie m\u00f3g\u0142 uwierzy\u0107 w to, co widzi.<\/p>\n<p>\u201ePo tym jak zaatakowa\u0142, powiedzia\u0142em mu, \u017ceby jecha\u0142 spokojnie, poniewa\u017c by\u0142 4 minuty przed wszystkimi\u201d, jak wspomina GM Maurice de Muer z zespo\u0142u Oca\u00f1y. \u201e\u015awietnie, zaraz to b\u0119dzie 5 minut\u201d \u2013 odkrzykn\u0105\u0142 w odpowiedzi. \u201eWr\u00f3ci\u0142em do niego p\u00f3\u017aniej, m\u00f3wi\u0105c,\u017ce ma ju\u017c te 5 minut\u2026 Po czym odpowiedzia\u0142, \u017ce zaraz b\u0119dzie to 6. Tak to si\u0119 ci\u0105gn\u0119\u0142o.\u201d<\/p>\n<p><a href=\"https:\/\/d2p6e6u75xmxt8.cloudfront.net\/5\/2018\/08\/profimedia-0188834908.jpg\"><img loading=\"lazy\" decoding=\"async\" class=\"alignnone size-full wp-image-7552\" src=\"https:\/\/d2p6e6u75xmxt8.cloudfront.net\/5\/2018\/08\/profimedia-0188834908.jpg\" alt=\"\" width=\"1222\" height=\"1250\" srcset=\"https:\/\/d2p6e6u75xmxt8.cloudfront.net\/5\/2018\/08\/profimedia-0188834908.jpg 1222w, https:\/\/d2p6e6u75xmxt8.cloudfront.net\/5\/2018\/08\/profimedia-0188834908-293x300.jpg 293w, https:\/\/d2p6e6u75xmxt8.cloudfront.net\/5\/2018\/08\/profimedia-0188834908-768x786.jpg 768w, https:\/\/d2p6e6u75xmxt8.cloudfront.net\/5\/2018\/08\/profimedia-0188834908-1001x1024.jpg 1001w\" sizes=\"auto, (max-width: 1222px) 100vw, 1222px\" \/><\/a><\/p>\n<p>To by\u0142 jeden z bardziej pami\u0119tnych etap\u00f3w Tour de France w historii wy\u015bcigu. Oca\u00f1a przekroczy\u0142 lini\u0119 mety 8 minut i 42 sekundy przed Merckx\u2019em. 61 zawodnik\u00f3w nie spe\u0142ni\u0142o wymog\u00f3w czasowych ze wzgl\u0119du na mordercze tempo narzucone przez Hiszpana. Organizatorzy musieli z\u0142agodzi\u0107 te wymogi, bo inaczej nie zosta\u0142by nikt kto m\u00f3g\u0142by kontynuowa\u0107 wy\u015bcig.<\/p>\n<p>Pomy\u015bla\u0142em wtedy, \u017ce to ju\u017c po Tour\u2026\u017ce to koniec. To, czego dokona\u0142 Oca\u00f1a by\u0142o nie z tego \u015bwiata.\u201d, jak przyzna\u0142 Merckx lata po \u00a0wy\u015bcigu.<\/p>\n<p>W ka\u017cdym razie, nie podda\u0142 si\u0119. W kolejnym etapie Merckx wyprzedzi\u0142 Oca\u00f1\u0119 o ca\u0142e 2 minuty. Cannibal jecha\u0142 tak szybko, \u017ce przekroczy\u0142 lini\u0119 mety w Marsylii godzin\u0119 przed czasem, psuj\u0105c tym samym celebracj\u0119 kt\u00f3ra mia\u0142a si\u0119 odby\u0107. Burmistrz obieca\u0142 wtedy wi\u0119cej nie pozwala\u0107 na przebieg Tour de France przez jego miasto.<\/p>\n<figure id=\"attachment_7550\" aria-describedby=\"caption-attachment-7550\" style=\"width: 1250px\" class=\"wp-caption alignnone\"><a href=\"https:\/\/d2p6e6u75xmxt8.cloudfront.net\/5\/2018\/08\/profimedia-0068196024.jpg\"><img loading=\"lazy\" decoding=\"async\" class=\"size-full wp-image-7550\" src=\"https:\/\/d2p6e6u75xmxt8.cloudfront.net\/5\/2018\/08\/profimedia-0068196024.jpg\" alt=\"\" width=\"1250\" height=\"952\" srcset=\"https:\/\/d2p6e6u75xmxt8.cloudfront.net\/5\/2018\/08\/profimedia-0068196024.jpg 1250w, https:\/\/d2p6e6u75xmxt8.cloudfront.net\/5\/2018\/08\/profimedia-0068196024-300x228.jpg 300w, https:\/\/d2p6e6u75xmxt8.cloudfront.net\/5\/2018\/08\/profimedia-0068196024-768x585.jpg 768w, https:\/\/d2p6e6u75xmxt8.cloudfront.net\/5\/2018\/08\/profimedia-0068196024-1024x780.jpg 1024w\" sizes=\"auto, (max-width: 1250px) 100vw, 1250px\" \/><\/a><figcaption id=\"caption-attachment-7550\" class=\"wp-caption-text\">Eddy Merckx (L), pod\u0105\u017caj\u0105cy za nim Luis Ocana (2nd L) oraz Lucien Van Impe podczas 14. etapu Tour de France, na kr\u00f3tko przed wypadkiem Ocany. 12 lipca 1971 roku. \u00a9 Profimedia, AFP<\/figcaption><\/figure>\n<p>Belg mia\u0142 nadziej\u0119 na zyskanie czasu w wy\u015bcigu, lecz Oca\u00f1a by\u0142 wolniejszy od niego o jedyne 11 sekund. Znaczy\u0142o to, \u017ce po 13 dniach prowadzi\u0142 wy\u015bcig o trudne do uwierzenia 7 minut i 23 sekundy. Peleton zmierza\u0142 ku Pirenejom, kt\u00f3re przywita\u0142y go dosy\u0107 ostr\u0105 pogod\u0105. La\u0142o jak z cebra. Na drodze by\u0142 olej i piach\u2026 Ale to nie mia\u0142o znaczenia dla Cannibala. Jecha\u0142 tak dobrze, jak umia\u0142. Niestety, na jednym z ostrych zakr\u0119t\u00f3w straci\u0142 kontrol\u0119 nad rowerem i spad\u0142. Oca\u00f1a by\u0142 tu\u017c za nim, wi\u0119c przewr\u00f3ci\u0142 si\u0119 na niego.<\/p>\n<p>Merckx wskoczy\u0142 z powrotem na rower i kontynuowa\u0142 wy\u015bcig. Hiszpan by\u0142 got\u00f3w na ten sam wysi\u0142ek, jednak\u017ce nie dopisa\u0142o mu szcz\u0119\u015bcie. Zoetemelk wyjecha\u0142 zza tego samego zakr\u0119tu, uderzaj\u0105c go w plecy \u2013 mocno. Og\u00f3lny lider zosta\u0142 zabrany do szpitala helikopterem, za\u015b jego nadzieje zwi\u0105zane z GC leg\u0142y w gruzach. Na miejscu tego wypadku na pirenejskim Col de Ment\u00e9 znajduje si\u0119 pami\u0105tkowa tablica upami\u0119tniaj\u0105ca te tragiczne wydarzenie. Eddy Merckx nie za\u0142o\u017cy\u0142 nast\u0119pnego dnia \u017c\u00f3\u0142tej koszulki na znak solidarno\u015bci z Oca\u00f1\u0105.<\/p>\n<p>\u201eCokolwiek si\u0119 nie wydarzy\u0142o, przegra\u0142em ten Tour. Zawsze b\u0119d\u0105 w\u0105tpliwo\u015bci.\u201d \u2013 powiedzia\u0142 Merckx po przekroczeniu linii mety w Pary\u017cu.<\/p>\n<figure id=\"attachment_7554\" aria-describedby=\"caption-attachment-7554\" style=\"width: 1250px\" class=\"wp-caption alignnone\"><a href=\"https:\/\/d2p6e6u75xmxt8.cloudfront.net\/5\/2018\/08\/profimedia-0330144409.jpg\"><img loading=\"lazy\" decoding=\"async\" class=\"size-full wp-image-7554\" src=\"https:\/\/d2p6e6u75xmxt8.cloudfront.net\/5\/2018\/08\/profimedia-0330144409.jpg\" alt=\"\" width=\"1250\" height=\"841\" srcset=\"https:\/\/d2p6e6u75xmxt8.cloudfront.net\/5\/2018\/08\/profimedia-0330144409.jpg 1250w, https:\/\/d2p6e6u75xmxt8.cloudfront.net\/5\/2018\/08\/profimedia-0330144409-300x202.jpg 300w, https:\/\/d2p6e6u75xmxt8.cloudfront.net\/5\/2018\/08\/profimedia-0330144409-768x517.jpg 768w, https:\/\/d2p6e6u75xmxt8.cloudfront.net\/5\/2018\/08\/profimedia-0330144409-1024x689.jpg 1024w, https:\/\/d2p6e6u75xmxt8.cloudfront.net\/5\/2018\/08\/profimedia-0330144409-272x182.jpg 272w\" sizes=\"auto, (max-width: 1250px) 100vw, 1250px\" \/><\/a><figcaption id=\"caption-attachment-7554\" class=\"wp-caption-text\">Luis Ocana cieszy si\u0119 z triumfu w Parc des Princes w 1973 roku \u00a9 Profimedia, AFP<\/figcaption><\/figure>\n<p>Oca\u00f1a musia\u0142 czeka\u0107 do roku 1973 na swoje zwyci\u0119stwo w Tour de France \u2013 niestety, Merckx nie by\u0142 wtedy obecny. Nigdy nie spotkali si\u0119 ponownie u szczytu swoich form. Hiszpan kontynuowa\u0142 walk\u0119 ze swoj\u0105 \u2018kl\u0105tw\u0105\u2019, zmagaj\u0105c si\u0119 ze zdrowiem, zespo\u0142em, przeciwnikami\u2026 Ka\u017cdym i wszystkim, tak naprawd\u0119. W ko\u0144cu, znalaz\u0142 spok\u00f3j i odpoczynek w pewnej winnicy na po\u0142udniu Francji. Eddy Merckx pom\u00f3g\u0142 mu nawet w znalezieniu klient\u00f3w. Nie uratowa\u0142o to jednak przedsi\u0119wzi\u0119cia przed klap\u0105.<\/p>\n<p>Potem przysz\u0142a depresja, zapalenie w\u0105troby\u2026 A na sam koniec \u2013 rak. Ostatecznie, poci\u0105gn\u0105\u0142 za spust. Kolarz nie znaj\u0105cy ani \u017cadnych limit\u00f3w, ani \u017cadnego szcz\u0119\u015bcia odszed\u0142 19 maja 1994 roku. Mia\u0142 jedynie 49 lat.<\/p>\n","protected":false},"excerpt":{"rendered":"<p>&nbsp; Podr\u0119czniki do historii mog\u0105 podawa\u0107, \u017ce Tour de France w roku 1971 wygra\u0142 Cannibal. Rzeczywi\u015bcie, Eddy Merckx jako pierwszy [&hellip;]<\/p>\n","protected":false},"author":76,"featured_media":7553,"comment_status":"open","ping_status":"open","sticky":false,"template":"","format":"standard","meta":{"footnotes":""},"categories":[6],"tags":[],"global-categories":[],"class_list":["post-7549","post","type-post","status-publish","format-standard","has-post-thumbnail","hentry","category-kolarstwo-szosowe"],"yoast_head":"<!-- This site is optimized with the Yoast SEO Premium plugin v25.3 (Yoast SEO v25.9) - https:\/\/yoast.com\/wordpress\/plugins\/seo\/ -->\n<title>Luis Oca\u00f1a jako jedyny nie ba\u0142 si\u0119 pot\u0119\u017cnego Eddiego Merckx - \u0160koda We Love Cycling - Poland<\/title>\n<meta name=\"robots\" content=\"index, follow, max-snippet:-1, max-image-preview:large, max-video-preview:-1\" \/>\n<link rel=\"canonical\" href=\"https:\/\/www.welovecycling.com\/pl\/2018\/08\/16\/luis-ocana-jako-jedyny-nie-bal-sie-poteznego-eddiego-merckx\/\" \/>\n<meta property=\"og:locale\" content=\"pl_PL\" \/>\n<meta property=\"og:type\" content=\"article\" \/>\n<meta property=\"og:title\" content=\"Luis Oca\u00f1a jako jedyny nie ba\u0142 si\u0119 pot\u0119\u017cnego Eddiego Merckx\" \/>\n<meta property=\"og:description\" content=\"&nbsp; Podr\u0119czniki do historii mog\u0105 podawa\u0107, \u017ce Tour de France w roku 1971 wygra\u0142 Cannibal. Rzeczywi\u015bcie, Eddy Merckx jako pierwszy [&hellip;]\" \/>\n<meta property=\"og:url\" content=\"https:\/\/www.welovecycling.com\/pl\/2018\/08\/16\/luis-ocana-jako-jedyny-nie-bal-sie-poteznego-eddiego-merckx\/\" \/>\n<meta property=\"og:site_name\" content=\"\u0160koda We Love Cycling - Poland\" \/>\n<meta property=\"article:published_time\" content=\"2018-08-16T21:10:13+00:00\" \/>\n<meta property=\"og:image\" content=\"https:\/\/d2p6e6u75xmxt8.cloudfront.net\/5\/2018\/08\/profimedia-0330144401-1.jpg\" \/>\n\t<meta property=\"og:image:width\" content=\"1366\" \/>\n\t<meta property=\"og:image:height\" content=\"600\" \/>\n\t<meta property=\"og:image:type\" content=\"image\/jpeg\" \/>\n<meta name=\"author\" content=\"piotrboczkowski\" \/>\n<meta name=\"twitter:card\" content=\"summary_large_image\" \/>\n<meta name=\"twitter:label1\" content=\"Written by\" \/>\n\t<meta name=\"twitter:data1\" content=\"Monika Bluck\" \/>\n\t<meta name=\"twitter:label2\" content=\"Est. reading time\" \/>\n\t<meta name=\"twitter:data2\" content=\"6 minutes\" \/>\n<script type=\"application\/ld+json\" class=\"yoast-schema-graph\">{\"@context\":\"https:\/\/schema.org\",\"@graph\":[{\"@type\":\"WebPage\",\"@id\":\"https:\/\/www.welovecycling.com\/pl\/2018\/08\/16\/luis-ocana-jako-jedyny-nie-bal-sie-poteznego-eddiego-merckx\/\",\"url\":\"https:\/\/www.welovecycling.com\/pl\/2018\/08\/16\/luis-ocana-jako-jedyny-nie-bal-sie-poteznego-eddiego-merckx\/\",\"name\":\"Luis Oca\u00f1a jako jedyny nie ba\u0142 si\u0119 pot\u0119\u017cnego Eddiego Merckx - \u0160koda We Love Cycling - Poland\",\"isPartOf\":{\"@id\":\"https:\/\/www.welovecycling.com\/pl\/#website\"},\"primaryImageOfPage\":{\"@id\":\"https:\/\/www.welovecycling.com\/pl\/2018\/08\/16\/luis-ocana-jako-jedyny-nie-bal-sie-poteznego-eddiego-merckx\/#primaryimage\"},\"image\":{\"@id\":\"https:\/\/www.welovecycling.com\/pl\/2018\/08\/16\/luis-ocana-jako-jedyny-nie-bal-sie-poteznego-eddiego-merckx\/#primaryimage\"},\"thumbnailUrl\":\"https:\/\/d2p6e6u75xmxt8.cloudfront.net\/5\/2018\/08\/profimedia-0330144401-1.jpg\",\"datePublished\":\"2018-08-16T21:10:13+00:00\",\"author\":{\"@id\":\"https:\/\/www.welovecycling.com\/pl\/#\/schema\/person\/0dba2d39da943db9df3fd8f4687e7f23\"},\"breadcrumb\":{\"@id\":\"https:\/\/www.welovecycling.com\/pl\/2018\/08\/16\/luis-ocana-jako-jedyny-nie-bal-sie-poteznego-eddiego-merckx\/#breadcrumb\"},\"inLanguage\":\"pl-PL\",\"potentialAction\":[{\"@type\":\"ReadAction\",\"target\":[\"https:\/\/www.welovecycling.com\/pl\/2018\/08\/16\/luis-ocana-jako-jedyny-nie-bal-sie-poteznego-eddiego-merckx\/\"]}]},{\"@type\":\"ImageObject\",\"inLanguage\":\"pl-PL\",\"@id\":\"https:\/\/www.welovecycling.com\/pl\/2018\/08\/16\/luis-ocana-jako-jedyny-nie-bal-sie-poteznego-eddiego-merckx\/#primaryimage\",\"url\":\"https:\/\/d2p6e6u75xmxt8.cloudfront.net\/5\/2018\/08\/profimedia-0330144401-1.jpg\",\"contentUrl\":\"https:\/\/d2p6e6u75xmxt8.cloudfront.net\/5\/2018\/08\/profimedia-0330144401-1.jpg\",\"width\":1366,\"height\":600},{\"@type\":\"BreadcrumbList\",\"@id\":\"https:\/\/www.welovecycling.com\/pl\/2018\/08\/16\/luis-ocana-jako-jedyny-nie-bal-sie-poteznego-eddiego-merckx\/#breadcrumb\",\"itemListElement\":[{\"@type\":\"ListItem\",\"position\":1,\"name\":\"Home\",\"item\":\"https:\/\/www.welovecycling.com\/pl\/\"},{\"@type\":\"ListItem\",\"position\":2,\"name\":\"Luis Oca\u00f1a jako jedyny nie ba\u0142 si\u0119 pot\u0119\u017cnego Eddiego Merckx\"}]},{\"@type\":\"WebSite\",\"@id\":\"https:\/\/www.welovecycling.com\/pl\/#website\",\"url\":\"https:\/\/www.welovecycling.com\/pl\/\",\"name\":\"\u0160koda We Love Cycling - Poland\",\"description\":\"\",\"potentialAction\":[{\"@type\":\"SearchAction\",\"target\":{\"@type\":\"EntryPoint\",\"urlTemplate\":\"https:\/\/www.welovecycling.com\/pl\/?s={search_term_string}\"},\"query-input\":{\"@type\":\"PropertyValueSpecification\",\"valueRequired\":true,\"valueName\":\"search_term_string\"}}],\"inLanguage\":\"pl-PL\"},{\"@type\":\"Person\",\"@id\":\"https:\/\/www.welovecycling.com\/pl\/#\/schema\/person\/0dba2d39da943db9df3fd8f4687e7f23\",\"name\":\"piotrboczkowski\",\"image\":{\"@type\":\"ImageObject\",\"inLanguage\":\"pl-PL\",\"@id\":\"https:\/\/www.welovecycling.com\/pl\/#\/schema\/person\/image\/\",\"url\":\"https:\/\/secure.gravatar.com\/avatar\/533caccae14752e03a2ce2d3fd62d1b98b93e1393c3195c27819e53344ca1ace?s=96&d=mm&r=g\",\"contentUrl\":\"https:\/\/secure.gravatar.com\/avatar\/533caccae14752e03a2ce2d3fd62d1b98b93e1393c3195c27819e53344ca1ace?s=96&d=mm&r=g\",\"caption\":\"piotrboczkowski\"},\"url\":\"https:\/\/www.welovecycling.com\/pl\/author\/piotrboczkowski\/\"}]}<\/script>\n<!-- \/ Yoast SEO Premium plugin. -->","yoast_head_json":{"title":"Luis Oca\u00f1a jako jedyny nie ba\u0142 si\u0119 pot\u0119\u017cnego Eddiego Merckx - \u0160koda We Love Cycling - Poland","robots":{"index":"index","follow":"follow","max-snippet":"max-snippet:-1","max-image-preview":"max-image-preview:large","max-video-preview":"max-video-preview:-1"},"canonical":"https:\/\/www.welovecycling.com\/pl\/2018\/08\/16\/luis-ocana-jako-jedyny-nie-bal-sie-poteznego-eddiego-merckx\/","og_locale":"pl_PL","og_type":"article","og_title":"Luis Oca\u00f1a jako jedyny nie ba\u0142 si\u0119 pot\u0119\u017cnego Eddiego Merckx","og_description":"&nbsp; Podr\u0119czniki do historii mog\u0105 podawa\u0107, \u017ce Tour de France w roku 1971 wygra\u0142 Cannibal. Rzeczywi\u015bcie, Eddy Merckx jako pierwszy [&hellip;]","og_url":"https:\/\/www.welovecycling.com\/pl\/2018\/08\/16\/luis-ocana-jako-jedyny-nie-bal-sie-poteznego-eddiego-merckx\/","og_site_name":"\u0160koda We Love Cycling - Poland","article_published_time":"2018-08-16T21:10:13+00:00","og_image":[{"width":1366,"height":600,"url":"https:\/\/d2p6e6u75xmxt8.cloudfront.net\/5\/2018\/08\/profimedia-0330144401-1.jpg","type":"image\/jpeg"}],"author":"piotrboczkowski","twitter_card":"summary_large_image","twitter_misc":{"Written by":"Monika Bluck","Est. reading time":"6 minutes"},"schema":{"@context":"https:\/\/schema.org","@graph":[{"@type":"WebPage","@id":"https:\/\/www.welovecycling.com\/pl\/2018\/08\/16\/luis-ocana-jako-jedyny-nie-bal-sie-poteznego-eddiego-merckx\/","url":"https:\/\/www.welovecycling.com\/pl\/2018\/08\/16\/luis-ocana-jako-jedyny-nie-bal-sie-poteznego-eddiego-merckx\/","name":"Luis Oca\u00f1a jako jedyny nie ba\u0142 si\u0119 pot\u0119\u017cnego Eddiego Merckx - \u0160koda We Love Cycling - Poland","isPartOf":{"@id":"https:\/\/www.welovecycling.com\/pl\/#website"},"primaryImageOfPage":{"@id":"https:\/\/www.welovecycling.com\/pl\/2018\/08\/16\/luis-ocana-jako-jedyny-nie-bal-sie-poteznego-eddiego-merckx\/#primaryimage"},"image":{"@id":"https:\/\/www.welovecycling.com\/pl\/2018\/08\/16\/luis-ocana-jako-jedyny-nie-bal-sie-poteznego-eddiego-merckx\/#primaryimage"},"thumbnailUrl":"https:\/\/d2p6e6u75xmxt8.cloudfront.net\/5\/2018\/08\/profimedia-0330144401-1.jpg","datePublished":"2018-08-16T21:10:13+00:00","author":{"@id":"https:\/\/www.welovecycling.com\/pl\/#\/schema\/person\/0dba2d39da943db9df3fd8f4687e7f23"},"breadcrumb":{"@id":"https:\/\/www.welovecycling.com\/pl\/2018\/08\/16\/luis-ocana-jako-jedyny-nie-bal-sie-poteznego-eddiego-merckx\/#breadcrumb"},"inLanguage":"pl-PL","potentialAction":[{"@type":"ReadAction","target":["https:\/\/www.welovecycling.com\/pl\/2018\/08\/16\/luis-ocana-jako-jedyny-nie-bal-sie-poteznego-eddiego-merckx\/"]}]},{"@type":"ImageObject","inLanguage":"pl-PL","@id":"https:\/\/www.welovecycling.com\/pl\/2018\/08\/16\/luis-ocana-jako-jedyny-nie-bal-sie-poteznego-eddiego-merckx\/#primaryimage","url":"https:\/\/d2p6e6u75xmxt8.cloudfront.net\/5\/2018\/08\/profimedia-0330144401-1.jpg","contentUrl":"https:\/\/d2p6e6u75xmxt8.cloudfront.net\/5\/2018\/08\/profimedia-0330144401-1.jpg","width":1366,"height":600},{"@type":"BreadcrumbList","@id":"https:\/\/www.welovecycling.com\/pl\/2018\/08\/16\/luis-ocana-jako-jedyny-nie-bal-sie-poteznego-eddiego-merckx\/#breadcrumb","itemListElement":[{"@type":"ListItem","position":1,"name":"Home","item":"https:\/\/www.welovecycling.com\/pl\/"},{"@type":"ListItem","position":2,"name":"Luis Oca\u00f1a jako jedyny nie ba\u0142 si\u0119 pot\u0119\u017cnego Eddiego Merckx"}]},{"@type":"WebSite","@id":"https:\/\/www.welovecycling.com\/pl\/#website","url":"https:\/\/www.welovecycling.com\/pl\/","name":"\u0160koda We Love Cycling - Poland","description":"","potentialAction":[{"@type":"SearchAction","target":{"@type":"EntryPoint","urlTemplate":"https:\/\/www.welovecycling.com\/pl\/?s={search_term_string}"},"query-input":{"@type":"PropertyValueSpecification","valueRequired":true,"valueName":"search_term_string"}}],"inLanguage":"pl-PL"},{"@type":"Person","@id":"https:\/\/www.welovecycling.com\/pl\/#\/schema\/person\/0dba2d39da943db9df3fd8f4687e7f23","name":"piotrboczkowski","image":{"@type":"ImageObject","inLanguage":"pl-PL","@id":"https:\/\/www.welovecycling.com\/pl\/#\/schema\/person\/image\/","url":"https:\/\/secure.gravatar.com\/avatar\/533caccae14752e03a2ce2d3fd62d1b98b93e1393c3195c27819e53344ca1ace?s=96&d=mm&r=g","contentUrl":"https:\/\/secure.gravatar.com\/avatar\/533caccae14752e03a2ce2d3fd62d1b98b93e1393c3195c27819e53344ca1ace?s=96&d=mm&r=g","caption":"piotrboczkowski"},"url":"https:\/\/www.welovecycling.com\/pl\/author\/piotrboczkowski\/"}]}},"_links":{"self":[{"href":"https:\/\/www.welovecycling.com\/pl\/wp-json\/wp\/v2\/posts\/7549","targetHints":{"allow":["GET"]}}],"collection":[{"href":"https:\/\/www.welovecycling.com\/pl\/wp-json\/wp\/v2\/posts"}],"about":[{"href":"https:\/\/www.welovecycling.com\/pl\/wp-json\/wp\/v2\/types\/post"}],"author":[{"embeddable":true,"href":"https:\/\/www.welovecycling.com\/pl\/wp-json\/wp\/v2\/users\/76"}],"replies":[{"embeddable":true,"href":"https:\/\/www.welovecycling.com\/pl\/wp-json\/wp\/v2\/comments?post=7549"}],"version-history":[{"count":1,"href":"https:\/\/www.welovecycling.com\/pl\/wp-json\/wp\/v2\/posts\/7549\/revisions"}],"predecessor-version":[{"id":7556,"href":"https:\/\/www.welovecycling.com\/pl\/wp-json\/wp\/v2\/posts\/7549\/revisions\/7556"}],"wp:featuredmedia":[{"embeddable":true,"href":"https:\/\/www.welovecycling.com\/pl\/wp-json\/wp\/v2\/media\/7553"}],"wp:attachment":[{"href":"https:\/\/www.welovecycling.com\/pl\/wp-json\/wp\/v2\/media?parent=7549"}],"wp:term":[{"taxonomy":"category","embeddable":true,"href":"https:\/\/www.welovecycling.com\/pl\/wp-json\/wp\/v2\/categories?post=7549"},{"taxonomy":"post_tag","embeddable":true,"href":"https:\/\/www.welovecycling.com\/pl\/wp-json\/wp\/v2\/tags?post=7549"},{"taxonomy":"global-categories","embeddable":true,"href":"https:\/\/www.welovecycling.com\/pl\/wp-json\/wp\/v2\/global-categories?post=7549"}],"curies":[{"name":"wp","href":"https:\/\/api.w.org\/{rel}","templated":true}]}}