{"id":7540,"date":"2018-08-14T17:08:35","date_gmt":"2018-08-14T17:08:35","guid":{"rendered":"https:\/\/www.welovecycling.com\/pl\/?p=7540"},"modified":"2018-08-14T17:08:35","modified_gmt":"2018-08-14T17:08:35","slug":"z-bliska-wyspecjalizowany-rower-petera-sagana","status":"publish","type":"post","link":"https:\/\/www.welovecycling.com\/pl\/2018\/08\/14\/z-bliska-wyspecjalizowany-rower-petera-sagana\/","title":{"rendered":"Z bliska: wyspecjalizowany rower Petera Sagana"},"content":{"rendered":"<p><strong>Po raz kolejny, Peter Sagan z zespo\u0142u BORA \u2013 Hansgrohe dowi\u00f3z\u0142 zielon\u0105 koszulk\u0119 na lini\u0119 mety Tour. Cz\u0119\u015b\u0107 zas\u0142ugi za ten sukces przypada jego zmodyfikowanemu rowerowi: S-Works Venge Disc. Byli\u015bmy ciekawi, jak\u0105 to maszyn\u0105 jeden z czo\u0142owych kolarzy \u015bwiata zdoby\u0142 w sumie 467 punkt\u00f3w \u2013 a wi\u0119c sprawdzili\u015bmy.<\/strong><\/p>\n<p>Zacznijmy od ramy. Peter zdecydowa\u0142 si\u0119 na rozmiar 56 cm. Jego wysoko\u015b\u0107 to 184 cm, za\u015b wysoko\u015b\u0107 siode\u0142ka mierz\u0105c od suportu wynosi 75 cm. Dystans od koniuszka siode\u0142ka do \u015brodka kierownicy to 62,5 cm. Rama jest o 200 gram\u00f3w l\u017cejsza od swojego odpowiednika w poprzednim modelu; widelec wa\u017cy jedynie 250 gram\u00f3w. Ca\u0142o\u015b\u0107 zamyka si\u0119 na 7,46 kg.<\/p>\n<p><a href=\"https:\/\/d2p6e6u75xmxt8.cloudfront.net\/5\/2018\/08\/sta\u017een\u00fd-soubor.jpg\"><img loading=\"lazy\" decoding=\"async\" class=\"alignnone size-extra-large wp-image-7545\" src=\"https:\/\/d2p6e6u75xmxt8.cloudfront.net\/5\/2018\/08\/sta\u017een\u00fd-soubor-1920x640.jpg\" alt=\"\" width=\"1920\" height=\"640\" srcset=\"https:\/\/d2p6e6u75xmxt8.cloudfront.net\/5\/2018\/08\/sta\u017een\u00fd-soubor.jpg 1920w, https:\/\/d2p6e6u75xmxt8.cloudfront.net\/5\/2018\/08\/sta\u017een\u00fd-soubor-300x100.jpg 300w, https:\/\/d2p6e6u75xmxt8.cloudfront.net\/5\/2018\/08\/sta\u017een\u00fd-soubor-768x256.jpg 768w, https:\/\/d2p6e6u75xmxt8.cloudfront.net\/5\/2018\/08\/sta\u017een\u00fd-soubor-1024x341.jpg 1024w, https:\/\/d2p6e6u75xmxt8.cloudfront.net\/5\/2018\/08\/sta\u017een\u00fd-soubor-1920x640.jpg 1920w\" sizes=\"auto, (max-width: 1920px) 100vw, 1920px\" \/><\/a><\/p>\n<p><a href=\"https:\/\/d2p6e6u75xmxt8.cloudfront.net\/5\/2018\/08\/profimedia-0378923055.jpg\"><img loading=\"lazy\" decoding=\"async\" class=\"size-full wp-image-7543\" src=\"https:\/\/d2p6e6u75xmxt8.cloudfront.net\/5\/2018\/08\/profimedia-0378923055.jpg\" alt=\"\" width=\"1250\" height=\"833\" srcset=\"https:\/\/d2p6e6u75xmxt8.cloudfront.net\/5\/2018\/08\/profimedia-0378923055.jpg 1250w, https:\/\/d2p6e6u75xmxt8.cloudfront.net\/5\/2018\/08\/profimedia-0378923055-300x200.jpg 300w, https:\/\/d2p6e6u75xmxt8.cloudfront.net\/5\/2018\/08\/profimedia-0378923055-768x512.jpg 768w, https:\/\/d2p6e6u75xmxt8.cloudfront.net\/5\/2018\/08\/profimedia-0378923055-1024x682.jpg 1024w, https:\/\/d2p6e6u75xmxt8.cloudfront.net\/5\/2018\/08\/profimedia-0378923055-272x182.jpg 272w\" sizes=\"auto, (max-width: 1250px) 100vw, 1250px\" \/><\/a><\/p>\n<p>&nbsp;<\/p>\n<p><a href=\"https:\/\/d2p6e6u75xmxt8.cloudfront.net\/5\/2018\/08\/profimedia-0378888679.jpg\"><img loading=\"lazy\" decoding=\"async\" class=\"size-full wp-image-7542\" src=\"https:\/\/d2p6e6u75xmxt8.cloudfront.net\/5\/2018\/08\/profimedia-0378888679.jpg\" alt=\"\" width=\"1250\" height=\"833\" srcset=\"https:\/\/d2p6e6u75xmxt8.cloudfront.net\/5\/2018\/08\/profimedia-0378888679.jpg 1250w, https:\/\/d2p6e6u75xmxt8.cloudfront.net\/5\/2018\/08\/profimedia-0378888679-300x200.jpg 300w, https:\/\/d2p6e6u75xmxt8.cloudfront.net\/5\/2018\/08\/profimedia-0378888679-768x512.jpg 768w, https:\/\/d2p6e6u75xmxt8.cloudfront.net\/5\/2018\/08\/profimedia-0378888679-1024x682.jpg 1024w, https:\/\/d2p6e6u75xmxt8.cloudfront.net\/5\/2018\/08\/profimedia-0378888679-272x182.jpg 272w\" sizes=\"auto, (max-width: 1250px) 100vw, 1250px\" \/><\/a><\/p>\n<p>Rower ten jest nie tylko lekki, ale r\u00f3wnie\u017c aerodynamiczny, osi\u0105gaj\u0105c wynik o 8 sekund lepszy na 40 km wy\u015bcigu na czas. Jak zawsze, to kompromis pomi\u0119dzy aerodynamik\u0105, wag\u0105 i sztywno\u015bci\u0105. W tym przypadku, in\u017cynierowie udanie po\u0142\u0105czyli wszystkie z tych cech. Sprz\u0119t jest znacznie szybszy i l\u017cejszy, ni\u017c poprzednio.<\/p>\n<p>Kolor turkusowy jest rzekomo inspiracj\u0105 Morzem \u015ar\u00f3dziemnym, w pobli\u017cu kt\u00f3rego \u017cyje Sagan w Monaco \u2013 przypomina mu ono r\u00f3wnie\u017c S\u0142owacj\u0119. Chainstay opatrzony jest trzema opaskami z latami 2015, 2016 oraz 2017, przypominaj\u0105cymi wszystkim o zwyci\u0119stwach Sagana podczas mistrzostw \u015bwiata. G\u00f3rna rura nosi inicja\u0142y <em>PS<\/em>, pisane odr\u0119cznie. Na ca\u0142ej ramie znale\u017a\u0107 mo\u017cna slogany, takie jak ten Sagana: \u201eJe\u015bli nie mam \u017c\u00f3\u0142tej, b\u0119d\u0119 mie\u0107 zielon\u0105\u2026 Ostatecznie, t\u0119czow\u0105\u201d. Na suporcie wida\u0107 proste zdanie: \u201eZobaczymy\u201d.<\/p>\n<p>Kierownica razem z mostkiem wa\u017c\u0105 107 gram\u00f3w mniej, ni\u017c te w poprzednim modelu. D\u0142ugo\u015b\u0107 mostka wynosi 145 mm, co czyni go jednym z d\u0142u\u017cszych w peletonie World Tour. Peter trzyma aerodynamiczne uchwyty S-Works Aerofly 2 o szeroko\u015bci 42 cm, obserwuj\u0105c przy tym nawigacj\u0119 GPS Wahoo Element Bolt, przytwierdzon\u0105 z przodu mostka. Uchwyty maj\u0105 niski profil przedni \u2013 pozbawione s\u0105 przy tym r\u00f3wnie\u017c g\u00f3rnej ta\u015bmy; to wszystko w celu uzyskania jak najlepszej aerodynamiki.<\/p>\n<p>Uk\u0142ad prze\u0142\u0105czania bieg\u00f3w montowany do kierownicy to Shimano Di2 9170 \u2013 doskonale wsp\u00f3\u0142pracuje z hamulcami tarczowymi. Przedni wirnik ma \u015brednic\u0119 wynosz\u0105c\u0105 160 mm, tylny za\u015b \u2013 140 mm. Rower jest jeszcze wyposa\u017cony w par\u0119 innych cz\u0119\u015bci z zestawu DuraAce, wliczaj\u0105c w to przednie i tylne przerzutki, \u0142a\u0144cuch, korb\u0119 i peda\u0142y \u2013 reszta pochodzi ze Specialized i ich firmy produkuj\u0105cej ko\u0142a, Roval. Kaseta Shimano DuraAce ma zasi\u0119g od 11 do 28 z\u0119b\u00f3w; kombinacja z\u0119batki nap\u0119dowej to 54\/42 \u2013 co jest raczej niespotykanym wariantem. Miernik mocy jest produkcji Specialized. Butelki z wod\u0105 mog\u0105 by\u0107 mocowane do uchwyt\u00f3w z w\u0142\u00f3kna szklanego.<\/p>\n<figure id=\"attachment_7541\" aria-describedby=\"caption-attachment-7541\" style=\"width: 1250px\" class=\"wp-caption alignnone\"><a href=\"https:\/\/d2p6e6u75xmxt8.cloudfront.net\/5\/2018\/08\/profimedia-0378189092.jpg\"><img loading=\"lazy\" decoding=\"async\" class=\"size-full wp-image-7541\" src=\"https:\/\/d2p6e6u75xmxt8.cloudfront.net\/5\/2018\/08\/profimedia-0378189092.jpg\" alt=\"\" width=\"1250\" height=\"833\" srcset=\"https:\/\/d2p6e6u75xmxt8.cloudfront.net\/5\/2018\/08\/profimedia-0378189092.jpg 1250w, https:\/\/d2p6e6u75xmxt8.cloudfront.net\/5\/2018\/08\/profimedia-0378189092-300x200.jpg 300w, https:\/\/d2p6e6u75xmxt8.cloudfront.net\/5\/2018\/08\/profimedia-0378189092-768x512.jpg 768w, https:\/\/d2p6e6u75xmxt8.cloudfront.net\/5\/2018\/08\/profimedia-0378189092-1024x682.jpg 1024w, https:\/\/d2p6e6u75xmxt8.cloudfront.net\/5\/2018\/08\/profimedia-0378189092-272x182.jpg 272w\" sizes=\"auto, (max-width: 1250px) 100vw, 1250px\" \/><\/a><figcaption id=\"caption-attachment-7541\" class=\"wp-caption-text\"><em>Peter Sagan podczas Etapu 10 w Annecy \u2013 le Grand Bornand (158,5 km) 17 lipca 2018 roku. \u00a9 Profimedia, AFP<\/em><\/figcaption><\/figure>\n<p>W skr\u00f3cie \u2013 wyj\u0105tkowa maszyna dla pewnego wyj\u0105tkowego S\u0142owaka.<\/p>\n","protected":false},"excerpt":{"rendered":"<p>Po raz kolejny, Peter Sagan z zespo\u0142u BORA \u2013 Hansgrohe dowi\u00f3z\u0142 zielon\u0105 koszulk\u0119 na lini\u0119 mety Tour. Cz\u0119\u015b\u0107 zas\u0142ugi za [&hellip;]<\/p>\n","protected":false},"author":76,"featured_media":7544,"comment_status":"open","ping_status":"open","sticky":false,"template":"","format":"standard","meta":{"footnotes":""},"categories":[6],"tags":[94],"global-categories":[],"class_list":["post-7540","post","type-post","status-publish","format-standard","has-post-thumbnail","hentry","category-kolarstwo-szosowe","tag-peter-sagan"],"yoast_head":"<!-- This site is optimized with the Yoast SEO Premium plugin v25.3 (Yoast SEO v25.9) - https:\/\/yoast.com\/wordpress\/plugins\/seo\/ -->\n<title>Z bliska: wyspecjalizowany rower Petera Sagana - \u0160koda We Love Cycling - Poland<\/title>\n<meta name=\"robots\" content=\"index, follow, max-snippet:-1, max-image-preview:large, max-video-preview:-1\" \/>\n<link rel=\"canonical\" href=\"https:\/\/www.welovecycling.com\/pl\/2018\/08\/14\/z-bliska-wyspecjalizowany-rower-petera-sagana\/\" \/>\n<meta property=\"og:locale\" content=\"pl_PL\" \/>\n<meta property=\"og:type\" content=\"article\" \/>\n<meta property=\"og:title\" content=\"Z bliska: wyspecjalizowany rower Petera Sagana\" \/>\n<meta property=\"og:description\" content=\"Po raz kolejny, Peter Sagan z zespo\u0142u BORA \u2013 Hansgrohe dowi\u00f3z\u0142 zielon\u0105 koszulk\u0119 na lini\u0119 mety Tour. Cz\u0119\u015b\u0107 zas\u0142ugi za [&hellip;]\" \/>\n<meta property=\"og:url\" content=\"https:\/\/www.welovecycling.com\/pl\/2018\/08\/14\/z-bliska-wyspecjalizowany-rower-petera-sagana\/\" \/>\n<meta property=\"og:site_name\" content=\"\u0160koda We Love Cycling - Poland\" \/>\n<meta property=\"article:published_time\" content=\"2018-08-14T17:08:35+00:00\" \/>\n<meta property=\"og:image\" content=\"https:\/\/d2p6e6u75xmxt8.cloudfront.net\/5\/2018\/08\/profimedia-0379627538-1.jpg\" \/>\n\t<meta property=\"og:image:width\" content=\"1366\" \/>\n\t<meta property=\"og:image:height\" content=\"600\" \/>\n\t<meta property=\"og:image:type\" content=\"image\/jpeg\" \/>\n<meta name=\"author\" content=\"piotrboczkowski\" \/>\n<meta name=\"twitter:card\" content=\"summary_large_image\" \/>\n<meta name=\"twitter:label1\" content=\"Written by\" \/>\n\t<meta name=\"twitter:data1\" content=\"Adam Marsal\" \/>\n\t<meta name=\"twitter:label2\" content=\"Est. reading time\" \/>\n\t<meta name=\"twitter:data2\" content=\"2 minutes\" \/>\n<script type=\"application\/ld+json\" class=\"yoast-schema-graph\">{\"@context\":\"https:\/\/schema.org\",\"@graph\":[{\"@type\":\"WebPage\",\"@id\":\"https:\/\/www.welovecycling.com\/pl\/2018\/08\/14\/z-bliska-wyspecjalizowany-rower-petera-sagana\/\",\"url\":\"https:\/\/www.welovecycling.com\/pl\/2018\/08\/14\/z-bliska-wyspecjalizowany-rower-petera-sagana\/\",\"name\":\"Z bliska: wyspecjalizowany rower Petera Sagana - \u0160koda We Love Cycling - Poland\",\"isPartOf\":{\"@id\":\"https:\/\/www.welovecycling.com\/pl\/#website\"},\"primaryImageOfPage\":{\"@id\":\"https:\/\/www.welovecycling.com\/pl\/2018\/08\/14\/z-bliska-wyspecjalizowany-rower-petera-sagana\/#primaryimage\"},\"image\":{\"@id\":\"https:\/\/www.welovecycling.com\/pl\/2018\/08\/14\/z-bliska-wyspecjalizowany-rower-petera-sagana\/#primaryimage\"},\"thumbnailUrl\":\"https:\/\/d2p6e6u75xmxt8.cloudfront.net\/5\/2018\/08\/profimedia-0379627538-1.jpg\",\"datePublished\":\"2018-08-14T17:08:35+00:00\",\"author\":{\"@id\":\"https:\/\/www.welovecycling.com\/pl\/#\/schema\/person\/0dba2d39da943db9df3fd8f4687e7f23\"},\"breadcrumb\":{\"@id\":\"https:\/\/www.welovecycling.com\/pl\/2018\/08\/14\/z-bliska-wyspecjalizowany-rower-petera-sagana\/#breadcrumb\"},\"inLanguage\":\"pl-PL\",\"potentialAction\":[{\"@type\":\"ReadAction\",\"target\":[\"https:\/\/www.welovecycling.com\/pl\/2018\/08\/14\/z-bliska-wyspecjalizowany-rower-petera-sagana\/\"]}]},{\"@type\":\"ImageObject\",\"inLanguage\":\"pl-PL\",\"@id\":\"https:\/\/www.welovecycling.com\/pl\/2018\/08\/14\/z-bliska-wyspecjalizowany-rower-petera-sagana\/#primaryimage\",\"url\":\"https:\/\/d2p6e6u75xmxt8.cloudfront.net\/5\/2018\/08\/profimedia-0379627538-1.jpg\",\"contentUrl\":\"https:\/\/d2p6e6u75xmxt8.cloudfront.net\/5\/2018\/08\/profimedia-0379627538-1.jpg\",\"width\":1366,\"height\":600},{\"@type\":\"BreadcrumbList\",\"@id\":\"https:\/\/www.welovecycling.com\/pl\/2018\/08\/14\/z-bliska-wyspecjalizowany-rower-petera-sagana\/#breadcrumb\",\"itemListElement\":[{\"@type\":\"ListItem\",\"position\":1,\"name\":\"Home\",\"item\":\"https:\/\/www.welovecycling.com\/pl\/\"},{\"@type\":\"ListItem\",\"position\":2,\"name\":\"Z bliska: wyspecjalizowany rower Petera Sagana\"}]},{\"@type\":\"WebSite\",\"@id\":\"https:\/\/www.welovecycling.com\/pl\/#website\",\"url\":\"https:\/\/www.welovecycling.com\/pl\/\",\"name\":\"\u0160koda We Love Cycling - Poland\",\"description\":\"\",\"potentialAction\":[{\"@type\":\"SearchAction\",\"target\":{\"@type\":\"EntryPoint\",\"urlTemplate\":\"https:\/\/www.welovecycling.com\/pl\/?s={search_term_string}\"},\"query-input\":{\"@type\":\"PropertyValueSpecification\",\"valueRequired\":true,\"valueName\":\"search_term_string\"}}],\"inLanguage\":\"pl-PL\"},{\"@type\":\"Person\",\"@id\":\"https:\/\/www.welovecycling.com\/pl\/#\/schema\/person\/0dba2d39da943db9df3fd8f4687e7f23\",\"name\":\"piotrboczkowski\",\"image\":{\"@type\":\"ImageObject\",\"inLanguage\":\"pl-PL\",\"@id\":\"https:\/\/www.welovecycling.com\/pl\/#\/schema\/person\/image\/\",\"url\":\"https:\/\/secure.gravatar.com\/avatar\/533caccae14752e03a2ce2d3fd62d1b98b93e1393c3195c27819e53344ca1ace?s=96&d=mm&r=g\",\"contentUrl\":\"https:\/\/secure.gravatar.com\/avatar\/533caccae14752e03a2ce2d3fd62d1b98b93e1393c3195c27819e53344ca1ace?s=96&d=mm&r=g\",\"caption\":\"piotrboczkowski\"},\"url\":\"https:\/\/www.welovecycling.com\/pl\/author\/piotrboczkowski\/\"}]}<\/script>\n<!-- \/ Yoast SEO Premium plugin. -->","yoast_head_json":{"title":"Z bliska: wyspecjalizowany rower Petera Sagana - \u0160koda We Love Cycling - Poland","robots":{"index":"index","follow":"follow","max-snippet":"max-snippet:-1","max-image-preview":"max-image-preview:large","max-video-preview":"max-video-preview:-1"},"canonical":"https:\/\/www.welovecycling.com\/pl\/2018\/08\/14\/z-bliska-wyspecjalizowany-rower-petera-sagana\/","og_locale":"pl_PL","og_type":"article","og_title":"Z bliska: wyspecjalizowany rower Petera Sagana","og_description":"Po raz kolejny, Peter Sagan z zespo\u0142u BORA \u2013 Hansgrohe dowi\u00f3z\u0142 zielon\u0105 koszulk\u0119 na lini\u0119 mety Tour. Cz\u0119\u015b\u0107 zas\u0142ugi za [&hellip;]","og_url":"https:\/\/www.welovecycling.com\/pl\/2018\/08\/14\/z-bliska-wyspecjalizowany-rower-petera-sagana\/","og_site_name":"\u0160koda We Love Cycling - Poland","article_published_time":"2018-08-14T17:08:35+00:00","og_image":[{"width":1366,"height":600,"url":"https:\/\/d2p6e6u75xmxt8.cloudfront.net\/5\/2018\/08\/profimedia-0379627538-1.jpg","type":"image\/jpeg"}],"author":"piotrboczkowski","twitter_card":"summary_large_image","twitter_misc":{"Written by":"Adam Marsal","Est. reading time":"2 minutes"},"schema":{"@context":"https:\/\/schema.org","@graph":[{"@type":"WebPage","@id":"https:\/\/www.welovecycling.com\/pl\/2018\/08\/14\/z-bliska-wyspecjalizowany-rower-petera-sagana\/","url":"https:\/\/www.welovecycling.com\/pl\/2018\/08\/14\/z-bliska-wyspecjalizowany-rower-petera-sagana\/","name":"Z bliska: wyspecjalizowany rower Petera Sagana - \u0160koda We Love Cycling - Poland","isPartOf":{"@id":"https:\/\/www.welovecycling.com\/pl\/#website"},"primaryImageOfPage":{"@id":"https:\/\/www.welovecycling.com\/pl\/2018\/08\/14\/z-bliska-wyspecjalizowany-rower-petera-sagana\/#primaryimage"},"image":{"@id":"https:\/\/www.welovecycling.com\/pl\/2018\/08\/14\/z-bliska-wyspecjalizowany-rower-petera-sagana\/#primaryimage"},"thumbnailUrl":"https:\/\/d2p6e6u75xmxt8.cloudfront.net\/5\/2018\/08\/profimedia-0379627538-1.jpg","datePublished":"2018-08-14T17:08:35+00:00","author":{"@id":"https:\/\/www.welovecycling.com\/pl\/#\/schema\/person\/0dba2d39da943db9df3fd8f4687e7f23"},"breadcrumb":{"@id":"https:\/\/www.welovecycling.com\/pl\/2018\/08\/14\/z-bliska-wyspecjalizowany-rower-petera-sagana\/#breadcrumb"},"inLanguage":"pl-PL","potentialAction":[{"@type":"ReadAction","target":["https:\/\/www.welovecycling.com\/pl\/2018\/08\/14\/z-bliska-wyspecjalizowany-rower-petera-sagana\/"]}]},{"@type":"ImageObject","inLanguage":"pl-PL","@id":"https:\/\/www.welovecycling.com\/pl\/2018\/08\/14\/z-bliska-wyspecjalizowany-rower-petera-sagana\/#primaryimage","url":"https:\/\/d2p6e6u75xmxt8.cloudfront.net\/5\/2018\/08\/profimedia-0379627538-1.jpg","contentUrl":"https:\/\/d2p6e6u75xmxt8.cloudfront.net\/5\/2018\/08\/profimedia-0379627538-1.jpg","width":1366,"height":600},{"@type":"BreadcrumbList","@id":"https:\/\/www.welovecycling.com\/pl\/2018\/08\/14\/z-bliska-wyspecjalizowany-rower-petera-sagana\/#breadcrumb","itemListElement":[{"@type":"ListItem","position":1,"name":"Home","item":"https:\/\/www.welovecycling.com\/pl\/"},{"@type":"ListItem","position":2,"name":"Z bliska: wyspecjalizowany rower Petera Sagana"}]},{"@type":"WebSite","@id":"https:\/\/www.welovecycling.com\/pl\/#website","url":"https:\/\/www.welovecycling.com\/pl\/","name":"\u0160koda We Love Cycling - Poland","description":"","potentialAction":[{"@type":"SearchAction","target":{"@type":"EntryPoint","urlTemplate":"https:\/\/www.welovecycling.com\/pl\/?s={search_term_string}"},"query-input":{"@type":"PropertyValueSpecification","valueRequired":true,"valueName":"search_term_string"}}],"inLanguage":"pl-PL"},{"@type":"Person","@id":"https:\/\/www.welovecycling.com\/pl\/#\/schema\/person\/0dba2d39da943db9df3fd8f4687e7f23","name":"piotrboczkowski","image":{"@type":"ImageObject","inLanguage":"pl-PL","@id":"https:\/\/www.welovecycling.com\/pl\/#\/schema\/person\/image\/","url":"https:\/\/secure.gravatar.com\/avatar\/533caccae14752e03a2ce2d3fd62d1b98b93e1393c3195c27819e53344ca1ace?s=96&d=mm&r=g","contentUrl":"https:\/\/secure.gravatar.com\/avatar\/533caccae14752e03a2ce2d3fd62d1b98b93e1393c3195c27819e53344ca1ace?s=96&d=mm&r=g","caption":"piotrboczkowski"},"url":"https:\/\/www.welovecycling.com\/pl\/author\/piotrboczkowski\/"}]}},"_links":{"self":[{"href":"https:\/\/www.welovecycling.com\/pl\/wp-json\/wp\/v2\/posts\/7540","targetHints":{"allow":["GET"]}}],"collection":[{"href":"https:\/\/www.welovecycling.com\/pl\/wp-json\/wp\/v2\/posts"}],"about":[{"href":"https:\/\/www.welovecycling.com\/pl\/wp-json\/wp\/v2\/types\/post"}],"author":[{"embeddable":true,"href":"https:\/\/www.welovecycling.com\/pl\/wp-json\/wp\/v2\/users\/76"}],"replies":[{"embeddable":true,"href":"https:\/\/www.welovecycling.com\/pl\/wp-json\/wp\/v2\/comments?post=7540"}],"version-history":[{"count":2,"href":"https:\/\/www.welovecycling.com\/pl\/wp-json\/wp\/v2\/posts\/7540\/revisions"}],"predecessor-version":[{"id":7548,"href":"https:\/\/www.welovecycling.com\/pl\/wp-json\/wp\/v2\/posts\/7540\/revisions\/7548"}],"wp:featuredmedia":[{"embeddable":true,"href":"https:\/\/www.welovecycling.com\/pl\/wp-json\/wp\/v2\/media\/7544"}],"wp:attachment":[{"href":"https:\/\/www.welovecycling.com\/pl\/wp-json\/wp\/v2\/media?parent=7540"}],"wp:term":[{"taxonomy":"category","embeddable":true,"href":"https:\/\/www.welovecycling.com\/pl\/wp-json\/wp\/v2\/categories?post=7540"},{"taxonomy":"post_tag","embeddable":true,"href":"https:\/\/www.welovecycling.com\/pl\/wp-json\/wp\/v2\/tags?post=7540"},{"taxonomy":"global-categories","embeddable":true,"href":"https:\/\/www.welovecycling.com\/pl\/wp-json\/wp\/v2\/global-categories?post=7540"}],"curies":[{"name":"wp","href":"https:\/\/api.w.org\/{rel}","templated":true}]}}