{"id":7521,"date":"2018-08-09T14:01:09","date_gmt":"2018-08-09T14:01:09","guid":{"rendered":"https:\/\/www.welovecycling.com\/pl\/?p=7521"},"modified":"2018-08-09T14:01:09","modified_gmt":"2018-08-09T14:01:09","slug":"6-oznak-przetrenowania","status":"publish","type":"post","link":"https:\/\/www.welovecycling.com\/pl\/2018\/08\/09\/6-oznak-przetrenowania\/","title":{"rendered":"6 Oznak Przetrenowania"},"content":{"rendered":"<p><strong>Kolarstwo mo\u017ce by\u0107 bardzo wymagaj\u0105cym sportem. Niewa\u017cne czy uprawiasz je profesjonalnie czy tylko rekreacyjnie \u2013 istnieje zagro\u017cenie, \u017ce przesadzisz z treningiem. Twoje cia\u0142o zniesie to przez pewien czas, ale ka\u017cdy ma swoje granice. Sk\u0105d wiedzie\u0107, \u017ce pora troch\u0119 zwolni\u0107?<\/strong><\/p>\n<p><strong>Odpadasz przy zwyk\u0142ym treningu<\/strong><\/p>\n<p>Zwykle udaje Ci si\u0119 zdoby\u0107 znane podjazdy bez problemu, ale tym razem co\u015b jest nie tak. Nie mo\u017cesz wykrzesa\u0107 z siebie do\u015b\u0107 si\u0142y ani motywacji. Wida\u0107 to nawet dobitniej na mierniku mocy, je\u015bli go u\u017cywasz. Gdyby przydarzy\u0142o ci si\u0119 to raz lub dwa \u2013 nie ma si\u0119 czym przejmowa\u0107, ale w sytuacji gdy takie sytuacje zaczynaj\u0105 by\u0107 norm\u0105, pora si\u0119 temu przyjrze\u0107.<\/p>\n<p><a href=\"https:\/\/d2p6e6u75xmxt8.cloudfront.net\/5\/2018\/08\/profimedia-0372952587.jpg\"><img loading=\"lazy\" decoding=\"async\" class=\"size-full wp-image-7524\" src=\"https:\/\/d2p6e6u75xmxt8.cloudfront.net\/5\/2018\/08\/profimedia-0372952587.jpg\" alt=\"\" width=\"1250\" height=\"831\" srcset=\"https:\/\/d2p6e6u75xmxt8.cloudfront.net\/5\/2018\/08\/profimedia-0372952587.jpg 1250w, https:\/\/d2p6e6u75xmxt8.cloudfront.net\/5\/2018\/08\/profimedia-0372952587-300x199.jpg 300w, https:\/\/d2p6e6u75xmxt8.cloudfront.net\/5\/2018\/08\/profimedia-0372952587-768x511.jpg 768w, https:\/\/d2p6e6u75xmxt8.cloudfront.net\/5\/2018\/08\/profimedia-0372952587-1024x681.jpg 1024w, https:\/\/d2p6e6u75xmxt8.cloudfront.net\/5\/2018\/08\/profimedia-0372952587-272x182.jpg 272w\" sizes=\"auto, (max-width: 1250px) 100vw, 1250px\" \/><\/a><\/p>\n<p><strong>Musisz zmusza\u0107 si\u0119 do jazdy<\/strong><\/p>\n<p>Niegdy\u015b z entuzjazmem sp\u0119dza\u0142e\u015b ka\u017cd\u0105 woln\u0105 chwil\u0119 na rowerze, jednak teraz przesta\u0142e\u015b si\u0119 na tym skupia\u0107. Ochota na codzienne treningi zacz\u0119\u0142a spada\u0107 \u2013 albo z powodu samopoczucia, albo nieprzygotowania. Pami\u0119taj o tym, \u017ce kolarstwo dla amator\u00f3w powinno by\u0107 przede wszystkim zabaw\u0105, a nie tylko treningiem.<\/p>\n<p><strong>Trenujesz jak nakr\u0119cony<\/strong><\/p>\n<p>Niekt\u00f3rzy potrafi\u0105 je\u017adzi\u0107 bez ustanku przez bardzo d\u0142ugi czas; jednak\u017ce, ka\u017cdy potrzebuje chwili na odzyskanie si\u0142. Kiedy kalendarz m\u00f3wi wyra\u017anie, \u017ce to tw\u00f3j kolejny tydzie\u0144 bez odpoczynku &#8211; wrzu\u0107 na luz.<\/p>\n<p><strong>Nie sypiasz dobrze<\/strong><\/p>\n<p>Wszystko jest na odwr\u00f3t\u2026 Niby jeste\u015b zm\u0119czony jak diabli, a zasypiasz z du\u017cym trudem. Wiele bada\u0144 potwierdza, \u017ce przetrenowanie mo\u017ce \u017ale wp\u0142ywa\u0107 na sen, powoduj\u0105c bezsenno\u015b\u0107 albo m\u0119cz\u0105ce noce.<\/p>\n<p><strong>Masz inne t\u0119tno<\/strong><\/p>\n<p>Niekt\u00f3re badania udowadniaj\u0105, \u017ce zbyt intensywny trening mo\u017ce obni\u017ca\u0107 lub podnosi\u0107 t\u0119tno. Je\u017celi zauwa\u017cysz znaczn\u0105 zmian\u0119 w przeci\u0105gu kr\u00f3tkiego czasu \u2013 mo\u017ce to by\u0107 oznaka przem\u0119czenia, a co za tym idzie, wyra\u017any sygna\u0142, \u017ce pora na odpoczynek.<\/p>\n<p><a href=\"https:\/\/d2p6e6u75xmxt8.cloudfront.net\/5\/2018\/08\/profimedia-0132332127.jpg\"><img loading=\"lazy\" decoding=\"async\" class=\"size-full wp-image-7522\" src=\"https:\/\/d2p6e6u75xmxt8.cloudfront.net\/5\/2018\/08\/profimedia-0132332127.jpg\" alt=\"\" width=\"1250\" height=\"827\" srcset=\"https:\/\/d2p6e6u75xmxt8.cloudfront.net\/5\/2018\/08\/profimedia-0132332127.jpg 1250w, https:\/\/d2p6e6u75xmxt8.cloudfront.net\/5\/2018\/08\/profimedia-0132332127-300x198.jpg 300w, https:\/\/d2p6e6u75xmxt8.cloudfront.net\/5\/2018\/08\/profimedia-0132332127-768x508.jpg 768w, https:\/\/d2p6e6u75xmxt8.cloudfront.net\/5\/2018\/08\/profimedia-0132332127-1024x677.jpg 1024w\" sizes=\"auto, (max-width: 1250px) 100vw, 1250px\" \/><\/a><\/p>\n<p><strong>Zdrowie zawodzi<\/strong><\/p>\n<p>Nawracaj\u0105ce dolegliwo\u015bci mog\u0105 wskazywa\u0107 na to, \u017ce tw\u00f3j system immunologiczny jest przeci\u0105\u017cony. W normalnych warunkach trening powinien korzystnie wp\u0142ywa\u0107 na organizm \u2013 jednak\u017ce je\u015bli przesadzisz, twoje cia\u0142o nie b\u0119dzie nad\u0105\u017ca\u0142o z \u2018naprawami\u2019. Nie lekcewa\u017c, prosz\u0119, wy\u017cej wymienionych oznak. W ko\u0144cu zdrowie masz\u00a0 tylko jedno!<\/p>\n","protected":false},"excerpt":{"rendered":"<p>Kolarstwo mo\u017ce by\u0107 bardzo wymagaj\u0105cym sportem. Niewa\u017cne czy uprawiasz je profesjonalnie czy tylko rekreacyjnie \u2013 istnieje zagro\u017cenie, \u017ce przesadzisz z [&hellip;]<\/p>\n","protected":false},"author":76,"featured_media":7523,"comment_status":"open","ping_status":"open","sticky":false,"template":"","format":"standard","meta":{"footnotes":""},"categories":[4],"tags":[284,123],"global-categories":[],"class_list":["post-7521","post","type-post","status-publish","format-standard","has-post-thumbnail","hentry","category-zdrowie-i-trening","tag-przetrenowanie","tag-zdrowie-i-trening"],"yoast_head":"<!-- This site is optimized with the Yoast SEO Premium plugin v25.3 (Yoast SEO v25.9) - https:\/\/yoast.com\/wordpress\/plugins\/seo\/ -->\n<title>6 Oznak Przetrenowania - \u0160koda We Love Cycling - Poland<\/title>\n<meta name=\"robots\" content=\"index, follow, max-snippet:-1, max-image-preview:large, max-video-preview:-1\" \/>\n<link rel=\"canonical\" href=\"https:\/\/www.welovecycling.com\/pl\/2018\/08\/09\/6-oznak-przetrenowania\/\" \/>\n<meta property=\"og:locale\" content=\"pl_PL\" \/>\n<meta property=\"og:type\" content=\"article\" \/>\n<meta property=\"og:title\" content=\"6 Oznak Przetrenowania\" \/>\n<meta property=\"og:description\" content=\"Kolarstwo mo\u017ce by\u0107 bardzo wymagaj\u0105cym sportem. Niewa\u017cne czy uprawiasz je profesjonalnie czy tylko rekreacyjnie \u2013 istnieje zagro\u017cenie, \u017ce przesadzisz z [&hellip;]\" \/>\n<meta property=\"og:url\" content=\"https:\/\/www.welovecycling.com\/pl\/2018\/08\/09\/6-oznak-przetrenowania\/\" \/>\n<meta property=\"og:site_name\" content=\"\u0160koda We Love Cycling - Poland\" \/>\n<meta property=\"article:published_time\" content=\"2018-08-09T14:01:09+00:00\" \/>\n<meta property=\"og:image\" content=\"https:\/\/d2p6e6u75xmxt8.cloudfront.net\/5\/2018\/08\/profimedia-0306469011-1.jpg\" \/>\n\t<meta property=\"og:image:width\" content=\"1366\" \/>\n\t<meta property=\"og:image:height\" content=\"600\" \/>\n\t<meta property=\"og:image:type\" content=\"image\/jpeg\" \/>\n<meta name=\"author\" content=\"piotrboczkowski\" \/>\n<meta name=\"twitter:card\" content=\"summary_large_image\" \/>\n<meta name=\"twitter:label1\" content=\"Written by\" \/>\n\t<meta name=\"twitter:data1\" content=\"Adam Marsal\" \/>\n\t<meta name=\"twitter:label2\" content=\"Est. reading time\" \/>\n\t<meta name=\"twitter:data2\" content=\"2 minutes\" \/>\n<script type=\"application\/ld+json\" class=\"yoast-schema-graph\">{\"@context\":\"https:\/\/schema.org\",\"@graph\":[{\"@type\":\"WebPage\",\"@id\":\"https:\/\/www.welovecycling.com\/pl\/2018\/08\/09\/6-oznak-przetrenowania\/\",\"url\":\"https:\/\/www.welovecycling.com\/pl\/2018\/08\/09\/6-oznak-przetrenowania\/\",\"name\":\"6 Oznak Przetrenowania - \u0160koda We Love Cycling - Poland\",\"isPartOf\":{\"@id\":\"https:\/\/www.welovecycling.com\/pl\/#website\"},\"primaryImageOfPage\":{\"@id\":\"https:\/\/www.welovecycling.com\/pl\/2018\/08\/09\/6-oznak-przetrenowania\/#primaryimage\"},\"image\":{\"@id\":\"https:\/\/www.welovecycling.com\/pl\/2018\/08\/09\/6-oznak-przetrenowania\/#primaryimage\"},\"thumbnailUrl\":\"https:\/\/d2p6e6u75xmxt8.cloudfront.net\/5\/2018\/08\/profimedia-0306469011-1.jpg\",\"datePublished\":\"2018-08-09T14:01:09+00:00\",\"author\":{\"@id\":\"https:\/\/www.welovecycling.com\/pl\/#\/schema\/person\/0dba2d39da943db9df3fd8f4687e7f23\"},\"breadcrumb\":{\"@id\":\"https:\/\/www.welovecycling.com\/pl\/2018\/08\/09\/6-oznak-przetrenowania\/#breadcrumb\"},\"inLanguage\":\"pl-PL\",\"potentialAction\":[{\"@type\":\"ReadAction\",\"target\":[\"https:\/\/www.welovecycling.com\/pl\/2018\/08\/09\/6-oznak-przetrenowania\/\"]}]},{\"@type\":\"ImageObject\",\"inLanguage\":\"pl-PL\",\"@id\":\"https:\/\/www.welovecycling.com\/pl\/2018\/08\/09\/6-oznak-przetrenowania\/#primaryimage\",\"url\":\"https:\/\/d2p6e6u75xmxt8.cloudfront.net\/5\/2018\/08\/profimedia-0306469011-1.jpg\",\"contentUrl\":\"https:\/\/d2p6e6u75xmxt8.cloudfront.net\/5\/2018\/08\/profimedia-0306469011-1.jpg\",\"width\":1366,\"height\":600},{\"@type\":\"BreadcrumbList\",\"@id\":\"https:\/\/www.welovecycling.com\/pl\/2018\/08\/09\/6-oznak-przetrenowania\/#breadcrumb\",\"itemListElement\":[{\"@type\":\"ListItem\",\"position\":1,\"name\":\"Home\",\"item\":\"https:\/\/www.welovecycling.com\/pl\/\"},{\"@type\":\"ListItem\",\"position\":2,\"name\":\"6 Oznak Przetrenowania\"}]},{\"@type\":\"WebSite\",\"@id\":\"https:\/\/www.welovecycling.com\/pl\/#website\",\"url\":\"https:\/\/www.welovecycling.com\/pl\/\",\"name\":\"\u0160koda We Love Cycling - Poland\",\"description\":\"\",\"potentialAction\":[{\"@type\":\"SearchAction\",\"target\":{\"@type\":\"EntryPoint\",\"urlTemplate\":\"https:\/\/www.welovecycling.com\/pl\/?s={search_term_string}\"},\"query-input\":{\"@type\":\"PropertyValueSpecification\",\"valueRequired\":true,\"valueName\":\"search_term_string\"}}],\"inLanguage\":\"pl-PL\"},{\"@type\":\"Person\",\"@id\":\"https:\/\/www.welovecycling.com\/pl\/#\/schema\/person\/0dba2d39da943db9df3fd8f4687e7f23\",\"name\":\"piotrboczkowski\",\"image\":{\"@type\":\"ImageObject\",\"inLanguage\":\"pl-PL\",\"@id\":\"https:\/\/www.welovecycling.com\/pl\/#\/schema\/person\/image\/\",\"url\":\"https:\/\/secure.gravatar.com\/avatar\/533caccae14752e03a2ce2d3fd62d1b98b93e1393c3195c27819e53344ca1ace?s=96&d=mm&r=g\",\"contentUrl\":\"https:\/\/secure.gravatar.com\/avatar\/533caccae14752e03a2ce2d3fd62d1b98b93e1393c3195c27819e53344ca1ace?s=96&d=mm&r=g\",\"caption\":\"piotrboczkowski\"},\"url\":\"https:\/\/www.welovecycling.com\/pl\/author\/piotrboczkowski\/\"}]}<\/script>\n<!-- \/ Yoast SEO Premium plugin. -->","yoast_head_json":{"title":"6 Oznak Przetrenowania - \u0160koda We Love Cycling - Poland","robots":{"index":"index","follow":"follow","max-snippet":"max-snippet:-1","max-image-preview":"max-image-preview:large","max-video-preview":"max-video-preview:-1"},"canonical":"https:\/\/www.welovecycling.com\/pl\/2018\/08\/09\/6-oznak-przetrenowania\/","og_locale":"pl_PL","og_type":"article","og_title":"6 Oznak Przetrenowania","og_description":"Kolarstwo mo\u017ce by\u0107 bardzo wymagaj\u0105cym sportem. Niewa\u017cne czy uprawiasz je profesjonalnie czy tylko rekreacyjnie \u2013 istnieje zagro\u017cenie, \u017ce przesadzisz z [&hellip;]","og_url":"https:\/\/www.welovecycling.com\/pl\/2018\/08\/09\/6-oznak-przetrenowania\/","og_site_name":"\u0160koda We Love Cycling - Poland","article_published_time":"2018-08-09T14:01:09+00:00","og_image":[{"width":1366,"height":600,"url":"https:\/\/d2p6e6u75xmxt8.cloudfront.net\/5\/2018\/08\/profimedia-0306469011-1.jpg","type":"image\/jpeg"}],"author":"piotrboczkowski","twitter_card":"summary_large_image","twitter_misc":{"Written by":"Adam Marsal","Est. reading time":"2 minutes"},"schema":{"@context":"https:\/\/schema.org","@graph":[{"@type":"WebPage","@id":"https:\/\/www.welovecycling.com\/pl\/2018\/08\/09\/6-oznak-przetrenowania\/","url":"https:\/\/www.welovecycling.com\/pl\/2018\/08\/09\/6-oznak-przetrenowania\/","name":"6 Oznak Przetrenowania - \u0160koda We Love Cycling - Poland","isPartOf":{"@id":"https:\/\/www.welovecycling.com\/pl\/#website"},"primaryImageOfPage":{"@id":"https:\/\/www.welovecycling.com\/pl\/2018\/08\/09\/6-oznak-przetrenowania\/#primaryimage"},"image":{"@id":"https:\/\/www.welovecycling.com\/pl\/2018\/08\/09\/6-oznak-przetrenowania\/#primaryimage"},"thumbnailUrl":"https:\/\/d2p6e6u75xmxt8.cloudfront.net\/5\/2018\/08\/profimedia-0306469011-1.jpg","datePublished":"2018-08-09T14:01:09+00:00","author":{"@id":"https:\/\/www.welovecycling.com\/pl\/#\/schema\/person\/0dba2d39da943db9df3fd8f4687e7f23"},"breadcrumb":{"@id":"https:\/\/www.welovecycling.com\/pl\/2018\/08\/09\/6-oznak-przetrenowania\/#breadcrumb"},"inLanguage":"pl-PL","potentialAction":[{"@type":"ReadAction","target":["https:\/\/www.welovecycling.com\/pl\/2018\/08\/09\/6-oznak-przetrenowania\/"]}]},{"@type":"ImageObject","inLanguage":"pl-PL","@id":"https:\/\/www.welovecycling.com\/pl\/2018\/08\/09\/6-oznak-przetrenowania\/#primaryimage","url":"https:\/\/d2p6e6u75xmxt8.cloudfront.net\/5\/2018\/08\/profimedia-0306469011-1.jpg","contentUrl":"https:\/\/d2p6e6u75xmxt8.cloudfront.net\/5\/2018\/08\/profimedia-0306469011-1.jpg","width":1366,"height":600},{"@type":"BreadcrumbList","@id":"https:\/\/www.welovecycling.com\/pl\/2018\/08\/09\/6-oznak-przetrenowania\/#breadcrumb","itemListElement":[{"@type":"ListItem","position":1,"name":"Home","item":"https:\/\/www.welovecycling.com\/pl\/"},{"@type":"ListItem","position":2,"name":"6 Oznak Przetrenowania"}]},{"@type":"WebSite","@id":"https:\/\/www.welovecycling.com\/pl\/#website","url":"https:\/\/www.welovecycling.com\/pl\/","name":"\u0160koda We Love Cycling - Poland","description":"","potentialAction":[{"@type":"SearchAction","target":{"@type":"EntryPoint","urlTemplate":"https:\/\/www.welovecycling.com\/pl\/?s={search_term_string}"},"query-input":{"@type":"PropertyValueSpecification","valueRequired":true,"valueName":"search_term_string"}}],"inLanguage":"pl-PL"},{"@type":"Person","@id":"https:\/\/www.welovecycling.com\/pl\/#\/schema\/person\/0dba2d39da943db9df3fd8f4687e7f23","name":"piotrboczkowski","image":{"@type":"ImageObject","inLanguage":"pl-PL","@id":"https:\/\/www.welovecycling.com\/pl\/#\/schema\/person\/image\/","url":"https:\/\/secure.gravatar.com\/avatar\/533caccae14752e03a2ce2d3fd62d1b98b93e1393c3195c27819e53344ca1ace?s=96&d=mm&r=g","contentUrl":"https:\/\/secure.gravatar.com\/avatar\/533caccae14752e03a2ce2d3fd62d1b98b93e1393c3195c27819e53344ca1ace?s=96&d=mm&r=g","caption":"piotrboczkowski"},"url":"https:\/\/www.welovecycling.com\/pl\/author\/piotrboczkowski\/"}]}},"_links":{"self":[{"href":"https:\/\/www.welovecycling.com\/pl\/wp-json\/wp\/v2\/posts\/7521","targetHints":{"allow":["GET"]}}],"collection":[{"href":"https:\/\/www.welovecycling.com\/pl\/wp-json\/wp\/v2\/posts"}],"about":[{"href":"https:\/\/www.welovecycling.com\/pl\/wp-json\/wp\/v2\/types\/post"}],"author":[{"embeddable":true,"href":"https:\/\/www.welovecycling.com\/pl\/wp-json\/wp\/v2\/users\/76"}],"replies":[{"embeddable":true,"href":"https:\/\/www.welovecycling.com\/pl\/wp-json\/wp\/v2\/comments?post=7521"}],"version-history":[{"count":1,"href":"https:\/\/www.welovecycling.com\/pl\/wp-json\/wp\/v2\/posts\/7521\/revisions"}],"predecessor-version":[{"id":7525,"href":"https:\/\/www.welovecycling.com\/pl\/wp-json\/wp\/v2\/posts\/7521\/revisions\/7525"}],"wp:featuredmedia":[{"embeddable":true,"href":"https:\/\/www.welovecycling.com\/pl\/wp-json\/wp\/v2\/media\/7523"}],"wp:attachment":[{"href":"https:\/\/www.welovecycling.com\/pl\/wp-json\/wp\/v2\/media?parent=7521"}],"wp:term":[{"taxonomy":"category","embeddable":true,"href":"https:\/\/www.welovecycling.com\/pl\/wp-json\/wp\/v2\/categories?post=7521"},{"taxonomy":"post_tag","embeddable":true,"href":"https:\/\/www.welovecycling.com\/pl\/wp-json\/wp\/v2\/tags?post=7521"},{"taxonomy":"global-categories","embeddable":true,"href":"https:\/\/www.welovecycling.com\/pl\/wp-json\/wp\/v2\/global-categories?post=7521"}],"curies":[{"name":"wp","href":"https:\/\/api.w.org\/{rel}","templated":true}]}}