{"id":7513,"date":"2018-08-07T15:24:38","date_gmt":"2018-08-07T15:24:38","guid":{"rendered":"https:\/\/www.welovecycling.com\/pl\/?p=7513"},"modified":"2018-08-07T15:24:38","modified_gmt":"2018-08-07T15:24:38","slug":"brigitte-i-bernadette-poniosly-go-do-zwyciestwa-w-tour-de-france","status":"publish","type":"post","link":"https:\/\/www.welovecycling.com\/pl\/2018\/08\/07\/brigitte-i-bernadette-poniosly-go-do-zwyciestwa-w-tour-de-france\/","title":{"rendered":"Brigitte i Bernadette ponios\u0142y go do zwyci\u0119stwa w Tour de France!"},"content":{"rendered":"<p><strong>Jedn\u0105 nazywa Brigitte, drug\u0105 Bernadette. Czasem si\u0119 na nie zez\u0142o\u015bci, czasem nawet nakrzyczy, ale teraz z rado\u015bci m\u00f3g\u0142 je wyca\u0142owa\u0107. Pierre-Roger Latour (AG2R La Mondiale) wygra\u0142 klasyfikacj\u0119 m\u0142odzie\u017cow\u0105 Tour de France, a ponios\u0142y go do tego w\u0142a\u015bnie Brigitte i Bernadette, czyli jego\u2026 nogi, kt\u00f3rym nada\u0142 takie imiona.<\/strong><\/p>\n<p>\u201eI wtedy wchodz\u0119 ja, ca\u0142y na bia\u0142o\u201d \u2013 w taki spos\u00f3b organizatorzy wy\u015bcig\u00f3w powinni zapowiada\u0107 wjazd na tras\u0119 Latoura. 23-letni Francuz kolekcjonuje bia\u0142e trykoty, ale teraz ma ten najwa\u017cniejszy \u2013 za zwyci\u0119stwo w klasyfikacji m\u0142odzie\u017cowej Wielkiej P\u0119tli, a to ju\u017c mocno dzia\u0142a na wyobra\u017ani\u0119.<\/p>\n<p>Przecie\u017c w takiej koszulce po Polach Elizejskich je\u017adzili tak znakomici kolarze jak Andy Schleck, Alberto Contador, Jan Ullrich, Marco Pantani, czy Greg LeMond. Wygrywali klasyfikacj\u0119 m\u0142odzie\u017cow\u0105 w r\u00f3\u017cnych czasach, ale \u0142\u0105czy ich jedno \u2013 p\u00f3\u017aniej bia\u0142\u0105 koszulk\u0119 zamienili na \u017c\u00f3\u0142t\u0105. Takie samo marzenie ma teraz Pierre-Roger Latour.<\/p>\n<p>A dok\u0142adniej Pierre Latour, poniewa\u017c drugie imi\u0119 \u2013 \u201eRoger\u201d \u2013 dodano mu przez przypadek. Przed laty kto\u015b zrobi\u0142 ba\u0142agan w arkuszach wynik\u00f3w, a w\u0142a\u015bnie z nich kopiowano nazwiska do bazy danych Mi\u0119dzynarodowej Unii Kolarskiej. A \u017ce wtedy Francuzowi dodano \u201eRoger\u201d, to tak ju\u017c zosta\u0142o na lata i tak nazywany jest w \u015brodowisku. Dla rodziny i znajomych ca\u0142y czas ma jednak jedno imi\u0119 &#8211; Pierre.<\/p>\n<p>Po jednym imieniu maj\u0105 te\u017c jego\u2026 nogi. Tak, Latour \u201eochrzci\u0142\u201d swoje ko\u0144czyny, dzi\u0119ki temu podczas jazdy mo\u017ce je pochwali\u0107, ale i skarci\u0107. Lewa noga to Brigitte, prawa Bernadette. Inni kolarze si\u0119 z tego \u015bmiej\u0105, ale Francuz niewiele sobie z tego robi, bo twierdzi, \u017ce takie podej\u015bcie zdecydowanie mu pomaga.<\/p>\n<p><strong>Tempo godne sprintera<\/strong><\/p>\n<p>Jako m\u0142ody ch\u0142opak \u0142apa\u0142 si\u0119 r\u00f3\u017cnych sport\u00f3w. Troch\u0119 pi\u0142ki no\u017cnej, koszyk\u00f3wki, byle tylko ca\u0142y czas by\u0107 w ruchu. Sport lubi\u0142, ale ukocha\u0142 sobie rower. I ta mi\u0142o\u015b\u0107 niemal od pocz\u0105tku by\u0142a odwzajemniana.<\/p>\n<p>&#8211; Pewno\u015bci siebie dodaje mi fakt, \u017ce stale widz\u0119 popraw\u0119. Krok po kroku, z roku na rok staj\u0119 si\u0119 lepszy, a to \u015bwietny prognostyk na przysz\u0142o\u015b\u0107. Pewnie kiedy\u015b nadejdzie taki rok, gdy si\u0119 zatrzymam, ale teraz wci\u0105\u017c si\u0119 rozwijam \u2013 m\u00f3wi\u0142 w wywiadzie dla Cyclingnews.<\/p>\n<p>Rozwija si\u0119 i to w tempie godnym sprintera, a nie specjalisty od g\u00f3r, jakim jest. Bia\u0142e koszulki kolekcjonuje od 2013 roku, gdy wygra\u0142 klasyfikacj\u0119 m\u0142odzie\u017cow\u0105 podczas presti\u017cowego Ronde d\u2019Isard, p\u00f3\u017aniej by\u0142y m.in. zwyci\u0119stwa w\u015br\u00f3d m\u0142odzie\u017cowc\u00f3w na Route du Sud i Tour de Romandie, a \u0142\u0105cznie takich triumf\u00f3w ma ju\u017c co najmniej dziesi\u0119\u0107.<\/p>\n<p>Jednak ju\u017c kilka lat temu pokaza\u0142 \u015bwiatu, \u017ce nie zamierza napina\u0107 musku\u0142\u00f3w tylko mi\u0119dzy r\u00f3wie\u015bnikami i bez najmniejszych problem\u00f3w naciska\u0142 najs\u0142ynniejszych zawodnik\u00f3w \u015bwiata. Podczas inauguracyjnego sezonu w zawodowstwie postraszy\u0142 Alberto Contadora czy Nairo Quintan\u0119, z kolei w 2016 r. wygra\u0142 etap podczas Vuelta a Espana.<\/p>\n<p><strong>Dziwna kontuzja<\/strong><\/p>\n<p>W Tour de France zadebiutowa\u0142 w poprzednim roku, a plan\u00f3w nie pokrzy\u017cowa\u0142a mu nawet powa\u017cna kontuzja. Latour z\u0142ama\u0142 palec u r\u0119ki, ale nie podczas szale\u0144czego zjazdu czy kraksy, ale przy\u2026 schodzeniu z hotelowych schod\u00f3w podczas zgrupowania. Mimo to, kilka miesi\u0119cy p\u00f3\u017aniej, poczu\u0142 jak to jest jecha\u0107 w bia\u0142ej koszulce najwi\u0119kszego wy\u015bcigu \u015bwiata, poniewa\u017c przez dwa dni by\u0142 liderem klasyfikacji m\u0142odzie\u017cowej Wielkiej P\u0119tli, ale ostatecznie zako\u0144czy\u0142 j\u0105 na sz\u00f3stym miejscu.<\/p>\n<p>W tym roku zostawi\u0142 jednak konkurencj\u0119 daleko w tyle. Bia\u0142\u0105 koszulk\u0119 przej\u0105\u0142 po 10. etapie i nie odda\u0142 ju\u017c do ko\u0144ca. Kolumbijczyka Egana Gomeza (Sky) wyprzedzi\u0142 o 5 minut i 39 sekund, a rodaka Guillaume Martina (Wanty \u2013 Groupe Gobert) o 22 minuty i 5 sekund.<\/p>\n<p>&#8211; Mam w kolekcji wiele bia\u0142ych koszulek, bo zawsze mi\u0142o w nich jecha\u0107. To jednak nigdy nie jest m\u00f3j g\u0142\u00f3wny cel \u2013 podkre\u015bla\u0142 Latour i mo\u017cna si\u0119 tylko domy\u015bla\u0107, \u017ce cel ma jednak kolor \u017c\u00f3\u0142ty\u2026<\/p>\n<p>Pierre-Roger Latour wygra\u0142 klasyfikacj\u0119 m\u0142odzie\u017cow\u0105 tegorocznego Tour de France, zwyci\u0119zc\u0105 generalnej zosta\u0142 Geraint Thomas (Sky), punktowej (sponsorowanej przez \u0160KOD\u0118) Peter Sagan (Bora Hansgrohe), a g\u00f3rskiej Julian Alaphilippe (Quick-Step Floors).<\/p>\n","protected":false},"excerpt":{"rendered":"<p>Jedn\u0105 nazywa Brigitte, drug\u0105 Bernadette. Czasem si\u0119 na nie zez\u0142o\u015bci, czasem nawet nakrzyczy, ale teraz z rado\u015bci m\u00f3g\u0142 je wyca\u0142owa\u0107. [&hellip;]<\/p>\n","protected":false},"author":76,"featured_media":7514,"comment_status":"open","ping_status":"open","sticky":false,"template":"","format":"standard","meta":{"footnotes":""},"categories":[6],"tags":[281,73,212],"global-categories":[],"class_list":["post-7513","post","type-post","status-publish","format-standard","has-post-thumbnail","hentry","category-kolarstwo-szosowe","tag-pierre-roger-latour","tag-tdf","tag-tour-de-france-2018"],"yoast_head":"<!-- This site is optimized with the Yoast SEO Premium plugin v25.3 (Yoast SEO v25.9) - https:\/\/yoast.com\/wordpress\/plugins\/seo\/ -->\n<title>Brigitte i Bernadette ponios\u0142y go do zwyci\u0119stwa w Tour de France! - \u0160koda We Love Cycling - Poland<\/title>\n<meta name=\"robots\" content=\"index, follow, max-snippet:-1, max-image-preview:large, max-video-preview:-1\" \/>\n<link rel=\"canonical\" href=\"https:\/\/www.welovecycling.com\/pl\/2018\/08\/07\/brigitte-i-bernadette-poniosly-go-do-zwyciestwa-w-tour-de-france\/\" \/>\n<meta property=\"og:locale\" content=\"pl_PL\" \/>\n<meta property=\"og:type\" content=\"article\" \/>\n<meta property=\"og:title\" content=\"Brigitte i Bernadette ponios\u0142y go do zwyci\u0119stwa w Tour de France!\" \/>\n<meta property=\"og:description\" content=\"Jedn\u0105 nazywa Brigitte, drug\u0105 Bernadette. Czasem si\u0119 na nie zez\u0142o\u015bci, czasem nawet nakrzyczy, ale teraz z rado\u015bci m\u00f3g\u0142 je wyca\u0142owa\u0107. [&hellip;]\" \/>\n<meta property=\"og:url\" content=\"https:\/\/www.welovecycling.com\/pl\/2018\/08\/07\/brigitte-i-bernadette-poniosly-go-do-zwyciestwa-w-tour-de-france\/\" \/>\n<meta property=\"og:site_name\" content=\"\u0160koda We Love Cycling - Poland\" \/>\n<meta property=\"article:published_time\" content=\"2018-08-07T15:24:38+00:00\" \/>\n<meta property=\"og:image\" content=\"https:\/\/d2p6e6u75xmxt8.cloudfront.net\/5\/2018\/08\/pierre_latour-3136849.jpg\" \/>\n\t<meta property=\"og:image:width\" content=\"1180\" \/>\n\t<meta property=\"og:image:height\" content=\"664\" \/>\n\t<meta property=\"og:image:type\" content=\"image\/jpeg\" \/>\n<meta name=\"author\" content=\"piotrboczkowski\" \/>\n<meta name=\"twitter:card\" content=\"summary_large_image\" \/>\n<meta name=\"twitter:label1\" content=\"Written by\" \/>\n\t<meta name=\"twitter:data1\" content=\"Piotr Jawor\" \/>\n\t<meta name=\"twitter:label2\" content=\"Est. reading time\" \/>\n\t<meta name=\"twitter:data2\" content=\"4 minutes\" \/>\n<script type=\"application\/ld+json\" class=\"yoast-schema-graph\">{\"@context\":\"https:\/\/schema.org\",\"@graph\":[{\"@type\":\"WebPage\",\"@id\":\"https:\/\/www.welovecycling.com\/pl\/2018\/08\/07\/brigitte-i-bernadette-poniosly-go-do-zwyciestwa-w-tour-de-france\/\",\"url\":\"https:\/\/www.welovecycling.com\/pl\/2018\/08\/07\/brigitte-i-bernadette-poniosly-go-do-zwyciestwa-w-tour-de-france\/\",\"name\":\"Brigitte i Bernadette ponios\u0142y go do zwyci\u0119stwa w Tour de France! - \u0160koda We Love Cycling - Poland\",\"isPartOf\":{\"@id\":\"https:\/\/www.welovecycling.com\/pl\/#website\"},\"primaryImageOfPage\":{\"@id\":\"https:\/\/www.welovecycling.com\/pl\/2018\/08\/07\/brigitte-i-bernadette-poniosly-go-do-zwyciestwa-w-tour-de-france\/#primaryimage\"},\"image\":{\"@id\":\"https:\/\/www.welovecycling.com\/pl\/2018\/08\/07\/brigitte-i-bernadette-poniosly-go-do-zwyciestwa-w-tour-de-france\/#primaryimage\"},\"thumbnailUrl\":\"https:\/\/d2p6e6u75xmxt8.cloudfront.net\/5\/2018\/08\/pierre_latour-3136849.jpg\",\"datePublished\":\"2018-08-07T15:24:38+00:00\",\"author\":{\"@id\":\"https:\/\/www.welovecycling.com\/pl\/#\/schema\/person\/0dba2d39da943db9df3fd8f4687e7f23\"},\"breadcrumb\":{\"@id\":\"https:\/\/www.welovecycling.com\/pl\/2018\/08\/07\/brigitte-i-bernadette-poniosly-go-do-zwyciestwa-w-tour-de-france\/#breadcrumb\"},\"inLanguage\":\"pl-PL\",\"potentialAction\":[{\"@type\":\"ReadAction\",\"target\":[\"https:\/\/www.welovecycling.com\/pl\/2018\/08\/07\/brigitte-i-bernadette-poniosly-go-do-zwyciestwa-w-tour-de-france\/\"]}]},{\"@type\":\"ImageObject\",\"inLanguage\":\"pl-PL\",\"@id\":\"https:\/\/www.welovecycling.com\/pl\/2018\/08\/07\/brigitte-i-bernadette-poniosly-go-do-zwyciestwa-w-tour-de-france\/#primaryimage\",\"url\":\"https:\/\/d2p6e6u75xmxt8.cloudfront.net\/5\/2018\/08\/pierre_latour-3136849.jpg\",\"contentUrl\":\"https:\/\/d2p6e6u75xmxt8.cloudfront.net\/5\/2018\/08\/pierre_latour-3136849.jpg\",\"width\":1180,\"height\":664},{\"@type\":\"BreadcrumbList\",\"@id\":\"https:\/\/www.welovecycling.com\/pl\/2018\/08\/07\/brigitte-i-bernadette-poniosly-go-do-zwyciestwa-w-tour-de-france\/#breadcrumb\",\"itemListElement\":[{\"@type\":\"ListItem\",\"position\":1,\"name\":\"Home\",\"item\":\"https:\/\/www.welovecycling.com\/pl\/\"},{\"@type\":\"ListItem\",\"position\":2,\"name\":\"Brigitte i Bernadette ponios\u0142y go do zwyci\u0119stwa w Tour de France!\"}]},{\"@type\":\"WebSite\",\"@id\":\"https:\/\/www.welovecycling.com\/pl\/#website\",\"url\":\"https:\/\/www.welovecycling.com\/pl\/\",\"name\":\"\u0160koda We Love Cycling - Poland\",\"description\":\"\",\"potentialAction\":[{\"@type\":\"SearchAction\",\"target\":{\"@type\":\"EntryPoint\",\"urlTemplate\":\"https:\/\/www.welovecycling.com\/pl\/?s={search_term_string}\"},\"query-input\":{\"@type\":\"PropertyValueSpecification\",\"valueRequired\":true,\"valueName\":\"search_term_string\"}}],\"inLanguage\":\"pl-PL\"},{\"@type\":\"Person\",\"@id\":\"https:\/\/www.welovecycling.com\/pl\/#\/schema\/person\/0dba2d39da943db9df3fd8f4687e7f23\",\"name\":\"piotrboczkowski\",\"image\":{\"@type\":\"ImageObject\",\"inLanguage\":\"pl-PL\",\"@id\":\"https:\/\/www.welovecycling.com\/pl\/#\/schema\/person\/image\/\",\"url\":\"https:\/\/secure.gravatar.com\/avatar\/533caccae14752e03a2ce2d3fd62d1b98b93e1393c3195c27819e53344ca1ace?s=96&d=mm&r=g\",\"contentUrl\":\"https:\/\/secure.gravatar.com\/avatar\/533caccae14752e03a2ce2d3fd62d1b98b93e1393c3195c27819e53344ca1ace?s=96&d=mm&r=g\",\"caption\":\"piotrboczkowski\"},\"url\":\"https:\/\/www.welovecycling.com\/pl\/author\/piotrboczkowski\/\"}]}<\/script>\n<!-- \/ Yoast SEO Premium plugin. -->","yoast_head_json":{"title":"Brigitte i Bernadette ponios\u0142y go do zwyci\u0119stwa w Tour de France! - \u0160koda We Love Cycling - Poland","robots":{"index":"index","follow":"follow","max-snippet":"max-snippet:-1","max-image-preview":"max-image-preview:large","max-video-preview":"max-video-preview:-1"},"canonical":"https:\/\/www.welovecycling.com\/pl\/2018\/08\/07\/brigitte-i-bernadette-poniosly-go-do-zwyciestwa-w-tour-de-france\/","og_locale":"pl_PL","og_type":"article","og_title":"Brigitte i Bernadette ponios\u0142y go do zwyci\u0119stwa w Tour de France!","og_description":"Jedn\u0105 nazywa Brigitte, drug\u0105 Bernadette. Czasem si\u0119 na nie zez\u0142o\u015bci, czasem nawet nakrzyczy, ale teraz z rado\u015bci m\u00f3g\u0142 je wyca\u0142owa\u0107. [&hellip;]","og_url":"https:\/\/www.welovecycling.com\/pl\/2018\/08\/07\/brigitte-i-bernadette-poniosly-go-do-zwyciestwa-w-tour-de-france\/","og_site_name":"\u0160koda We Love Cycling - Poland","article_published_time":"2018-08-07T15:24:38+00:00","og_image":[{"width":1180,"height":664,"url":"https:\/\/d2p6e6u75xmxt8.cloudfront.net\/5\/2018\/08\/pierre_latour-3136849.jpg","type":"image\/jpeg"}],"author":"piotrboczkowski","twitter_card":"summary_large_image","twitter_misc":{"Written by":"Piotr Jawor","Est. reading time":"4 minutes"},"schema":{"@context":"https:\/\/schema.org","@graph":[{"@type":"WebPage","@id":"https:\/\/www.welovecycling.com\/pl\/2018\/08\/07\/brigitte-i-bernadette-poniosly-go-do-zwyciestwa-w-tour-de-france\/","url":"https:\/\/www.welovecycling.com\/pl\/2018\/08\/07\/brigitte-i-bernadette-poniosly-go-do-zwyciestwa-w-tour-de-france\/","name":"Brigitte i Bernadette ponios\u0142y go do zwyci\u0119stwa w Tour de France! - \u0160koda We Love Cycling - Poland","isPartOf":{"@id":"https:\/\/www.welovecycling.com\/pl\/#website"},"primaryImageOfPage":{"@id":"https:\/\/www.welovecycling.com\/pl\/2018\/08\/07\/brigitte-i-bernadette-poniosly-go-do-zwyciestwa-w-tour-de-france\/#primaryimage"},"image":{"@id":"https:\/\/www.welovecycling.com\/pl\/2018\/08\/07\/brigitte-i-bernadette-poniosly-go-do-zwyciestwa-w-tour-de-france\/#primaryimage"},"thumbnailUrl":"https:\/\/d2p6e6u75xmxt8.cloudfront.net\/5\/2018\/08\/pierre_latour-3136849.jpg","datePublished":"2018-08-07T15:24:38+00:00","author":{"@id":"https:\/\/www.welovecycling.com\/pl\/#\/schema\/person\/0dba2d39da943db9df3fd8f4687e7f23"},"breadcrumb":{"@id":"https:\/\/www.welovecycling.com\/pl\/2018\/08\/07\/brigitte-i-bernadette-poniosly-go-do-zwyciestwa-w-tour-de-france\/#breadcrumb"},"inLanguage":"pl-PL","potentialAction":[{"@type":"ReadAction","target":["https:\/\/www.welovecycling.com\/pl\/2018\/08\/07\/brigitte-i-bernadette-poniosly-go-do-zwyciestwa-w-tour-de-france\/"]}]},{"@type":"ImageObject","inLanguage":"pl-PL","@id":"https:\/\/www.welovecycling.com\/pl\/2018\/08\/07\/brigitte-i-bernadette-poniosly-go-do-zwyciestwa-w-tour-de-france\/#primaryimage","url":"https:\/\/d2p6e6u75xmxt8.cloudfront.net\/5\/2018\/08\/pierre_latour-3136849.jpg","contentUrl":"https:\/\/d2p6e6u75xmxt8.cloudfront.net\/5\/2018\/08\/pierre_latour-3136849.jpg","width":1180,"height":664},{"@type":"BreadcrumbList","@id":"https:\/\/www.welovecycling.com\/pl\/2018\/08\/07\/brigitte-i-bernadette-poniosly-go-do-zwyciestwa-w-tour-de-france\/#breadcrumb","itemListElement":[{"@type":"ListItem","position":1,"name":"Home","item":"https:\/\/www.welovecycling.com\/pl\/"},{"@type":"ListItem","position":2,"name":"Brigitte i Bernadette ponios\u0142y go do zwyci\u0119stwa w Tour de France!"}]},{"@type":"WebSite","@id":"https:\/\/www.welovecycling.com\/pl\/#website","url":"https:\/\/www.welovecycling.com\/pl\/","name":"\u0160koda We Love Cycling - Poland","description":"","potentialAction":[{"@type":"SearchAction","target":{"@type":"EntryPoint","urlTemplate":"https:\/\/www.welovecycling.com\/pl\/?s={search_term_string}"},"query-input":{"@type":"PropertyValueSpecification","valueRequired":true,"valueName":"search_term_string"}}],"inLanguage":"pl-PL"},{"@type":"Person","@id":"https:\/\/www.welovecycling.com\/pl\/#\/schema\/person\/0dba2d39da943db9df3fd8f4687e7f23","name":"piotrboczkowski","image":{"@type":"ImageObject","inLanguage":"pl-PL","@id":"https:\/\/www.welovecycling.com\/pl\/#\/schema\/person\/image\/","url":"https:\/\/secure.gravatar.com\/avatar\/533caccae14752e03a2ce2d3fd62d1b98b93e1393c3195c27819e53344ca1ace?s=96&d=mm&r=g","contentUrl":"https:\/\/secure.gravatar.com\/avatar\/533caccae14752e03a2ce2d3fd62d1b98b93e1393c3195c27819e53344ca1ace?s=96&d=mm&r=g","caption":"piotrboczkowski"},"url":"https:\/\/www.welovecycling.com\/pl\/author\/piotrboczkowski\/"}]}},"_links":{"self":[{"href":"https:\/\/www.welovecycling.com\/pl\/wp-json\/wp\/v2\/posts\/7513","targetHints":{"allow":["GET"]}}],"collection":[{"href":"https:\/\/www.welovecycling.com\/pl\/wp-json\/wp\/v2\/posts"}],"about":[{"href":"https:\/\/www.welovecycling.com\/pl\/wp-json\/wp\/v2\/types\/post"}],"author":[{"embeddable":true,"href":"https:\/\/www.welovecycling.com\/pl\/wp-json\/wp\/v2\/users\/76"}],"replies":[{"embeddable":true,"href":"https:\/\/www.welovecycling.com\/pl\/wp-json\/wp\/v2\/comments?post=7513"}],"version-history":[{"count":1,"href":"https:\/\/www.welovecycling.com\/pl\/wp-json\/wp\/v2\/posts\/7513\/revisions"}],"predecessor-version":[{"id":7515,"href":"https:\/\/www.welovecycling.com\/pl\/wp-json\/wp\/v2\/posts\/7513\/revisions\/7515"}],"wp:featuredmedia":[{"embeddable":true,"href":"https:\/\/www.welovecycling.com\/pl\/wp-json\/wp\/v2\/media\/7514"}],"wp:attachment":[{"href":"https:\/\/www.welovecycling.com\/pl\/wp-json\/wp\/v2\/media?parent=7513"}],"wp:term":[{"taxonomy":"category","embeddable":true,"href":"https:\/\/www.welovecycling.com\/pl\/wp-json\/wp\/v2\/categories?post=7513"},{"taxonomy":"post_tag","embeddable":true,"href":"https:\/\/www.welovecycling.com\/pl\/wp-json\/wp\/v2\/tags?post=7513"},{"taxonomy":"global-categories","embeddable":true,"href":"https:\/\/www.welovecycling.com\/pl\/wp-json\/wp\/v2\/global-categories?post=7513"}],"curies":[{"name":"wp","href":"https:\/\/api.w.org\/{rel}","templated":true}]}}