{"id":7509,"date":"2018-08-06T13:05:58","date_gmt":"2018-08-06T13:05:58","guid":{"rendered":"https:\/\/www.welovecycling.com\/pl\/?p=7509"},"modified":"2018-08-06T13:05:58","modified_gmt":"2018-08-06T13:05:58","slug":"francja-ma-nowego-ksiecia-rzadzi-gorami","status":"publish","type":"post","link":"https:\/\/www.welovecycling.com\/pl\/2018\/08\/06\/francja-ma-nowego-ksiecia-rzadzi-gorami\/","title":{"rendered":"Francja ma nowego ksi\u0119cia. Rz\u0105dzi g\u00f3rami!"},"content":{"rendered":"<p>By\u0142 perkusist\u0105, wyst\u0119powa\u0142 w zespole z ojcem, a przy ich muzyce bawili si\u0119 ludzie na festynach. Instrument zamieni\u0142 jednak na rower, muzyczne towarzystwo na elit\u0119 kolarstwa i dzi\u015b przynosi dum\u0119 ca\u0142ej Francji. Julian Alaphilippe ku rado\u015bci milion\u00f3w rodak\u00f3w wygra\u0142 klasyfikacj\u0119 g\u00f3rsk\u0105 tegorocznego Tour de France.<\/p>\n<p>Jeszcze trzy lata temu s\u0142yszeli o nim tylko najwi\u0119ksi pasjonaci kolarstwa, a dzi\u015b kojarz\u0105 go nawet niedzielni fani. Julian Alaphilippe sprawi\u0142, \u017ce na Wielkiej P\u0119tli gospodarze wy\u015bcigu te\u017c mieli swoje wielkie chwile.<\/p>\n<p><strong>Decyzja trudna dla ojca<\/strong><\/p>\n<p>Kolarski \u015bwiat przede wszystkim powinien by\u0107 wdzi\u0119czny ojcu Juliana, \u017ce nie upiera\u0142 si\u0119 przy jego karierze muzycznej. Dop\u00f3ki m\u0142odzian z pasj\u0105 uderza\u0142 po b\u0119bnach, pan Alaphilippe piel\u0119gnowa\u0142 jego hobby. Gdy jednak muzyka zacz\u0119\u0142a ust\u0119powa\u0107 miejsca kolarstwu, ojciec sam zabra\u0142 go do sklepu, kupi\u0142 rower i dopingowa\u0142 na niedzielnych wy\u015bcigach dla dzieciak\u00f3w. A zadanie to by\u0142o wyj\u0105tkowo wdzi\u0119czne, bo Alaphilippe niemal od pocz\u0105tku b\u0142yszcza\u0142 talentem.<\/p>\n<p>&#8211; Z czasem wszyscy zacz\u0119li zauwa\u017ca\u0107, \u017ce jestem niez\u0142y, a ja ca\u0142y czas chcia\u0142em wi\u0119cej. W pewnym momencie sam siebie zaskoczy\u0142em widz\u0105c, \u017ce wci\u0105\u017c chc\u0119 by\u0107 lepszy i wszystko wygrywa\u0107 \u2013 opowiada Francuz w \u201ePeloton Magazine\u201d.<\/p>\n<p>Punkt odniesienia mia\u0142 mocny, bo kolarstwo ju\u017c wcze\u015bniej zacz\u0119li trenowa\u0107 jego bracia, dlatego decyzja m\u0142odego Juliana o porzuceniu perkusji dla jego ojca mog\u0142a by\u0107 wyj\u0105tkowo trudna. Nie by\u0142o ju\u017c jednak od niej odwrotu.<\/p>\n<p><strong>Czekali na niego 30 lat?<\/strong><\/p>\n<p>Alaphilippe zaczyna\u0142 od kolarstwa prze\u0142ajowego, ale jazdy ci\u0105gle by\u0142o mu ma\u0142o. Opr\u00f3cz zwyk\u0142ych trening\u00f3w i wy\u015bcig\u00f3w, pr\u00f3bowa\u0142 te\u017c r\u00f3\u017cnych rowerowych sztuczek i nie zra\u017ca\u0142y go do tego kolejne upadki. Pr\u00f3bowa\u0142, trenowa\u0142, \u015bciga\u0142 si\u0119 i odnosi\u0142 sukcesy \u2013 w 2010 roku zosta\u0142 nawet wicemistrzem \u015bwiata junior\u00f3w w kolarstwie prze\u0142ajowym.<\/p>\n<p>Cztery lata p\u00f3\u017aniej, po pierwszych sukcesach, us\u0142ysza\u0142o o nim zawodowe kolarstwo szosowe. Prze\u0142omowy by\u0142 jednak 2015 rok, gdy m.in. by\u0142 pomocnikiem Micha\u0142a Kwiatkowskiego w Omega Pharma-Quick Step, ale sam r\u00f3wnie\u017c stawa\u0142 na podiach presti\u017cowych wy\u015bcig\u00f3w. A mia\u0142 wtedy niespe\u0142na 23 lata!<\/p>\n<p>\u201eSpotkanie takiego zawodnika to niesamowity moment. Szczeg\u00f3lnie, gdy wida\u0107, \u017ce ma zadatki na to, by kiedy\u015b wygra\u0107 Tour de France. To by\u0107 mo\u017ce pierwszy Francuz z takim talentem od czasu ostatniego francuskiego zwyci\u0119zcy Wielkiej P\u0119tli \u2013 Bernarda Hinaulta \u2013 od kt\u00f3rego triumfu min\u0119\u0142o ju\u017c 30 lat\u201d \u2013 pisa\u0142 \u201ePeloton Magazine\u201d.<\/p>\n<p>Teraz Alaphilippe \u2013 ku wielkiej rado\u015bci Francuz\u00f3w &#8211; znajduje si\u0119 na dobrej drodze, by tego dokona\u0107. Podczas tegorocznego Tour de France nie do\u015b\u0107, \u017ce zdominowa\u0142 klasyfikacj\u0119 g\u00f3rsk\u0105 (zdoby\u0142 170 punkt\u00f3w, a drugi Warren Barguil \u2013 91), to jeszcze do\u0142o\u017cy\u0142 do tego dwa zwyci\u0119stwa etapowe (w Alpach i Pirenejach), a gdy koszulk\u0119 w grochy (dla najlepszego g\u00f3rala) za\u0142o\u017cy\u0142 po 10. etapie, to nie \u015bci\u0105gn\u0105\u0142 jej ju\u017c do ko\u0144ca. Nie ma si\u0119 wi\u0119c co dziwi\u0107, \u017ce rodacy coraz g\u0142o\u015bniej nazywaj\u0105 go Ksi\u0119ciem G\u00f3r.<\/p>\n<p><strong>Pieni\u0105dze go nie zepsu\u0142y<\/strong><\/p>\n<p>W jego \u017cyciu wszystko dzieje si\u0119 tak szybko, \u017ce po wygraniu etapu nie wytrzyma\u0142 i rozp\u0142aka\u0142 si\u0119 przed kamerami.<\/p>\n<p>&#8211; Julian troch\u0119 przypomina Petera Sagana, kt\u00f3ry te\u017c zaczyna\u0142 od g\u00f3r, ale mimo to mo\u017ce zaj\u015b\u0107 o wiele dalej ni\u017c ci, kt\u00f3rzy od zawsze trenuj\u0105 kolarstwo szosowe. To bardzo uprzejmy i skromny ch\u0142opak, nie zepsu\u0142y go pieni\u0105dze. Mo\u017ce wygra\u0107 jeszcze wiele wy\u015bcig\u00f3w \u2013 uwa\u017ca Brian Holm, by\u0142y zawodnik i dyrektor sportowy Omega Pharma-Quick Step, a jego s\u0142owa zdaj\u0105 si\u0119 potwierdza\u0107 zainteresowanie Francuza.<\/p>\n<p>Po morderczym treningu Alaphilippe nie szuka dodatkowych emocji, tylko woli rozsi\u0105\u015b\u0107 si\u0119 w fotelu i obejrze\u0107 dobr\u0105 komedi\u0119 lub film dokumentalny, albo wzi\u0105\u0107 do r\u0119ki ciekaw\u0105 biografi\u0119. No i ca\u0142y czas kocha gra\u0107 na perkusji.<\/p>\n<p><strong>Spotkanie z mistrzem<\/strong><\/p>\n<p>Co ciekawe, Alaphilippe wychowywa\u0142 si\u0119 w Saint-Amand-Montrond, czyli miejscu z wyj\u0105tkowo dobrym kolarskim klimatem. Nieopodal urodzi\u0142 si\u0119 bowiem Roger Walkowiak, francuski kolarz polskiego pochodzenia, kt\u00f3ry Tour de France wygra\u0142 w 1956 roku.<\/p>\n<p>\u2013 Kiedy\u015b go spotka\u0142em\u2026 To kawa\u0142 historii kolarstwa i naszego regionu \u2013 m\u00f3wi Alaphilippe o zmar\u0142ym p\u00f3\u0142tora roku temu Walkowiaku i pewnie po ciuchu liczy, \u017ce kiedy\u015b na Pole Elizejskie wjedzie tak jak on, czyli ubrany ca\u0142y na \u017c\u00f3\u0142to.<\/p>\n<p>Alaphilippe wygra\u0142 klasyfikacj\u0119 g\u00f3rsk\u0105 tegorocznego Tour de France, zwyci\u0119zc\u0105 generalnej zosta\u0142 Geraint Thomas (Sky), punktowej (sponsorowanej przez \u0160kod\u0119) Peter Sagan (Bora Hansgrohe), a m\u0142odzie\u017cowej Roger Latour (AG2R).<\/p>\n","protected":false},"excerpt":{"rendered":"<p>By\u0142 perkusist\u0105, wyst\u0119powa\u0142 w zespole z ojcem, a przy ich muzyce bawili si\u0119 ludzie na festynach. Instrument zamieni\u0142 jednak na [&hellip;]<\/p>\n","protected":false},"author":76,"featured_media":7510,"comment_status":"open","ping_status":"open","sticky":false,"template":"","format":"standard","meta":{"footnotes":""},"categories":[6],"tags":[280,151,77],"global-categories":[],"class_list":["post-7509","post","type-post","status-publish","format-standard","has-post-thumbnail","hentry","category-kolarstwo-szosowe","tag-julian-alaphilippe","tag-kolarstwo-szosowe","tag-tour-de-france"],"yoast_head":"<!-- This site is optimized with the Yoast SEO Premium plugin v25.3 (Yoast SEO v25.9) - https:\/\/yoast.com\/wordpress\/plugins\/seo\/ -->\n<title>Francja ma nowego ksi\u0119cia. Rz\u0105dzi g\u00f3rami! - \u0160koda We Love Cycling - Poland<\/title>\n<meta name=\"robots\" content=\"index, follow, max-snippet:-1, max-image-preview:large, max-video-preview:-1\" \/>\n<link rel=\"canonical\" href=\"https:\/\/www.welovecycling.com\/pl\/2018\/08\/06\/francja-ma-nowego-ksiecia-rzadzi-gorami\/\" \/>\n<meta property=\"og:locale\" content=\"pl_PL\" \/>\n<meta property=\"og:type\" content=\"article\" \/>\n<meta property=\"og:title\" content=\"Francja ma nowego ksi\u0119cia. Rz\u0105dzi g\u00f3rami!\" \/>\n<meta property=\"og:description\" content=\"By\u0142 perkusist\u0105, wyst\u0119powa\u0142 w zespole z ojcem, a przy ich muzyce bawili si\u0119 ludzie na festynach. Instrument zamieni\u0142 jednak na [&hellip;]\" \/>\n<meta property=\"og:url\" content=\"https:\/\/www.welovecycling.com\/pl\/2018\/08\/06\/francja-ma-nowego-ksiecia-rzadzi-gorami\/\" \/>\n<meta property=\"og:site_name\" content=\"\u0160koda We Love Cycling - Poland\" \/>\n<meta property=\"article:published_time\" content=\"2018-08-06T13:05:58+00:00\" \/>\n<meta property=\"og:image\" content=\"https:\/\/d2p6e6u75xmxt8.cloudfront.net\/5\/2018\/08\/skysports-alaphilippe-criterium-du-dauphine_4330432.jpg\" \/>\n\t<meta property=\"og:image:width\" content=\"768\" \/>\n\t<meta property=\"og:image:height\" content=\"432\" \/>\n\t<meta property=\"og:image:type\" content=\"image\/jpeg\" \/>\n<meta name=\"author\" content=\"piotrboczkowski\" \/>\n<meta name=\"twitter:card\" content=\"summary_large_image\" \/>\n<meta name=\"twitter:label1\" content=\"Written by\" \/>\n\t<meta name=\"twitter:data1\" content=\"Piotr Jawor\" \/>\n\t<meta name=\"twitter:label2\" content=\"Est. reading time\" \/>\n\t<meta name=\"twitter:data2\" content=\"4 minutes\" \/>\n<script type=\"application\/ld+json\" class=\"yoast-schema-graph\">{\"@context\":\"https:\/\/schema.org\",\"@graph\":[{\"@type\":\"WebPage\",\"@id\":\"https:\/\/www.welovecycling.com\/pl\/2018\/08\/06\/francja-ma-nowego-ksiecia-rzadzi-gorami\/\",\"url\":\"https:\/\/www.welovecycling.com\/pl\/2018\/08\/06\/francja-ma-nowego-ksiecia-rzadzi-gorami\/\",\"name\":\"Francja ma nowego ksi\u0119cia. Rz\u0105dzi g\u00f3rami! - \u0160koda We Love Cycling - Poland\",\"isPartOf\":{\"@id\":\"https:\/\/www.welovecycling.com\/pl\/#website\"},\"primaryImageOfPage\":{\"@id\":\"https:\/\/www.welovecycling.com\/pl\/2018\/08\/06\/francja-ma-nowego-ksiecia-rzadzi-gorami\/#primaryimage\"},\"image\":{\"@id\":\"https:\/\/www.welovecycling.com\/pl\/2018\/08\/06\/francja-ma-nowego-ksiecia-rzadzi-gorami\/#primaryimage\"},\"thumbnailUrl\":\"https:\/\/d2p6e6u75xmxt8.cloudfront.net\/5\/2018\/08\/skysports-alaphilippe-criterium-du-dauphine_4330432.jpg\",\"datePublished\":\"2018-08-06T13:05:58+00:00\",\"author\":{\"@id\":\"https:\/\/www.welovecycling.com\/pl\/#\/schema\/person\/0dba2d39da943db9df3fd8f4687e7f23\"},\"breadcrumb\":{\"@id\":\"https:\/\/www.welovecycling.com\/pl\/2018\/08\/06\/francja-ma-nowego-ksiecia-rzadzi-gorami\/#breadcrumb\"},\"inLanguage\":\"pl-PL\",\"potentialAction\":[{\"@type\":\"ReadAction\",\"target\":[\"https:\/\/www.welovecycling.com\/pl\/2018\/08\/06\/francja-ma-nowego-ksiecia-rzadzi-gorami\/\"]}]},{\"@type\":\"ImageObject\",\"inLanguage\":\"pl-PL\",\"@id\":\"https:\/\/www.welovecycling.com\/pl\/2018\/08\/06\/francja-ma-nowego-ksiecia-rzadzi-gorami\/#primaryimage\",\"url\":\"https:\/\/d2p6e6u75xmxt8.cloudfront.net\/5\/2018\/08\/skysports-alaphilippe-criterium-du-dauphine_4330432.jpg\",\"contentUrl\":\"https:\/\/d2p6e6u75xmxt8.cloudfront.net\/5\/2018\/08\/skysports-alaphilippe-criterium-du-dauphine_4330432.jpg\",\"width\":768,\"height\":432},{\"@type\":\"BreadcrumbList\",\"@id\":\"https:\/\/www.welovecycling.com\/pl\/2018\/08\/06\/francja-ma-nowego-ksiecia-rzadzi-gorami\/#breadcrumb\",\"itemListElement\":[{\"@type\":\"ListItem\",\"position\":1,\"name\":\"Home\",\"item\":\"https:\/\/www.welovecycling.com\/pl\/\"},{\"@type\":\"ListItem\",\"position\":2,\"name\":\"Francja ma nowego ksi\u0119cia. Rz\u0105dzi g\u00f3rami!\"}]},{\"@type\":\"WebSite\",\"@id\":\"https:\/\/www.welovecycling.com\/pl\/#website\",\"url\":\"https:\/\/www.welovecycling.com\/pl\/\",\"name\":\"\u0160koda We Love Cycling - Poland\",\"description\":\"\",\"potentialAction\":[{\"@type\":\"SearchAction\",\"target\":{\"@type\":\"EntryPoint\",\"urlTemplate\":\"https:\/\/www.welovecycling.com\/pl\/?s={search_term_string}\"},\"query-input\":{\"@type\":\"PropertyValueSpecification\",\"valueRequired\":true,\"valueName\":\"search_term_string\"}}],\"inLanguage\":\"pl-PL\"},{\"@type\":\"Person\",\"@id\":\"https:\/\/www.welovecycling.com\/pl\/#\/schema\/person\/0dba2d39da943db9df3fd8f4687e7f23\",\"name\":\"piotrboczkowski\",\"image\":{\"@type\":\"ImageObject\",\"inLanguage\":\"pl-PL\",\"@id\":\"https:\/\/www.welovecycling.com\/pl\/#\/schema\/person\/image\/\",\"url\":\"https:\/\/secure.gravatar.com\/avatar\/533caccae14752e03a2ce2d3fd62d1b98b93e1393c3195c27819e53344ca1ace?s=96&d=mm&r=g\",\"contentUrl\":\"https:\/\/secure.gravatar.com\/avatar\/533caccae14752e03a2ce2d3fd62d1b98b93e1393c3195c27819e53344ca1ace?s=96&d=mm&r=g\",\"caption\":\"piotrboczkowski\"},\"url\":\"https:\/\/www.welovecycling.com\/pl\/author\/piotrboczkowski\/\"}]}<\/script>\n<!-- \/ Yoast SEO Premium plugin. -->","yoast_head_json":{"title":"Francja ma nowego ksi\u0119cia. Rz\u0105dzi g\u00f3rami! - \u0160koda We Love Cycling - Poland","robots":{"index":"index","follow":"follow","max-snippet":"max-snippet:-1","max-image-preview":"max-image-preview:large","max-video-preview":"max-video-preview:-1"},"canonical":"https:\/\/www.welovecycling.com\/pl\/2018\/08\/06\/francja-ma-nowego-ksiecia-rzadzi-gorami\/","og_locale":"pl_PL","og_type":"article","og_title":"Francja ma nowego ksi\u0119cia. Rz\u0105dzi g\u00f3rami!","og_description":"By\u0142 perkusist\u0105, wyst\u0119powa\u0142 w zespole z ojcem, a przy ich muzyce bawili si\u0119 ludzie na festynach. Instrument zamieni\u0142 jednak na [&hellip;]","og_url":"https:\/\/www.welovecycling.com\/pl\/2018\/08\/06\/francja-ma-nowego-ksiecia-rzadzi-gorami\/","og_site_name":"\u0160koda We Love Cycling - Poland","article_published_time":"2018-08-06T13:05:58+00:00","og_image":[{"width":768,"height":432,"url":"https:\/\/d2p6e6u75xmxt8.cloudfront.net\/5\/2018\/08\/skysports-alaphilippe-criterium-du-dauphine_4330432.jpg","type":"image\/jpeg"}],"author":"piotrboczkowski","twitter_card":"summary_large_image","twitter_misc":{"Written by":"Piotr Jawor","Est. reading time":"4 minutes"},"schema":{"@context":"https:\/\/schema.org","@graph":[{"@type":"WebPage","@id":"https:\/\/www.welovecycling.com\/pl\/2018\/08\/06\/francja-ma-nowego-ksiecia-rzadzi-gorami\/","url":"https:\/\/www.welovecycling.com\/pl\/2018\/08\/06\/francja-ma-nowego-ksiecia-rzadzi-gorami\/","name":"Francja ma nowego ksi\u0119cia. Rz\u0105dzi g\u00f3rami! - \u0160koda We Love Cycling - Poland","isPartOf":{"@id":"https:\/\/www.welovecycling.com\/pl\/#website"},"primaryImageOfPage":{"@id":"https:\/\/www.welovecycling.com\/pl\/2018\/08\/06\/francja-ma-nowego-ksiecia-rzadzi-gorami\/#primaryimage"},"image":{"@id":"https:\/\/www.welovecycling.com\/pl\/2018\/08\/06\/francja-ma-nowego-ksiecia-rzadzi-gorami\/#primaryimage"},"thumbnailUrl":"https:\/\/d2p6e6u75xmxt8.cloudfront.net\/5\/2018\/08\/skysports-alaphilippe-criterium-du-dauphine_4330432.jpg","datePublished":"2018-08-06T13:05:58+00:00","author":{"@id":"https:\/\/www.welovecycling.com\/pl\/#\/schema\/person\/0dba2d39da943db9df3fd8f4687e7f23"},"breadcrumb":{"@id":"https:\/\/www.welovecycling.com\/pl\/2018\/08\/06\/francja-ma-nowego-ksiecia-rzadzi-gorami\/#breadcrumb"},"inLanguage":"pl-PL","potentialAction":[{"@type":"ReadAction","target":["https:\/\/www.welovecycling.com\/pl\/2018\/08\/06\/francja-ma-nowego-ksiecia-rzadzi-gorami\/"]}]},{"@type":"ImageObject","inLanguage":"pl-PL","@id":"https:\/\/www.welovecycling.com\/pl\/2018\/08\/06\/francja-ma-nowego-ksiecia-rzadzi-gorami\/#primaryimage","url":"https:\/\/d2p6e6u75xmxt8.cloudfront.net\/5\/2018\/08\/skysports-alaphilippe-criterium-du-dauphine_4330432.jpg","contentUrl":"https:\/\/d2p6e6u75xmxt8.cloudfront.net\/5\/2018\/08\/skysports-alaphilippe-criterium-du-dauphine_4330432.jpg","width":768,"height":432},{"@type":"BreadcrumbList","@id":"https:\/\/www.welovecycling.com\/pl\/2018\/08\/06\/francja-ma-nowego-ksiecia-rzadzi-gorami\/#breadcrumb","itemListElement":[{"@type":"ListItem","position":1,"name":"Home","item":"https:\/\/www.welovecycling.com\/pl\/"},{"@type":"ListItem","position":2,"name":"Francja ma nowego ksi\u0119cia. Rz\u0105dzi g\u00f3rami!"}]},{"@type":"WebSite","@id":"https:\/\/www.welovecycling.com\/pl\/#website","url":"https:\/\/www.welovecycling.com\/pl\/","name":"\u0160koda We Love Cycling - Poland","description":"","potentialAction":[{"@type":"SearchAction","target":{"@type":"EntryPoint","urlTemplate":"https:\/\/www.welovecycling.com\/pl\/?s={search_term_string}"},"query-input":{"@type":"PropertyValueSpecification","valueRequired":true,"valueName":"search_term_string"}}],"inLanguage":"pl-PL"},{"@type":"Person","@id":"https:\/\/www.welovecycling.com\/pl\/#\/schema\/person\/0dba2d39da943db9df3fd8f4687e7f23","name":"piotrboczkowski","image":{"@type":"ImageObject","inLanguage":"pl-PL","@id":"https:\/\/www.welovecycling.com\/pl\/#\/schema\/person\/image\/","url":"https:\/\/secure.gravatar.com\/avatar\/533caccae14752e03a2ce2d3fd62d1b98b93e1393c3195c27819e53344ca1ace?s=96&d=mm&r=g","contentUrl":"https:\/\/secure.gravatar.com\/avatar\/533caccae14752e03a2ce2d3fd62d1b98b93e1393c3195c27819e53344ca1ace?s=96&d=mm&r=g","caption":"piotrboczkowski"},"url":"https:\/\/www.welovecycling.com\/pl\/author\/piotrboczkowski\/"}]}},"_links":{"self":[{"href":"https:\/\/www.welovecycling.com\/pl\/wp-json\/wp\/v2\/posts\/7509","targetHints":{"allow":["GET"]}}],"collection":[{"href":"https:\/\/www.welovecycling.com\/pl\/wp-json\/wp\/v2\/posts"}],"about":[{"href":"https:\/\/www.welovecycling.com\/pl\/wp-json\/wp\/v2\/types\/post"}],"author":[{"embeddable":true,"href":"https:\/\/www.welovecycling.com\/pl\/wp-json\/wp\/v2\/users\/76"}],"replies":[{"embeddable":true,"href":"https:\/\/www.welovecycling.com\/pl\/wp-json\/wp\/v2\/comments?post=7509"}],"version-history":[{"count":1,"href":"https:\/\/www.welovecycling.com\/pl\/wp-json\/wp\/v2\/posts\/7509\/revisions"}],"predecessor-version":[{"id":7511,"href":"https:\/\/www.welovecycling.com\/pl\/wp-json\/wp\/v2\/posts\/7509\/revisions\/7511"}],"wp:featuredmedia":[{"embeddable":true,"href":"https:\/\/www.welovecycling.com\/pl\/wp-json\/wp\/v2\/media\/7510"}],"wp:attachment":[{"href":"https:\/\/www.welovecycling.com\/pl\/wp-json\/wp\/v2\/media?parent=7509"}],"wp:term":[{"taxonomy":"category","embeddable":true,"href":"https:\/\/www.welovecycling.com\/pl\/wp-json\/wp\/v2\/categories?post=7509"},{"taxonomy":"post_tag","embeddable":true,"href":"https:\/\/www.welovecycling.com\/pl\/wp-json\/wp\/v2\/tags?post=7509"},{"taxonomy":"global-categories","embeddable":true,"href":"https:\/\/www.welovecycling.com\/pl\/wp-json\/wp\/v2\/global-categories?post=7509"}],"curies":[{"name":"wp","href":"https:\/\/api.w.org\/{rel}","templated":true}]}}