{"id":7506,"date":"2018-08-03T13:00:10","date_gmt":"2018-08-03T13:00:10","guid":{"rendered":"https:\/\/www.welovecycling.com\/pl\/?p=7506"},"modified":"2018-08-03T11:02:50","modified_gmt":"2018-08-03T11:02:50","slug":"dziewiata-edycja-kolarskiego-memorialu-stanislawa-krolaka","status":"publish","type":"post","link":"https:\/\/www.welovecycling.com\/pl\/2018\/08\/03\/dziewiata-edycja-kolarskiego-memorialu-stanislawa-krolaka\/","title":{"rendered":"Dziewi\u0105ta edycja kolarskiego Memoria\u0142u Stanis\u0142awa Kr\u00f3laka"},"content":{"rendered":"<p><strong>Ju\u017c 5 sierpnia 2018 r. rusza IX Memoria\u0142 Stanis\u0142awa Kr\u00f3laka \u2013 kolarskie \u015bwi\u0119to w samym centrum Warszawy, kt\u00f3rego autoryzowany salon dealerski \u0160koda Auto-Wimar jest jednym z dumnych sponsor\u00f3w. Elita zawodowc\u00f3w powalczy o \u201ePompk\u0119 Kr\u00f3laka\u201d i \u201eKostk\u0119 Bednarskiej\u201d w widowiskowych zawodach zaliczanych do Mistrzostw Polski w kryterium ulicznym.<\/strong><\/p>\n<p>Organizatorem i pomys\u0142odawc\u0105 tego wydarzenia jest Grzegorz Wajs, by\u0142y kolarz zawodowy, a dzi\u015b dyrektor czo\u0142owego w Polsce cyklu wy\u015bcig\u00f3w amator\u00f3w na rowerach g\u00f3rskich LOTTO Poland Bike Marathon.<\/p>\n<p><em>\u2013 To b\u0119dzie nie lada gratka dla mi\u0142o\u015bnik\u00f3w jazdy na dw\u00f3ch k\u00f3\u0142kach. W wy\u015bcigach b\u0119dzie m\u00f3g\u0142 wystartowa\u0107 ka\u017cdy, ale punktem kulminacyjnym imprezy b\u0119dzie rywalizacja zawodowc\u00f3w z Polski i zagranicy<\/em> \u2013 m\u00f3wi dyrektor imprezy Grzegorz Wajs. \u2013 <em>Ta impreza ma swoj\u0105 mark\u0119. Ten wy\u015bcig wygrywali w przesz\u0142o\u015bci Robert Radosz, Dariusz Baranowski, Pawe\u0142 Bernas, \u0141ukasz Owsian oraz dwukrotnie Kamil Gradek i Mateusz Taciak. Elita polskiego kolarstwa zawodowego. Kto si\u0119gnie tym razem po legendarn\u0105 i niezwykle presti\u017cow\u0105 \u201ePompk\u0119 Kr\u00f3laka\u201d? Przekonamy si\u0119 ju\u017c 5 sierpnia w Warszawie.<\/em><\/p>\n<p>Ju\u017c od godziny 10.00 \u015bciga\u0107 si\u0119 b\u0119d\u0105 przedszkolaki, dzieci i m\u0142odzie\u017c, amatorzy na rowerach g\u00f3rskich oraz szosowych, a na deser elita zawodowc\u00f3w powalczy w zawodach Mistrzostw Polski. Wy\u015bcig g\u0142\u00f3wny z udzia\u0142em polskich i zagranicznych zespo\u0142\u00f3w rozpocznie si\u0119 o godzinie 17.15. Start i meta wy\u015bcigu znajduje si\u0119 przy Placu Zamkowym na Krakowskim Przedmie\u015bciu.<\/p>\n<p><strong>\u00a0<\/strong><\/p>\n<p><strong>PROGRAM ZAWOD\u00d3W<\/strong><\/p>\n<p>8.00 \u2013 13.00 \u2013 zapisy w Biurze Zawod\u00f3w<\/p>\n<p>10.00 \u2013 wy\u015bcigi Mini Cross dzieci 2-4 lat i 5-6 lat (300 m i 600 m)<\/p>\n<p>&nbsp;<\/p>\n<p><strong>Rowery g\u00f3rskie \u2013 Amatorzy<\/strong><\/p>\n<p>10.30 \u2013 wy\u015bcig dzieci (roczniki 2008-2011) \u2013 1 okr\u0105\u017cenie (2,7 km)<\/p>\n<p>10.30 \u2013 wy\u015bcig dzieci (roczniki 2004-2007) \u2013 1 okr\u0105\u017cenie (2,7 km)<\/p>\n<p>11.00 \u2013 wy\u015bcig kobiet open \u2013 7 okr\u0105\u017ce\u0144 (19 km)<\/p>\n<p>11.00 \u2013 wy\u015bcig m\u0119\u017cczyzn (roczniki 2000-2003) \u2013 7 okr\u0105\u017ce\u0144 (19 km)<\/p>\n<p>11.00 \u2013 wy\u015bcig m\u0119\u017cczyzn (roczniki 1978-1999) \u2013 7 okr\u0105\u017ce\u0144 (19 km)<\/p>\n<p>11.00 \u2013 wy\u015bcig m\u0119\u017cczyzn (roczniki 1977 i starsi) \u2013 7 okr\u0105\u017ce\u0144 (19 km)<\/p>\n<p>12.00 \u2013 dekoracja \u2013 Mini Cross, dzieci, kobiety i m\u0119\u017cczy\u017ani na rowerach g\u00f3rskich<\/p>\n<p>&nbsp;<\/p>\n<p><strong>Rowery szosowe \u2013 Amatorzy<\/strong><\/p>\n<p>12.45 \u2013 wy\u015bcig m\u0142odzie\u017cy (roczniki 2000-2003) \u2013 5 okr\u0105\u017ce\u0144 (13,5 km)<\/p>\n<p>12.45 \u2013 wy\u015bcig kobiet open \u2013 5 okr\u0105\u017ce\u0144 (13,5 km)<\/p>\n<p>13.30 \u2013 wy\u015bcig Amator\u00f3w m\u0119\u017cczyzn (roczniki 1978-1999) \u2013 8 okr\u0105\u017ce\u0144 (21,5 km)<\/p>\n<p>13.30 \u2013 wy\u015bcig Amator\u00f3w m\u0119\u017cczyzn (roczniki 1977 i starsi) \u2013 8 okr\u0105\u017ce\u0144 (21,5 km)<\/p>\n<p>14.30 \u2013 dekoracja \u2013 m\u0142odzie\u017c, kobiety i m\u0119\u017cczy\u017ani na rowerach szosowych<\/p>\n<p>&nbsp;<\/p>\n<p><strong>Rowery szosowe \u2013 Mistrzostwa Polski \u2013 PZKol.<\/strong><\/p>\n<p>15.15 \u2013 wy\u015bcig MP \u2013 Kobiety Open (Elita+U23+Juniorki) \u2013 10 okr\u0105\u017ce\u0144 (27 km)<\/p>\n<p>16.15 \u2013 wy\u015bcig MP \u2013 Juniorzy \u2013 10 okr\u0105\u017ce\u0144 \u2013 (27 km)<\/p>\n<p>17.15 \u2013 wy\u015bcig g\u0142\u00f3wny IX Memoria\u0142u Stanis\u0142awa Kr\u00f3laka \u2013 M\u0119\u017cczy\u017ani Open (Elita+U23) \u2013 15 okr\u0105\u017ce\u0144 (41 km)<\/p>\n<p>19.00 \u2013 dekoracja IX Memoria\u0142u Stanis\u0142awa Kr\u00f3laka<\/p>\n<p>&nbsp;<\/p>\n<p>Wi\u0119cej informacji i dok\u0142adny program zawod\u00f3w mo\u017cna znale\u017a\u0107 na stronie organizatora: <a href=\"https:\/\/memorialkrolaka.pl\/\">https:\/\/memorialkrolaka.pl\/\u00a0<\/a><\/p>\n","protected":false},"excerpt":{"rendered":"<p>Ju\u017c 5 sierpnia 2018 r. rusza IX Memoria\u0142 Stanis\u0142awa Kr\u00f3laka \u2013 kolarskie \u015bwi\u0119to w samym centrum Warszawy, kt\u00f3rego autoryzowany salon [&hellip;]<\/p>\n","protected":false},"author":76,"featured_media":7507,"comment_status":"open","ping_status":"open","sticky":false,"template":"","format":"standard","meta":{"footnotes":""},"categories":[6],"tags":[278,279],"global-categories":[],"class_list":["post-7506","post","type-post","status-publish","format-standard","has-post-thumbnail","hentry","category-kolarstwo-szosowe","tag-memorialu-stanislawa-krolaka","tag-skoda-auto-wimar"],"yoast_head":"<!-- This site is optimized with the Yoast SEO Premium plugin v25.3 (Yoast SEO v25.9) - https:\/\/yoast.com\/wordpress\/plugins\/seo\/ -->\n<title>Dziewi\u0105ta edycja kolarskiego Memoria\u0142u Stanis\u0142awa Kr\u00f3laka - \u0160koda We Love Cycling - Poland<\/title>\n<meta name=\"robots\" content=\"index, follow, max-snippet:-1, max-image-preview:large, max-video-preview:-1\" \/>\n<link rel=\"canonical\" href=\"https:\/\/www.welovecycling.com\/pl\/2018\/08\/03\/dziewiata-edycja-kolarskiego-memorialu-stanislawa-krolaka\/\" \/>\n<meta property=\"og:locale\" content=\"pl_PL\" \/>\n<meta property=\"og:type\" content=\"article\" \/>\n<meta property=\"og:title\" content=\"Dziewi\u0105ta edycja kolarskiego Memoria\u0142u Stanis\u0142awa Kr\u00f3laka\" \/>\n<meta property=\"og:description\" content=\"Ju\u017c 5 sierpnia 2018 r. rusza IX Memoria\u0142 Stanis\u0142awa Kr\u00f3laka \u2013 kolarskie \u015bwi\u0119to w samym centrum Warszawy, kt\u00f3rego autoryzowany salon [&hellip;]\" \/>\n<meta property=\"og:url\" content=\"https:\/\/www.welovecycling.com\/pl\/2018\/08\/03\/dziewiata-edycja-kolarskiego-memorialu-stanislawa-krolaka\/\" \/>\n<meta property=\"og:site_name\" content=\"\u0160koda We Love Cycling - Poland\" \/>\n<meta property=\"article:published_time\" content=\"2018-08-03T13:00:10+00:00\" \/>\n<meta property=\"og:image\" content=\"https:\/\/d2p6e6u75xmxt8.cloudfront.net\/5\/2018\/08\/Memorial.jpg\" \/>\n\t<meta property=\"og:image:width\" content=\"1920\" \/>\n\t<meta property=\"og:image:height\" content=\"1080\" \/>\n\t<meta property=\"og:image:type\" content=\"image\/jpeg\" \/>\n<meta name=\"author\" content=\"piotrboczkowski\" \/>\n<meta name=\"twitter:card\" content=\"summary_large_image\" \/>\n<meta name=\"twitter:label1\" content=\"Written by\" \/>\n\t<meta name=\"twitter:data1\" content=\"Welovecycling\" \/>\n\t<meta name=\"twitter:label2\" content=\"Est. reading time\" \/>\n\t<meta name=\"twitter:data2\" content=\"2 minutes\" \/>\n<script type=\"application\/ld+json\" class=\"yoast-schema-graph\">{\"@context\":\"https:\/\/schema.org\",\"@graph\":[{\"@type\":\"WebPage\",\"@id\":\"https:\/\/www.welovecycling.com\/pl\/2018\/08\/03\/dziewiata-edycja-kolarskiego-memorialu-stanislawa-krolaka\/\",\"url\":\"https:\/\/www.welovecycling.com\/pl\/2018\/08\/03\/dziewiata-edycja-kolarskiego-memorialu-stanislawa-krolaka\/\",\"name\":\"Dziewi\u0105ta edycja kolarskiego Memoria\u0142u Stanis\u0142awa Kr\u00f3laka - \u0160koda We Love Cycling - Poland\",\"isPartOf\":{\"@id\":\"https:\/\/www.welovecycling.com\/pl\/#website\"},\"primaryImageOfPage\":{\"@id\":\"https:\/\/www.welovecycling.com\/pl\/2018\/08\/03\/dziewiata-edycja-kolarskiego-memorialu-stanislawa-krolaka\/#primaryimage\"},\"image\":{\"@id\":\"https:\/\/www.welovecycling.com\/pl\/2018\/08\/03\/dziewiata-edycja-kolarskiego-memorialu-stanislawa-krolaka\/#primaryimage\"},\"thumbnailUrl\":\"https:\/\/d2p6e6u75xmxt8.cloudfront.net\/5\/2018\/08\/Memorial.jpg\",\"datePublished\":\"2018-08-03T13:00:10+00:00\",\"author\":{\"@id\":\"https:\/\/www.welovecycling.com\/pl\/#\/schema\/person\/0dba2d39da943db9df3fd8f4687e7f23\"},\"breadcrumb\":{\"@id\":\"https:\/\/www.welovecycling.com\/pl\/2018\/08\/03\/dziewiata-edycja-kolarskiego-memorialu-stanislawa-krolaka\/#breadcrumb\"},\"inLanguage\":\"pl-PL\",\"potentialAction\":[{\"@type\":\"ReadAction\",\"target\":[\"https:\/\/www.welovecycling.com\/pl\/2018\/08\/03\/dziewiata-edycja-kolarskiego-memorialu-stanislawa-krolaka\/\"]}]},{\"@type\":\"ImageObject\",\"inLanguage\":\"pl-PL\",\"@id\":\"https:\/\/www.welovecycling.com\/pl\/2018\/08\/03\/dziewiata-edycja-kolarskiego-memorialu-stanislawa-krolaka\/#primaryimage\",\"url\":\"https:\/\/d2p6e6u75xmxt8.cloudfront.net\/5\/2018\/08\/Memorial.jpg\",\"contentUrl\":\"https:\/\/d2p6e6u75xmxt8.cloudfront.net\/5\/2018\/08\/Memorial.jpg\",\"width\":1920,\"height\":1080},{\"@type\":\"BreadcrumbList\",\"@id\":\"https:\/\/www.welovecycling.com\/pl\/2018\/08\/03\/dziewiata-edycja-kolarskiego-memorialu-stanislawa-krolaka\/#breadcrumb\",\"itemListElement\":[{\"@type\":\"ListItem\",\"position\":1,\"name\":\"Home\",\"item\":\"https:\/\/www.welovecycling.com\/pl\/\"},{\"@type\":\"ListItem\",\"position\":2,\"name\":\"Dziewi\u0105ta edycja kolarskiego Memoria\u0142u Stanis\u0142awa Kr\u00f3laka\"}]},{\"@type\":\"WebSite\",\"@id\":\"https:\/\/www.welovecycling.com\/pl\/#website\",\"url\":\"https:\/\/www.welovecycling.com\/pl\/\",\"name\":\"\u0160koda We Love Cycling - Poland\",\"description\":\"\",\"potentialAction\":[{\"@type\":\"SearchAction\",\"target\":{\"@type\":\"EntryPoint\",\"urlTemplate\":\"https:\/\/www.welovecycling.com\/pl\/?s={search_term_string}\"},\"query-input\":{\"@type\":\"PropertyValueSpecification\",\"valueRequired\":true,\"valueName\":\"search_term_string\"}}],\"inLanguage\":\"pl-PL\"},{\"@type\":\"Person\",\"@id\":\"https:\/\/www.welovecycling.com\/pl\/#\/schema\/person\/0dba2d39da943db9df3fd8f4687e7f23\",\"name\":\"piotrboczkowski\",\"image\":{\"@type\":\"ImageObject\",\"inLanguage\":\"pl-PL\",\"@id\":\"https:\/\/www.welovecycling.com\/pl\/#\/schema\/person\/image\/\",\"url\":\"https:\/\/secure.gravatar.com\/avatar\/533caccae14752e03a2ce2d3fd62d1b98b93e1393c3195c27819e53344ca1ace?s=96&d=mm&r=g\",\"contentUrl\":\"https:\/\/secure.gravatar.com\/avatar\/533caccae14752e03a2ce2d3fd62d1b98b93e1393c3195c27819e53344ca1ace?s=96&d=mm&r=g\",\"caption\":\"piotrboczkowski\"},\"url\":\"https:\/\/www.welovecycling.com\/pl\/author\/piotrboczkowski\/\"}]}<\/script>\n<!-- \/ Yoast SEO Premium plugin. -->","yoast_head_json":{"title":"Dziewi\u0105ta edycja kolarskiego Memoria\u0142u Stanis\u0142awa Kr\u00f3laka - \u0160koda We Love Cycling - Poland","robots":{"index":"index","follow":"follow","max-snippet":"max-snippet:-1","max-image-preview":"max-image-preview:large","max-video-preview":"max-video-preview:-1"},"canonical":"https:\/\/www.welovecycling.com\/pl\/2018\/08\/03\/dziewiata-edycja-kolarskiego-memorialu-stanislawa-krolaka\/","og_locale":"pl_PL","og_type":"article","og_title":"Dziewi\u0105ta edycja kolarskiego Memoria\u0142u Stanis\u0142awa Kr\u00f3laka","og_description":"Ju\u017c 5 sierpnia 2018 r. rusza IX Memoria\u0142 Stanis\u0142awa Kr\u00f3laka \u2013 kolarskie \u015bwi\u0119to w samym centrum Warszawy, kt\u00f3rego autoryzowany salon [&hellip;]","og_url":"https:\/\/www.welovecycling.com\/pl\/2018\/08\/03\/dziewiata-edycja-kolarskiego-memorialu-stanislawa-krolaka\/","og_site_name":"\u0160koda We Love Cycling - Poland","article_published_time":"2018-08-03T13:00:10+00:00","og_image":[{"width":1920,"height":1080,"url":"https:\/\/d2p6e6u75xmxt8.cloudfront.net\/5\/2018\/08\/Memorial.jpg","type":"image\/jpeg"}],"author":"piotrboczkowski","twitter_card":"summary_large_image","twitter_misc":{"Written by":"Welovecycling","Est. reading time":"2 minutes"},"schema":{"@context":"https:\/\/schema.org","@graph":[{"@type":"WebPage","@id":"https:\/\/www.welovecycling.com\/pl\/2018\/08\/03\/dziewiata-edycja-kolarskiego-memorialu-stanislawa-krolaka\/","url":"https:\/\/www.welovecycling.com\/pl\/2018\/08\/03\/dziewiata-edycja-kolarskiego-memorialu-stanislawa-krolaka\/","name":"Dziewi\u0105ta edycja kolarskiego Memoria\u0142u Stanis\u0142awa Kr\u00f3laka - \u0160koda We Love Cycling - Poland","isPartOf":{"@id":"https:\/\/www.welovecycling.com\/pl\/#website"},"primaryImageOfPage":{"@id":"https:\/\/www.welovecycling.com\/pl\/2018\/08\/03\/dziewiata-edycja-kolarskiego-memorialu-stanislawa-krolaka\/#primaryimage"},"image":{"@id":"https:\/\/www.welovecycling.com\/pl\/2018\/08\/03\/dziewiata-edycja-kolarskiego-memorialu-stanislawa-krolaka\/#primaryimage"},"thumbnailUrl":"https:\/\/d2p6e6u75xmxt8.cloudfront.net\/5\/2018\/08\/Memorial.jpg","datePublished":"2018-08-03T13:00:10+00:00","author":{"@id":"https:\/\/www.welovecycling.com\/pl\/#\/schema\/person\/0dba2d39da943db9df3fd8f4687e7f23"},"breadcrumb":{"@id":"https:\/\/www.welovecycling.com\/pl\/2018\/08\/03\/dziewiata-edycja-kolarskiego-memorialu-stanislawa-krolaka\/#breadcrumb"},"inLanguage":"pl-PL","potentialAction":[{"@type":"ReadAction","target":["https:\/\/www.welovecycling.com\/pl\/2018\/08\/03\/dziewiata-edycja-kolarskiego-memorialu-stanislawa-krolaka\/"]}]},{"@type":"ImageObject","inLanguage":"pl-PL","@id":"https:\/\/www.welovecycling.com\/pl\/2018\/08\/03\/dziewiata-edycja-kolarskiego-memorialu-stanislawa-krolaka\/#primaryimage","url":"https:\/\/d2p6e6u75xmxt8.cloudfront.net\/5\/2018\/08\/Memorial.jpg","contentUrl":"https:\/\/d2p6e6u75xmxt8.cloudfront.net\/5\/2018\/08\/Memorial.jpg","width":1920,"height":1080},{"@type":"BreadcrumbList","@id":"https:\/\/www.welovecycling.com\/pl\/2018\/08\/03\/dziewiata-edycja-kolarskiego-memorialu-stanislawa-krolaka\/#breadcrumb","itemListElement":[{"@type":"ListItem","position":1,"name":"Home","item":"https:\/\/www.welovecycling.com\/pl\/"},{"@type":"ListItem","position":2,"name":"Dziewi\u0105ta edycja kolarskiego Memoria\u0142u Stanis\u0142awa Kr\u00f3laka"}]},{"@type":"WebSite","@id":"https:\/\/www.welovecycling.com\/pl\/#website","url":"https:\/\/www.welovecycling.com\/pl\/","name":"\u0160koda We Love Cycling - Poland","description":"","potentialAction":[{"@type":"SearchAction","target":{"@type":"EntryPoint","urlTemplate":"https:\/\/www.welovecycling.com\/pl\/?s={search_term_string}"},"query-input":{"@type":"PropertyValueSpecification","valueRequired":true,"valueName":"search_term_string"}}],"inLanguage":"pl-PL"},{"@type":"Person","@id":"https:\/\/www.welovecycling.com\/pl\/#\/schema\/person\/0dba2d39da943db9df3fd8f4687e7f23","name":"piotrboczkowski","image":{"@type":"ImageObject","inLanguage":"pl-PL","@id":"https:\/\/www.welovecycling.com\/pl\/#\/schema\/person\/image\/","url":"https:\/\/secure.gravatar.com\/avatar\/533caccae14752e03a2ce2d3fd62d1b98b93e1393c3195c27819e53344ca1ace?s=96&d=mm&r=g","contentUrl":"https:\/\/secure.gravatar.com\/avatar\/533caccae14752e03a2ce2d3fd62d1b98b93e1393c3195c27819e53344ca1ace?s=96&d=mm&r=g","caption":"piotrboczkowski"},"url":"https:\/\/www.welovecycling.com\/pl\/author\/piotrboczkowski\/"}]}},"_links":{"self":[{"href":"https:\/\/www.welovecycling.com\/pl\/wp-json\/wp\/v2\/posts\/7506","targetHints":{"allow":["GET"]}}],"collection":[{"href":"https:\/\/www.welovecycling.com\/pl\/wp-json\/wp\/v2\/posts"}],"about":[{"href":"https:\/\/www.welovecycling.com\/pl\/wp-json\/wp\/v2\/types\/post"}],"author":[{"embeddable":true,"href":"https:\/\/www.welovecycling.com\/pl\/wp-json\/wp\/v2\/users\/76"}],"replies":[{"embeddable":true,"href":"https:\/\/www.welovecycling.com\/pl\/wp-json\/wp\/v2\/comments?post=7506"}],"version-history":[{"count":1,"href":"https:\/\/www.welovecycling.com\/pl\/wp-json\/wp\/v2\/posts\/7506\/revisions"}],"predecessor-version":[{"id":7508,"href":"https:\/\/www.welovecycling.com\/pl\/wp-json\/wp\/v2\/posts\/7506\/revisions\/7508"}],"wp:featuredmedia":[{"embeddable":true,"href":"https:\/\/www.welovecycling.com\/pl\/wp-json\/wp\/v2\/media\/7507"}],"wp:attachment":[{"href":"https:\/\/www.welovecycling.com\/pl\/wp-json\/wp\/v2\/media?parent=7506"}],"wp:term":[{"taxonomy":"category","embeddable":true,"href":"https:\/\/www.welovecycling.com\/pl\/wp-json\/wp\/v2\/categories?post=7506"},{"taxonomy":"post_tag","embeddable":true,"href":"https:\/\/www.welovecycling.com\/pl\/wp-json\/wp\/v2\/tags?post=7506"},{"taxonomy":"global-categories","embeddable":true,"href":"https:\/\/www.welovecycling.com\/pl\/wp-json\/wp\/v2\/global-categories?post=7506"}],"curies":[{"name":"wp","href":"https:\/\/api.w.org\/{rel}","templated":true}]}}