{"id":7502,"date":"2018-08-03T10:52:47","date_gmt":"2018-08-03T10:52:47","guid":{"rendered":"https:\/\/www.welovecycling.com\/pl\/?p=7502"},"modified":"2018-08-03T10:52:47","modified_gmt":"2018-08-03T10:52:47","slug":"tak-sie-gra-w-zielone-niesamowity-wyczyn-na-tour-de-france","status":"publish","type":"post","link":"https:\/\/www.welovecycling.com\/pl\/2018\/08\/03\/tak-sie-gra-w-zielone-niesamowity-wyczyn-na-tour-de-france\/","title":{"rendered":"Tak si\u0119 gra w zielone! Niesamowity wyczyn na Tour de France"},"content":{"rendered":"<p><strong>Gdyby jednak zdecydowa\u0142 si\u0119 na pi\u0142k\u0119 no\u017cn\u0105, to pewnie gra\u0142by w zespole wyst\u0119puj\u0105cym w zielonych koszulkach i na pewno by\u0142by jego liderem. Peter Sagan po raz sz\u00f3sty (!) w zielonym trykocie zako\u0144czy\u0142 Tour de France i tym samym wyr\u00f3wna\u0142 rekord wszech czas\u00f3w w triumfach w klasyfikacji punktowej (sponsorowanej przez \u0160kod\u0119).<\/strong><\/p>\n<p>S\u0142owak walk\u0119 o zielon\u0105 zdominowa\u0142 mocniej ni\u017c Leo Messi pi\u0142k\u0119 no\u017cn\u0105 czy Michael Jordan koszyk\u00f3wk\u0119. Wystarczy napisa\u0107, \u017ce wygra\u0142 ka\u017cd\u0105 (!) klasyfikacj\u0119 punktow\u0105 Wielkiej P\u0119tli, kt\u00f3r\u0105 uko\u0144czy\u0142!<\/p>\n<p>\u201eW tym roku ta wygrana smakuje jednak specjalnie, szczeg\u00f3lnie po upadku, kt\u00f3ry przydarzy\u0142 mi si\u0119 na jednym z ostatnich etap\u00f3w. Dzi\u0119kuj\u0119 wszystkim, kt\u00f3rzy zn\u00f3w mi pomogli\u201d \u2013 napisa\u0142 Sagan na Facebooku, a gdyby zag\u0142\u0119bia\u0142 si\u0119 w szczeg\u00f3\u0142y, to musia\u0142by wymieni\u0107 trzech Polak\u00f3w: Rafa\u0142a Majk\u0119, Macieja Bodnara i Paw\u0142a Polja\u0144skiego, kt\u00f3rzy je\u017cd\u017c\u0105 z nim w Bora Hansgrohe.<\/p>\n<p><strong>Rower od siostry<\/strong><\/p>\n<p>Historia Sagana jest o tyle niecodzienna, \u017ce jeszcze trzy lata przed inauguracyjnym startem w Tour de France wszystko wskazywa\u0142o, \u017ce wkr\u00f3tce na rower szosowy w og\u00f3le nie wsi\u0105dzie. \u2013 Patrz\u0119 na moje ostatnie osi\u0105gni\u0119cia i sk\u0142aniam si\u0119 ku kolarstwu g\u00f3rskiemu \u2013 m\u00f3wi\u0142.<\/p>\n<p>W rodzinie jednak wiedzieli, \u017ce Peter w sekund\u0119 mo\u017ce zmieni\u0107 zdanie, tak jak zrobi\u0142 to np. w wieku 7 lat. W\u00f3wczas wymarzy\u0142 sobie karier\u0119 pi\u0142karza, ale z marze\u0144 zrezygnowa\u0142 po\u2026 tygodniu i zdecydowa\u0142 si\u0119 na kolarstwo.<\/p>\n<p>Cho\u0107 \u0142atwe to nie by\u0142o, bo w domu si\u0119 nie przelewa\u0142o. Rodzice prowadzili ma\u0142y sklep spo\u017cywczy 40 kilometr\u00f3w od polskiej granicy i na starcie nie by\u0142o ich sta\u0107, by wyposa\u017cy\u0107 syna w sprz\u0119t najwy\u017cszej klasy. Dosz\u0142o nawet do tego, \u017ce jeden z pierwszych wy\u015bcig\u00f3w Sagan wygra\u0142 na\u2026 rowerze siostry, kupionym w supermarkecie. S\u0142abo\u015b\u0107 sprz\u0119tu nadrabia\u0142 si\u0142\u0105 n\u00f3g.<\/p>\n<p>Do jazdy po szosie przekona\u0142a go dru\u017cyna Liquigas, a dok\u0142adniej gwarantowane 33 tys. euro za sezon. I bardzo dobrze, bo od pocz\u0105tku zawodowego \u015bcigania wida\u0107 by\u0142o, \u017ce Peter to niezwyk\u0142y talent. Bez tego nie by\u0142by w stanie niemal na sta\u0142e przyklei\u0107 do siebie zielonej koszulki Tour de France, a tak\u017ce zdoby\u0107 trzech ostatnich tytu\u0142\u00f3w mistrza \u015bwiata oraz mistrzostwa Europy.<\/p>\n<p>\u2013 Ostatnio kto\u015b \u017cartowa\u0142, \u017ce nie pami\u0119ta, kiedy Sagan jecha\u0142 w swojej normalnym, klubowym trykocie \u2013 u\u015bmiechali si\u0119 komentatorzy Eurosportu.<\/p>\n<p><strong>Zwyci\u0119stw mog\u0142o by\u0107 jeszcze wi\u0119cej<\/strong><\/p>\n<p>Podczas tegorocznego Tour de France wszyscy czekali na rekord Christophera Froome, kt\u00f3ry mia\u0142 wygra\u0107 po raz pi\u0105ty i tym samym do\u0142\u0105czy\u0107 do najlepszych zawodnik\u00f3w w dziejach wy\u015bcigu. Zamiast tego w historii tegorocznej Wielkiej P\u0119tli zapisa\u0142 si\u0119 jednak wyczyn Sagana.<\/p>\n<p>S\u0142owak wygra\u0142 klasyfikacj\u0119 punktow\u0105 po raz sz\u00f3sty, a wcze\u015bniej uda\u0142o si\u0119 to tylko Erikowi Zabelowi (1996 \u2013 2001), cho\u0107 pierwsza zielona koszulka dla Niemca ca\u0142y czas jest przedmiotem niejasno\u015bci, bo zdoby\u0142 j\u0105 w czasach, gdy przyzna\u0142 si\u0119 do stosowania EPO.<\/p>\n<p>Sagan ju\u017c dzi\u015b wyprzedza\u0142by Zabela bezdyskusyjnie, gdyby nie wpadka na zesz\u0142orocznym Tour de France. Podczas finiszu uderzy\u0142 \u0142okciem Marka Cavendisha i cho\u0107 zarzeka\u0142 si\u0119, \u017ce zrobi\u0142 to przypadkowo, to s\u0119dziowie nie dali wiary jego t\u0142umaczeniom. S\u0142owak zosta\u0142 wyrzucony z Wielkiej P\u0119tli i tym samym pozbawiony szans na zielon\u0105 koszulk\u0119. I to szans ogromnych, bo Sagan zielone trykoty gromadzi jak wytrawny \u0142owca trofea &#8211; w tym roku zdoby\u0142 blisko dwa razy wi\u0119cej punkt\u00f3w (477) ni\u017c drugi w klasyfikacji Alexander Kristoff z UAE Team Emirates (246 punkt\u00f3w).<\/p>\n<p>Sagan zielon\u0105 koszulk\u0119 wci\u0105gn\u0105\u0142 na siebie po drugim etapie i nie odda\u0142 jej ju\u017c do ko\u0144ca. I zanosi si\u0119 na to, \u017ce mo\u017ce jej nie odda\u0107 jeszcze przez kilka najbli\u017cszych lat.<\/p>\n<p>Sagan wygra\u0142 klasyfikacj\u0119 punktow\u0105 (sponsorowan\u0105 przez \u0160kod\u0119) tegorocznego Tour de France, zwyci\u0119zc\u0105 generalnej zosta\u0142 Geraint Thomas, g\u00f3rskiej Julian Alaphilippe (Quick-Step Floors), a m\u0142odzie\u017cowej Roger Latour (AG2R).<\/p>\n","protected":false},"excerpt":{"rendered":"<p>Gdyby jednak zdecydowa\u0142 si\u0119 na pi\u0142k\u0119 no\u017cn\u0105, to pewnie gra\u0142by w zespole wyst\u0119puj\u0105cym w zielonych koszulkach i na pewno by\u0142by [&hellip;]<\/p>\n","protected":false},"author":76,"featured_media":7503,"comment_status":"open","ping_status":"open","sticky":false,"template":"","format":"standard","meta":{"footnotes":""},"categories":[6],"tags":[94,73,212],"global-categories":[],"class_list":["post-7502","post","type-post","status-publish","format-standard","has-post-thumbnail","hentry","category-kolarstwo-szosowe","tag-peter-sagan","tag-tdf","tag-tour-de-france-2018"],"yoast_head":"<!-- This site is optimized with the Yoast SEO Premium plugin v25.3 (Yoast SEO v25.9) - https:\/\/yoast.com\/wordpress\/plugins\/seo\/ -->\n<title>Tak si\u0119 gra w zielone! Niesamowity wyczyn na Tour de France - \u0160koda We Love Cycling - Poland<\/title>\n<meta name=\"robots\" content=\"index, follow, max-snippet:-1, max-image-preview:large, max-video-preview:-1\" \/>\n<link rel=\"canonical\" href=\"https:\/\/www.welovecycling.com\/pl\/2018\/08\/03\/tak-sie-gra-w-zielone-niesamowity-wyczyn-na-tour-de-france\/\" \/>\n<meta property=\"og:locale\" content=\"pl_PL\" \/>\n<meta property=\"og:type\" content=\"article\" \/>\n<meta property=\"og:title\" content=\"Tak si\u0119 gra w zielone! Niesamowity wyczyn na Tour de France\" \/>\n<meta property=\"og:description\" content=\"Gdyby jednak zdecydowa\u0142 si\u0119 na pi\u0142k\u0119 no\u017cn\u0105, to pewnie gra\u0142by w zespole wyst\u0119puj\u0105cym w zielonych koszulkach i na pewno by\u0142by [&hellip;]\" \/>\n<meta property=\"og:url\" content=\"https:\/\/www.welovecycling.com\/pl\/2018\/08\/03\/tak-sie-gra-w-zielone-niesamowity-wyczyn-na-tour-de-france\/\" \/>\n<meta property=\"og:site_name\" content=\"\u0160koda We Love Cycling - Poland\" \/>\n<meta property=\"article:published_time\" content=\"2018-08-03T10:52:47+00:00\" \/>\n<meta property=\"og:image\" content=\"https:\/\/d2p6e6u75xmxt8.cloudfront.net\/5\/2018\/08\/profimedia-0378543524-1.jpg\" \/>\n\t<meta property=\"og:image:width\" content=\"1366\" \/>\n\t<meta property=\"og:image:height\" content=\"600\" \/>\n\t<meta property=\"og:image:type\" content=\"image\/jpeg\" \/>\n<meta name=\"author\" content=\"piotrboczkowski\" \/>\n<meta name=\"twitter:card\" content=\"summary_large_image\" \/>\n<meta name=\"twitter:label1\" content=\"Written by\" \/>\n\t<meta name=\"twitter:data1\" content=\"Piotr Jawor\" \/>\n\t<meta name=\"twitter:label2\" content=\"Est. reading time\" \/>\n\t<meta name=\"twitter:data2\" content=\"3 minutes\" \/>\n<script type=\"application\/ld+json\" class=\"yoast-schema-graph\">{\"@context\":\"https:\/\/schema.org\",\"@graph\":[{\"@type\":\"WebPage\",\"@id\":\"https:\/\/www.welovecycling.com\/pl\/2018\/08\/03\/tak-sie-gra-w-zielone-niesamowity-wyczyn-na-tour-de-france\/\",\"url\":\"https:\/\/www.welovecycling.com\/pl\/2018\/08\/03\/tak-sie-gra-w-zielone-niesamowity-wyczyn-na-tour-de-france\/\",\"name\":\"Tak si\u0119 gra w zielone! Niesamowity wyczyn na Tour de France - \u0160koda We Love Cycling - Poland\",\"isPartOf\":{\"@id\":\"https:\/\/www.welovecycling.com\/pl\/#website\"},\"primaryImageOfPage\":{\"@id\":\"https:\/\/www.welovecycling.com\/pl\/2018\/08\/03\/tak-sie-gra-w-zielone-niesamowity-wyczyn-na-tour-de-france\/#primaryimage\"},\"image\":{\"@id\":\"https:\/\/www.welovecycling.com\/pl\/2018\/08\/03\/tak-sie-gra-w-zielone-niesamowity-wyczyn-na-tour-de-france\/#primaryimage\"},\"thumbnailUrl\":\"https:\/\/d2p6e6u75xmxt8.cloudfront.net\/5\/2018\/08\/profimedia-0378543524-1.jpg\",\"datePublished\":\"2018-08-03T10:52:47+00:00\",\"author\":{\"@id\":\"https:\/\/www.welovecycling.com\/pl\/#\/schema\/person\/0dba2d39da943db9df3fd8f4687e7f23\"},\"breadcrumb\":{\"@id\":\"https:\/\/www.welovecycling.com\/pl\/2018\/08\/03\/tak-sie-gra-w-zielone-niesamowity-wyczyn-na-tour-de-france\/#breadcrumb\"},\"inLanguage\":\"pl-PL\",\"potentialAction\":[{\"@type\":\"ReadAction\",\"target\":[\"https:\/\/www.welovecycling.com\/pl\/2018\/08\/03\/tak-sie-gra-w-zielone-niesamowity-wyczyn-na-tour-de-france\/\"]}]},{\"@type\":\"ImageObject\",\"inLanguage\":\"pl-PL\",\"@id\":\"https:\/\/www.welovecycling.com\/pl\/2018\/08\/03\/tak-sie-gra-w-zielone-niesamowity-wyczyn-na-tour-de-france\/#primaryimage\",\"url\":\"https:\/\/d2p6e6u75xmxt8.cloudfront.net\/5\/2018\/08\/profimedia-0378543524-1.jpg\",\"contentUrl\":\"https:\/\/d2p6e6u75xmxt8.cloudfront.net\/5\/2018\/08\/profimedia-0378543524-1.jpg\",\"width\":1366,\"height\":600},{\"@type\":\"BreadcrumbList\",\"@id\":\"https:\/\/www.welovecycling.com\/pl\/2018\/08\/03\/tak-sie-gra-w-zielone-niesamowity-wyczyn-na-tour-de-france\/#breadcrumb\",\"itemListElement\":[{\"@type\":\"ListItem\",\"position\":1,\"name\":\"Home\",\"item\":\"https:\/\/www.welovecycling.com\/pl\/\"},{\"@type\":\"ListItem\",\"position\":2,\"name\":\"Tak si\u0119 gra w zielone! Niesamowity wyczyn na Tour de France\"}]},{\"@type\":\"WebSite\",\"@id\":\"https:\/\/www.welovecycling.com\/pl\/#website\",\"url\":\"https:\/\/www.welovecycling.com\/pl\/\",\"name\":\"\u0160koda We Love Cycling - Poland\",\"description\":\"\",\"potentialAction\":[{\"@type\":\"SearchAction\",\"target\":{\"@type\":\"EntryPoint\",\"urlTemplate\":\"https:\/\/www.welovecycling.com\/pl\/?s={search_term_string}\"},\"query-input\":{\"@type\":\"PropertyValueSpecification\",\"valueRequired\":true,\"valueName\":\"search_term_string\"}}],\"inLanguage\":\"pl-PL\"},{\"@type\":\"Person\",\"@id\":\"https:\/\/www.welovecycling.com\/pl\/#\/schema\/person\/0dba2d39da943db9df3fd8f4687e7f23\",\"name\":\"piotrboczkowski\",\"image\":{\"@type\":\"ImageObject\",\"inLanguage\":\"pl-PL\",\"@id\":\"https:\/\/www.welovecycling.com\/pl\/#\/schema\/person\/image\/\",\"url\":\"https:\/\/secure.gravatar.com\/avatar\/533caccae14752e03a2ce2d3fd62d1b98b93e1393c3195c27819e53344ca1ace?s=96&d=mm&r=g\",\"contentUrl\":\"https:\/\/secure.gravatar.com\/avatar\/533caccae14752e03a2ce2d3fd62d1b98b93e1393c3195c27819e53344ca1ace?s=96&d=mm&r=g\",\"caption\":\"piotrboczkowski\"},\"url\":\"https:\/\/www.welovecycling.com\/pl\/author\/piotrboczkowski\/\"}]}<\/script>\n<!-- \/ Yoast SEO Premium plugin. -->","yoast_head_json":{"title":"Tak si\u0119 gra w zielone! Niesamowity wyczyn na Tour de France - \u0160koda We Love Cycling - Poland","robots":{"index":"index","follow":"follow","max-snippet":"max-snippet:-1","max-image-preview":"max-image-preview:large","max-video-preview":"max-video-preview:-1"},"canonical":"https:\/\/www.welovecycling.com\/pl\/2018\/08\/03\/tak-sie-gra-w-zielone-niesamowity-wyczyn-na-tour-de-france\/","og_locale":"pl_PL","og_type":"article","og_title":"Tak si\u0119 gra w zielone! Niesamowity wyczyn na Tour de France","og_description":"Gdyby jednak zdecydowa\u0142 si\u0119 na pi\u0142k\u0119 no\u017cn\u0105, to pewnie gra\u0142by w zespole wyst\u0119puj\u0105cym w zielonych koszulkach i na pewno by\u0142by [&hellip;]","og_url":"https:\/\/www.welovecycling.com\/pl\/2018\/08\/03\/tak-sie-gra-w-zielone-niesamowity-wyczyn-na-tour-de-france\/","og_site_name":"\u0160koda We Love Cycling - Poland","article_published_time":"2018-08-03T10:52:47+00:00","og_image":[{"width":1366,"height":600,"url":"https:\/\/d2p6e6u75xmxt8.cloudfront.net\/5\/2018\/08\/profimedia-0378543524-1.jpg","type":"image\/jpeg"}],"author":"piotrboczkowski","twitter_card":"summary_large_image","twitter_misc":{"Written by":"Piotr Jawor","Est. reading time":"3 minutes"},"schema":{"@context":"https:\/\/schema.org","@graph":[{"@type":"WebPage","@id":"https:\/\/www.welovecycling.com\/pl\/2018\/08\/03\/tak-sie-gra-w-zielone-niesamowity-wyczyn-na-tour-de-france\/","url":"https:\/\/www.welovecycling.com\/pl\/2018\/08\/03\/tak-sie-gra-w-zielone-niesamowity-wyczyn-na-tour-de-france\/","name":"Tak si\u0119 gra w zielone! Niesamowity wyczyn na Tour de France - \u0160koda We Love Cycling - Poland","isPartOf":{"@id":"https:\/\/www.welovecycling.com\/pl\/#website"},"primaryImageOfPage":{"@id":"https:\/\/www.welovecycling.com\/pl\/2018\/08\/03\/tak-sie-gra-w-zielone-niesamowity-wyczyn-na-tour-de-france\/#primaryimage"},"image":{"@id":"https:\/\/www.welovecycling.com\/pl\/2018\/08\/03\/tak-sie-gra-w-zielone-niesamowity-wyczyn-na-tour-de-france\/#primaryimage"},"thumbnailUrl":"https:\/\/d2p6e6u75xmxt8.cloudfront.net\/5\/2018\/08\/profimedia-0378543524-1.jpg","datePublished":"2018-08-03T10:52:47+00:00","author":{"@id":"https:\/\/www.welovecycling.com\/pl\/#\/schema\/person\/0dba2d39da943db9df3fd8f4687e7f23"},"breadcrumb":{"@id":"https:\/\/www.welovecycling.com\/pl\/2018\/08\/03\/tak-sie-gra-w-zielone-niesamowity-wyczyn-na-tour-de-france\/#breadcrumb"},"inLanguage":"pl-PL","potentialAction":[{"@type":"ReadAction","target":["https:\/\/www.welovecycling.com\/pl\/2018\/08\/03\/tak-sie-gra-w-zielone-niesamowity-wyczyn-na-tour-de-france\/"]}]},{"@type":"ImageObject","inLanguage":"pl-PL","@id":"https:\/\/www.welovecycling.com\/pl\/2018\/08\/03\/tak-sie-gra-w-zielone-niesamowity-wyczyn-na-tour-de-france\/#primaryimage","url":"https:\/\/d2p6e6u75xmxt8.cloudfront.net\/5\/2018\/08\/profimedia-0378543524-1.jpg","contentUrl":"https:\/\/d2p6e6u75xmxt8.cloudfront.net\/5\/2018\/08\/profimedia-0378543524-1.jpg","width":1366,"height":600},{"@type":"BreadcrumbList","@id":"https:\/\/www.welovecycling.com\/pl\/2018\/08\/03\/tak-sie-gra-w-zielone-niesamowity-wyczyn-na-tour-de-france\/#breadcrumb","itemListElement":[{"@type":"ListItem","position":1,"name":"Home","item":"https:\/\/www.welovecycling.com\/pl\/"},{"@type":"ListItem","position":2,"name":"Tak si\u0119 gra w zielone! Niesamowity wyczyn na Tour de France"}]},{"@type":"WebSite","@id":"https:\/\/www.welovecycling.com\/pl\/#website","url":"https:\/\/www.welovecycling.com\/pl\/","name":"\u0160koda We Love Cycling - Poland","description":"","potentialAction":[{"@type":"SearchAction","target":{"@type":"EntryPoint","urlTemplate":"https:\/\/www.welovecycling.com\/pl\/?s={search_term_string}"},"query-input":{"@type":"PropertyValueSpecification","valueRequired":true,"valueName":"search_term_string"}}],"inLanguage":"pl-PL"},{"@type":"Person","@id":"https:\/\/www.welovecycling.com\/pl\/#\/schema\/person\/0dba2d39da943db9df3fd8f4687e7f23","name":"piotrboczkowski","image":{"@type":"ImageObject","inLanguage":"pl-PL","@id":"https:\/\/www.welovecycling.com\/pl\/#\/schema\/person\/image\/","url":"https:\/\/secure.gravatar.com\/avatar\/533caccae14752e03a2ce2d3fd62d1b98b93e1393c3195c27819e53344ca1ace?s=96&d=mm&r=g","contentUrl":"https:\/\/secure.gravatar.com\/avatar\/533caccae14752e03a2ce2d3fd62d1b98b93e1393c3195c27819e53344ca1ace?s=96&d=mm&r=g","caption":"piotrboczkowski"},"url":"https:\/\/www.welovecycling.com\/pl\/author\/piotrboczkowski\/"}]}},"_links":{"self":[{"href":"https:\/\/www.welovecycling.com\/pl\/wp-json\/wp\/v2\/posts\/7502","targetHints":{"allow":["GET"]}}],"collection":[{"href":"https:\/\/www.welovecycling.com\/pl\/wp-json\/wp\/v2\/posts"}],"about":[{"href":"https:\/\/www.welovecycling.com\/pl\/wp-json\/wp\/v2\/types\/post"}],"author":[{"embeddable":true,"href":"https:\/\/www.welovecycling.com\/pl\/wp-json\/wp\/v2\/users\/76"}],"replies":[{"embeddable":true,"href":"https:\/\/www.welovecycling.com\/pl\/wp-json\/wp\/v2\/comments?post=7502"}],"version-history":[{"count":2,"href":"https:\/\/www.welovecycling.com\/pl\/wp-json\/wp\/v2\/posts\/7502\/revisions"}],"predecessor-version":[{"id":7505,"href":"https:\/\/www.welovecycling.com\/pl\/wp-json\/wp\/v2\/posts\/7502\/revisions\/7505"}],"wp:featuredmedia":[{"embeddable":true,"href":"https:\/\/www.welovecycling.com\/pl\/wp-json\/wp\/v2\/media\/7503"}],"wp:attachment":[{"href":"https:\/\/www.welovecycling.com\/pl\/wp-json\/wp\/v2\/media?parent=7502"}],"wp:term":[{"taxonomy":"category","embeddable":true,"href":"https:\/\/www.welovecycling.com\/pl\/wp-json\/wp\/v2\/categories?post=7502"},{"taxonomy":"post_tag","embeddable":true,"href":"https:\/\/www.welovecycling.com\/pl\/wp-json\/wp\/v2\/tags?post=7502"},{"taxonomy":"global-categories","embeddable":true,"href":"https:\/\/www.welovecycling.com\/pl\/wp-json\/wp\/v2\/global-categories?post=7502"}],"curies":[{"name":"wp","href":"https:\/\/api.w.org\/{rel}","templated":true}]}}