{"id":7498,"date":"2018-08-02T21:24:31","date_gmt":"2018-08-02T21:24:31","guid":{"rendered":"https:\/\/www.welovecycling.com\/pl\/?p=7498"},"modified":"2018-08-03T09:22:14","modified_gmt":"2018-08-03T09:22:14","slug":"trudne-przejscia-zwyciezcy-tour-de-france","status":"publish","type":"post","link":"https:\/\/www.welovecycling.com\/pl\/2018\/08\/02\/trudne-przejscia-zwyciezcy-tour-de-france\/","title":{"rendered":"Trudne przej\u015bcia zwyci\u0119zcy Tour de France"},"content":{"rendered":"<p><strong>Najpierw straci\u0142 \u015bledzion\u0119, p\u00f3\u017aniej z\u0142ama\u0142 miednic\u0119, a w debiucie na Tour de France zaj\u0105\u0142 140., przedostatnie miejsce. Tak rodzi\u0142 si\u0119 talent Gerainta Thomasa, wielkiego zwyci\u0119zcy tegorocznego Tour de France.<\/strong><\/p>\n<p>&#8211; \u201eNiesamowite\u201d, \u201enieprawdopodobne\u201d, \u201esurrealistyczne\u201d, \u201enie do uwierzenia\u201d \u2013 m\u00f3wi\u0142 na mecie Walijczyk i gdyby kto\u015b chcia\u0142 stworzy\u0107 s\u0142ownik termin\u00f3w oznaczaj\u0105cych niespodziewany zachwyt, to o pomoc m\u00f3g\u0142by poprosi\u0107 w\u0142a\u015bnie Thomasa. Ale jeszcze nie teraz, bo \u2013 jak sam przyznaje \u2013 wci\u0105\u017c nie mo\u017ce uwierzy\u0107 w to, co si\u0119 sta\u0142o.<\/p>\n<p><strong>Przekr\u0119canie \u015bruby<\/strong><\/p>\n<p>Karier\u0119 zaczyna\u0142 jak tysi\u0105ce ch\u0142opak\u00f3w \u2013 kt\u00f3rego\u015b dnia po prostu postanowi\u0142 przyj\u015b\u0107 na trening kolarski i sprawdzi\u0107 jak to jest. Do wyboru mia\u0142 jeszcze pi\u0142k\u0119 no\u017cn\u0105 i rugby, ale w stron\u0119 roweru ci\u0105gn\u0119\u0142o go najbardziej.<\/p>\n<p>P\u00f3\u017aniej z jego karier\u0105 i treningami bywa\u0142o r\u00f3\u017cnie. Potrafi\u0142 zawzi\u0105\u0107 si\u0119 i kr\u0119ci\u0107 setki kilometr\u00f3w, ale te\u017c pofolgowa\u0107 sobie wieczorem przy piwku. Z tego powodu zdarzy\u0142y mu si\u0119 kary dyscyplinarne, kt\u00f3re s\u0142abo\u015bci do z\u0142ocistego napoju nie wypleni\u0142y, ale dzi\u015b Thomas przynajmniej wie gdzie, kiedy i ile mo\u017ce, a podczas trening\u00f3w i start\u00f3w staje si\u0119 profesjonalist\u0105 pe\u0142n\u0105 g\u0119b\u0105.<\/p>\n<p>&#8211; Wiedzia\u0142em jakim jest kolarzem i cz\u0142owiekiem. Patrzy\u0142em jak trenuje i przygotowuje si\u0119 do wszystkich wy\u015bcig\u00f3w i to naprawd\u0119 jest co\u015b niesamowitego. To niezwykle buduj\u0105ce, obserwowa\u0107 takiego zawodnika. Wiem jak wiele wysi\u0142ku w\u0142o\u017cy\u0142 w ten sukces. Niekt\u00f3rzy uwa\u017caj\u0105, \u017ce nawet za du\u017co, bo na treningu potrafi nie podkr\u0119ci\u0107, ale nawet przekr\u0119ci\u0107 \u015brub\u0119 \u2013 m\u00f3wi\u0142 w Eurosporcie przed ostatni etapem Tour de France Micha\u0142 Kwiatkowski, kolega Thomasa ze Sky.<\/p>\n<p>Walijczyk w wielu momentach kariery mia\u0142 jednak pod g\u00f3rk\u0119 i w pewnym momencie m\u00f3g\u0142 powiedzie\u0107 \u201edo\u015b\u0107\u201d. Na przyk\u0142ad wtedy, gdy podczas treningu kawa\u0142ek metalu nieszcz\u0119\u015bliwe wbi\u0142 mu si\u0119 w cia\u0142o. Thomas liczy\u0142 jednak, \u017ce mimo wypadku pojedzie jeszcze w zbli\u017caj\u0105cym si\u0119 wy\u015bcigu, tymczasem okaza\u0142o si\u0119, \u017ce lekarze musz\u0105\u2026 usun\u0105\u0107 mu \u015bledzion\u0119. Z kolei podczas Tour de France w 2013 roku upad\u0142 i z\u0142ama\u0142 miednic\u0119. I co? Nazajutrz zacisn\u0105\u0142 z\u0119by, wsiad\u0142 na rower i pojecha\u0142. I to nie jeden etap, ale 20, bo wypadek wydarzy\u0142 si\u0119 na prologu.<\/p>\n<p>Thomas nie jest jednak robotem, a potwierdzi\u0142 to ubieg\u0142oroczny Tour de France, gdy jecha\u0142 nawet w koszulce lidera, ale musia\u0142 si\u0119 wycofa\u0107 z powodu kontuzji. Zreszt\u0105 Wielka P\u0119tla wcale nie by\u0142a jego konikiem. Pierwszy raz pojecha\u0142 w niej w 2007 roku i zaj\u0105\u0142 140., przedostatnie miejsce. P\u00f3\u017aniej by\u0142y pozycje: 67., 31., 140., 22. i dwa razy 15. Dlatego nawet, gdy wygra\u0142 tegoroczne Criterium de Dauphine, czyli generalny test przed Tour de France, niewielu widzia\u0142o go jako faworyta najwi\u0119kszego wy\u015bcigu \u015bwiata.<\/p>\n<p><strong>Walka z emocjami<\/strong><\/p>\n<p>\u017b\u00f3\u0142t\u0105 koszulk\u0119 przej\u0105\u0142 po 11. etapie, ale ca\u0142y czas powtarza\u0142, \u017ce jedzie dla Froome\u2019a, bo to on jest liderem zespo\u0142u. Gdy jednak w Sky zobaczyli jak mocny jest Thomas, to role si\u0119 odwr\u00f3ci\u0142y \u2013 to czterokrotny triumfator Wielkiej P\u0119tli mia\u0142 pomaga\u0107 Thomasowi.<\/p>\n<p>&#8211; Jego zwyci\u0119stwo to wspania\u0142y wyczyn Christophera, ale te\u017c ca\u0142ej dru\u017cyny. Mam olbrzymi\u0105 satysfakcj\u0119 z tego zwyci\u0119stwa \u2013 podkre\u015bla Kwiatkowski.<\/p>\n<p>A co na to Thomas? Zaraz po przedostatnim, decyduj\u0105cym etapie powiedzia\u0142 niewiele, bo najpierw pr\u00f3bowa\u0142 walczy\u0107 z \u0142ami\u0105cym si\u0119 g\u0142osem, a p\u00f3\u017aniej schowa\u0142 twarz w d\u0142oniach i na tym wywiad si\u0119 sko\u0144czy\u0142. \u2013 Nie p\u0142aka\u0142em od dnia \u015blubu \u2013 wydusi\u0142 z siebie.<\/p>\n<p><strong>Wszystko dla Pana \u201eG\u201d<\/strong><\/p>\n<p>Walijczyk to nie jest ulubiony rozm\u00f3wca dziennikarzy. Gdy widzi mikrofon, nagle zaczyna rzuca\u0107 bana\u0142ami, cho\u0107 tak naprawd\u0119 kontakt z fanami ma bardzo dobry, ale przez media spo\u0142eczno\u015bciowe. Na jego Twitterze kolarstwo zajmuje jednak\u2026 trzecie miejsce, za rugby i pi\u0142k\u0105 no\u017cn\u0105. W tym sportach Thomas r\u00f3wnie\u017c jest zakochany i podczas mundialu na swoim profilu urz\u0105dza\u0142 g\u0142osowania na zwyci\u0119zc\u0119 meczu, a gdy walijscy rugbi\u015bci graj\u0105 wa\u017cny mecz, to poprzez Twittera b\u0142agalnie prosi kibic\u00f3w o stream z tego wydarzenia.<\/p>\n<p>Bo Thomas to nie tylko wielki kolarz oraz kibic, ale tak\u017ce cz\u0142owiek mocno przywi\u0105zany do korzeni. M\u00f3wi si\u0119, \u017ce gdy mo\u017ce jecha\u0107 pod flag\u0105 walijsk\u0105, a nie brytyjsk\u0105, to daje z siebie 110 proc. Zreszt\u0105 pierwsze co zrobi\u0142 na mecie Tour de France, to zaprezentowa\u0142 milionom ludzi na ca\u0142ym \u015bwiecie czerwonego smoka na bia\u0142o-zielonym tle.<\/p>\n<p>Dlatego bardzo ch\u0119tnie wraca do ojczyzny. Odwiedza star\u0105 szko\u0142\u0119, trener\u00f3w, a wraz z \u017con\u0105 prowadz\u0105 pensjonat na wsi. Walia mu si\u0119 za to odwdzi\u0119cza &#8211; rodacy uk\u0142adaj\u0105 o nim piosenki, a w dniu triumfu na Tour de France wiele skwer\u00f3w, stadion\u00f3w, a nawet zamk\u00f3w pod\u015bwietlonych by\u0142o na \u017c\u00f3\u0142to. Wszystko na cze\u015b\u0107 Pana \u201eG\u201d, jak go nazywaj\u0105.<\/p>\n<p>Thomas wygra\u0142 klasyfikacj\u0119 generaln\u0105 tegorocznego Tour de France, zwyci\u0119zc\u0105 punktowej (sponsorowanej przez \u0160kod\u0119) zosta\u0142 Peter Sagan (Bora Hansgrohe), g\u00f3rskiej Julian Alaphilippe (Quick-Step Floors), a m\u0142odzie\u017cowej Roger Latour (AG2R).<\/p>\n","protected":false},"excerpt":{"rendered":"<p>Najpierw straci\u0142 \u015bledzion\u0119, p\u00f3\u017aniej z\u0142ama\u0142 miednic\u0119, a w debiucie na Tour de France zaj\u0105\u0142 140., przedostatnie miejsce. Tak rodzi\u0142 si\u0119 [&hellip;]<\/p>\n","protected":false},"author":76,"featured_media":7499,"comment_status":"open","ping_status":"open","sticky":false,"template":"","format":"standard","meta":{"footnotes":""},"categories":[6],"tags":[277,73,77],"global-categories":[],"class_list":["post-7498","post","type-post","status-publish","format-standard","has-post-thumbnail","hentry","category-kolarstwo-szosowe","tag-gerant-thomas","tag-tdf","tag-tour-de-france"],"yoast_head":"<!-- This site is optimized with the Yoast SEO Premium plugin v25.3 (Yoast SEO v25.9) - https:\/\/yoast.com\/wordpress\/plugins\/seo\/ -->\n<title>Trudne przej\u015bcia zwyci\u0119zcy Tour de France - \u0160koda We Love Cycling - Poland<\/title>\n<meta name=\"robots\" content=\"index, follow, max-snippet:-1, max-image-preview:large, max-video-preview:-1\" \/>\n<link rel=\"canonical\" href=\"https:\/\/www.welovecycling.com\/pl\/2018\/08\/02\/trudne-przejscia-zwyciezcy-tour-de-france\/\" \/>\n<meta property=\"og:locale\" content=\"pl_PL\" \/>\n<meta property=\"og:type\" content=\"article\" \/>\n<meta property=\"og:title\" content=\"Trudne przej\u015bcia zwyci\u0119zcy Tour de France\" \/>\n<meta property=\"og:description\" content=\"Najpierw straci\u0142 \u015bledzion\u0119, p\u00f3\u017aniej z\u0142ama\u0142 miednic\u0119, a w debiucie na Tour de France zaj\u0105\u0142 140., przedostatnie miejsce. Tak rodzi\u0142 si\u0119 [&hellip;]\" \/>\n<meta property=\"og:url\" content=\"https:\/\/www.welovecycling.com\/pl\/2018\/08\/02\/trudne-przejscia-zwyciezcy-tour-de-france\/\" \/>\n<meta property=\"og:site_name\" content=\"\u0160koda We Love Cycling - Poland\" \/>\n<meta property=\"article:published_time\" content=\"2018-08-02T21:24:31+00:00\" \/>\n<meta property=\"article:modified_time\" content=\"2018-08-03T09:22:14+00:00\" \/>\n<meta property=\"og:image\" content=\"https:\/\/d2p6e6u75xmxt8.cloudfront.net\/5\/2018\/08\/profimedia-0380086604.jpg\" \/>\n\t<meta property=\"og:image:width\" content=\"1250\" \/>\n\t<meta property=\"og:image:height\" content=\"833\" \/>\n\t<meta property=\"og:image:type\" content=\"image\/jpeg\" \/>\n<meta name=\"author\" content=\"piotrboczkowski\" \/>\n<meta name=\"twitter:card\" content=\"summary_large_image\" \/>\n<meta name=\"twitter:label1\" content=\"Written by\" \/>\n\t<meta name=\"twitter:data1\" content=\"Piotr Jawor\" \/>\n\t<meta name=\"twitter:label2\" content=\"Est. reading time\" \/>\n\t<meta name=\"twitter:data2\" content=\"4 minutes\" \/>\n<script type=\"application\/ld+json\" class=\"yoast-schema-graph\">{\"@context\":\"https:\/\/schema.org\",\"@graph\":[{\"@type\":\"WebPage\",\"@id\":\"https:\/\/www.welovecycling.com\/pl\/2018\/08\/02\/trudne-przejscia-zwyciezcy-tour-de-france\/\",\"url\":\"https:\/\/www.welovecycling.com\/pl\/2018\/08\/02\/trudne-przejscia-zwyciezcy-tour-de-france\/\",\"name\":\"Trudne przej\u015bcia zwyci\u0119zcy Tour de France - \u0160koda We Love Cycling - Poland\",\"isPartOf\":{\"@id\":\"https:\/\/www.welovecycling.com\/pl\/#website\"},\"primaryImageOfPage\":{\"@id\":\"https:\/\/www.welovecycling.com\/pl\/2018\/08\/02\/trudne-przejscia-zwyciezcy-tour-de-france\/#primaryimage\"},\"image\":{\"@id\":\"https:\/\/www.welovecycling.com\/pl\/2018\/08\/02\/trudne-przejscia-zwyciezcy-tour-de-france\/#primaryimage\"},\"thumbnailUrl\":\"https:\/\/d2p6e6u75xmxt8.cloudfront.net\/5\/2018\/08\/profimedia-0380086604.jpg\",\"datePublished\":\"2018-08-02T21:24:31+00:00\",\"dateModified\":\"2018-08-03T09:22:14+00:00\",\"author\":{\"@id\":\"https:\/\/www.welovecycling.com\/pl\/#\/schema\/person\/0dba2d39da943db9df3fd8f4687e7f23\"},\"breadcrumb\":{\"@id\":\"https:\/\/www.welovecycling.com\/pl\/2018\/08\/02\/trudne-przejscia-zwyciezcy-tour-de-france\/#breadcrumb\"},\"inLanguage\":\"pl-PL\",\"potentialAction\":[{\"@type\":\"ReadAction\",\"target\":[\"https:\/\/www.welovecycling.com\/pl\/2018\/08\/02\/trudne-przejscia-zwyciezcy-tour-de-france\/\"]}]},{\"@type\":\"ImageObject\",\"inLanguage\":\"pl-PL\",\"@id\":\"https:\/\/www.welovecycling.com\/pl\/2018\/08\/02\/trudne-przejscia-zwyciezcy-tour-de-france\/#primaryimage\",\"url\":\"https:\/\/d2p6e6u75xmxt8.cloudfront.net\/5\/2018\/08\/profimedia-0380086604.jpg\",\"contentUrl\":\"https:\/\/d2p6e6u75xmxt8.cloudfront.net\/5\/2018\/08\/profimedia-0380086604.jpg\",\"width\":1250,\"height\":833,\"caption\":\"July 29, 2018 - Paris, FRANCE - Dutch Tom Dumoulin of Team Sunweb, British Geraint Thomas of Team Sky wearing the yellow jersey of overall leader, with a Welsh flag over his shoulders and British Chris Froome of Team Sky celebrate on the podium after the last stage of the 105th edition of the Tour de France cycling race, 116km from Houilles to Paris, France, Sunday 29 July 2018. This year's Tour de France takes place from July 7th to July 29th. BELGA PHOTO YORICK JANSENS, Image: 380086604, License: Rights-managed, Restrictions: * Belgium, France, Germany, Luxembourg and Netherlands Rights OUT *, Model Release: no, Credit line: Profimedia, Zuma Press - News\"},{\"@type\":\"BreadcrumbList\",\"@id\":\"https:\/\/www.welovecycling.com\/pl\/2018\/08\/02\/trudne-przejscia-zwyciezcy-tour-de-france\/#breadcrumb\",\"itemListElement\":[{\"@type\":\"ListItem\",\"position\":1,\"name\":\"Home\",\"item\":\"https:\/\/www.welovecycling.com\/pl\/\"},{\"@type\":\"ListItem\",\"position\":2,\"name\":\"Trudne przej\u015bcia zwyci\u0119zcy Tour de France\"}]},{\"@type\":\"WebSite\",\"@id\":\"https:\/\/www.welovecycling.com\/pl\/#website\",\"url\":\"https:\/\/www.welovecycling.com\/pl\/\",\"name\":\"\u0160koda We Love Cycling - Poland\",\"description\":\"\",\"potentialAction\":[{\"@type\":\"SearchAction\",\"target\":{\"@type\":\"EntryPoint\",\"urlTemplate\":\"https:\/\/www.welovecycling.com\/pl\/?s={search_term_string}\"},\"query-input\":{\"@type\":\"PropertyValueSpecification\",\"valueRequired\":true,\"valueName\":\"search_term_string\"}}],\"inLanguage\":\"pl-PL\"},{\"@type\":\"Person\",\"@id\":\"https:\/\/www.welovecycling.com\/pl\/#\/schema\/person\/0dba2d39da943db9df3fd8f4687e7f23\",\"name\":\"piotrboczkowski\",\"image\":{\"@type\":\"ImageObject\",\"inLanguage\":\"pl-PL\",\"@id\":\"https:\/\/www.welovecycling.com\/pl\/#\/schema\/person\/image\/\",\"url\":\"https:\/\/secure.gravatar.com\/avatar\/533caccae14752e03a2ce2d3fd62d1b98b93e1393c3195c27819e53344ca1ace?s=96&d=mm&r=g\",\"contentUrl\":\"https:\/\/secure.gravatar.com\/avatar\/533caccae14752e03a2ce2d3fd62d1b98b93e1393c3195c27819e53344ca1ace?s=96&d=mm&r=g\",\"caption\":\"piotrboczkowski\"},\"url\":\"https:\/\/www.welovecycling.com\/pl\/author\/piotrboczkowski\/\"}]}<\/script>\n<!-- \/ Yoast SEO Premium plugin. -->","yoast_head_json":{"title":"Trudne przej\u015bcia zwyci\u0119zcy Tour de France - \u0160koda We Love Cycling - Poland","robots":{"index":"index","follow":"follow","max-snippet":"max-snippet:-1","max-image-preview":"max-image-preview:large","max-video-preview":"max-video-preview:-1"},"canonical":"https:\/\/www.welovecycling.com\/pl\/2018\/08\/02\/trudne-przejscia-zwyciezcy-tour-de-france\/","og_locale":"pl_PL","og_type":"article","og_title":"Trudne przej\u015bcia zwyci\u0119zcy Tour de France","og_description":"Najpierw straci\u0142 \u015bledzion\u0119, p\u00f3\u017aniej z\u0142ama\u0142 miednic\u0119, a w debiucie na Tour de France zaj\u0105\u0142 140., przedostatnie miejsce. Tak rodzi\u0142 si\u0119 [&hellip;]","og_url":"https:\/\/www.welovecycling.com\/pl\/2018\/08\/02\/trudne-przejscia-zwyciezcy-tour-de-france\/","og_site_name":"\u0160koda We Love Cycling - Poland","article_published_time":"2018-08-02T21:24:31+00:00","article_modified_time":"2018-08-03T09:22:14+00:00","og_image":[{"width":1250,"height":833,"url":"https:\/\/d2p6e6u75xmxt8.cloudfront.net\/5\/2018\/08\/profimedia-0380086604.jpg","type":"image\/jpeg"}],"author":"piotrboczkowski","twitter_card":"summary_large_image","twitter_misc":{"Written by":"Piotr Jawor","Est. reading time":"4 minutes"},"schema":{"@context":"https:\/\/schema.org","@graph":[{"@type":"WebPage","@id":"https:\/\/www.welovecycling.com\/pl\/2018\/08\/02\/trudne-przejscia-zwyciezcy-tour-de-france\/","url":"https:\/\/www.welovecycling.com\/pl\/2018\/08\/02\/trudne-przejscia-zwyciezcy-tour-de-france\/","name":"Trudne przej\u015bcia zwyci\u0119zcy Tour de France - \u0160koda We Love Cycling - Poland","isPartOf":{"@id":"https:\/\/www.welovecycling.com\/pl\/#website"},"primaryImageOfPage":{"@id":"https:\/\/www.welovecycling.com\/pl\/2018\/08\/02\/trudne-przejscia-zwyciezcy-tour-de-france\/#primaryimage"},"image":{"@id":"https:\/\/www.welovecycling.com\/pl\/2018\/08\/02\/trudne-przejscia-zwyciezcy-tour-de-france\/#primaryimage"},"thumbnailUrl":"https:\/\/d2p6e6u75xmxt8.cloudfront.net\/5\/2018\/08\/profimedia-0380086604.jpg","datePublished":"2018-08-02T21:24:31+00:00","dateModified":"2018-08-03T09:22:14+00:00","author":{"@id":"https:\/\/www.welovecycling.com\/pl\/#\/schema\/person\/0dba2d39da943db9df3fd8f4687e7f23"},"breadcrumb":{"@id":"https:\/\/www.welovecycling.com\/pl\/2018\/08\/02\/trudne-przejscia-zwyciezcy-tour-de-france\/#breadcrumb"},"inLanguage":"pl-PL","potentialAction":[{"@type":"ReadAction","target":["https:\/\/www.welovecycling.com\/pl\/2018\/08\/02\/trudne-przejscia-zwyciezcy-tour-de-france\/"]}]},{"@type":"ImageObject","inLanguage":"pl-PL","@id":"https:\/\/www.welovecycling.com\/pl\/2018\/08\/02\/trudne-przejscia-zwyciezcy-tour-de-france\/#primaryimage","url":"https:\/\/d2p6e6u75xmxt8.cloudfront.net\/5\/2018\/08\/profimedia-0380086604.jpg","contentUrl":"https:\/\/d2p6e6u75xmxt8.cloudfront.net\/5\/2018\/08\/profimedia-0380086604.jpg","width":1250,"height":833,"caption":"July 29, 2018 - Paris, FRANCE - Dutch Tom Dumoulin of Team Sunweb, British Geraint Thomas of Team Sky wearing the yellow jersey of overall leader, with a Welsh flag over his shoulders and British Chris Froome of Team Sky celebrate on the podium after the last stage of the 105th edition of the Tour de France cycling race, 116km from Houilles to Paris, France, Sunday 29 July 2018. This year's Tour de France takes place from July 7th to July 29th. BELGA PHOTO YORICK JANSENS, Image: 380086604, License: Rights-managed, Restrictions: * Belgium, France, Germany, Luxembourg and Netherlands Rights OUT *, Model Release: no, Credit line: Profimedia, Zuma Press - News"},{"@type":"BreadcrumbList","@id":"https:\/\/www.welovecycling.com\/pl\/2018\/08\/02\/trudne-przejscia-zwyciezcy-tour-de-france\/#breadcrumb","itemListElement":[{"@type":"ListItem","position":1,"name":"Home","item":"https:\/\/www.welovecycling.com\/pl\/"},{"@type":"ListItem","position":2,"name":"Trudne przej\u015bcia zwyci\u0119zcy Tour de France"}]},{"@type":"WebSite","@id":"https:\/\/www.welovecycling.com\/pl\/#website","url":"https:\/\/www.welovecycling.com\/pl\/","name":"\u0160koda We Love Cycling - Poland","description":"","potentialAction":[{"@type":"SearchAction","target":{"@type":"EntryPoint","urlTemplate":"https:\/\/www.welovecycling.com\/pl\/?s={search_term_string}"},"query-input":{"@type":"PropertyValueSpecification","valueRequired":true,"valueName":"search_term_string"}}],"inLanguage":"pl-PL"},{"@type":"Person","@id":"https:\/\/www.welovecycling.com\/pl\/#\/schema\/person\/0dba2d39da943db9df3fd8f4687e7f23","name":"piotrboczkowski","image":{"@type":"ImageObject","inLanguage":"pl-PL","@id":"https:\/\/www.welovecycling.com\/pl\/#\/schema\/person\/image\/","url":"https:\/\/secure.gravatar.com\/avatar\/533caccae14752e03a2ce2d3fd62d1b98b93e1393c3195c27819e53344ca1ace?s=96&d=mm&r=g","contentUrl":"https:\/\/secure.gravatar.com\/avatar\/533caccae14752e03a2ce2d3fd62d1b98b93e1393c3195c27819e53344ca1ace?s=96&d=mm&r=g","caption":"piotrboczkowski"},"url":"https:\/\/www.welovecycling.com\/pl\/author\/piotrboczkowski\/"}]}},"_links":{"self":[{"href":"https:\/\/www.welovecycling.com\/pl\/wp-json\/wp\/v2\/posts\/7498","targetHints":{"allow":["GET"]}}],"collection":[{"href":"https:\/\/www.welovecycling.com\/pl\/wp-json\/wp\/v2\/posts"}],"about":[{"href":"https:\/\/www.welovecycling.com\/pl\/wp-json\/wp\/v2\/types\/post"}],"author":[{"embeddable":true,"href":"https:\/\/www.welovecycling.com\/pl\/wp-json\/wp\/v2\/users\/76"}],"replies":[{"embeddable":true,"href":"https:\/\/www.welovecycling.com\/pl\/wp-json\/wp\/v2\/comments?post=7498"}],"version-history":[{"count":2,"href":"https:\/\/www.welovecycling.com\/pl\/wp-json\/wp\/v2\/posts\/7498\/revisions"}],"predecessor-version":[{"id":7501,"href":"https:\/\/www.welovecycling.com\/pl\/wp-json\/wp\/v2\/posts\/7498\/revisions\/7501"}],"wp:featuredmedia":[{"embeddable":true,"href":"https:\/\/www.welovecycling.com\/pl\/wp-json\/wp\/v2\/media\/7499"}],"wp:attachment":[{"href":"https:\/\/www.welovecycling.com\/pl\/wp-json\/wp\/v2\/media?parent=7498"}],"wp:term":[{"taxonomy":"category","embeddable":true,"href":"https:\/\/www.welovecycling.com\/pl\/wp-json\/wp\/v2\/categories?post=7498"},{"taxonomy":"post_tag","embeddable":true,"href":"https:\/\/www.welovecycling.com\/pl\/wp-json\/wp\/v2\/tags?post=7498"},{"taxonomy":"global-categories","embeddable":true,"href":"https:\/\/www.welovecycling.com\/pl\/wp-json\/wp\/v2\/global-categories?post=7498"}],"curies":[{"name":"wp","href":"https:\/\/api.w.org\/{rel}","templated":true}]}}