{"id":7486,"date":"2018-07-31T14:49:09","date_gmt":"2018-07-31T14:49:09","guid":{"rendered":"https:\/\/www.welovecycling.com\/pl\/?p=7486"},"modified":"2018-08-01T07:09:01","modified_gmt":"2018-08-01T07:09:01","slug":"bartosz-huzarski-g-jak-geraint","status":"publish","type":"post","link":"https:\/\/www.welovecycling.com\/pl\/2018\/07\/31\/bartosz-huzarski-g-jak-geraint\/","title":{"rendered":"Bartosz Huzarski: G jak Geraint"},"content":{"rendered":"<p><span style=\"font-size: 12pt;\">105. edycja Tour de France pad\u0142a \u0142upem Walijczyka Thomasa Gerainta. Dru\u017cyna, kt\u00f3rej jest cz\u0142onkiem, Team Sky, wygra\u0142a najwi\u0119kszy i najwa\u017cniejszy trzytygodniowy wy\u015bcig po raz sz\u00f3sty.<\/span><\/p>\n<p><span style=\"font-size: 12pt;\">Geraint koszulk\u0119 lidera przej\u0105\u0142 na 11. etapie z met\u0105 w La Rosiere i nie odda\u0142 jej a\u017c do mety w Pary\u017cu. To w\u0142a\u015bnie w stolicy po raz 44 kolarze ko\u0144czyli zmagania w Wielkiej P\u0119tli. Losy wy\u015bcigu toczy\u0142y si\u0119 do samego ko\u0144ca, a G m\u00f3g\u0142 by\u0107 pewny swego dopiero po przekroczeniu mety 20. etapu, jakim by\u0142a jazda indywidualna na czas. Na Polach Elizejskich stawia si\u0119 tylko kropk\u0119 nad i, tutaj nigdy si\u0119 nic nie zmienia. Czy tegoroczna edycja by\u0142a inna ni\u017c poprzednie? Wydaje mi si\u0119, \u017ce tak.<\/span><\/p>\n<p><span style=\"font-size: 12pt;\">Z wielu wzgl\u0119d\u00f3w by\u0142 to wy\u015bcig wyj\u0105tkowy. Poprzednie edycje TDF i dominacja Team Sky nieco zabi\u0142y to widowisko, bo bia\u0142o-niebieski poci\u0105g przemierza\u0142 drogi Francji i wr\u0119cz robi\u0142, co chcia\u0142. Warto doda\u0107 tutaj, \u017ce celem, wr\u0119cz obsesj\u0105 tej dru\u017cyny jest w\u0142a\u015bnie lipcowa etap\u00f3wka. Sk\u0142ad dobrany jest tylko w jednym celu \u2013 zaj\u0119cia najwy\u017cszego stopnia podium w Pary\u017cu. Jak widzieli\u015bmy w tym roku, niewa\u017cne, kto na nim stanie. Bez sprintera, bez prywatnych ambicji poszczeg\u00f3lnych zawodnik\u00f3w, z nadrz\u0119dnym celem, konsekwentn\u0105 taktyk\u0105 i stalowymi nerwami. W tym roku Team Sky zosta\u0142 kilkukrotnie przyparty do muru, ale taktycznie wyszed\u0142 z tej potyczki bez szwanku, g\u0142\u00f3wnie dzi\u0119ki stalowym nerwom i wierze Nico Portala w swoich zawodnik\u00f3w. Ten by\u0142y kolarz, a obecnie dyrektor sportowy po raz kolejny poprowadzi\u0142 kolarzy Team Sky do zwyci\u0119stwa, a jego taktyka i wiara w zawodnik\u00f3w powoduje, \u017ce wielu osobom r\u0119ce same sk\u0142adaj\u0105 si\u0119 do oklask\u00f3w.<\/span><\/p>\n<p><span style=\"font-size: 12pt;\">W tym roku Geraint pokaza\u0142, \u017ce jest najmocniejszym zawodnikiem w peletonie 105. edycji francuskiego wy\u015bcigu. Broni\u0142 koszulki na etapach g\u00f3rskich, w masywie centralnym i podczas ostatniej wa\u017cnej potyczki, czyli jazdy indywidualnej na czas. Wielu nie dawa\u0142o mu szans na ko\u0144cowy triumf na Polach Elizejskich, ale by\u0142 moim cichym faworytem od pocz\u0105tku wy\u015bcigu i osobi\u015bcie bardzo si\u0119 ciesz\u0119, \u017ce to w\u0142a\u015bnie on wygra\u0142 tegoroczn\u0105 edycj\u0119 TDF.<\/span><\/p>\n<p><span style=\"font-size: 12pt;\">Samo u\u0142o\u017cenie trasy powodowa\u0142o ciarki na plecach, superwymagaj\u0105cy pocz\u0105tek drugiego tygodnia wys\u0142a\u0142 do domu wielu sprinter\u00f3w, pozbawi\u0142 niestety r\u00f3wnie\u017c nas nadziei na dobre miejsce Rafa\u0142a Majki w klasyfikacji generalnej. Ale z drugiej strony w\u0142a\u015bnie dzi\u0119ki temu \u015bciganie sta\u0142o si\u0119 bardziej emocjonuj\u0105ce. Masyw centralny i g\u00f3rskie etapy trzeciego tygodnia da\u0142y nam nadziej\u0119 i wiele powod\u00f3w do rado\u015bci. Rafa\u0142 si\u0119 odrodzi\u0142, pokaza\u0142, \u017ce ma charakter i wol\u0119 walki, a wed\u0142ug jego trenera to w\u0142a\u015bnie kraksy podczas 9. etapu do Roubaix odpowiadaj\u0105 za gorsz\u0105 dyspozycj\u0119 Polaka w drugim tygodniu. Rafa\u0142 otar\u0142 si\u0119 o zwyci\u0119stwo podczas 17. oraz 19. etapu. Oba g\u00f3rskie i bardzo ci\u0119\u017ckie odcinki przysporzy\u0142y nam wielu emocji, poniewa\u017c mogli\u015bmy obserwowa\u0107 dwa wy\u015bcigi w jednym: wy\u015bcig o triumf w etapie oraz walk\u0119 mi\u0119dzy zawodnikami klasyfikacji generalnej. Wreszcie sta\u0142o si\u0119 co\u015b, na co czekali\u015bmy od dawna \u2013 dominuj\u0105cy w wy\u015bcigu Team Sky ze \u015bwietnie dysponowanym Micha\u0142em Kwiatkowskim w sk\u0142adzie zacz\u0105\u0142 mie\u0107 problemy. Ataki jakby um\u00f3wione konspiracyjnie pod sto\u0142em sz\u0142y z ka\u017cdej strony. Wreszcie, mo\u017cna powiedzie\u0107, do pracy zabrali si\u0119 zawodnicy hiszpa\u0144skiego Movistaru i cho\u0107 wielka tr\u00f3jka Valverde, Qiuntana, Landa nie ugrali wiele w klasyfikacji generalnej wy\u015bcigu, naruszyli stalow\u0105 konstrukcj\u0119 dominuj\u0105cej dru\u017cyny do\u015b\u0107 powa\u017cnie. Swoj\u0105 cegie\u0142k\u0119 do\u0142o\u017cyli \u015bwietnie walcz\u0105cy zawodnicy Lotto-Jumbo, by\u0142y skoczek narciarski i objawienie tego wy\u015bcigu, Primoz Rogli\u0107, oraz doskona\u0142y, ale nieco pechowy specjalista od wy\u015bcig\u00f3w trzytygodniowych Steven Kruijswijk. Najwaleczniejszym zawodnikiem tegorocznego Touru zosta\u0142 Daniel Martin, atakuj\u0105cy i n\u0119kaj\u0105cy swoich rywali od pierwszego g\u00f3rskiego etapu, cho\u0107 ju\u017c na Mur de Bretagne pokaza\u0142, \u017ce ma dobre nogi i ch\u0119\u0107 podkr\u0119cenia rywalizacji. Wygra\u0142 na \u201ema\u0142ym Mount Ventoux\u201d i od tego czasu nie spocz\u0105\u0142 na laurach. Bardzo podoba\u0142a mi si\u0119 jego jazda oraz wola walki, a Martin ostatecznie zaj\u0105\u0142 w wy\u015bcigu doskona\u0142e 8. miejsce.<\/span><\/p>\n<p><span style=\"font-size: 12pt;\">Ostatnim wa\u017cnym momentem wy\u015bcigu by\u0142a jazda indywidualna na czas w bajecznej scenerii rodem z Kraju Bask\u00f3w, okraszona, jak to w tych rejonach bywa, lekkim deszczem. W\u0105skie odcinki, szybkie zjazdy i strome podjazdy oraz przesychaj\u0105ca podczas przejazdu faworyt\u00f3w, ale wci\u0105\u017c niedaj\u0105ca stuprocentowej przyczepno\u015bci droga da\u0142y nam nadzieje na etapowe zwyci\u0119stwo Polaka. Cz\u0119sto wracali\u015bmy my\u015blami do 20. etapu poprzedniej edycji Wielkiej P\u0119tli, kiedy to dwa najwy\u017csze stopnie podium zaj\u0119li odpowiednio Maciej Bodnar i Micha\u0142 Kwiatkowski. Cho\u0107 Bodnarowi ewidentnie nie posz\u0142o, Kwiato pojecha\u0142 wy\u015bmienicie i d\u0142ugo siedzia\u0142 na \u201egor\u0105cym krze\u015ble\u201d. Dopiero najlepsza tr\u00f3jka klasyfikacji generalnej zepchn\u0119\u0142a Polaka na i tak doskona\u0142e czwarte miejsce. Ale to pokazuje, \u017ce torunianin ma niesamowity organizm i wspaniale potrafi si\u0119 zregenerowa\u0107. Mimo ogromnej codziennej pracy na rzecz lider\u00f3w potrafi\u0142 zmotywowa\u0107 si\u0119 i pojecha\u0107 pi\u0119kny etap.<\/span><\/p>\n<p><span style=\"font-size: 12pt;\">Tour de France 2018 przeszed\u0142 do historii. I cho\u0107 zn\u00f3w wygra\u0142a ekipa niebia\u0144skich, nie by\u0142 nudny i przewidywalny. Cz\u0119ste zwroty akcji na decyduj\u0105cych etapach, polscy zawodnicy w walce o etapy oraz jako pomocnicy swoich lider\u00f3w. Dla mnie by\u0142 to wyj\u0105tkowy wy\u015bcig, bo by\u0142em na miejscu przez ca\u0142e trzy tygodnie. Bardzo si\u0119 ciesz\u0119, \u017ce uda\u0142o mi si\u0119 wr\u00f3ci\u0107 w centrum tego najwi\u0119kszego kolarskiego wydarzenia \u2013 mimo \u017ce ju\u017c w innej roli. Zobaczenie i poznanie Touru od drugiej strony to by\u0142a wspania\u0142a przygoda i po cz\u0119\u015bci misja. Pilota\u017cowy projekt Eurosportu skupiaj\u0105cy si\u0119 na polskich zawodnikach ma wp\u0142ywa\u0107 pozytywnie na \u015bwiadomo\u015b\u0107 kibic\u00f3w i promowanie kolarstwa. Mam nadziej\u0119, \u017ce ta inicjatywa b\u0119dzie kontynuowana i rozszerzana o inne trzytygodniowe wy\u015bcigi, bo dla naszych kolarzy jest to dodatkowa motywacja i promocja. Ten rok pokaza\u0142, \u017ce hegemonia Team Sky mo\u017ce by\u0107 z\u0142amana. Potrzeba na to wi\u0119cej czasu, ale coraz wi\u0119ksza grupa zawodnik\u00f3w mocno w to wierzy. A to daje nam nadzieje na jeszcze wi\u0119ksze emocje w roku 2019.<\/span><\/p>\n","protected":false},"excerpt":{"rendered":"<p>105. edycja Tour de France pad\u0142a \u0142upem Walijczyka Thomasa Gerainta. Dru\u017cyna, kt\u00f3rej jest cz\u0142onkiem, Team Sky, wygra\u0142a najwi\u0119kszy i najwa\u017cniejszy [&hellip;]<\/p>\n","protected":false},"author":76,"featured_media":7489,"comment_status":"open","ping_status":"open","sticky":false,"template":"","format":"standard","meta":{"footnotes":""},"categories":[203],"tags":[108,73,77,212],"global-categories":[],"class_list":["post-7486","post","type-post","status-publish","format-standard","has-post-thumbnail","hentry","category-bartosz-huzarski","tag-bartosz-huzarski","tag-tdf","tag-tour-de-france","tag-tour-de-france-2018"],"yoast_head":"<!-- This site is optimized with the Yoast SEO Premium plugin v25.3 (Yoast SEO v25.9) - https:\/\/yoast.com\/wordpress\/plugins\/seo\/ -->\n<title>Bartosz Huzarski: G jak Geraint - \u0160koda We Love Cycling - Poland<\/title>\n<meta name=\"robots\" content=\"index, follow, max-snippet:-1, max-image-preview:large, max-video-preview:-1\" \/>\n<link rel=\"canonical\" href=\"https:\/\/www.welovecycling.com\/pl\/2018\/07\/31\/bartosz-huzarski-g-jak-geraint\/\" \/>\n<meta property=\"og:locale\" content=\"pl_PL\" \/>\n<meta property=\"og:type\" content=\"article\" \/>\n<meta property=\"og:title\" content=\"Bartosz Huzarski: G jak Geraint\" \/>\n<meta property=\"og:description\" content=\"105. edycja Tour de France pad\u0142a \u0142upem Walijczyka Thomasa Gerainta. Dru\u017cyna, kt\u00f3rej jest cz\u0142onkiem, Team Sky, wygra\u0142a najwi\u0119kszy i najwa\u017cniejszy [&hellip;]\" \/>\n<meta property=\"og:url\" content=\"https:\/\/www.welovecycling.com\/pl\/2018\/07\/31\/bartosz-huzarski-g-jak-geraint\/\" \/>\n<meta property=\"og:site_name\" content=\"\u0160koda We Love Cycling - Poland\" \/>\n<meta property=\"article:published_time\" content=\"2018-07-31T14:49:09+00:00\" \/>\n<meta property=\"article:modified_time\" content=\"2018-08-01T07:09:01+00:00\" \/>\n<meta property=\"og:image\" content=\"https:\/\/d2p6e6u75xmxt8.cloudfront.net\/5\/2018\/07\/profimedia-0380087165-1.jpg\" \/>\n\t<meta property=\"og:image:width\" content=\"1366\" \/>\n\t<meta property=\"og:image:height\" content=\"600\" \/>\n\t<meta property=\"og:image:type\" content=\"image\/jpeg\" \/>\n<meta name=\"author\" content=\"piotrboczkowski\" \/>\n<meta name=\"twitter:card\" content=\"summary_large_image\" \/>\n<meta name=\"twitter:label1\" content=\"Written by\" \/>\n\t<meta name=\"twitter:data1\" content=\"Bartosz Huzarski\" \/>\n\t<meta name=\"twitter:label2\" content=\"Est. reading time\" \/>\n\t<meta name=\"twitter:data2\" content=\"5 minutes\" \/>\n<script type=\"application\/ld+json\" class=\"yoast-schema-graph\">{\"@context\":\"https:\/\/schema.org\",\"@graph\":[{\"@type\":\"WebPage\",\"@id\":\"https:\/\/www.welovecycling.com\/pl\/2018\/07\/31\/bartosz-huzarski-g-jak-geraint\/\",\"url\":\"https:\/\/www.welovecycling.com\/pl\/2018\/07\/31\/bartosz-huzarski-g-jak-geraint\/\",\"name\":\"Bartosz Huzarski: G jak Geraint - \u0160koda We Love Cycling - Poland\",\"isPartOf\":{\"@id\":\"https:\/\/www.welovecycling.com\/pl\/#website\"},\"primaryImageOfPage\":{\"@id\":\"https:\/\/www.welovecycling.com\/pl\/2018\/07\/31\/bartosz-huzarski-g-jak-geraint\/#primaryimage\"},\"image\":{\"@id\":\"https:\/\/www.welovecycling.com\/pl\/2018\/07\/31\/bartosz-huzarski-g-jak-geraint\/#primaryimage\"},\"thumbnailUrl\":\"https:\/\/d2p6e6u75xmxt8.cloudfront.net\/5\/2018\/07\/profimedia-0380087165-1.jpg\",\"datePublished\":\"2018-07-31T14:49:09+00:00\",\"dateModified\":\"2018-08-01T07:09:01+00:00\",\"author\":{\"@id\":\"https:\/\/www.welovecycling.com\/pl\/#\/schema\/person\/0dba2d39da943db9df3fd8f4687e7f23\"},\"breadcrumb\":{\"@id\":\"https:\/\/www.welovecycling.com\/pl\/2018\/07\/31\/bartosz-huzarski-g-jak-geraint\/#breadcrumb\"},\"inLanguage\":\"pl-PL\",\"potentialAction\":[{\"@type\":\"ReadAction\",\"target\":[\"https:\/\/www.welovecycling.com\/pl\/2018\/07\/31\/bartosz-huzarski-g-jak-geraint\/\"]}]},{\"@type\":\"ImageObject\",\"inLanguage\":\"pl-PL\",\"@id\":\"https:\/\/www.welovecycling.com\/pl\/2018\/07\/31\/bartosz-huzarski-g-jak-geraint\/#primaryimage\",\"url\":\"https:\/\/d2p6e6u75xmxt8.cloudfront.net\/5\/2018\/07\/profimedia-0380087165-1.jpg\",\"contentUrl\":\"https:\/\/d2p6e6u75xmxt8.cloudfront.net\/5\/2018\/07\/profimedia-0380087165-1.jpg\",\"width\":1366,\"height\":600},{\"@type\":\"BreadcrumbList\",\"@id\":\"https:\/\/www.welovecycling.com\/pl\/2018\/07\/31\/bartosz-huzarski-g-jak-geraint\/#breadcrumb\",\"itemListElement\":[{\"@type\":\"ListItem\",\"position\":1,\"name\":\"Home\",\"item\":\"https:\/\/www.welovecycling.com\/pl\/\"},{\"@type\":\"ListItem\",\"position\":2,\"name\":\"Bartosz Huzarski: G jak Geraint\"}]},{\"@type\":\"WebSite\",\"@id\":\"https:\/\/www.welovecycling.com\/pl\/#website\",\"url\":\"https:\/\/www.welovecycling.com\/pl\/\",\"name\":\"\u0160koda We Love Cycling - Poland\",\"description\":\"\",\"potentialAction\":[{\"@type\":\"SearchAction\",\"target\":{\"@type\":\"EntryPoint\",\"urlTemplate\":\"https:\/\/www.welovecycling.com\/pl\/?s={search_term_string}\"},\"query-input\":{\"@type\":\"PropertyValueSpecification\",\"valueRequired\":true,\"valueName\":\"search_term_string\"}}],\"inLanguage\":\"pl-PL\"},{\"@type\":\"Person\",\"@id\":\"https:\/\/www.welovecycling.com\/pl\/#\/schema\/person\/0dba2d39da943db9df3fd8f4687e7f23\",\"name\":\"piotrboczkowski\",\"image\":{\"@type\":\"ImageObject\",\"inLanguage\":\"pl-PL\",\"@id\":\"https:\/\/www.welovecycling.com\/pl\/#\/schema\/person\/image\/\",\"url\":\"https:\/\/secure.gravatar.com\/avatar\/533caccae14752e03a2ce2d3fd62d1b98b93e1393c3195c27819e53344ca1ace?s=96&d=mm&r=g\",\"contentUrl\":\"https:\/\/secure.gravatar.com\/avatar\/533caccae14752e03a2ce2d3fd62d1b98b93e1393c3195c27819e53344ca1ace?s=96&d=mm&r=g\",\"caption\":\"piotrboczkowski\"},\"url\":\"https:\/\/www.welovecycling.com\/pl\/author\/piotrboczkowski\/\"}]}<\/script>\n<!-- \/ Yoast SEO Premium plugin. -->","yoast_head_json":{"title":"Bartosz Huzarski: G jak Geraint - \u0160koda We Love Cycling - Poland","robots":{"index":"index","follow":"follow","max-snippet":"max-snippet:-1","max-image-preview":"max-image-preview:large","max-video-preview":"max-video-preview:-1"},"canonical":"https:\/\/www.welovecycling.com\/pl\/2018\/07\/31\/bartosz-huzarski-g-jak-geraint\/","og_locale":"pl_PL","og_type":"article","og_title":"Bartosz Huzarski: G jak Geraint","og_description":"105. edycja Tour de France pad\u0142a \u0142upem Walijczyka Thomasa Gerainta. Dru\u017cyna, kt\u00f3rej jest cz\u0142onkiem, Team Sky, wygra\u0142a najwi\u0119kszy i najwa\u017cniejszy [&hellip;]","og_url":"https:\/\/www.welovecycling.com\/pl\/2018\/07\/31\/bartosz-huzarski-g-jak-geraint\/","og_site_name":"\u0160koda We Love Cycling - Poland","article_published_time":"2018-07-31T14:49:09+00:00","article_modified_time":"2018-08-01T07:09:01+00:00","og_image":[{"width":1366,"height":600,"url":"https:\/\/d2p6e6u75xmxt8.cloudfront.net\/5\/2018\/07\/profimedia-0380087165-1.jpg","type":"image\/jpeg"}],"author":"piotrboczkowski","twitter_card":"summary_large_image","twitter_misc":{"Written by":"Bartosz Huzarski","Est. reading time":"5 minutes"},"schema":{"@context":"https:\/\/schema.org","@graph":[{"@type":"WebPage","@id":"https:\/\/www.welovecycling.com\/pl\/2018\/07\/31\/bartosz-huzarski-g-jak-geraint\/","url":"https:\/\/www.welovecycling.com\/pl\/2018\/07\/31\/bartosz-huzarski-g-jak-geraint\/","name":"Bartosz Huzarski: G jak Geraint - \u0160koda We Love Cycling - Poland","isPartOf":{"@id":"https:\/\/www.welovecycling.com\/pl\/#website"},"primaryImageOfPage":{"@id":"https:\/\/www.welovecycling.com\/pl\/2018\/07\/31\/bartosz-huzarski-g-jak-geraint\/#primaryimage"},"image":{"@id":"https:\/\/www.welovecycling.com\/pl\/2018\/07\/31\/bartosz-huzarski-g-jak-geraint\/#primaryimage"},"thumbnailUrl":"https:\/\/d2p6e6u75xmxt8.cloudfront.net\/5\/2018\/07\/profimedia-0380087165-1.jpg","datePublished":"2018-07-31T14:49:09+00:00","dateModified":"2018-08-01T07:09:01+00:00","author":{"@id":"https:\/\/www.welovecycling.com\/pl\/#\/schema\/person\/0dba2d39da943db9df3fd8f4687e7f23"},"breadcrumb":{"@id":"https:\/\/www.welovecycling.com\/pl\/2018\/07\/31\/bartosz-huzarski-g-jak-geraint\/#breadcrumb"},"inLanguage":"pl-PL","potentialAction":[{"@type":"ReadAction","target":["https:\/\/www.welovecycling.com\/pl\/2018\/07\/31\/bartosz-huzarski-g-jak-geraint\/"]}]},{"@type":"ImageObject","inLanguage":"pl-PL","@id":"https:\/\/www.welovecycling.com\/pl\/2018\/07\/31\/bartosz-huzarski-g-jak-geraint\/#primaryimage","url":"https:\/\/d2p6e6u75xmxt8.cloudfront.net\/5\/2018\/07\/profimedia-0380087165-1.jpg","contentUrl":"https:\/\/d2p6e6u75xmxt8.cloudfront.net\/5\/2018\/07\/profimedia-0380087165-1.jpg","width":1366,"height":600},{"@type":"BreadcrumbList","@id":"https:\/\/www.welovecycling.com\/pl\/2018\/07\/31\/bartosz-huzarski-g-jak-geraint\/#breadcrumb","itemListElement":[{"@type":"ListItem","position":1,"name":"Home","item":"https:\/\/www.welovecycling.com\/pl\/"},{"@type":"ListItem","position":2,"name":"Bartosz Huzarski: G jak Geraint"}]},{"@type":"WebSite","@id":"https:\/\/www.welovecycling.com\/pl\/#website","url":"https:\/\/www.welovecycling.com\/pl\/","name":"\u0160koda We Love Cycling - Poland","description":"","potentialAction":[{"@type":"SearchAction","target":{"@type":"EntryPoint","urlTemplate":"https:\/\/www.welovecycling.com\/pl\/?s={search_term_string}"},"query-input":{"@type":"PropertyValueSpecification","valueRequired":true,"valueName":"search_term_string"}}],"inLanguage":"pl-PL"},{"@type":"Person","@id":"https:\/\/www.welovecycling.com\/pl\/#\/schema\/person\/0dba2d39da943db9df3fd8f4687e7f23","name":"piotrboczkowski","image":{"@type":"ImageObject","inLanguage":"pl-PL","@id":"https:\/\/www.welovecycling.com\/pl\/#\/schema\/person\/image\/","url":"https:\/\/secure.gravatar.com\/avatar\/533caccae14752e03a2ce2d3fd62d1b98b93e1393c3195c27819e53344ca1ace?s=96&d=mm&r=g","contentUrl":"https:\/\/secure.gravatar.com\/avatar\/533caccae14752e03a2ce2d3fd62d1b98b93e1393c3195c27819e53344ca1ace?s=96&d=mm&r=g","caption":"piotrboczkowski"},"url":"https:\/\/www.welovecycling.com\/pl\/author\/piotrboczkowski\/"}]}},"_links":{"self":[{"href":"https:\/\/www.welovecycling.com\/pl\/wp-json\/wp\/v2\/posts\/7486","targetHints":{"allow":["GET"]}}],"collection":[{"href":"https:\/\/www.welovecycling.com\/pl\/wp-json\/wp\/v2\/posts"}],"about":[{"href":"https:\/\/www.welovecycling.com\/pl\/wp-json\/wp\/v2\/types\/post"}],"author":[{"embeddable":true,"href":"https:\/\/www.welovecycling.com\/pl\/wp-json\/wp\/v2\/users\/76"}],"replies":[{"embeddable":true,"href":"https:\/\/www.welovecycling.com\/pl\/wp-json\/wp\/v2\/comments?post=7486"}],"version-history":[{"count":2,"href":"https:\/\/www.welovecycling.com\/pl\/wp-json\/wp\/v2\/posts\/7486\/revisions"}],"predecessor-version":[{"id":7491,"href":"https:\/\/www.welovecycling.com\/pl\/wp-json\/wp\/v2\/posts\/7486\/revisions\/7491"}],"wp:featuredmedia":[{"embeddable":true,"href":"https:\/\/www.welovecycling.com\/pl\/wp-json\/wp\/v2\/media\/7489"}],"wp:attachment":[{"href":"https:\/\/www.welovecycling.com\/pl\/wp-json\/wp\/v2\/media?parent=7486"}],"wp:term":[{"taxonomy":"category","embeddable":true,"href":"https:\/\/www.welovecycling.com\/pl\/wp-json\/wp\/v2\/categories?post=7486"},{"taxonomy":"post_tag","embeddable":true,"href":"https:\/\/www.welovecycling.com\/pl\/wp-json\/wp\/v2\/tags?post=7486"},{"taxonomy":"global-categories","embeddable":true,"href":"https:\/\/www.welovecycling.com\/pl\/wp-json\/wp\/v2\/global-categories?post=7486"}],"curies":[{"name":"wp","href":"https:\/\/api.w.org\/{rel}","templated":true}]}}