{"id":7483,"date":"2018-07-30T20:33:17","date_gmt":"2018-07-30T20:33:17","guid":{"rendered":"https:\/\/www.welovecycling.com\/pl\/?p=7483"},"modified":"2018-07-30T20:33:17","modified_gmt":"2018-07-30T20:33:17","slug":"to-juz-niestety-koniec-geraint-thomas-zwyciezca-tour-de-france","status":"publish","type":"post","link":"https:\/\/www.welovecycling.com\/pl\/2018\/07\/30\/to-juz-niestety-koniec-geraint-thomas-zwyciezca-tour-de-france\/","title":{"rendered":"To ju\u017c niestety koniec\u2026 Geraint Thomas zwyci\u0119zc\u0105 Tour de France!"},"content":{"rendered":"<p>Szampan la\u0142 si\u0119 strumieniami, gratulacje sp\u0142ywa\u0142y od setek tysi\u0119cy kibic\u00f3w, a kolarze w ko\u0144cu mogli z\u0142apa\u0107 oddech po przejechaniu 3351 km. Zako\u0144czy\u0142 si\u0119 105. Tour de France, kt\u00f3rego zwyci\u0119zc\u0105 zosta\u0142 Walijczyk Geraint Thomas (Team Sky)!<\/p>\n<p>To tak, jakby wsi\u0105\u015b\u0107 na rower w Warszawie i trzy tygodnie p\u00f3\u017aniej zameldowa\u0107 si\u0119 w Lizbonie, na samym skraju Europy. Ale nie w tempie spacerowym, tylko pod ci\u0105g\u0142\u0105 presj\u0105 czasu, zm\u0119czenia i rywali. 3351 km, etapy ci\u0105gn\u0105ce si\u0119 po pi\u0119\u0107 godzin i mordercze wspinaczki w Alpach oraz Pirenejach &#8211; nie ma si\u0119 co dziwi\u0107, \u017ce w niedziel\u0119 po Polach Elizejskich nawet najwi\u0119ksi przegrani je\u017adzili u\u015bmiechni\u0119ci od ucha do ucha. W ko\u0144cu przetrwali najbardziej presti\u017cowy wy\u015bcig \u015bwiata!<\/p>\n<p><strong>Dodatkowy etap zwyci\u0119zc\u00f3w<\/strong><\/p>\n<p>Organizatorzy Tour de France na szybko zmontowali minutowy film, kt\u00f3ry podsumowa\u0142 fina\u0142owy etap Wielkiej P\u0119tli. Na pierwszym planie widoczny jest kolarz w koszulce z wielkim god\u0142em Polski. To Micha\u0142 Kwiatkowski (Sky), kt\u00f3ry cho\u0107 zaj\u0105\u0142 49. miejsce w klasyfikacji generalnej, to po raz kolejny potwierdzi\u0142, \u017ce nale\u017cy do wa\u017cnych zawodnik\u00f3w w \u015bwiatowym peletonie.<\/p>\n<p>Kwiatkowski w niedziel\u0119 za\u0142o\u017cone mia\u0142 tak\u017ce \u017c\u00f3\u0142te r\u0119kawiczki, kask oraz spodenki z \u017c\u00f3\u0142tymi elementami, a p\u0142yny uzupe\u0142nia\u0142 z \u017c\u00f3\u0142tego bidonu. To nie kaprys, ale przywilej cz\u0142onka ekipy, w kt\u00f3rej je\u017adzi zwyci\u0119zca Tour de France. Tegoroczny wy\u015bcig wygra\u0142 bowiem Geraint Thomas, kt\u00f3remu pomaga\u0142 m.in. Kwiatkowski.<\/p>\n<p>Walijczyk nie by\u0142 wymieniany w\u015br\u00f3d faworyt\u00f3w. Tam pojawia\u0142y si\u0119 nazwiska Nairo Quintany (Movistar), Petera Sagana (Bora Hansgrohe), a przede wszystkim Christophera Froome\u2019a (Sky). Thomas jednak szybko pokaza\u0142, \u017ce jest mocniejszy od swojego kolegi z zespo\u0142u, wi\u0119c z ekipy posz\u0142a kr\u00f3tka wiadomo\u015b\u0107: \u201eNie musisz ju\u017c pomaga\u0107 Chrisowi, sam wygraj ten wy\u015bcig\u201d.<\/p>\n<p>I Thomas to zrobi\u0142! Ku zdziwieniu kibic\u00f3w, ale przede wszystkim swoim. Jecha\u0142 bardzo r\u00f3wno, nie da\u0142 sobie zagrozi\u0107 i na ostatnim etapie ju\u017c tylko stuka\u0142 si\u0119 z rywalami kieliszkami wype\u0142nionymi szampanem. Oficjalnie zebra\u0142 te\u017c gratulacje od Froome\u2019a, kt\u00f3ry liczy\u0142 na pi\u0105te zwyci\u0119stwo w Tour de France, ale na mecie potrafi\u0142 doceni\u0107 klas\u0119 Thomasa.<\/p>\n<p>&#8211; Czuj\u0119 olbrzymi\u0105 satysfakcj\u0119, to wspania\u0142y wyczyn ca\u0142ej dru\u017cyny. To trudne, by wszystko pouk\u0142ada\u0107 tak, aby funkcjonowa\u0142o przez trzy tygodnie. Teraz mo\u017cemy celebrowa\u0107 zwyci\u0119stwo, a wi\u0119c czeka nas\u2026 kolejny ci\u0119\u017cki etap, przy \u015bwi\u0119towaniu z wszystkimi lud\u017ami, kt\u00f3rzy przy\u0142o\u017cyli r\u0119k\u0119 do wygranej \u2013 \u017cartowa\u0142 Kwiatkowski na mecie.<\/p>\n<p><strong>Wyr\u00f3wnany historyczny rekord<\/strong><\/p>\n<p>\u017barty trzyma\u0142y si\u0119 tak\u017ce zawodnik\u00f3w najbardziej polskiej dru\u017cyny, czyli Bora Hansgrohe. Maciej Bodnar, Rafa\u0142 Majka i Pawe\u0142 Polja\u0144ski sami z\u0142apali za mikrofon i przeprowadzali z sob\u0105 wywiady, ale w ich g\u0142osach da\u0142o si\u0119 jednak wyczu\u0107, \u017ce liczyli na troch\u0119 wi\u0119cej.<\/p>\n<p>&#8211; Nie uda\u0142o si\u0119 zaj\u0105\u0107 wysokiej pozycji w klasyfikacji generalnej, ale c\u00f3\u017c zrobi\u0107, taki jest sport. Ca\u0142a dru\u017cyna da\u0142a z siebie wszystko \u2013 podkre\u015bla\u0142 Majka, a na swoim koncie facebookowym zapowiedzia\u0142: \u201eTeraz wiem, \u017ce forma b\u0119dzie wysoka w drugiej cz\u0119\u015bci sezonu, nastawiam si\u0119 te\u017c na mistrzostwa \u015bwiata&#8221;.<\/p>\n<p>W Bora Hansgrohe jednak te\u017c b\u0119d\u0105 mieli co \u015bwi\u0119towa\u0107, bo Peter Sagan po raz sz\u00f3sty w karierze wygra\u0142 zielon\u0105 koszulk\u0119 (sponsorowan\u0105 przez \u0160kod\u0119) i tym samym wyr\u00f3wna\u0142 historyczny rekord Ericka Zabela.<\/p>\n<p><strong>Sen w ko\u0144cu si\u0119 spe\u0142ni\u0142<\/strong><\/p>\n<p>Na ostatnim etapie najszybszy by\u0142 Alexander Kristoff (UAE Team Emirates), kt\u00f3ry na mecie by\u0142 chyba niemniej szcz\u0119\u015bliwy ni\u017c Thomas.<\/p>\n<p>&#8211; Spe\u0142ni\u0142 si\u0119 m\u00f3j sen. O zwyci\u0119stwie na Polach Elizejskich marzy\u0142em przez wiele lat. Kilka razy by\u0142em blisko, ale nie udawa\u0142o si\u0119. Teraz jednak jestem bardzo szcz\u0119\u015bliwy \u2013 u\u015bmiecha\u0142 si\u0119 Norweg.<\/p>\n<p>Szcz\u0119\u015bliwc\u00f3w na mecie by\u0142o jednak wi\u0119cej, bo ju\u017c dojechanie do Pary\u017ca by\u0142o wielkim sukcesem Tegoroczny Tour de France wym\u0119czy\u0142 bowiem kolarzy g\u00f3rami, przetestowa\u0142 na niebezpiecznych brukach i sprawdzi\u0142 ich moc oraz technik\u0119 na zjazdach i czas\u00f3wkach. Tym samym Wielka P\u0119tla po raz kolejny udowodni\u0142a, \u017ce w wy\u015bcigu o tytu\u0142 najwi\u0119kszej i najbardziej presti\u017cowej imprezy kolarskiej na \u015bwiecie, ca\u0142y czas jedzie w \u017c\u00f3\u0142tej koszulce.<\/p>\n<p>Kolejny, 106. Tour de France zacznie si\u0119 6 lipca 2019 r., dwoma etapami w Belgii.<\/p>\n<p><strong>Ko\u0144cowa klasyfikacja generalna 105. Tour de France:<\/strong><\/p>\n<p>1.\u00a0 Geraint Thomas (Sky) 83:17:13<\/p>\n<p>2. Tom Dumolin (Sunweb) +1:51<\/p>\n<p>3. Christopher Froome (Sky) +2:24<\/p>\n<p>&#8212;&#8212;&#8212;&#8212;&#8212;&#8212;&#8212;&#8212;&#8212;-<\/p>\n<p>19. Rafa\u0142 Majka (Bora-Hansgrohe) +39:57<\/p>\n<p>49. Micha\u0142 Kwiatkowski (Sky) +2:05:29<\/p>\n<p>94. Pawe\u0142 Polja\u0144ski (Bora-Hansgrohe) +3:07:14<\/p>\n<p>103. Tomasz Marczy\u0144ski (Lotto Soudal) +3:19:10<\/p>\n<p>122. Maciej Bodnar (Bora-Hansgrohe) +3:39:20<\/p>\n","protected":false},"excerpt":{"rendered":"<p>Szampan la\u0142 si\u0119 strumieniami, gratulacje sp\u0142ywa\u0142y od setek tysi\u0119cy kibic\u00f3w, a kolarze w ko\u0144cu mogli z\u0142apa\u0107 oddech po przejechaniu 3351 [&hellip;]<\/p>\n","protected":false},"author":76,"featured_media":7484,"comment_status":"open","ping_status":"open","sticky":false,"template":"","format":"standard","meta":{"footnotes":""},"categories":[270],"tags":[73,77,212],"global-categories":[],"class_list":["post-7483","post","type-post","status-publish","format-standard","has-post-thumbnail","hentry","category-tour-de-france-2018","tag-tdf","tag-tour-de-france","tag-tour-de-france-2018"],"yoast_head":"<!-- This site is optimized with the Yoast SEO Premium plugin v25.3 (Yoast SEO v25.9) - https:\/\/yoast.com\/wordpress\/plugins\/seo\/ -->\n<title>To ju\u017c niestety koniec\u2026 Geraint Thomas zwyci\u0119zc\u0105 Tour de France! - \u0160koda We Love Cycling - Poland<\/title>\n<meta name=\"robots\" content=\"index, follow, max-snippet:-1, max-image-preview:large, max-video-preview:-1\" \/>\n<link rel=\"canonical\" href=\"https:\/\/www.welovecycling.com\/pl\/2018\/07\/30\/to-juz-niestety-koniec-geraint-thomas-zwyciezca-tour-de-france\/\" \/>\n<meta property=\"og:locale\" content=\"pl_PL\" \/>\n<meta property=\"og:type\" content=\"article\" \/>\n<meta property=\"og:title\" content=\"To ju\u017c niestety koniec\u2026 Geraint Thomas zwyci\u0119zc\u0105 Tour de France!\" \/>\n<meta property=\"og:description\" content=\"Szampan la\u0142 si\u0119 strumieniami, gratulacje sp\u0142ywa\u0142y od setek tysi\u0119cy kibic\u00f3w, a kolarze w ko\u0144cu mogli z\u0142apa\u0107 oddech po przejechaniu 3351 [&hellip;]\" \/>\n<meta property=\"og:url\" content=\"https:\/\/www.welovecycling.com\/pl\/2018\/07\/30\/to-juz-niestety-koniec-geraint-thomas-zwyciezca-tour-de-france\/\" \/>\n<meta property=\"og:site_name\" content=\"\u0160koda We Love Cycling - Poland\" \/>\n<meta property=\"article:published_time\" content=\"2018-07-30T20:33:17+00:00\" \/>\n<meta property=\"og:image\" content=\"https:\/\/d2p6e6u75xmxt8.cloudfront.net\/5\/2018\/07\/profimedia-0380086921-1.jpg\" \/>\n\t<meta property=\"og:image:width\" content=\"1366\" \/>\n\t<meta property=\"og:image:height\" content=\"600\" \/>\n\t<meta property=\"og:image:type\" content=\"image\/jpeg\" \/>\n<meta name=\"author\" content=\"piotrboczkowski\" \/>\n<meta name=\"twitter:card\" content=\"summary_large_image\" \/>\n<meta name=\"twitter:label1\" content=\"Written by\" \/>\n\t<meta name=\"twitter:data1\" content=\"Piotr Jawor\" \/>\n\t<meta name=\"twitter:label2\" content=\"Est. reading time\" \/>\n\t<meta name=\"twitter:data2\" content=\"4 minutes\" \/>\n<script type=\"application\/ld+json\" class=\"yoast-schema-graph\">{\"@context\":\"https:\/\/schema.org\",\"@graph\":[{\"@type\":\"WebPage\",\"@id\":\"https:\/\/www.welovecycling.com\/pl\/2018\/07\/30\/to-juz-niestety-koniec-geraint-thomas-zwyciezca-tour-de-france\/\",\"url\":\"https:\/\/www.welovecycling.com\/pl\/2018\/07\/30\/to-juz-niestety-koniec-geraint-thomas-zwyciezca-tour-de-france\/\",\"name\":\"To ju\u017c niestety koniec\u2026 Geraint Thomas zwyci\u0119zc\u0105 Tour de France! - \u0160koda We Love Cycling - Poland\",\"isPartOf\":{\"@id\":\"https:\/\/www.welovecycling.com\/pl\/#website\"},\"primaryImageOfPage\":{\"@id\":\"https:\/\/www.welovecycling.com\/pl\/2018\/07\/30\/to-juz-niestety-koniec-geraint-thomas-zwyciezca-tour-de-france\/#primaryimage\"},\"image\":{\"@id\":\"https:\/\/www.welovecycling.com\/pl\/2018\/07\/30\/to-juz-niestety-koniec-geraint-thomas-zwyciezca-tour-de-france\/#primaryimage\"},\"thumbnailUrl\":\"https:\/\/d2p6e6u75xmxt8.cloudfront.net\/5\/2018\/07\/profimedia-0380086921-1.jpg\",\"datePublished\":\"2018-07-30T20:33:17+00:00\",\"author\":{\"@id\":\"https:\/\/www.welovecycling.com\/pl\/#\/schema\/person\/0dba2d39da943db9df3fd8f4687e7f23\"},\"breadcrumb\":{\"@id\":\"https:\/\/www.welovecycling.com\/pl\/2018\/07\/30\/to-juz-niestety-koniec-geraint-thomas-zwyciezca-tour-de-france\/#breadcrumb\"},\"inLanguage\":\"pl-PL\",\"potentialAction\":[{\"@type\":\"ReadAction\",\"target\":[\"https:\/\/www.welovecycling.com\/pl\/2018\/07\/30\/to-juz-niestety-koniec-geraint-thomas-zwyciezca-tour-de-france\/\"]}]},{\"@type\":\"ImageObject\",\"inLanguage\":\"pl-PL\",\"@id\":\"https:\/\/www.welovecycling.com\/pl\/2018\/07\/30\/to-juz-niestety-koniec-geraint-thomas-zwyciezca-tour-de-france\/#primaryimage\",\"url\":\"https:\/\/d2p6e6u75xmxt8.cloudfront.net\/5\/2018\/07\/profimedia-0380086921-1.jpg\",\"contentUrl\":\"https:\/\/d2p6e6u75xmxt8.cloudfront.net\/5\/2018\/07\/profimedia-0380086921-1.jpg\",\"width\":1366,\"height\":600},{\"@type\":\"BreadcrumbList\",\"@id\":\"https:\/\/www.welovecycling.com\/pl\/2018\/07\/30\/to-juz-niestety-koniec-geraint-thomas-zwyciezca-tour-de-france\/#breadcrumb\",\"itemListElement\":[{\"@type\":\"ListItem\",\"position\":1,\"name\":\"Home\",\"item\":\"https:\/\/www.welovecycling.com\/pl\/\"},{\"@type\":\"ListItem\",\"position\":2,\"name\":\"To ju\u017c niestety koniec\u2026 Geraint Thomas zwyci\u0119zc\u0105 Tour de France!\"}]},{\"@type\":\"WebSite\",\"@id\":\"https:\/\/www.welovecycling.com\/pl\/#website\",\"url\":\"https:\/\/www.welovecycling.com\/pl\/\",\"name\":\"\u0160koda We Love Cycling - Poland\",\"description\":\"\",\"potentialAction\":[{\"@type\":\"SearchAction\",\"target\":{\"@type\":\"EntryPoint\",\"urlTemplate\":\"https:\/\/www.welovecycling.com\/pl\/?s={search_term_string}\"},\"query-input\":{\"@type\":\"PropertyValueSpecification\",\"valueRequired\":true,\"valueName\":\"search_term_string\"}}],\"inLanguage\":\"pl-PL\"},{\"@type\":\"Person\",\"@id\":\"https:\/\/www.welovecycling.com\/pl\/#\/schema\/person\/0dba2d39da943db9df3fd8f4687e7f23\",\"name\":\"piotrboczkowski\",\"image\":{\"@type\":\"ImageObject\",\"inLanguage\":\"pl-PL\",\"@id\":\"https:\/\/www.welovecycling.com\/pl\/#\/schema\/person\/image\/\",\"url\":\"https:\/\/secure.gravatar.com\/avatar\/533caccae14752e03a2ce2d3fd62d1b98b93e1393c3195c27819e53344ca1ace?s=96&d=mm&r=g\",\"contentUrl\":\"https:\/\/secure.gravatar.com\/avatar\/533caccae14752e03a2ce2d3fd62d1b98b93e1393c3195c27819e53344ca1ace?s=96&d=mm&r=g\",\"caption\":\"piotrboczkowski\"},\"url\":\"https:\/\/www.welovecycling.com\/pl\/author\/piotrboczkowski\/\"}]}<\/script>\n<!-- \/ Yoast SEO Premium plugin. -->","yoast_head_json":{"title":"To ju\u017c niestety koniec\u2026 Geraint Thomas zwyci\u0119zc\u0105 Tour de France! - \u0160koda We Love Cycling - Poland","robots":{"index":"index","follow":"follow","max-snippet":"max-snippet:-1","max-image-preview":"max-image-preview:large","max-video-preview":"max-video-preview:-1"},"canonical":"https:\/\/www.welovecycling.com\/pl\/2018\/07\/30\/to-juz-niestety-koniec-geraint-thomas-zwyciezca-tour-de-france\/","og_locale":"pl_PL","og_type":"article","og_title":"To ju\u017c niestety koniec\u2026 Geraint Thomas zwyci\u0119zc\u0105 Tour de France!","og_description":"Szampan la\u0142 si\u0119 strumieniami, gratulacje sp\u0142ywa\u0142y od setek tysi\u0119cy kibic\u00f3w, a kolarze w ko\u0144cu mogli z\u0142apa\u0107 oddech po przejechaniu 3351 [&hellip;]","og_url":"https:\/\/www.welovecycling.com\/pl\/2018\/07\/30\/to-juz-niestety-koniec-geraint-thomas-zwyciezca-tour-de-france\/","og_site_name":"\u0160koda We Love Cycling - Poland","article_published_time":"2018-07-30T20:33:17+00:00","og_image":[{"width":1366,"height":600,"url":"https:\/\/d2p6e6u75xmxt8.cloudfront.net\/5\/2018\/07\/profimedia-0380086921-1.jpg","type":"image\/jpeg"}],"author":"piotrboczkowski","twitter_card":"summary_large_image","twitter_misc":{"Written by":"Piotr Jawor","Est. reading time":"4 minutes"},"schema":{"@context":"https:\/\/schema.org","@graph":[{"@type":"WebPage","@id":"https:\/\/www.welovecycling.com\/pl\/2018\/07\/30\/to-juz-niestety-koniec-geraint-thomas-zwyciezca-tour-de-france\/","url":"https:\/\/www.welovecycling.com\/pl\/2018\/07\/30\/to-juz-niestety-koniec-geraint-thomas-zwyciezca-tour-de-france\/","name":"To ju\u017c niestety koniec\u2026 Geraint Thomas zwyci\u0119zc\u0105 Tour de France! - \u0160koda We Love Cycling - Poland","isPartOf":{"@id":"https:\/\/www.welovecycling.com\/pl\/#website"},"primaryImageOfPage":{"@id":"https:\/\/www.welovecycling.com\/pl\/2018\/07\/30\/to-juz-niestety-koniec-geraint-thomas-zwyciezca-tour-de-france\/#primaryimage"},"image":{"@id":"https:\/\/www.welovecycling.com\/pl\/2018\/07\/30\/to-juz-niestety-koniec-geraint-thomas-zwyciezca-tour-de-france\/#primaryimage"},"thumbnailUrl":"https:\/\/d2p6e6u75xmxt8.cloudfront.net\/5\/2018\/07\/profimedia-0380086921-1.jpg","datePublished":"2018-07-30T20:33:17+00:00","author":{"@id":"https:\/\/www.welovecycling.com\/pl\/#\/schema\/person\/0dba2d39da943db9df3fd8f4687e7f23"},"breadcrumb":{"@id":"https:\/\/www.welovecycling.com\/pl\/2018\/07\/30\/to-juz-niestety-koniec-geraint-thomas-zwyciezca-tour-de-france\/#breadcrumb"},"inLanguage":"pl-PL","potentialAction":[{"@type":"ReadAction","target":["https:\/\/www.welovecycling.com\/pl\/2018\/07\/30\/to-juz-niestety-koniec-geraint-thomas-zwyciezca-tour-de-france\/"]}]},{"@type":"ImageObject","inLanguage":"pl-PL","@id":"https:\/\/www.welovecycling.com\/pl\/2018\/07\/30\/to-juz-niestety-koniec-geraint-thomas-zwyciezca-tour-de-france\/#primaryimage","url":"https:\/\/d2p6e6u75xmxt8.cloudfront.net\/5\/2018\/07\/profimedia-0380086921-1.jpg","contentUrl":"https:\/\/d2p6e6u75xmxt8.cloudfront.net\/5\/2018\/07\/profimedia-0380086921-1.jpg","width":1366,"height":600},{"@type":"BreadcrumbList","@id":"https:\/\/www.welovecycling.com\/pl\/2018\/07\/30\/to-juz-niestety-koniec-geraint-thomas-zwyciezca-tour-de-france\/#breadcrumb","itemListElement":[{"@type":"ListItem","position":1,"name":"Home","item":"https:\/\/www.welovecycling.com\/pl\/"},{"@type":"ListItem","position":2,"name":"To ju\u017c niestety koniec\u2026 Geraint Thomas zwyci\u0119zc\u0105 Tour de France!"}]},{"@type":"WebSite","@id":"https:\/\/www.welovecycling.com\/pl\/#website","url":"https:\/\/www.welovecycling.com\/pl\/","name":"\u0160koda We Love Cycling - Poland","description":"","potentialAction":[{"@type":"SearchAction","target":{"@type":"EntryPoint","urlTemplate":"https:\/\/www.welovecycling.com\/pl\/?s={search_term_string}"},"query-input":{"@type":"PropertyValueSpecification","valueRequired":true,"valueName":"search_term_string"}}],"inLanguage":"pl-PL"},{"@type":"Person","@id":"https:\/\/www.welovecycling.com\/pl\/#\/schema\/person\/0dba2d39da943db9df3fd8f4687e7f23","name":"piotrboczkowski","image":{"@type":"ImageObject","inLanguage":"pl-PL","@id":"https:\/\/www.welovecycling.com\/pl\/#\/schema\/person\/image\/","url":"https:\/\/secure.gravatar.com\/avatar\/533caccae14752e03a2ce2d3fd62d1b98b93e1393c3195c27819e53344ca1ace?s=96&d=mm&r=g","contentUrl":"https:\/\/secure.gravatar.com\/avatar\/533caccae14752e03a2ce2d3fd62d1b98b93e1393c3195c27819e53344ca1ace?s=96&d=mm&r=g","caption":"piotrboczkowski"},"url":"https:\/\/www.welovecycling.com\/pl\/author\/piotrboczkowski\/"}]}},"_links":{"self":[{"href":"https:\/\/www.welovecycling.com\/pl\/wp-json\/wp\/v2\/posts\/7483","targetHints":{"allow":["GET"]}}],"collection":[{"href":"https:\/\/www.welovecycling.com\/pl\/wp-json\/wp\/v2\/posts"}],"about":[{"href":"https:\/\/www.welovecycling.com\/pl\/wp-json\/wp\/v2\/types\/post"}],"author":[{"embeddable":true,"href":"https:\/\/www.welovecycling.com\/pl\/wp-json\/wp\/v2\/users\/76"}],"replies":[{"embeddable":true,"href":"https:\/\/www.welovecycling.com\/pl\/wp-json\/wp\/v2\/comments?post=7483"}],"version-history":[{"count":1,"href":"https:\/\/www.welovecycling.com\/pl\/wp-json\/wp\/v2\/posts\/7483\/revisions"}],"predecessor-version":[{"id":7485,"href":"https:\/\/www.welovecycling.com\/pl\/wp-json\/wp\/v2\/posts\/7483\/revisions\/7485"}],"wp:featuredmedia":[{"embeddable":true,"href":"https:\/\/www.welovecycling.com\/pl\/wp-json\/wp\/v2\/media\/7484"}],"wp:attachment":[{"href":"https:\/\/www.welovecycling.com\/pl\/wp-json\/wp\/v2\/media?parent=7483"}],"wp:term":[{"taxonomy":"category","embeddable":true,"href":"https:\/\/www.welovecycling.com\/pl\/wp-json\/wp\/v2\/categories?post=7483"},{"taxonomy":"post_tag","embeddable":true,"href":"https:\/\/www.welovecycling.com\/pl\/wp-json\/wp\/v2\/tags?post=7483"},{"taxonomy":"global-categories","embeddable":true,"href":"https:\/\/www.welovecycling.com\/pl\/wp-json\/wp\/v2\/global-categories?post=7483"}],"curies":[{"name":"wp","href":"https:\/\/api.w.org\/{rel}","templated":true}]}}