{"id":7477,"date":"2018-07-29T22:38:19","date_gmt":"2018-07-29T22:38:19","guid":{"rendered":"https:\/\/www.welovecycling.com\/pl\/?p=7477"},"modified":"2018-07-29T22:38:19","modified_gmt":"2018-07-29T22:38:19","slug":"zwyciezca-tour-de-france-wytrzymal-20-etapow-ale-pekl-przed-kamerami","status":"publish","type":"post","link":"https:\/\/www.welovecycling.com\/pl\/2018\/07\/29\/zwyciezca-tour-de-france-wytrzymal-20-etapow-ale-pekl-przed-kamerami\/","title":{"rendered":"Zwyci\u0119zca Tour de France wytrzyma\u0142 20 etap\u00f3w, ale p\u0119k\u0142 przed kamerami"},"content":{"rendered":"<p>&#8211; Ostatni raz p\u0142aka\u0142em na swoim \u015blubie \u2013 m\u00f3wi\u0142 przez \u0142zy Geraint Thomas, kt\u00f3remu ju\u017c tylko kataklizm mo\u017ce odebra\u0107 zwyci\u0119stwo w Tour de France. Na przedostatnim etapie \u015bwietnie spisa\u0142 si\u0119 te\u017c Micha\u0142 Kwiatkowski, kt\u00f3ry zaj\u0105\u0142 czwarte miejsce.<\/p>\n<p>Lata wyrzecze\u0144, ci\u0119\u017ckich trening\u00f3w i setki tysi\u0119cy przejechanych kilometr\u00f3w \u2013 gdyby przed kamerami Thomas zamiast uronienia \u0142zy rozrycza\u0142 si\u0119 jak b\u00f3br, to po takim sukcesie i tak by\u0142by ca\u0142kowicie usprawiedliwiony.<\/p>\n<p>&#8211; I co ja mam powiedzie\u0107? To co\u015b niesamowitego. Jestem oszo\u0142omiony! Przez ca\u0142y wy\u015bcig nie dociera\u0142o do mnie, \u017ce naprawd\u0119 mog\u0119 wygra\u0107. A\u017c tu nagle sta\u0142o si\u0119 \u2013 jestem ju\u017c tylko krok od zwyci\u0119stwa! \u2013 m\u00f3wi\u0142 Walijczyk, ale jakby obawia\u0142 si\u0119, \u017ce zaraz kto\u015b go uszczypnie i wyrwie z pi\u0119knego snu.<\/p>\n<p>Na koniec wywiadu dla Eurosportu pu\u015bci\u0142y w nim jednak kumulowane przez trzy tygodnie emocje. Thomas najpierw walczy\u0142 z \u0142ami\u0105cym si\u0119 g\u0142osem, a\u017c w ko\u0144cu schowa\u0142 twarz w d\u0142oniach i zacz\u0105\u0142 kr\u0119ci\u0107 g\u0142ow\u0105 z niedowierzaniem. Nie by\u0142 w stanie powiedzie\u0107 ju\u017c nic wi\u0119cej\u2026<\/p>\n<p><strong>Zwyci\u0119stwo pomocnika<\/strong><\/p>\n<p>Nie ma si\u0119 jednak co dziwi\u0107 emocjom Thomasa, przecie\u017c w Wielkiej P\u0119tli nie jecha\u0142 nawet jako lider Sky, bo wszyscy liczyli na Christophera Froome\u2019a. Nawet Thomas nazywa\u0142 go legendarnym kolarzem i d\u0142ugo podkre\u015bla\u0142, \u017ce on jest tylko pomocnikiem wielkiego Froome\u2019a. Na kolejnych etapach Thomas pokazywa\u0142 jednak, \u017ce jest silniejszy od swojego kolegi, a\u017c w ko\u0144cu otrzyma\u0142 zielone \u015bwiat\u0142o w walce o zwyci\u0119stwo.<\/p>\n<p>Zadaniu podo\u0142a\u0142, jad\u0105c w \u017c\u00f3\u0142tej koszulce od 12. etapu i nie oddaj\u0105c jej nawet na chwil\u0119. Mimo to przed sobotni\u0105 czas\u00f3wk\u0105 nie by\u0142 pewny siebie, bo na starcie roi\u0142o si\u0119 od fachowc\u00f3w \u015bwiatowej klasy.<\/p>\n<p>&#8211; Z zespo\u0142u dosta\u0142em wskaz\u00f3wki, \u017ce mam jecha\u0107 na luzie. Mia\u0142em po prostu zapewni\u0107 sobie zwyci\u0119stwo i to si\u0119 uda\u0142o. Cho\u0107 wygl\u0105da\u0142o to na spokojn\u0105 jazd\u0119, to jednak by\u0142em zestresowany. To by\u0142 najwa\u017cniejszy etap ca\u0142ego Tour de France i sko\u0144czy\u0142 si\u0119 dla mnie wspaniale \u2013 cieszy\u0142 si\u0119 Thomas.<\/p>\n<p>Walijczyk na mecie zameldowa\u0142 si\u0119 na trzecim miejscu. Wygra\u0142 Tom Dumoulin, przed Froome\u2019em.<\/p>\n<p><strong>Dzi\u015b przyjemnie, zabawnie i bardzo towarzysko <\/strong><\/p>\n<p>Rok temu czas\u00f3wk\u0119 w Marsylii wygra\u0142 Maciej Bodnar, a teraz mocno namiesza\u0142 Micha\u0142 Kwiatkowski. Startowa\u0142 jako 94. zawodnik i wykr\u0119ci\u0142 najlepszy czas. \u201eWyskakuje z zakr\u0119tu, kilka poci\u0105gni\u0119\u0107\u00a0 peda\u0142ami&#8230; Brawo Micha\u0142 Kwiatkowski, pi\u0119kna jazda! Ogra\u0142 ju\u017c kilka dobrych czasowc\u00f3w!\u201d \u2013 emocjonowali si\u0119 komentatorzy Eurosportu.<\/p>\n<p>Kwiatkowski d\u0142ugo by\u0142 liderem, ale zdawa\u0142 sobie spraw\u0119, \u017ce najwi\u0119ksi rywale dopiero wjad\u0105 na tras\u0119. Kolarzy jednak ubywa\u0142o, a \u201eKwiato\u201d wci\u0105\u017c prowadzi\u0142. A\u017c w ko\u0144cu na starcie pozosta\u0142o ju\u017c tylko trzech najlepszych zawodnik\u00f3w tegorocznej Wielkiej P\u0119tli i to w\u0142a\u015bnie oni podzielili mi\u0119dzy sob\u0105 \u0142upy.<\/p>\n<p>Kwiatkowskiego zdetronizowa\u0142 Froome, ale to bolesne nie by\u0142o, bo Polak nawet bi\u0142 brawo i z\u0142o\u017cy\u0142 gratulacje koledze z zespo\u0142u. Brytyjczyk nie dowi\u00f3z\u0142 jednak wygranej do ko\u0144ca, bo o sekund\u0119 lepszy okaza\u0142 si\u0119 Dumoulin.<\/p>\n<p>W niedziel\u0119 ostatni dzie\u0144 \u015bcigania w Tour de France, czyli etap pokoju. B\u0119dzie przyjemnie, zabawnie i bardzo towarzysko, ale &#8211; zgodnie z tradycj\u0105 &#8211; do roszad na samym szczycie klasyfikacji generalnej nie powinno doj\u015b\u0107.<\/p>\n<p>&nbsp;<\/p>\n<p><strong>Klasyfikacja generalna po 20. Etapie Tour de France<\/strong><\/p>\n<p>1.\u00a0Geraint Thomas (Sky) 80:30:37<\/p>\n<p>2.\u00a0Tom Dumoulin\u00a0\u00a0 (Sunweb)\u00a0\u00a0\u00a0\u00a0\u00a0\u00a0\u00a0\u00a0\u00a0\u00a0\u00a0\u00a0 +1:51<\/p>\n<p>3.\u00a0Christopher Froome (Sky) +2:24<\/p>\n<p>&#8212;&#8212;&#8212;&#8212;&#8212;&#8212;&#8212;&#8212;&#8212;&#8212;&#8212;&#8212;&#8212;&#8212;&#8212;&#8212;&#8212;&#8212;&#8212;&#8212;&#8212;&#8212;&#8212;&#8212;&#8212;<\/p>\n<p>19. Rafa\u0142 Majka (Bora-Hansgrohe) +39:18<\/p>\n<p>49. Micha\u0142 Kwiatkowski Polska (Sky) +2:02:08<\/p>\n<p>94. Pawe\u0142 Polja\u0144ski (Bora-Hansgrohe) +03:06:44<\/p>\n<p>103. Tomasz Marczy\u0144ski (Lotto Soudal) +03:18:46<\/p>\n<p>123. Maciej Bodnar (Bora-Hansgrohe) +03:39:20<\/p>\n<p>&nbsp;<\/p>\n<p><strong>Lider klasyfikacji punktowej (sponsorowana przez \u0160kod\u0119):<\/strong> Peter Sagan (Bora Hansgrohe)<\/p>\n<p><strong>Lider klasyfikacji g\u00f3rskiej:<\/strong> Julian Alaphilippe (Quick-Step Floors)<\/p>\n<p><strong>Lider klasyfikacji m\u0142odzie\u017cowej:<\/strong> Pierre Roger Latour (AG2R)<\/p>\n","protected":false},"excerpt":{"rendered":"<p>&#8211; Ostatni raz p\u0142aka\u0142em na swoim \u015blubie \u2013 m\u00f3wi\u0142 przez \u0142zy Geraint Thomas, kt\u00f3remu ju\u017c tylko kataklizm mo\u017ce odebra\u0107 zwyci\u0119stwo [&hellip;]<\/p>\n","protected":false},"author":76,"featured_media":7480,"comment_status":"open","ping_status":"open","sticky":false,"template":"","format":"standard","meta":{"footnotes":""},"categories":[270],"tags":[73,77,212],"global-categories":[],"class_list":["post-7477","post","type-post","status-publish","format-standard","has-post-thumbnail","hentry","category-tour-de-france-2018","tag-tdf","tag-tour-de-france","tag-tour-de-france-2018"],"yoast_head":"<!-- This site is optimized with the Yoast SEO Premium plugin v25.3 (Yoast SEO v25.9) - https:\/\/yoast.com\/wordpress\/plugins\/seo\/ -->\n<title>Zwyci\u0119zca Tour de France wytrzyma\u0142 20 etap\u00f3w, ale p\u0119k\u0142 przed kamerami - \u0160koda We Love Cycling - Poland<\/title>\n<meta name=\"robots\" content=\"index, follow, max-snippet:-1, max-image-preview:large, max-video-preview:-1\" \/>\n<link rel=\"canonical\" href=\"https:\/\/www.welovecycling.com\/pl\/2018\/07\/29\/zwyciezca-tour-de-france-wytrzymal-20-etapow-ale-pekl-przed-kamerami\/\" \/>\n<meta property=\"og:locale\" content=\"pl_PL\" \/>\n<meta property=\"og:type\" content=\"article\" \/>\n<meta property=\"og:title\" content=\"Zwyci\u0119zca Tour de France wytrzyma\u0142 20 etap\u00f3w, ale p\u0119k\u0142 przed kamerami\" \/>\n<meta property=\"og:description\" content=\"&#8211; Ostatni raz p\u0142aka\u0142em na swoim \u015blubie \u2013 m\u00f3wi\u0142 przez \u0142zy Geraint Thomas, kt\u00f3remu ju\u017c tylko kataklizm mo\u017ce odebra\u0107 zwyci\u0119stwo [&hellip;]\" \/>\n<meta property=\"og:url\" content=\"https:\/\/www.welovecycling.com\/pl\/2018\/07\/29\/zwyciezca-tour-de-france-wytrzymal-20-etapow-ale-pekl-przed-kamerami\/\" \/>\n<meta property=\"og:site_name\" content=\"\u0160koda We Love Cycling - Poland\" \/>\n<meta property=\"article:published_time\" content=\"2018-07-29T22:38:19+00:00\" \/>\n<meta property=\"og:image\" content=\"https:\/\/d2p6e6u75xmxt8.cloudfront.net\/5\/2018\/07\/e044c8b1-05e9-4e26-b47b-af9f26e87d0f.jpg\" \/>\n\t<meta property=\"og:image:width\" content=\"1920\" \/>\n\t<meta property=\"og:image:height\" content=\"1080\" \/>\n\t<meta property=\"og:image:type\" content=\"image\/jpeg\" \/>\n<meta name=\"author\" content=\"piotrboczkowski\" \/>\n<meta name=\"twitter:card\" content=\"summary_large_image\" \/>\n<meta name=\"twitter:label1\" content=\"Written by\" \/>\n\t<meta name=\"twitter:data1\" content=\"Piotr Jawor\" \/>\n\t<meta name=\"twitter:label2\" content=\"Est. reading time\" \/>\n\t<meta name=\"twitter:data2\" content=\"3 minutes\" \/>\n<script type=\"application\/ld+json\" class=\"yoast-schema-graph\">{\"@context\":\"https:\/\/schema.org\",\"@graph\":[{\"@type\":\"WebPage\",\"@id\":\"https:\/\/www.welovecycling.com\/pl\/2018\/07\/29\/zwyciezca-tour-de-france-wytrzymal-20-etapow-ale-pekl-przed-kamerami\/\",\"url\":\"https:\/\/www.welovecycling.com\/pl\/2018\/07\/29\/zwyciezca-tour-de-france-wytrzymal-20-etapow-ale-pekl-przed-kamerami\/\",\"name\":\"Zwyci\u0119zca Tour de France wytrzyma\u0142 20 etap\u00f3w, ale p\u0119k\u0142 przed kamerami - \u0160koda We Love Cycling - Poland\",\"isPartOf\":{\"@id\":\"https:\/\/www.welovecycling.com\/pl\/#website\"},\"primaryImageOfPage\":{\"@id\":\"https:\/\/www.welovecycling.com\/pl\/2018\/07\/29\/zwyciezca-tour-de-france-wytrzymal-20-etapow-ale-pekl-przed-kamerami\/#primaryimage\"},\"image\":{\"@id\":\"https:\/\/www.welovecycling.com\/pl\/2018\/07\/29\/zwyciezca-tour-de-france-wytrzymal-20-etapow-ale-pekl-przed-kamerami\/#primaryimage\"},\"thumbnailUrl\":\"https:\/\/d2p6e6u75xmxt8.cloudfront.net\/5\/2018\/07\/e044c8b1-05e9-4e26-b47b-af9f26e87d0f.jpg\",\"datePublished\":\"2018-07-29T22:38:19+00:00\",\"author\":{\"@id\":\"https:\/\/www.welovecycling.com\/pl\/#\/schema\/person\/0dba2d39da943db9df3fd8f4687e7f23\"},\"breadcrumb\":{\"@id\":\"https:\/\/www.welovecycling.com\/pl\/2018\/07\/29\/zwyciezca-tour-de-france-wytrzymal-20-etapow-ale-pekl-przed-kamerami\/#breadcrumb\"},\"inLanguage\":\"pl-PL\",\"potentialAction\":[{\"@type\":\"ReadAction\",\"target\":[\"https:\/\/www.welovecycling.com\/pl\/2018\/07\/29\/zwyciezca-tour-de-france-wytrzymal-20-etapow-ale-pekl-przed-kamerami\/\"]}]},{\"@type\":\"ImageObject\",\"inLanguage\":\"pl-PL\",\"@id\":\"https:\/\/www.welovecycling.com\/pl\/2018\/07\/29\/zwyciezca-tour-de-france-wytrzymal-20-etapow-ale-pekl-przed-kamerami\/#primaryimage\",\"url\":\"https:\/\/d2p6e6u75xmxt8.cloudfront.net\/5\/2018\/07\/e044c8b1-05e9-4e26-b47b-af9f26e87d0f.jpg\",\"contentUrl\":\"https:\/\/d2p6e6u75xmxt8.cloudfront.net\/5\/2018\/07\/e044c8b1-05e9-4e26-b47b-af9f26e87d0f.jpg\",\"width\":1920,\"height\":1080},{\"@type\":\"BreadcrumbList\",\"@id\":\"https:\/\/www.welovecycling.com\/pl\/2018\/07\/29\/zwyciezca-tour-de-france-wytrzymal-20-etapow-ale-pekl-przed-kamerami\/#breadcrumb\",\"itemListElement\":[{\"@type\":\"ListItem\",\"position\":1,\"name\":\"Home\",\"item\":\"https:\/\/www.welovecycling.com\/pl\/\"},{\"@type\":\"ListItem\",\"position\":2,\"name\":\"Zwyci\u0119zca Tour de France wytrzyma\u0142 20 etap\u00f3w, ale p\u0119k\u0142 przed kamerami\"}]},{\"@type\":\"WebSite\",\"@id\":\"https:\/\/www.welovecycling.com\/pl\/#website\",\"url\":\"https:\/\/www.welovecycling.com\/pl\/\",\"name\":\"\u0160koda We Love Cycling - Poland\",\"description\":\"\",\"potentialAction\":[{\"@type\":\"SearchAction\",\"target\":{\"@type\":\"EntryPoint\",\"urlTemplate\":\"https:\/\/www.welovecycling.com\/pl\/?s={search_term_string}\"},\"query-input\":{\"@type\":\"PropertyValueSpecification\",\"valueRequired\":true,\"valueName\":\"search_term_string\"}}],\"inLanguage\":\"pl-PL\"},{\"@type\":\"Person\",\"@id\":\"https:\/\/www.welovecycling.com\/pl\/#\/schema\/person\/0dba2d39da943db9df3fd8f4687e7f23\",\"name\":\"piotrboczkowski\",\"image\":{\"@type\":\"ImageObject\",\"inLanguage\":\"pl-PL\",\"@id\":\"https:\/\/www.welovecycling.com\/pl\/#\/schema\/person\/image\/\",\"url\":\"https:\/\/secure.gravatar.com\/avatar\/533caccae14752e03a2ce2d3fd62d1b98b93e1393c3195c27819e53344ca1ace?s=96&d=mm&r=g\",\"contentUrl\":\"https:\/\/secure.gravatar.com\/avatar\/533caccae14752e03a2ce2d3fd62d1b98b93e1393c3195c27819e53344ca1ace?s=96&d=mm&r=g\",\"caption\":\"piotrboczkowski\"},\"url\":\"https:\/\/www.welovecycling.com\/pl\/author\/piotrboczkowski\/\"}]}<\/script>\n<!-- \/ Yoast SEO Premium plugin. -->","yoast_head_json":{"title":"Zwyci\u0119zca Tour de France wytrzyma\u0142 20 etap\u00f3w, ale p\u0119k\u0142 przed kamerami - \u0160koda We Love Cycling - Poland","robots":{"index":"index","follow":"follow","max-snippet":"max-snippet:-1","max-image-preview":"max-image-preview:large","max-video-preview":"max-video-preview:-1"},"canonical":"https:\/\/www.welovecycling.com\/pl\/2018\/07\/29\/zwyciezca-tour-de-france-wytrzymal-20-etapow-ale-pekl-przed-kamerami\/","og_locale":"pl_PL","og_type":"article","og_title":"Zwyci\u0119zca Tour de France wytrzyma\u0142 20 etap\u00f3w, ale p\u0119k\u0142 przed kamerami","og_description":"&#8211; Ostatni raz p\u0142aka\u0142em na swoim \u015blubie \u2013 m\u00f3wi\u0142 przez \u0142zy Geraint Thomas, kt\u00f3remu ju\u017c tylko kataklizm mo\u017ce odebra\u0107 zwyci\u0119stwo [&hellip;]","og_url":"https:\/\/www.welovecycling.com\/pl\/2018\/07\/29\/zwyciezca-tour-de-france-wytrzymal-20-etapow-ale-pekl-przed-kamerami\/","og_site_name":"\u0160koda We Love Cycling - Poland","article_published_time":"2018-07-29T22:38:19+00:00","og_image":[{"width":1920,"height":1080,"url":"https:\/\/d2p6e6u75xmxt8.cloudfront.net\/5\/2018\/07\/e044c8b1-05e9-4e26-b47b-af9f26e87d0f.jpg","type":"image\/jpeg"}],"author":"piotrboczkowski","twitter_card":"summary_large_image","twitter_misc":{"Written by":"Piotr Jawor","Est. reading time":"3 minutes"},"schema":{"@context":"https:\/\/schema.org","@graph":[{"@type":"WebPage","@id":"https:\/\/www.welovecycling.com\/pl\/2018\/07\/29\/zwyciezca-tour-de-france-wytrzymal-20-etapow-ale-pekl-przed-kamerami\/","url":"https:\/\/www.welovecycling.com\/pl\/2018\/07\/29\/zwyciezca-tour-de-france-wytrzymal-20-etapow-ale-pekl-przed-kamerami\/","name":"Zwyci\u0119zca Tour de France wytrzyma\u0142 20 etap\u00f3w, ale p\u0119k\u0142 przed kamerami - \u0160koda We Love Cycling - Poland","isPartOf":{"@id":"https:\/\/www.welovecycling.com\/pl\/#website"},"primaryImageOfPage":{"@id":"https:\/\/www.welovecycling.com\/pl\/2018\/07\/29\/zwyciezca-tour-de-france-wytrzymal-20-etapow-ale-pekl-przed-kamerami\/#primaryimage"},"image":{"@id":"https:\/\/www.welovecycling.com\/pl\/2018\/07\/29\/zwyciezca-tour-de-france-wytrzymal-20-etapow-ale-pekl-przed-kamerami\/#primaryimage"},"thumbnailUrl":"https:\/\/d2p6e6u75xmxt8.cloudfront.net\/5\/2018\/07\/e044c8b1-05e9-4e26-b47b-af9f26e87d0f.jpg","datePublished":"2018-07-29T22:38:19+00:00","author":{"@id":"https:\/\/www.welovecycling.com\/pl\/#\/schema\/person\/0dba2d39da943db9df3fd8f4687e7f23"},"breadcrumb":{"@id":"https:\/\/www.welovecycling.com\/pl\/2018\/07\/29\/zwyciezca-tour-de-france-wytrzymal-20-etapow-ale-pekl-przed-kamerami\/#breadcrumb"},"inLanguage":"pl-PL","potentialAction":[{"@type":"ReadAction","target":["https:\/\/www.welovecycling.com\/pl\/2018\/07\/29\/zwyciezca-tour-de-france-wytrzymal-20-etapow-ale-pekl-przed-kamerami\/"]}]},{"@type":"ImageObject","inLanguage":"pl-PL","@id":"https:\/\/www.welovecycling.com\/pl\/2018\/07\/29\/zwyciezca-tour-de-france-wytrzymal-20-etapow-ale-pekl-przed-kamerami\/#primaryimage","url":"https:\/\/d2p6e6u75xmxt8.cloudfront.net\/5\/2018\/07\/e044c8b1-05e9-4e26-b47b-af9f26e87d0f.jpg","contentUrl":"https:\/\/d2p6e6u75xmxt8.cloudfront.net\/5\/2018\/07\/e044c8b1-05e9-4e26-b47b-af9f26e87d0f.jpg","width":1920,"height":1080},{"@type":"BreadcrumbList","@id":"https:\/\/www.welovecycling.com\/pl\/2018\/07\/29\/zwyciezca-tour-de-france-wytrzymal-20-etapow-ale-pekl-przed-kamerami\/#breadcrumb","itemListElement":[{"@type":"ListItem","position":1,"name":"Home","item":"https:\/\/www.welovecycling.com\/pl\/"},{"@type":"ListItem","position":2,"name":"Zwyci\u0119zca Tour de France wytrzyma\u0142 20 etap\u00f3w, ale p\u0119k\u0142 przed kamerami"}]},{"@type":"WebSite","@id":"https:\/\/www.welovecycling.com\/pl\/#website","url":"https:\/\/www.welovecycling.com\/pl\/","name":"\u0160koda We Love Cycling - Poland","description":"","potentialAction":[{"@type":"SearchAction","target":{"@type":"EntryPoint","urlTemplate":"https:\/\/www.welovecycling.com\/pl\/?s={search_term_string}"},"query-input":{"@type":"PropertyValueSpecification","valueRequired":true,"valueName":"search_term_string"}}],"inLanguage":"pl-PL"},{"@type":"Person","@id":"https:\/\/www.welovecycling.com\/pl\/#\/schema\/person\/0dba2d39da943db9df3fd8f4687e7f23","name":"piotrboczkowski","image":{"@type":"ImageObject","inLanguage":"pl-PL","@id":"https:\/\/www.welovecycling.com\/pl\/#\/schema\/person\/image\/","url":"https:\/\/secure.gravatar.com\/avatar\/533caccae14752e03a2ce2d3fd62d1b98b93e1393c3195c27819e53344ca1ace?s=96&d=mm&r=g","contentUrl":"https:\/\/secure.gravatar.com\/avatar\/533caccae14752e03a2ce2d3fd62d1b98b93e1393c3195c27819e53344ca1ace?s=96&d=mm&r=g","caption":"piotrboczkowski"},"url":"https:\/\/www.welovecycling.com\/pl\/author\/piotrboczkowski\/"}]}},"_links":{"self":[{"href":"https:\/\/www.welovecycling.com\/pl\/wp-json\/wp\/v2\/posts\/7477","targetHints":{"allow":["GET"]}}],"collection":[{"href":"https:\/\/www.welovecycling.com\/pl\/wp-json\/wp\/v2\/posts"}],"about":[{"href":"https:\/\/www.welovecycling.com\/pl\/wp-json\/wp\/v2\/types\/post"}],"author":[{"embeddable":true,"href":"https:\/\/www.welovecycling.com\/pl\/wp-json\/wp\/v2\/users\/76"}],"replies":[{"embeddable":true,"href":"https:\/\/www.welovecycling.com\/pl\/wp-json\/wp\/v2\/comments?post=7477"}],"version-history":[{"count":2,"href":"https:\/\/www.welovecycling.com\/pl\/wp-json\/wp\/v2\/posts\/7477\/revisions"}],"predecessor-version":[{"id":7481,"href":"https:\/\/www.welovecycling.com\/pl\/wp-json\/wp\/v2\/posts\/7477\/revisions\/7481"}],"wp:featuredmedia":[{"embeddable":true,"href":"https:\/\/www.welovecycling.com\/pl\/wp-json\/wp\/v2\/media\/7480"}],"wp:attachment":[{"href":"https:\/\/www.welovecycling.com\/pl\/wp-json\/wp\/v2\/media?parent=7477"}],"wp:term":[{"taxonomy":"category","embeddable":true,"href":"https:\/\/www.welovecycling.com\/pl\/wp-json\/wp\/v2\/categories?post=7477"},{"taxonomy":"post_tag","embeddable":true,"href":"https:\/\/www.welovecycling.com\/pl\/wp-json\/wp\/v2\/tags?post=7477"},{"taxonomy":"global-categories","embeddable":true,"href":"https:\/\/www.welovecycling.com\/pl\/wp-json\/wp\/v2\/global-categories?post=7477"}],"curies":[{"name":"wp","href":"https:\/\/api.w.org\/{rel}","templated":true}]}}