{"id":7468,"date":"2018-07-28T14:00:03","date_gmt":"2018-07-28T14:00:03","guid":{"rendered":"https:\/\/www.welovecycling.com\/pl\/?p=7468"},"modified":"2018-07-27T20:55:04","modified_gmt":"2018-07-27T20:55:04","slug":"hospitality-programme-skoda-tour-de-france-poznajcie-dwoch-kierowcow-vip-ow","status":"publish","type":"post","link":"https:\/\/www.welovecycling.com\/pl\/2018\/07\/28\/hospitality-programme-skoda-tour-de-france-poznajcie-dwoch-kierowcow-vip-ow\/","title":{"rendered":"Hospitality Programme \u0160koda Tour de France: poznajcie dw\u00f3ch kierowc\u00f3w VIP-\u00f3w"},"content":{"rendered":"<p><strong>W tym roku, dwie osoby b\u0119d\u0105 mog\u0142y poczu\u0107 prawdziw\u0105 atmosfer\u0119 Le Tour dzi\u0119ki wyj\u0105tkowemu Hospitality Programme stworzonemu i nadzorowanemu przez \u0160koda AUTO oraz magazyn We Love Cycling. Nieopisane emocje, lot helikopterem, szampan, samochody \u0160koda z Twoim imieniem&#8230; Nietrudno sobie wyobrazi\u0107, jakie to \u015bwietne uczucie m\u00f3c do\u015bwiadczy\u0107 tych wszystkich atrakcji \u2013 tym bardziej jako jeden ze szcz\u0119\u015bliwych zwyci\u0119zc\u00f3w.<\/strong><\/p>\n<p>Mo\u017cna zobaczy\u0107 wszystkich bohater\u00f3w Le Grande Boucle w ca\u0142ej ich chwale \u2013 wszystko w \u015bwietnych warunkach zapewnianych przez zesp\u00f3\u0142 ludzi dbaj\u0105cych o Twoj\u0105 wygod\u0119. To nas sprowadza do jednej szczeg\u00f3lnej grupy nale\u017c\u0105cej do zespo\u0142u Hospitality \u2013 kierowc\u00f3w VIP. Ci ludzie s\u0105 odpowiedzialni za przewiezienie Ci\u0119 po jednym ze starannie wybranych etap\u00f3w wy\u015bcigu oraz do Twojego hotelu. Przy okazji, z ch\u0119ci\u0105 podziel\u0105 si\u0119 uwagami, m\u0105dro\u015bciami, wspomnieniami i ciekawostkami. Ale \u2013 kim oni s\u0105 naprawd\u0119 i jak du\u017ce znaczenie maj\u0105 dla nich te do\u015bwiadczenia?<\/p>\n<figure id=\"attachment_7471\" aria-describedby=\"caption-attachment-7471\" style=\"width: 1250px\" class=\"wp-caption alignnone\"><a href=\"https:\/\/d2p6e6u75xmxt8.cloudfront.net\/5\/2018\/07\/profimedia-0072706927.jpg\"><img loading=\"lazy\" decoding=\"async\" class=\"size-full wp-image-7471\" src=\"https:\/\/d2p6e6u75xmxt8.cloudfront.net\/5\/2018\/07\/profimedia-0072706927.jpg\" alt=\"\" width=\"1250\" height=\"861\" srcset=\"https:\/\/d2p6e6u75xmxt8.cloudfront.net\/5\/2018\/07\/profimedia-0072706927.jpg 1250w, https:\/\/d2p6e6u75xmxt8.cloudfront.net\/5\/2018\/07\/profimedia-0072706927-300x207.jpg 300w, https:\/\/d2p6e6u75xmxt8.cloudfront.net\/5\/2018\/07\/profimedia-0072706927-768x529.jpg 768w, https:\/\/d2p6e6u75xmxt8.cloudfront.net\/5\/2018\/07\/profimedia-0072706927-1024x705.jpg 1024w\" sizes=\"auto, (max-width: 1250px) 100vw, 1250px\" \/><\/a><figcaption id=\"caption-attachment-7471\" class=\"wp-caption-text\"><span style=\"font-size: 10pt;\"><em>Pedro Horillo wznosi ramiona na znak zwyci\u0119stwa na podium drugiego etapu wy\u015bcigu Pary\u017c-Nicea 8 Marca 2004 roku w Montargis. \u00a9\u00a0Profimedia, AFP<\/em><\/span><\/figcaption><\/figure>\n<p>Cieszymy si\u0119, \u017ce dw\u00f3ch kierowc\u00f3w znalaz\u0142o czas w tym niezwykle zaj\u0119tym okresie przygotowa\u0144 do Le Tour, aby rzuci\u0107 \u015bwiat\u0142o na sprawe\u2026 Ale najpierw, przedstawmy ich Wam.<\/p>\n<p>Mogli\u015bcie s\u0142ysze\u0107 o Pedro Horrillo w raczej niefortunnych okoliczno\u015bciach. Pedro by\u0142 niegdy\u015b czo\u0142owym zawodowym kolarzem w tak znanych zespo\u0142ach, jak Mapei, Quick-Step i Rabobank. Odszed\u0142 od kolarstwa zawodowego po tym, jak do\u015bwiadczy\u0142 strasznego wypadku podczas Giro d\u2019Italia w 2009 roku, kiedy to uderzy\u0142 o przydro\u017cn\u0105 barier\u0119 przy zje\u017adzie, spadaj\u0105c prawie 80 metr\u00f3w w d\u00f3\u0142 urwiska. Co niezwyk\u0142e, nie ucierpia\u0142 wcale jego uk\u0142ad nerwowy, za\u015b sama rekonwalescencja przebieg\u0142a bez komplikacji. Mimo to\u00a0 \u2013 jak twierdzi \u2013 nie by\u0142 ju\u017c potem w stanie wr\u00f3ci\u0107 do poziomu wydajno\u015bci sprzed wypadku. Prowadzenie auta w ramach Hospitality Programme jest dla niego sposobem na pozostanie w kontakcie z ukochanym sportem.<\/p>\n<p>Tim Harris z kolei jest by\u0142ym brytyjskim mistrzem kolarstwa szosowego. Poza prowadzeniem ju\u017c od kilku lat oficjalnych samochod\u00f3w \u0160koda podczas Tour of Britain i Tour de France, za\u0142o\u017cy\u0142 wraz z partnerem Josem nieoficjaln\u0105 akademi\u0119 kolarsk\u0105 we w\u0142asnym domu w Belgii. Jest to co\u015b w stylu niezobowi\u0105zuj\u0105cej siedziby niezwyk\u0142ej spo\u0142eczno\u015bci kolarzy z ca\u0142ego \u015bwiata\u2026 Nie jest to jednak\u017ce jedynie stary, ch\u0142odny dom. Cavendish, Dowsett, Yates, McLay \u2013 a nawet Gaviria \u2013 bywali w tym miejscu, my\u015bl\u0105c o kolejnych zawodach, trenuj\u0105c w mi\u0119dzyczasie na \u015bwi\u0119tym Graalu belgijskich wy\u015bcig\u00f3w kermesse.<\/p>\n<p>Kiedy spytali\u015bmy tej dw\u00f3jki, co wed\u0142ug nich daje najwi\u0119cej rado\u015bci uczestnikom Programu, odpowiedzi pokrywa\u0142y si\u0119 z tymi s\u0142yszanymi od zwyci\u0119zc\u00f3w. \u201eMy\u015bl\u0119 \u017ce najbardziej podoba im si\u0119 mo\u017cliwo\u015b\u0107 lotu helikopterem i obserwowania wy\u015bcigu z g\u00f3ry\u201d, m\u00f3wi Horrillo. \u201eWidzie\u0107 jak kolarze p\u0142ynnie jad\u0105 obok siebie, zobaczy\u0107 rzeczy jedynie wyobra\u017cane lub znane z opowie\u015bci, ogl\u0105da\u0107 rozw\u00f3j wy\u015bcigu z powietrza, napawaj\u0105c si\u0119 przy tym widokami\u201d.<\/p>\n<p><a href=\"https:\/\/d2p6e6u75xmxt8.cloudfront.net\/5\/2018\/07\/040_TDF_160722_KLN_1615-1024x683.jpg\"><img loading=\"lazy\" decoding=\"async\" class=\"alignnone size-full wp-image-7469\" src=\"https:\/\/d2p6e6u75xmxt8.cloudfront.net\/5\/2018\/07\/040_TDF_160722_KLN_1615-1024x683.jpg\" alt=\"\" width=\"1024\" height=\"683\" srcset=\"https:\/\/d2p6e6u75xmxt8.cloudfront.net\/5\/2018\/07\/040_TDF_160722_KLN_1615-1024x683.jpg 1024w, https:\/\/d2p6e6u75xmxt8.cloudfront.net\/5\/2018\/07\/040_TDF_160722_KLN_1615-1024x683-300x200.jpg 300w, https:\/\/d2p6e6u75xmxt8.cloudfront.net\/5\/2018\/07\/040_TDF_160722_KLN_1615-1024x683-768x512.jpg 768w, https:\/\/d2p6e6u75xmxt8.cloudfront.net\/5\/2018\/07\/040_TDF_160722_KLN_1615-1024x683-272x182.jpg 272w\" sizes=\"auto, (max-width: 1024px) 100vw, 1024px\" \/><\/a><span style=\"font-size: 10pt;\"><em>Jazda ze Stephenem Roche? Najlepszy mo\u017cliwy pocz\u0105tek dnia!<\/em><\/span><\/p>\n<p>Najbardziej wyj\u0105tkowy aspekt Hospitality Programme wed\u0142ug Pedro i Tima, to blisko\u015b\u0107 ze sportem i jego gwiazdami, jakiej do\u015bwiadczaj\u0105 go\u015bcie. Czuj\u0105 si\u0119 cz\u0119\u015bci\u0105 grupy VIP \u2013 zaczynaj\u0105c od porannej przeja\u017cd\u017cki ze zwyci\u0119zc\u0105 Triple Crown, Stephenem Roche The most, ubrani od st\u00f3p do g\u0142\u00f3w \u2013 a ko\u0144cz\u0105c na intensywnych emocjach towarzysz\u0105cych wy\u015bcigom w ci\u0105gu dnia. \u201eZakochuj\u0105 si\u0119 w sporcie kt\u00f3ry \u2013 w niekt\u00f3rych przypadkach \u2013 by\u0142 niegdy\u015b dla nich ca\u0142kowicie obcy\u201d \u2013 dodaje Horrillo.<\/p>\n<p>O co chodzi z tymi wszystkimi pochwa\u0142ami, jakie zbiera Hospitality Programme? Czy to do\u015bwiadczenie naprawd\u0119 czym\u015b si\u0119 r\u00f3\u017cni od ogl\u0105dania Le Tour jako zwyk\u0142y obserwator? Dw\u00f3jka kierowc\u00f3w VIP jest niezwykle zgodna co do tego, \u017ce r\u00f3\u017cnice s\u0105 ogromne. \u201eW zasadzie wszystko jest inne\u201d, m\u00f3wi Harris. Zbli\u017casz si\u0119 do uczestnik\u00f3w od samego pocz\u0105tku, odwiedzaj\u0105c ich autobusy, masz r\u00f3wnie\u017c mo\u017cliwo\u015b\u0107 zobaczenie finiszu z samej linii mety \u2013 co jest niemo\u017cliwe dla ka\u017cdego innego fana. Po chwili dodaje \u201eSzczerze m\u00f3wi\u0105c jednak, ca\u0142o\u015b\u0107 do\u015bwiadczenia zale\u017cy od nastawienia go\u015bcia. Je\u017celi jest tylko go\u015bciem, nie za\u015b ogromnym fanem kolarstwa \u2013 wtedy hotel, jedzenie, ca\u0142y dzie\u0144 w sumie jest ju\u017c ciekawy i zajmuj\u0105cy. Je\u017celi trafimy natomiast na prawdziwego zapale\u0144ca, pokocha wtedy wszystko \u2013 poznawanie si\u0119, wsp\u00f3ln\u0105 jazd\u0119 skoro \u015bwit, rozmow\u0119 ze Stephenem, oraz wszystkie pozosta\u0142e rzeczy\u201d \u2013 ko\u0144czy Harris.<\/p>\n","protected":false},"excerpt":{"rendered":"<p>W tym roku, dwie osoby b\u0119d\u0105 mog\u0142y poczu\u0107 prawdziw\u0105 atmosfer\u0119 Le Tour dzi\u0119ki wyj\u0105tkowemu Hospitality Programme stworzonemu i nadzorowanemu przez [&hellip;]<\/p>\n","protected":false},"author":76,"featured_media":7470,"comment_status":"open","ping_status":"open","sticky":false,"template":"","format":"standard","meta":{"footnotes":""},"categories":[6],"tags":[77,212],"global-categories":[],"class_list":["post-7468","post","type-post","status-publish","format-standard","has-post-thumbnail","hentry","category-kolarstwo-szosowe","tag-tour-de-france","tag-tour-de-france-2018"],"yoast_head":"<!-- This site is optimized with the Yoast SEO Premium plugin v25.3 (Yoast SEO v25.9) - https:\/\/yoast.com\/wordpress\/plugins\/seo\/ -->\n<title>Hospitality Programme \u0160koda Tour de France: poznajcie dw\u00f3ch kierowc\u00f3w VIP-\u00f3w - \u0160koda We Love Cycling - Poland<\/title>\n<meta name=\"robots\" content=\"index, follow, max-snippet:-1, max-image-preview:large, max-video-preview:-1\" \/>\n<link rel=\"canonical\" href=\"https:\/\/www.welovecycling.com\/pl\/2018\/07\/28\/hospitality-programme-skoda-tour-de-france-poznajcie-dwoch-kierowcow-vip-ow\/\" \/>\n<meta property=\"og:locale\" content=\"pl_PL\" \/>\n<meta property=\"og:type\" content=\"article\" \/>\n<meta property=\"og:title\" content=\"Hospitality Programme \u0160koda Tour de France: poznajcie dw\u00f3ch kierowc\u00f3w VIP-\u00f3w\" \/>\n<meta property=\"og:description\" content=\"W tym roku, dwie osoby b\u0119d\u0105 mog\u0142y poczu\u0107 prawdziw\u0105 atmosfer\u0119 Le Tour dzi\u0119ki wyj\u0105tkowemu Hospitality Programme stworzonemu i nadzorowanemu przez [&hellip;]\" \/>\n<meta property=\"og:url\" content=\"https:\/\/www.welovecycling.com\/pl\/2018\/07\/28\/hospitality-programme-skoda-tour-de-france-poznajcie-dwoch-kierowcow-vip-ow\/\" \/>\n<meta property=\"og:site_name\" content=\"\u0160koda We Love Cycling - Poland\" \/>\n<meta property=\"article:published_time\" content=\"2018-07-28T14:00:03+00:00\" \/>\n<meta property=\"og:image\" content=\"https:\/\/d2p6e6u75xmxt8.cloudfront.net\/5\/2018\/07\/FotorCreated.jpg\" \/>\n\t<meta property=\"og:image:width\" content=\"1375\" \/>\n\t<meta property=\"og:image:height\" content=\"600\" \/>\n\t<meta property=\"og:image:type\" content=\"image\/jpeg\" \/>\n<meta name=\"author\" content=\"piotrboczkowski\" \/>\n<meta name=\"twitter:card\" content=\"summary_large_image\" \/>\n<meta name=\"twitter:label1\" content=\"Written by\" \/>\n\t<meta name=\"twitter:data1\" content=\"piotrboczkowski\" \/>\n\t<meta name=\"twitter:label2\" content=\"Est. reading time\" \/>\n\t<meta name=\"twitter:data2\" content=\"4 minutes\" \/>\n<script type=\"application\/ld+json\" class=\"yoast-schema-graph\">{\"@context\":\"https:\/\/schema.org\",\"@graph\":[{\"@type\":\"WebPage\",\"@id\":\"https:\/\/www.welovecycling.com\/pl\/2018\/07\/28\/hospitality-programme-skoda-tour-de-france-poznajcie-dwoch-kierowcow-vip-ow\/\",\"url\":\"https:\/\/www.welovecycling.com\/pl\/2018\/07\/28\/hospitality-programme-skoda-tour-de-france-poznajcie-dwoch-kierowcow-vip-ow\/\",\"name\":\"Hospitality Programme \u0160koda Tour de France: poznajcie dw\u00f3ch kierowc\u00f3w VIP-\u00f3w - \u0160koda We Love Cycling - Poland\",\"isPartOf\":{\"@id\":\"https:\/\/www.welovecycling.com\/pl\/#website\"},\"primaryImageOfPage\":{\"@id\":\"https:\/\/www.welovecycling.com\/pl\/2018\/07\/28\/hospitality-programme-skoda-tour-de-france-poznajcie-dwoch-kierowcow-vip-ow\/#primaryimage\"},\"image\":{\"@id\":\"https:\/\/www.welovecycling.com\/pl\/2018\/07\/28\/hospitality-programme-skoda-tour-de-france-poznajcie-dwoch-kierowcow-vip-ow\/#primaryimage\"},\"thumbnailUrl\":\"https:\/\/d2p6e6u75xmxt8.cloudfront.net\/5\/2018\/07\/FotorCreated.jpg\",\"datePublished\":\"2018-07-28T14:00:03+00:00\",\"author\":{\"@id\":\"https:\/\/www.welovecycling.com\/pl\/#\/schema\/person\/0dba2d39da943db9df3fd8f4687e7f23\"},\"breadcrumb\":{\"@id\":\"https:\/\/www.welovecycling.com\/pl\/2018\/07\/28\/hospitality-programme-skoda-tour-de-france-poznajcie-dwoch-kierowcow-vip-ow\/#breadcrumb\"},\"inLanguage\":\"pl-PL\",\"potentialAction\":[{\"@type\":\"ReadAction\",\"target\":[\"https:\/\/www.welovecycling.com\/pl\/2018\/07\/28\/hospitality-programme-skoda-tour-de-france-poznajcie-dwoch-kierowcow-vip-ow\/\"]}]},{\"@type\":\"ImageObject\",\"inLanguage\":\"pl-PL\",\"@id\":\"https:\/\/www.welovecycling.com\/pl\/2018\/07\/28\/hospitality-programme-skoda-tour-de-france-poznajcie-dwoch-kierowcow-vip-ow\/#primaryimage\",\"url\":\"https:\/\/d2p6e6u75xmxt8.cloudfront.net\/5\/2018\/07\/FotorCreated.jpg\",\"contentUrl\":\"https:\/\/d2p6e6u75xmxt8.cloudfront.net\/5\/2018\/07\/FotorCreated.jpg\",\"width\":1375,\"height\":600},{\"@type\":\"BreadcrumbList\",\"@id\":\"https:\/\/www.welovecycling.com\/pl\/2018\/07\/28\/hospitality-programme-skoda-tour-de-france-poznajcie-dwoch-kierowcow-vip-ow\/#breadcrumb\",\"itemListElement\":[{\"@type\":\"ListItem\",\"position\":1,\"name\":\"Home\",\"item\":\"https:\/\/www.welovecycling.com\/pl\/\"},{\"@type\":\"ListItem\",\"position\":2,\"name\":\"Hospitality Programme \u0160koda Tour de France: poznajcie dw\u00f3ch kierowc\u00f3w VIP-\u00f3w\"}]},{\"@type\":\"WebSite\",\"@id\":\"https:\/\/www.welovecycling.com\/pl\/#website\",\"url\":\"https:\/\/www.welovecycling.com\/pl\/\",\"name\":\"\u0160koda We Love Cycling - Poland\",\"description\":\"\",\"potentialAction\":[{\"@type\":\"SearchAction\",\"target\":{\"@type\":\"EntryPoint\",\"urlTemplate\":\"https:\/\/www.welovecycling.com\/pl\/?s={search_term_string}\"},\"query-input\":{\"@type\":\"PropertyValueSpecification\",\"valueRequired\":true,\"valueName\":\"search_term_string\"}}],\"inLanguage\":\"pl-PL\"},{\"@type\":\"Person\",\"@id\":\"https:\/\/www.welovecycling.com\/pl\/#\/schema\/person\/0dba2d39da943db9df3fd8f4687e7f23\",\"name\":\"piotrboczkowski\",\"image\":{\"@type\":\"ImageObject\",\"inLanguage\":\"pl-PL\",\"@id\":\"https:\/\/www.welovecycling.com\/pl\/#\/schema\/person\/image\/\",\"url\":\"https:\/\/secure.gravatar.com\/avatar\/533caccae14752e03a2ce2d3fd62d1b98b93e1393c3195c27819e53344ca1ace?s=96&d=mm&r=g\",\"contentUrl\":\"https:\/\/secure.gravatar.com\/avatar\/533caccae14752e03a2ce2d3fd62d1b98b93e1393c3195c27819e53344ca1ace?s=96&d=mm&r=g\",\"caption\":\"piotrboczkowski\"},\"url\":\"https:\/\/www.welovecycling.com\/pl\/author\/piotrboczkowski\/\"}]}<\/script>\n<!-- \/ Yoast SEO Premium plugin. -->","yoast_head_json":{"title":"Hospitality Programme \u0160koda Tour de France: poznajcie dw\u00f3ch kierowc\u00f3w VIP-\u00f3w - \u0160koda We Love Cycling - Poland","robots":{"index":"index","follow":"follow","max-snippet":"max-snippet:-1","max-image-preview":"max-image-preview:large","max-video-preview":"max-video-preview:-1"},"canonical":"https:\/\/www.welovecycling.com\/pl\/2018\/07\/28\/hospitality-programme-skoda-tour-de-france-poznajcie-dwoch-kierowcow-vip-ow\/","og_locale":"pl_PL","og_type":"article","og_title":"Hospitality Programme \u0160koda Tour de France: poznajcie dw\u00f3ch kierowc\u00f3w VIP-\u00f3w","og_description":"W tym roku, dwie osoby b\u0119d\u0105 mog\u0142y poczu\u0107 prawdziw\u0105 atmosfer\u0119 Le Tour dzi\u0119ki wyj\u0105tkowemu Hospitality Programme stworzonemu i nadzorowanemu przez [&hellip;]","og_url":"https:\/\/www.welovecycling.com\/pl\/2018\/07\/28\/hospitality-programme-skoda-tour-de-france-poznajcie-dwoch-kierowcow-vip-ow\/","og_site_name":"\u0160koda We Love Cycling - Poland","article_published_time":"2018-07-28T14:00:03+00:00","og_image":[{"width":1375,"height":600,"url":"https:\/\/d2p6e6u75xmxt8.cloudfront.net\/5\/2018\/07\/FotorCreated.jpg","type":"image\/jpeg"}],"author":"piotrboczkowski","twitter_card":"summary_large_image","twitter_misc":{"Written by":"piotrboczkowski","Est. reading time":"4 minutes"},"schema":{"@context":"https:\/\/schema.org","@graph":[{"@type":"WebPage","@id":"https:\/\/www.welovecycling.com\/pl\/2018\/07\/28\/hospitality-programme-skoda-tour-de-france-poznajcie-dwoch-kierowcow-vip-ow\/","url":"https:\/\/www.welovecycling.com\/pl\/2018\/07\/28\/hospitality-programme-skoda-tour-de-france-poznajcie-dwoch-kierowcow-vip-ow\/","name":"Hospitality Programme \u0160koda Tour de France: poznajcie dw\u00f3ch kierowc\u00f3w VIP-\u00f3w - \u0160koda We Love Cycling - Poland","isPartOf":{"@id":"https:\/\/www.welovecycling.com\/pl\/#website"},"primaryImageOfPage":{"@id":"https:\/\/www.welovecycling.com\/pl\/2018\/07\/28\/hospitality-programme-skoda-tour-de-france-poznajcie-dwoch-kierowcow-vip-ow\/#primaryimage"},"image":{"@id":"https:\/\/www.welovecycling.com\/pl\/2018\/07\/28\/hospitality-programme-skoda-tour-de-france-poznajcie-dwoch-kierowcow-vip-ow\/#primaryimage"},"thumbnailUrl":"https:\/\/d2p6e6u75xmxt8.cloudfront.net\/5\/2018\/07\/FotorCreated.jpg","datePublished":"2018-07-28T14:00:03+00:00","author":{"@id":"https:\/\/www.welovecycling.com\/pl\/#\/schema\/person\/0dba2d39da943db9df3fd8f4687e7f23"},"breadcrumb":{"@id":"https:\/\/www.welovecycling.com\/pl\/2018\/07\/28\/hospitality-programme-skoda-tour-de-france-poznajcie-dwoch-kierowcow-vip-ow\/#breadcrumb"},"inLanguage":"pl-PL","potentialAction":[{"@type":"ReadAction","target":["https:\/\/www.welovecycling.com\/pl\/2018\/07\/28\/hospitality-programme-skoda-tour-de-france-poznajcie-dwoch-kierowcow-vip-ow\/"]}]},{"@type":"ImageObject","inLanguage":"pl-PL","@id":"https:\/\/www.welovecycling.com\/pl\/2018\/07\/28\/hospitality-programme-skoda-tour-de-france-poznajcie-dwoch-kierowcow-vip-ow\/#primaryimage","url":"https:\/\/d2p6e6u75xmxt8.cloudfront.net\/5\/2018\/07\/FotorCreated.jpg","contentUrl":"https:\/\/d2p6e6u75xmxt8.cloudfront.net\/5\/2018\/07\/FotorCreated.jpg","width":1375,"height":600},{"@type":"BreadcrumbList","@id":"https:\/\/www.welovecycling.com\/pl\/2018\/07\/28\/hospitality-programme-skoda-tour-de-france-poznajcie-dwoch-kierowcow-vip-ow\/#breadcrumb","itemListElement":[{"@type":"ListItem","position":1,"name":"Home","item":"https:\/\/www.welovecycling.com\/pl\/"},{"@type":"ListItem","position":2,"name":"Hospitality Programme \u0160koda Tour de France: poznajcie dw\u00f3ch kierowc\u00f3w VIP-\u00f3w"}]},{"@type":"WebSite","@id":"https:\/\/www.welovecycling.com\/pl\/#website","url":"https:\/\/www.welovecycling.com\/pl\/","name":"\u0160koda We Love Cycling - Poland","description":"","potentialAction":[{"@type":"SearchAction","target":{"@type":"EntryPoint","urlTemplate":"https:\/\/www.welovecycling.com\/pl\/?s={search_term_string}"},"query-input":{"@type":"PropertyValueSpecification","valueRequired":true,"valueName":"search_term_string"}}],"inLanguage":"pl-PL"},{"@type":"Person","@id":"https:\/\/www.welovecycling.com\/pl\/#\/schema\/person\/0dba2d39da943db9df3fd8f4687e7f23","name":"piotrboczkowski","image":{"@type":"ImageObject","inLanguage":"pl-PL","@id":"https:\/\/www.welovecycling.com\/pl\/#\/schema\/person\/image\/","url":"https:\/\/secure.gravatar.com\/avatar\/533caccae14752e03a2ce2d3fd62d1b98b93e1393c3195c27819e53344ca1ace?s=96&d=mm&r=g","contentUrl":"https:\/\/secure.gravatar.com\/avatar\/533caccae14752e03a2ce2d3fd62d1b98b93e1393c3195c27819e53344ca1ace?s=96&d=mm&r=g","caption":"piotrboczkowski"},"url":"https:\/\/www.welovecycling.com\/pl\/author\/piotrboczkowski\/"}]}},"_links":{"self":[{"href":"https:\/\/www.welovecycling.com\/pl\/wp-json\/wp\/v2\/posts\/7468","targetHints":{"allow":["GET"]}}],"collection":[{"href":"https:\/\/www.welovecycling.com\/pl\/wp-json\/wp\/v2\/posts"}],"about":[{"href":"https:\/\/www.welovecycling.com\/pl\/wp-json\/wp\/v2\/types\/post"}],"author":[{"embeddable":true,"href":"https:\/\/www.welovecycling.com\/pl\/wp-json\/wp\/v2\/users\/76"}],"replies":[{"embeddable":true,"href":"https:\/\/www.welovecycling.com\/pl\/wp-json\/wp\/v2\/comments?post=7468"}],"version-history":[{"count":2,"href":"https:\/\/www.welovecycling.com\/pl\/wp-json\/wp\/v2\/posts\/7468\/revisions"}],"predecessor-version":[{"id":7476,"href":"https:\/\/www.welovecycling.com\/pl\/wp-json\/wp\/v2\/posts\/7468\/revisions\/7476"}],"wp:featuredmedia":[{"embeddable":true,"href":"https:\/\/www.welovecycling.com\/pl\/wp-json\/wp\/v2\/media\/7470"}],"wp:attachment":[{"href":"https:\/\/www.welovecycling.com\/pl\/wp-json\/wp\/v2\/media?parent=7468"}],"wp:term":[{"taxonomy":"category","embeddable":true,"href":"https:\/\/www.welovecycling.com\/pl\/wp-json\/wp\/v2\/categories?post=7468"},{"taxonomy":"post_tag","embeddable":true,"href":"https:\/\/www.welovecycling.com\/pl\/wp-json\/wp\/v2\/tags?post=7468"},{"taxonomy":"global-categories","embeddable":true,"href":"https:\/\/www.welovecycling.com\/pl\/wp-json\/wp\/v2\/global-categories?post=7468"}],"curies":[{"name":"wp","href":"https:\/\/api.w.org\/{rel}","templated":true}]}}