{"id":7463,"date":"2018-07-27T18:32:07","date_gmt":"2018-07-27T18:32:07","guid":{"rendered":"https:\/\/www.welovecycling.com\/pl\/?p=7463"},"modified":"2018-07-27T18:32:07","modified_gmt":"2018-07-27T18:32:07","slug":"kapitalna-jazda-majki-do-podium-zabraklo-bardzo-niewiele","status":"publish","type":"post","link":"https:\/\/www.welovecycling.com\/pl\/2018\/07\/27\/kapitalna-jazda-majki-do-podium-zabraklo-bardzo-niewiele\/","title":{"rendered":"Kapitalna jazda Majki. Do podium zabrak\u0142o bardzo niewiele\u2026"},"content":{"rendered":"<p>Szkoda, \u017ce Tour de France ju\u017c si\u0119 ko\u0144czy, bo Rafa\u0142 Majka dopiero teraz si\u0119 rozkr\u0119ca. Polak szar\u017cuje, zabiera si\u0119 w ucieczki, straszy najlepszych i w efekcie 19. etap zako\u0144czy\u0142 na pi\u0105tym miejscu.<\/p>\n<p>&#8211; Brawo Rafa\u0142, \u015bwietna jazda \u2013 zachwycali si\u0119 komentatorzy Eurosportu, gdy do mety by\u0142o jeszcze\u2026 101 km! Jednak ju\u017c wtedy Polak da\u0142 pokaz si\u0142y i zapowiedzia\u0142, \u017ce na tym etapie b\u0119dzie jednym z najmocniejszych.<\/p>\n<p>I tak te\u017c by\u0142o. Majka najpierw czai\u0142 si\u0119 w drugiej grupie, nast\u0119pnie zaatakowa\u0142 prowadz\u0105cych, a p\u00f3\u017aniej wskoczy\u0142 na pozycj\u0119 lidera. Jecha\u0142 pewnie, mocno naciska\u0142 na peda\u0142y, a wyraz jego twarzy przypomina\u0142 ten z 2014 i 2016 roku, gdy wygrywa\u0142 klasyfikacj\u0119 g\u00f3rsk\u0105 Tour de France.<\/p>\n<p><strong>\u015awiatowej klasy g\u00f3ral<\/strong><\/p>\n<p>W pi\u0105tek by\u0107 mo\u017ce Majka zapisa\u0142by na koncie czwarty wygrany etap Wielkiej P\u0119tli, gdyby trasa by\u0142a jeszcze\u2026 bardziej wymagaj\u0105ca. W\u00f3wczas zawodnik Bora Hansgrohe m\u00f3g\u0142by pokaza\u0107 moc, ale ostatnie kilometry to by\u0142y g\u0142\u00f3wnie zjazdy, kt\u00f3re pad\u0142y \u0142upem zawodnik\u00f3w najlepiej zaawansowanych technicznie.<\/p>\n<p>A do takich nale\u017cy by\u0142y skoczek narciarski Primo\u017c Rogli\u0107, kt\u00f3ry sun\u0105\u0142 niemal bezb\u0142\u0119dnie i wygra\u0142 19. etap. Majka jednak nie odpuszcza\u0142 i cho\u0107 do sprinter\u00f3w nie nale\u017cy, to na finiszu zacisn\u0105\u0142 z\u0119by i wydar\u0142 pi\u0105te miejsce, a od podium dzieli\u0142 go u\u0142amek sekundy.<\/p>\n<p>&#8211; To by\u0142 nasz Rafa\u0142 Majka, nasz ch\u0142opak z Zegartowic. Pokaza\u0142, \u017ce umie walczy\u0107, i \u017ce jest \u015bwiatowej klasy g\u00f3ralem. To by\u0142a wspania\u0142a rywalizacja, atakowa\u0142 nawet tu\u017c przed met\u0105. Szkoda tylko, \u017ce forma przysz\u0142a tak p\u00f3\u017ano \u2013 podkre\u015blali komentatorzy Eurosportu.<\/p>\n<p><strong>\u201eMasakra! Tak mnie nogi bola\u0142y\u201d<\/strong><\/p>\n<p>Wcze\u015bniej, w szczeg\u00f3lno\u015bci w Alpach, Majka spisywa\u0142 si\u0119 s\u0142abiej. Co prawda mia\u0142 przeb\u0142yski, ale brakowa\u0142o p\u0142ynnej i zdecydowanej jazdy. Za to w Pirenejach ju\u017c szar\u017cowa\u0142, walczy\u0142 i pr\u00f3bowa\u0142. Momentami by\u0142 jak wyg\u0142odnia\u0142y tygrys, kt\u00f3ry pr\u00f3buje dorwa\u0107 ofiar\u0119. M\u0119czy\u0142 j\u0105, nie odpuszcza\u0142 na krok, ale na ko\u0144cu to inni cieszyli si\u0119 ze zdobyczy.<\/p>\n<p>Tak by\u0142o m.in. podczas 17. etapu, gdy popisa\u0142 si\u0119 \u015bwietn\u0105 szar\u017c\u0105. Depn\u0105\u0142, odjecha\u0142 i pokaza\u0142 rywalom, jak bardzo jest mocny. A si\u0142 mia\u0142 tyle, \u017ce wystarczy napisa\u0107, i\u017c jego tempa nie wytrzyma\u0142 m.in. wielki Christopher Froome.<\/p>\n<p>Polak w pewnym momencie zostawi\u0142 rywali za plecami i pewnie ch\u0119tnie pop\u0119dzi\u0142by do mety, gdyby nie ostatni podjazd, na kt\u00f3ry wspina\u0142 si\u0119 wsp\u00f3lnie z Nairo Quintan\u0105. W\u00f3wczas okaza\u0142o si\u0119, \u017ce wcze\u015bniejsza szar\u017ca kosztowa\u0142a Polaka za du\u017co si\u0142 i trzy kilometry przed met\u0105 musia\u0142 odpu\u015bci\u0107, a Quintana wygra\u0142 etap.<\/p>\n<p>&#8211; Na pierwszych dw\u00f3ch podjazdach, gdy jecha\u0142em z Alejandro Valverde, troch\u0119 si\u0119 zm\u0119czy\u0142em. No i zap\u0142aci\u0142em za to. Ostatnie siedem kilometr\u00f3w jecha\u0142em swoim tempem, mocniej ju\u017c nie da\u0142em rady. A i tak przyjecha\u0142em z przodu, jako jedyny z tej ucieczki \u2013 m\u00f3wi\u0142 Majka na antenie Eurosportu.<\/p>\n<p>Nazajutrz trudy wy\u015bcigu da\u0142y o sobie zna\u0107. \u2013 Masakra! Tak mnie nogi bola\u0142y \u2013 przyzna\u0142 Majka, ale w pi\u0105tek spisa\u0142 si\u0119 ju\u017c \u015bwietnie i wyr\u00f3wna\u0142 najlepszy wynik z Polak\u00f3w w tegorocznym Tour de France (Majka pi\u0105ty by\u0142 tak\u017ce na 6. etapie).<\/p>\n<p><strong>Ostateczne rozstrzygni\u0119cia<\/strong><\/p>\n<p>W sobot\u0119 czas ostatecznych rozstrzygni\u0119\u0107, czyli czas\u00f3wka Saint Pee Sur Nivelle \u2013 Espelette (31 km). Na razie w klasyfikacji generalnej prowadzi Geraint Thomas (Sky) przed Tomem Dumoulinem (Sunweb) i Primo\u017cem Rogliciem (Lotto NL-Jumbo). \u2013 Nic jeszcze nie jest pewne, na tym etapie wszystko si\u0119 rozstrzygnie \u2013 zapowiadaj\u0105 komentatorzy Eurosportu.<\/p>\n<p>Jazda na czas to nie jest specjalizacja Majki, ale Polacy maj\u0105 innego fachowca w tej dziedzinie. Przypomnijmy bowiem, \u017ce przed rokiem czas\u00f3wk\u0119 w Marsylii wygra\u0142 Maciej Bodnar\u2026<\/p>\n<p><strong>Klasyfikacja generalna po 19. etapie Tour de France<\/strong><\/p>\n<p>1. Geraint Thomas\u00a0\u00a0\u00a0\u00a0\u00a0\u00a0\u00a0\u00a0\u00a0\u00a0\u00a0\u00a0\u00a0\u00a0 (Sky)\u00a0\u00a0\u00a0\u00a0\u00a0 79:49.31<\/p>\n<p>2. Tom Dumolin\u00a0\u00a0\u00a0\u00a0 (Sunweb)\u00a0\u00a0\u00a0\u00a0\u00a0\u00a0\u00a0\u00a0\u00a0\u00a0\u00a0\u00a0 +2.05<\/p>\n<p>3. Primo\u017c Rogli\u0107\u00a0\u00a0\u00a0 (Lotto NL-Jumbo)\u00a0\u00a0\u00a0\u00a0\u00a0\u00a0\u00a0\u00a0\u00a0\u00a0\u00a0 +2.24<\/p>\n<p>&#8212;&#8212;&#8212;&#8212;&#8212;&#8212;&#8212;&#8212;&#8212;&#8212;&#8212;&#8212;&#8212;&#8212;&#8212;&#8212;&#8212;&#8212;&#8212;&#8212;&#8212;<\/p>\n<p>19. Rafa\u0142 Majka (Bora-Hansgrohe) +37.35<\/p>\n<p>50. Micha\u0142 Kwiatkowski (Sky) +2:01.32<\/p>\n<p>93. Pawe\u0142 Polja\u0144ski (Bora-Hansgrohe) +3:01.12<\/p>\n<p>106. Tomasz Marczy\u0144ski (Lotto Soudal) +3:15.02<\/p>\n<p>124. Maciej Bodnar (Bora-Hansgrohe) +3:36.00<\/p>\n<p><strong>Lider klasyfikacji punktowej (sponsorowana przez \u0160kod\u0119):<\/strong> Peter Sagan (Bora Hansgrohe)<\/p>\n<p><strong>Lider klasyfikacji g\u00f3rskiej:<\/strong> Julian Alaphilippe (Quick-Step Floors)<\/p>\n<p><strong>Lider klasyfikacji m\u0142odzie\u017cowej:<\/strong> Pierre Roger Latour (AG2R)<\/p>\n","protected":false},"excerpt":{"rendered":"<p>Szkoda, \u017ce Tour de France ju\u017c si\u0119 ko\u0144czy, bo Rafa\u0142 Majka dopiero teraz si\u0119 rozkr\u0119ca. Polak szar\u017cuje, zabiera si\u0119 w [&hellip;]<\/p>\n","protected":false},"author":76,"featured_media":7466,"comment_status":"open","ping_status":"open","sticky":false,"template":"","format":"standard","meta":{"footnotes":""},"categories":[270],"tags":[73,77,212],"global-categories":[],"class_list":["post-7463","post","type-post","status-publish","format-standard","has-post-thumbnail","hentry","category-tour-de-france-2018","tag-tdf","tag-tour-de-france","tag-tour-de-france-2018"],"yoast_head":"<!-- This site is optimized with the Yoast SEO Premium plugin v25.3 (Yoast SEO v25.9) - https:\/\/yoast.com\/wordpress\/plugins\/seo\/ -->\n<title>Kapitalna jazda Majki. Do podium zabrak\u0142o bardzo niewiele\u2026 - \u0160koda We Love Cycling - Poland<\/title>\n<meta name=\"robots\" content=\"index, follow, max-snippet:-1, max-image-preview:large, max-video-preview:-1\" \/>\n<link rel=\"canonical\" href=\"https:\/\/www.welovecycling.com\/pl\/2018\/07\/27\/kapitalna-jazda-majki-do-podium-zabraklo-bardzo-niewiele\/\" \/>\n<meta property=\"og:locale\" content=\"pl_PL\" \/>\n<meta property=\"og:type\" content=\"article\" \/>\n<meta property=\"og:title\" content=\"Kapitalna jazda Majki. Do podium zabrak\u0142o bardzo niewiele\u2026\" \/>\n<meta property=\"og:description\" content=\"Szkoda, \u017ce Tour de France ju\u017c si\u0119 ko\u0144czy, bo Rafa\u0142 Majka dopiero teraz si\u0119 rozkr\u0119ca. Polak szar\u017cuje, zabiera si\u0119 w [&hellip;]\" \/>\n<meta property=\"og:url\" content=\"https:\/\/www.welovecycling.com\/pl\/2018\/07\/27\/kapitalna-jazda-majki-do-podium-zabraklo-bardzo-niewiele\/\" \/>\n<meta property=\"og:site_name\" content=\"\u0160koda We Love Cycling - Poland\" \/>\n<meta property=\"article:published_time\" content=\"2018-07-27T18:32:07+00:00\" \/>\n<meta property=\"og:image\" content=\"https:\/\/d2p6e6u75xmxt8.cloudfront.net\/5\/2018\/07\/MG_7723.jpg\" \/>\n\t<meta property=\"og:image:width\" content=\"1500\" \/>\n\t<meta property=\"og:image:height\" content=\"1000\" \/>\n\t<meta property=\"og:image:type\" content=\"image\/jpeg\" \/>\n<meta name=\"author\" content=\"piotrboczkowski\" \/>\n<meta name=\"twitter:card\" content=\"summary_large_image\" \/>\n<meta name=\"twitter:label1\" content=\"Written by\" \/>\n\t<meta name=\"twitter:data1\" content=\"Piotr Jawor\" \/>\n\t<meta name=\"twitter:label2\" content=\"Est. reading time\" \/>\n\t<meta name=\"twitter:data2\" content=\"3 minutes\" \/>\n<script type=\"application\/ld+json\" class=\"yoast-schema-graph\">{\"@context\":\"https:\/\/schema.org\",\"@graph\":[{\"@type\":\"WebPage\",\"@id\":\"https:\/\/www.welovecycling.com\/pl\/2018\/07\/27\/kapitalna-jazda-majki-do-podium-zabraklo-bardzo-niewiele\/\",\"url\":\"https:\/\/www.welovecycling.com\/pl\/2018\/07\/27\/kapitalna-jazda-majki-do-podium-zabraklo-bardzo-niewiele\/\",\"name\":\"Kapitalna jazda Majki. Do podium zabrak\u0142o bardzo niewiele\u2026 - \u0160koda We Love Cycling - Poland\",\"isPartOf\":{\"@id\":\"https:\/\/www.welovecycling.com\/pl\/#website\"},\"primaryImageOfPage\":{\"@id\":\"https:\/\/www.welovecycling.com\/pl\/2018\/07\/27\/kapitalna-jazda-majki-do-podium-zabraklo-bardzo-niewiele\/#primaryimage\"},\"image\":{\"@id\":\"https:\/\/www.welovecycling.com\/pl\/2018\/07\/27\/kapitalna-jazda-majki-do-podium-zabraklo-bardzo-niewiele\/#primaryimage\"},\"thumbnailUrl\":\"https:\/\/d2p6e6u75xmxt8.cloudfront.net\/5\/2018\/07\/MG_7723.jpg\",\"datePublished\":\"2018-07-27T18:32:07+00:00\",\"author\":{\"@id\":\"https:\/\/www.welovecycling.com\/pl\/#\/schema\/person\/0dba2d39da943db9df3fd8f4687e7f23\"},\"breadcrumb\":{\"@id\":\"https:\/\/www.welovecycling.com\/pl\/2018\/07\/27\/kapitalna-jazda-majki-do-podium-zabraklo-bardzo-niewiele\/#breadcrumb\"},\"inLanguage\":\"pl-PL\",\"potentialAction\":[{\"@type\":\"ReadAction\",\"target\":[\"https:\/\/www.welovecycling.com\/pl\/2018\/07\/27\/kapitalna-jazda-majki-do-podium-zabraklo-bardzo-niewiele\/\"]}]},{\"@type\":\"ImageObject\",\"inLanguage\":\"pl-PL\",\"@id\":\"https:\/\/www.welovecycling.com\/pl\/2018\/07\/27\/kapitalna-jazda-majki-do-podium-zabraklo-bardzo-niewiele\/#primaryimage\",\"url\":\"https:\/\/d2p6e6u75xmxt8.cloudfront.net\/5\/2018\/07\/MG_7723.jpg\",\"contentUrl\":\"https:\/\/d2p6e6u75xmxt8.cloudfront.net\/5\/2018\/07\/MG_7723.jpg\",\"width\":1500,\"height\":1000},{\"@type\":\"BreadcrumbList\",\"@id\":\"https:\/\/www.welovecycling.com\/pl\/2018\/07\/27\/kapitalna-jazda-majki-do-podium-zabraklo-bardzo-niewiele\/#breadcrumb\",\"itemListElement\":[{\"@type\":\"ListItem\",\"position\":1,\"name\":\"Home\",\"item\":\"https:\/\/www.welovecycling.com\/pl\/\"},{\"@type\":\"ListItem\",\"position\":2,\"name\":\"Kapitalna jazda Majki. Do podium zabrak\u0142o bardzo niewiele\u2026\"}]},{\"@type\":\"WebSite\",\"@id\":\"https:\/\/www.welovecycling.com\/pl\/#website\",\"url\":\"https:\/\/www.welovecycling.com\/pl\/\",\"name\":\"\u0160koda We Love Cycling - Poland\",\"description\":\"\",\"potentialAction\":[{\"@type\":\"SearchAction\",\"target\":{\"@type\":\"EntryPoint\",\"urlTemplate\":\"https:\/\/www.welovecycling.com\/pl\/?s={search_term_string}\"},\"query-input\":{\"@type\":\"PropertyValueSpecification\",\"valueRequired\":true,\"valueName\":\"search_term_string\"}}],\"inLanguage\":\"pl-PL\"},{\"@type\":\"Person\",\"@id\":\"https:\/\/www.welovecycling.com\/pl\/#\/schema\/person\/0dba2d39da943db9df3fd8f4687e7f23\",\"name\":\"piotrboczkowski\",\"image\":{\"@type\":\"ImageObject\",\"inLanguage\":\"pl-PL\",\"@id\":\"https:\/\/www.welovecycling.com\/pl\/#\/schema\/person\/image\/\",\"url\":\"https:\/\/secure.gravatar.com\/avatar\/533caccae14752e03a2ce2d3fd62d1b98b93e1393c3195c27819e53344ca1ace?s=96&d=mm&r=g\",\"contentUrl\":\"https:\/\/secure.gravatar.com\/avatar\/533caccae14752e03a2ce2d3fd62d1b98b93e1393c3195c27819e53344ca1ace?s=96&d=mm&r=g\",\"caption\":\"piotrboczkowski\"},\"url\":\"https:\/\/www.welovecycling.com\/pl\/author\/piotrboczkowski\/\"}]}<\/script>\n<!-- \/ Yoast SEO Premium plugin. -->","yoast_head_json":{"title":"Kapitalna jazda Majki. Do podium zabrak\u0142o bardzo niewiele\u2026 - \u0160koda We Love Cycling - Poland","robots":{"index":"index","follow":"follow","max-snippet":"max-snippet:-1","max-image-preview":"max-image-preview:large","max-video-preview":"max-video-preview:-1"},"canonical":"https:\/\/www.welovecycling.com\/pl\/2018\/07\/27\/kapitalna-jazda-majki-do-podium-zabraklo-bardzo-niewiele\/","og_locale":"pl_PL","og_type":"article","og_title":"Kapitalna jazda Majki. Do podium zabrak\u0142o bardzo niewiele\u2026","og_description":"Szkoda, \u017ce Tour de France ju\u017c si\u0119 ko\u0144czy, bo Rafa\u0142 Majka dopiero teraz si\u0119 rozkr\u0119ca. Polak szar\u017cuje, zabiera si\u0119 w [&hellip;]","og_url":"https:\/\/www.welovecycling.com\/pl\/2018\/07\/27\/kapitalna-jazda-majki-do-podium-zabraklo-bardzo-niewiele\/","og_site_name":"\u0160koda We Love Cycling - Poland","article_published_time":"2018-07-27T18:32:07+00:00","og_image":[{"width":1500,"height":1000,"url":"https:\/\/d2p6e6u75xmxt8.cloudfront.net\/5\/2018\/07\/MG_7723.jpg","type":"image\/jpeg"}],"author":"piotrboczkowski","twitter_card":"summary_large_image","twitter_misc":{"Written by":"Piotr Jawor","Est. reading time":"3 minutes"},"schema":{"@context":"https:\/\/schema.org","@graph":[{"@type":"WebPage","@id":"https:\/\/www.welovecycling.com\/pl\/2018\/07\/27\/kapitalna-jazda-majki-do-podium-zabraklo-bardzo-niewiele\/","url":"https:\/\/www.welovecycling.com\/pl\/2018\/07\/27\/kapitalna-jazda-majki-do-podium-zabraklo-bardzo-niewiele\/","name":"Kapitalna jazda Majki. Do podium zabrak\u0142o bardzo niewiele\u2026 - \u0160koda We Love Cycling - Poland","isPartOf":{"@id":"https:\/\/www.welovecycling.com\/pl\/#website"},"primaryImageOfPage":{"@id":"https:\/\/www.welovecycling.com\/pl\/2018\/07\/27\/kapitalna-jazda-majki-do-podium-zabraklo-bardzo-niewiele\/#primaryimage"},"image":{"@id":"https:\/\/www.welovecycling.com\/pl\/2018\/07\/27\/kapitalna-jazda-majki-do-podium-zabraklo-bardzo-niewiele\/#primaryimage"},"thumbnailUrl":"https:\/\/d2p6e6u75xmxt8.cloudfront.net\/5\/2018\/07\/MG_7723.jpg","datePublished":"2018-07-27T18:32:07+00:00","author":{"@id":"https:\/\/www.welovecycling.com\/pl\/#\/schema\/person\/0dba2d39da943db9df3fd8f4687e7f23"},"breadcrumb":{"@id":"https:\/\/www.welovecycling.com\/pl\/2018\/07\/27\/kapitalna-jazda-majki-do-podium-zabraklo-bardzo-niewiele\/#breadcrumb"},"inLanguage":"pl-PL","potentialAction":[{"@type":"ReadAction","target":["https:\/\/www.welovecycling.com\/pl\/2018\/07\/27\/kapitalna-jazda-majki-do-podium-zabraklo-bardzo-niewiele\/"]}]},{"@type":"ImageObject","inLanguage":"pl-PL","@id":"https:\/\/www.welovecycling.com\/pl\/2018\/07\/27\/kapitalna-jazda-majki-do-podium-zabraklo-bardzo-niewiele\/#primaryimage","url":"https:\/\/d2p6e6u75xmxt8.cloudfront.net\/5\/2018\/07\/MG_7723.jpg","contentUrl":"https:\/\/d2p6e6u75xmxt8.cloudfront.net\/5\/2018\/07\/MG_7723.jpg","width":1500,"height":1000},{"@type":"BreadcrumbList","@id":"https:\/\/www.welovecycling.com\/pl\/2018\/07\/27\/kapitalna-jazda-majki-do-podium-zabraklo-bardzo-niewiele\/#breadcrumb","itemListElement":[{"@type":"ListItem","position":1,"name":"Home","item":"https:\/\/www.welovecycling.com\/pl\/"},{"@type":"ListItem","position":2,"name":"Kapitalna jazda Majki. Do podium zabrak\u0142o bardzo niewiele\u2026"}]},{"@type":"WebSite","@id":"https:\/\/www.welovecycling.com\/pl\/#website","url":"https:\/\/www.welovecycling.com\/pl\/","name":"\u0160koda We Love Cycling - Poland","description":"","potentialAction":[{"@type":"SearchAction","target":{"@type":"EntryPoint","urlTemplate":"https:\/\/www.welovecycling.com\/pl\/?s={search_term_string}"},"query-input":{"@type":"PropertyValueSpecification","valueRequired":true,"valueName":"search_term_string"}}],"inLanguage":"pl-PL"},{"@type":"Person","@id":"https:\/\/www.welovecycling.com\/pl\/#\/schema\/person\/0dba2d39da943db9df3fd8f4687e7f23","name":"piotrboczkowski","image":{"@type":"ImageObject","inLanguage":"pl-PL","@id":"https:\/\/www.welovecycling.com\/pl\/#\/schema\/person\/image\/","url":"https:\/\/secure.gravatar.com\/avatar\/533caccae14752e03a2ce2d3fd62d1b98b93e1393c3195c27819e53344ca1ace?s=96&d=mm&r=g","contentUrl":"https:\/\/secure.gravatar.com\/avatar\/533caccae14752e03a2ce2d3fd62d1b98b93e1393c3195c27819e53344ca1ace?s=96&d=mm&r=g","caption":"piotrboczkowski"},"url":"https:\/\/www.welovecycling.com\/pl\/author\/piotrboczkowski\/"}]}},"_links":{"self":[{"href":"https:\/\/www.welovecycling.com\/pl\/wp-json\/wp\/v2\/posts\/7463","targetHints":{"allow":["GET"]}}],"collection":[{"href":"https:\/\/www.welovecycling.com\/pl\/wp-json\/wp\/v2\/posts"}],"about":[{"href":"https:\/\/www.welovecycling.com\/pl\/wp-json\/wp\/v2\/types\/post"}],"author":[{"embeddable":true,"href":"https:\/\/www.welovecycling.com\/pl\/wp-json\/wp\/v2\/users\/76"}],"replies":[{"embeddable":true,"href":"https:\/\/www.welovecycling.com\/pl\/wp-json\/wp\/v2\/comments?post=7463"}],"version-history":[{"count":2,"href":"https:\/\/www.welovecycling.com\/pl\/wp-json\/wp\/v2\/posts\/7463\/revisions"}],"predecessor-version":[{"id":7467,"href":"https:\/\/www.welovecycling.com\/pl\/wp-json\/wp\/v2\/posts\/7463\/revisions\/7467"}],"wp:featuredmedia":[{"embeddable":true,"href":"https:\/\/www.welovecycling.com\/pl\/wp-json\/wp\/v2\/media\/7466"}],"wp:attachment":[{"href":"https:\/\/www.welovecycling.com\/pl\/wp-json\/wp\/v2\/media?parent=7463"}],"wp:term":[{"taxonomy":"category","embeddable":true,"href":"https:\/\/www.welovecycling.com\/pl\/wp-json\/wp\/v2\/categories?post=7463"},{"taxonomy":"post_tag","embeddable":true,"href":"https:\/\/www.welovecycling.com\/pl\/wp-json\/wp\/v2\/tags?post=7463"},{"taxonomy":"global-categories","embeddable":true,"href":"https:\/\/www.welovecycling.com\/pl\/wp-json\/wp\/v2\/global-categories?post=7463"}],"curies":[{"name":"wp","href":"https:\/\/api.w.org\/{rel}","templated":true}]}}