{"id":7459,"date":"2018-07-27T15:00:16","date_gmt":"2018-07-27T15:00:16","guid":{"rendered":"https:\/\/www.welovecycling.com\/pl\/?p=7459"},"modified":"2018-07-27T15:00:16","modified_gmt":"2018-07-27T15:00:16","slug":"na-tour-de-france-katastrofa-byla-blisko","status":"publish","type":"post","link":"https:\/\/www.welovecycling.com\/pl\/2018\/07\/27\/na-tour-de-france-katastrofa-byla-blisko\/","title":{"rendered":"Na Tour de France katastrofa by\u0142a blisko\u2026"},"content":{"rendered":"<p>Trwa za\u017carta walka o wygranie Wielkiej P\u0119tli, tymczasem Peter Sagan w klasyfikacji punktowej stoczy\u0142 twardy b\u00f3j z\u2026 samym sob\u0105. Wygra\u0142 go i teraz tylko wyj\u0105tkowy pech mo\u017ce odebra\u0107 mu zielon\u0105 koszulk\u0119 sponsorowan\u0105 przez \u0160kod\u0119.<\/p>\n<p>Na dobr\u0105 spraw\u0119 S\u0142owak m\u00f3g\u0142by ten trykot mie\u0107 ju\u017c na sta\u0142e wytatuowany, bo zdoby\u0142 go a\u017c pi\u0119\u0107 razy! A je\u015bli zrobi to po raz sz\u00f3sty, to wyr\u00f3wna historyczny rekord Ericka Zabela.<\/p>\n<p>Szansa na to jest ogromna, bo w tegorocznym Tour de France Saganowi w zieleni zn\u00f3w do twarzy. Zawodnik Bora Hansgrohe nie przywdzia\u0142 jej tylko po pierwszym etapie (w\u00f3wczas w klasyfikacji punktowej prowadzi\u0142 Jerome Cousin), ale p\u00f3\u017aniej koszulk\u0119 odebra\u0142 jak swoj\u0105 w\u0142asno\u015b\u0107 i tylko powi\u0119ksza\u0142 przewag\u0119. Na trzy etapy przed ko\u0144cem nie jest to ju\u017c jednak przewaga, ale przepa\u015b\u0107, bo Sagan ma a\u017c 271 punkt\u00f3w wi\u0119cej od drugiego w klasyfikacji Alexandera Kristoffa (UAE Team Emirates).<\/p>\n<p>S\u0142owak ju\u017c m\u00f3g\u0142by zosta\u0107 okrzykni\u0119ty zwyci\u0119zc\u0105 klasyfikacji punktowej, gdyby nie regulamin, kt\u00f3ry m\u00f3wi jasno, \u017ce aby zdoby\u0107 kt\u00f3ry\u015b z laur\u00f3w Wielkiej P\u0119tli, trzeba dojecha\u0107 do mety w Pary\u017cu. A to oznacza, \u017ce tylko katastrofa mo\u017ce odebra\u0107 mu zwyci\u0119stwo. I niewiele brakowa\u0142o, a ta katastrofa by si\u0119 wydarzy\u0142a!<\/p>\n<p><strong>\u017bycie zamar\u0142o<\/strong><\/p>\n<p>Sagan jakby to wyczuwa\u0142. Przed \u015brodowym etapem m\u00f3wi\u0142, \u017ce musi by\u0107 czujny, bo \u015bciganie w g\u00f3rach zapowiada si\u0119 niebezpiecznie. I rzeczywi\u015bcie takie by\u0142o, bo na zje\u017adzie z drugiej premii g\u00f3rskiej S\u0142owak przewr\u00f3ci\u0142 si\u0119. W tym momencie \u017cycie w domach jego kibic\u00f3w zamar\u0142o, cz\u0142onkowie ekipy Bora Hansgrohe z\u0142apali si\u0119 za g\u0142owy, ale Sagan wsta\u0142 i pojecha\u0142 dalej. Uda\u0142o mu si\u0119 zmie\u015bci\u0107 w limicie czasu, ale to jeszcze nie by\u0142 koniec.<\/p>\n<p>\u201ePeter pojecha\u0142 na specjalistyczne badania i decyzja o tym, czy pojedzie dalej w Wielkiej P\u0119tli zapadnie przed startem 18. etapu\u201d \u2013 poinformowa\u0142 zesp\u00f3\u0142 S\u0142owaka i tym samym zacz\u0119\u0142o si\u0119 nerwowe oczekiwanie.<\/p>\n<p>W czwartek przed po\u0142udniem zesp\u00f3\u0142 Bora Hansgrohe opublikowa\u0142a na Twitterze jednak takie zdj\u0119cie<\/p>\n<div class=\"embed-controller-wrapper\">\n<blockquote class=\"twitter-tweet\" data-width=\"500\" data-dnt=\"true\">\n<p lang=\"en\" dir=\"ltr\">\ud83c\uddeb\ud83c\uddf7 <a href=\"https:\/\/twitter.com\/hashtag\/TDF2018?src=hash&amp;ref_src=twsrc%5Etfw\">#TDF2018<\/a><br \/>it hurts, but he wouldn\u2019t be the <a href=\"https:\/\/twitter.com\/UCI_cycling?ref_src=twsrc%5Etfw\">@UCI_cycling<\/a> World Champion if didn\u2019t take on the challenge. <a href=\"https:\/\/twitter.com\/petosagan?ref_src=twsrc%5Etfw\">@petosagan<\/a> will be at the start line today at stage 18 <a href=\"https:\/\/twitter.com\/LeTour?ref_src=twsrc%5Etfw\">@LeTour<\/a> <a href=\"https:\/\/twitter.com\/hashtag\/BORAhansgrohe?src=hash&amp;ref_src=twsrc%5Etfw\">#BORAhansgrohe<\/a> <a href=\"https:\/\/t.co\/ETQZmsyIaA\">pic.twitter.com\/ETQZmsyIaA<\/a><\/p>\n<p>&mdash; BORA \u2013 hansgrohe (@BORAhansgrohe) <a href=\"https:\/\/twitter.com\/BORAhansgrohe\/status\/1022401745669029888?ref_src=twsrc%5Etfw\">July 26, 2018<\/a><\/p><\/blockquote>\n<p><script async data-src=\"https:\/\/platform.twitter.com\/widgets.js\" charset=\"utf-8\"><\/script><\/div>\n<p>\u201eBoli, ale nie by\u0142by mistrzem \u015bwiata, gdyby nie podj\u0105\u0142 wyzwania. Peter Sagan stanie na starcie 18. etapu\u201d \u2013 napisa\u0142o Bora Hansgrohe.<\/p>\n<p>Ale to by\u0142a dopiero po\u0142owa sukcesu, bo poobijany Sagan musia\u0142 jeszcze przejecha\u0107 etap i zmie\u015bci\u0107 si\u0119 w limicie czasu. \u00a0Nie do\u015b\u0107 jednak, \u017ce podo\u0142a\u0142 zadaniu, to jeszcze zaj\u0105\u0142 \u00f3sme miejsce.<\/p>\n<p>&#8211; To by\u0142 dla mnie bardzo trudny dzie\u0144. Cierpia\u0142em nie tylko z powodu kontuzji, ale te\u017c upa\u0142u. Jednak po raz kolejny moi koledzy wykonali kawa\u0142 dobrej roboty. Chronili mnie i dali dobr\u0105 pozycj\u0119 do ataku. Bardzo chcia\u0142em powalczy\u0107 o zwyci\u0119stwo, ale nogi wci\u0105\u017c mnie bol\u0105. Potrzebuj\u0119 wi\u0119cej odpoczynku \u2013 podsumowa\u0142 kolega z dru\u017cyny Rafa\u0142a Majki, Paw\u0142a Polja\u0144skiego i Macieja Bodnara.<\/p>\n<p>&#8211; Peter odpu\u015bci\u0142 ko\u0144c\u00f3wk\u0119, wida\u0107 by\u0142o, \u017ce odczuwa skutki upadku \u2013 analizowa\u0142a na antenie Eurosport Dariusz Baranowski, a 18. etap \u2013 ku uciesze Francuz\u00f3w \u2013 wygra\u0142 ich rodak, Arnaud Demare (Groupama &#8211; FDJ).<\/p>\n<p><strong>Wiele do wygrania<\/strong><\/p>\n<p>Rumie\u0144c\u00f3w nabiera walka o zwyci\u0119stwo w klasyfikacji generalnej. Od kilku etap\u00f3w na czele jest Geraint Thomas, a czasu na jego detronizacj\u0119 nie pozosta\u0142o wiele, bo tak naprawd\u0119 tylko dwa etapy.<\/p>\n<p>Pierwszy ju\u017c dzi\u015b z Lourdes do Laruns (200 km). B\u0119dzie to ostatni dzie\u0144 \u015bcigania w Pirenejach i cho\u0107 zacznie si\u0119 niepozornie, to p\u00f3\u017aniej kolarze b\u0119d\u0105 jechali ju\u017c g\u0142\u00f3wnie w g\u00f3r\u0119 i w d\u00f3\u0142. A to oznacza doskona\u0142\u0105 okazj\u0119, by zmniejszy\u0107 straty do lidera klasyfikacji generalnej.<\/p>\n<p>Je\u015bli si\u0119 nie uda, to ostatnia szansa do tego nadarzy si\u0119 w sobot\u0119, podczas czas\u00f3wki Saint Pee Sur Nivelle \u2013 Espelette. Do przejechania b\u0119dzie 31 km, na kt\u00f3rych wiele mo\u017cna zyska\u0107, ale te\u017c wszystko straci\u0107\u2026<\/p>\n<p>&nbsp;<\/p>\n<p><strong>Klasyfikacja generalna po 18 etapach Tour de France:<\/strong><\/p>\n<ol>\n<li>Geraint Thomas (Sky) 74:21.01<\/li>\n<li>Tom Dumolin (Sunweb) +1.59<\/li>\n<li>Christopher Froome (Sky) +2.31<\/li>\n<\/ol>\n<p>&nbsp;<\/p>\n<p>23. Rafa\u0142 Majka (Bora-Hansgrohe) +37.29<\/p>\n<p>60. Micha\u0142 Kwiatkowski (Sky) +1:43.17<\/p>\n<p>95. Pawe\u0142 Polja\u0144ski (Bora-Hansgrohe) +2:29.20<\/p>\n<p>109. Tomasz Marczy\u0144ski (Lotto Soudal) +2:43.20<\/p>\n<p>121. Maciej Bodnar\u00a0 (Bora-Hansgrohe)\u00a0 +2:57.50<\/p>\n<p>&nbsp;<\/p>\n<p><strong>Lider klasyfikacji punktowej (sponsorowana przez \u0160kod\u0119):<\/strong> Peter Sagan (Bora Hansgrohe)<\/p>\n<p><strong>Lider klasyfikacji g\u00f3rskiej:<\/strong> Julian Alaphilippe (Quick-Step Floors)<\/p>\n<p><strong>Lider klasyfikacji m\u0142odzie\u017cowej:<\/strong> Pierre Roger Latour (AG2R)<\/p>\n","protected":false},"excerpt":{"rendered":"<p>Trwa za\u017carta walka o wygranie Wielkiej P\u0119tli, tymczasem Peter Sagan w klasyfikacji punktowej stoczy\u0142 twardy b\u00f3j z\u2026 samym sob\u0105. Wygra\u0142 [&hellip;]<\/p>\n","protected":false},"author":76,"featured_media":7461,"comment_status":"open","ping_status":"open","sticky":false,"template":"","format":"standard","meta":{"footnotes":""},"categories":[270],"tags":[73,77,212],"global-categories":[],"class_list":["post-7459","post","type-post","status-publish","format-standard","has-post-thumbnail","hentry","category-tour-de-france-2018","tag-tdf","tag-tour-de-france","tag-tour-de-france-2018"],"yoast_head":"<!-- This site is optimized with the Yoast SEO Premium plugin v25.3 (Yoast SEO v25.9) - https:\/\/yoast.com\/wordpress\/plugins\/seo\/ -->\n<title>Na Tour de France katastrofa by\u0142a blisko\u2026 - \u0160koda We Love Cycling - Poland<\/title>\n<meta name=\"robots\" content=\"index, follow, max-snippet:-1, max-image-preview:large, max-video-preview:-1\" \/>\n<link rel=\"canonical\" href=\"https:\/\/www.welovecycling.com\/pl\/2018\/07\/27\/na-tour-de-france-katastrofa-byla-blisko\/\" \/>\n<meta property=\"og:locale\" content=\"pl_PL\" \/>\n<meta property=\"og:type\" content=\"article\" \/>\n<meta property=\"og:title\" content=\"Na Tour de France katastrofa by\u0142a blisko\u2026\" \/>\n<meta property=\"og:description\" content=\"Trwa za\u017carta walka o wygranie Wielkiej P\u0119tli, tymczasem Peter Sagan w klasyfikacji punktowej stoczy\u0142 twardy b\u00f3j z\u2026 samym sob\u0105. Wygra\u0142 [&hellip;]\" \/>\n<meta property=\"og:url\" content=\"https:\/\/www.welovecycling.com\/pl\/2018\/07\/27\/na-tour-de-france-katastrofa-byla-blisko\/\" \/>\n<meta property=\"og:site_name\" content=\"\u0160koda We Love Cycling - Poland\" \/>\n<meta property=\"article:published_time\" content=\"2018-07-27T15:00:16+00:00\" \/>\n<meta property=\"og:image\" content=\"https:\/\/d2p6e6u75xmxt8.cloudfront.net\/5\/2018\/07\/profimedia-0379731069-1.jpg\" \/>\n\t<meta property=\"og:image:width\" content=\"1366\" \/>\n\t<meta property=\"og:image:height\" content=\"600\" \/>\n\t<meta property=\"og:image:type\" content=\"image\/jpeg\" \/>\n<meta name=\"author\" content=\"piotrboczkowski\" \/>\n<meta name=\"twitter:card\" content=\"summary_large_image\" \/>\n<meta name=\"twitter:label1\" content=\"Written by\" \/>\n\t<meta name=\"twitter:data1\" content=\"Piotr Jawor\" \/>\n\t<meta name=\"twitter:label2\" content=\"Est. reading time\" \/>\n\t<meta name=\"twitter:data2\" content=\"4 minutes\" \/>\n<script type=\"application\/ld+json\" class=\"yoast-schema-graph\">{\"@context\":\"https:\/\/schema.org\",\"@graph\":[{\"@type\":\"WebPage\",\"@id\":\"https:\/\/www.welovecycling.com\/pl\/2018\/07\/27\/na-tour-de-france-katastrofa-byla-blisko\/\",\"url\":\"https:\/\/www.welovecycling.com\/pl\/2018\/07\/27\/na-tour-de-france-katastrofa-byla-blisko\/\",\"name\":\"Na Tour de France katastrofa by\u0142a blisko\u2026 - \u0160koda We Love Cycling - Poland\",\"isPartOf\":{\"@id\":\"https:\/\/www.welovecycling.com\/pl\/#website\"},\"primaryImageOfPage\":{\"@id\":\"https:\/\/www.welovecycling.com\/pl\/2018\/07\/27\/na-tour-de-france-katastrofa-byla-blisko\/#primaryimage\"},\"image\":{\"@id\":\"https:\/\/www.welovecycling.com\/pl\/2018\/07\/27\/na-tour-de-france-katastrofa-byla-blisko\/#primaryimage\"},\"thumbnailUrl\":\"https:\/\/d2p6e6u75xmxt8.cloudfront.net\/5\/2018\/07\/profimedia-0379731069-1.jpg\",\"datePublished\":\"2018-07-27T15:00:16+00:00\",\"author\":{\"@id\":\"https:\/\/www.welovecycling.com\/pl\/#\/schema\/person\/0dba2d39da943db9df3fd8f4687e7f23\"},\"breadcrumb\":{\"@id\":\"https:\/\/www.welovecycling.com\/pl\/2018\/07\/27\/na-tour-de-france-katastrofa-byla-blisko\/#breadcrumb\"},\"inLanguage\":\"pl-PL\",\"potentialAction\":[{\"@type\":\"ReadAction\",\"target\":[\"https:\/\/www.welovecycling.com\/pl\/2018\/07\/27\/na-tour-de-france-katastrofa-byla-blisko\/\"]}]},{\"@type\":\"ImageObject\",\"inLanguage\":\"pl-PL\",\"@id\":\"https:\/\/www.welovecycling.com\/pl\/2018\/07\/27\/na-tour-de-france-katastrofa-byla-blisko\/#primaryimage\",\"url\":\"https:\/\/d2p6e6u75xmxt8.cloudfront.net\/5\/2018\/07\/profimedia-0379731069-1.jpg\",\"contentUrl\":\"https:\/\/d2p6e6u75xmxt8.cloudfront.net\/5\/2018\/07\/profimedia-0379731069-1.jpg\",\"width\":1366,\"height\":600},{\"@type\":\"BreadcrumbList\",\"@id\":\"https:\/\/www.welovecycling.com\/pl\/2018\/07\/27\/na-tour-de-france-katastrofa-byla-blisko\/#breadcrumb\",\"itemListElement\":[{\"@type\":\"ListItem\",\"position\":1,\"name\":\"Home\",\"item\":\"https:\/\/www.welovecycling.com\/pl\/\"},{\"@type\":\"ListItem\",\"position\":2,\"name\":\"Na Tour de France katastrofa by\u0142a blisko\u2026\"}]},{\"@type\":\"WebSite\",\"@id\":\"https:\/\/www.welovecycling.com\/pl\/#website\",\"url\":\"https:\/\/www.welovecycling.com\/pl\/\",\"name\":\"\u0160koda We Love Cycling - Poland\",\"description\":\"\",\"potentialAction\":[{\"@type\":\"SearchAction\",\"target\":{\"@type\":\"EntryPoint\",\"urlTemplate\":\"https:\/\/www.welovecycling.com\/pl\/?s={search_term_string}\"},\"query-input\":{\"@type\":\"PropertyValueSpecification\",\"valueRequired\":true,\"valueName\":\"search_term_string\"}}],\"inLanguage\":\"pl-PL\"},{\"@type\":\"Person\",\"@id\":\"https:\/\/www.welovecycling.com\/pl\/#\/schema\/person\/0dba2d39da943db9df3fd8f4687e7f23\",\"name\":\"piotrboczkowski\",\"image\":{\"@type\":\"ImageObject\",\"inLanguage\":\"pl-PL\",\"@id\":\"https:\/\/www.welovecycling.com\/pl\/#\/schema\/person\/image\/\",\"url\":\"https:\/\/secure.gravatar.com\/avatar\/533caccae14752e03a2ce2d3fd62d1b98b93e1393c3195c27819e53344ca1ace?s=96&d=mm&r=g\",\"contentUrl\":\"https:\/\/secure.gravatar.com\/avatar\/533caccae14752e03a2ce2d3fd62d1b98b93e1393c3195c27819e53344ca1ace?s=96&d=mm&r=g\",\"caption\":\"piotrboczkowski\"},\"url\":\"https:\/\/www.welovecycling.com\/pl\/author\/piotrboczkowski\/\"}]}<\/script>\n<!-- \/ Yoast SEO Premium plugin. -->","yoast_head_json":{"title":"Na Tour de France katastrofa by\u0142a blisko\u2026 - \u0160koda We Love Cycling - Poland","robots":{"index":"index","follow":"follow","max-snippet":"max-snippet:-1","max-image-preview":"max-image-preview:large","max-video-preview":"max-video-preview:-1"},"canonical":"https:\/\/www.welovecycling.com\/pl\/2018\/07\/27\/na-tour-de-france-katastrofa-byla-blisko\/","og_locale":"pl_PL","og_type":"article","og_title":"Na Tour de France katastrofa by\u0142a blisko\u2026","og_description":"Trwa za\u017carta walka o wygranie Wielkiej P\u0119tli, tymczasem Peter Sagan w klasyfikacji punktowej stoczy\u0142 twardy b\u00f3j z\u2026 samym sob\u0105. Wygra\u0142 [&hellip;]","og_url":"https:\/\/www.welovecycling.com\/pl\/2018\/07\/27\/na-tour-de-france-katastrofa-byla-blisko\/","og_site_name":"\u0160koda We Love Cycling - Poland","article_published_time":"2018-07-27T15:00:16+00:00","og_image":[{"width":1366,"height":600,"url":"https:\/\/d2p6e6u75xmxt8.cloudfront.net\/5\/2018\/07\/profimedia-0379731069-1.jpg","type":"image\/jpeg"}],"author":"piotrboczkowski","twitter_card":"summary_large_image","twitter_misc":{"Written by":"Piotr Jawor","Est. reading time":"4 minutes"},"schema":{"@context":"https:\/\/schema.org","@graph":[{"@type":"WebPage","@id":"https:\/\/www.welovecycling.com\/pl\/2018\/07\/27\/na-tour-de-france-katastrofa-byla-blisko\/","url":"https:\/\/www.welovecycling.com\/pl\/2018\/07\/27\/na-tour-de-france-katastrofa-byla-blisko\/","name":"Na Tour de France katastrofa by\u0142a blisko\u2026 - \u0160koda We Love Cycling - Poland","isPartOf":{"@id":"https:\/\/www.welovecycling.com\/pl\/#website"},"primaryImageOfPage":{"@id":"https:\/\/www.welovecycling.com\/pl\/2018\/07\/27\/na-tour-de-france-katastrofa-byla-blisko\/#primaryimage"},"image":{"@id":"https:\/\/www.welovecycling.com\/pl\/2018\/07\/27\/na-tour-de-france-katastrofa-byla-blisko\/#primaryimage"},"thumbnailUrl":"https:\/\/d2p6e6u75xmxt8.cloudfront.net\/5\/2018\/07\/profimedia-0379731069-1.jpg","datePublished":"2018-07-27T15:00:16+00:00","author":{"@id":"https:\/\/www.welovecycling.com\/pl\/#\/schema\/person\/0dba2d39da943db9df3fd8f4687e7f23"},"breadcrumb":{"@id":"https:\/\/www.welovecycling.com\/pl\/2018\/07\/27\/na-tour-de-france-katastrofa-byla-blisko\/#breadcrumb"},"inLanguage":"pl-PL","potentialAction":[{"@type":"ReadAction","target":["https:\/\/www.welovecycling.com\/pl\/2018\/07\/27\/na-tour-de-france-katastrofa-byla-blisko\/"]}]},{"@type":"ImageObject","inLanguage":"pl-PL","@id":"https:\/\/www.welovecycling.com\/pl\/2018\/07\/27\/na-tour-de-france-katastrofa-byla-blisko\/#primaryimage","url":"https:\/\/d2p6e6u75xmxt8.cloudfront.net\/5\/2018\/07\/profimedia-0379731069-1.jpg","contentUrl":"https:\/\/d2p6e6u75xmxt8.cloudfront.net\/5\/2018\/07\/profimedia-0379731069-1.jpg","width":1366,"height":600},{"@type":"BreadcrumbList","@id":"https:\/\/www.welovecycling.com\/pl\/2018\/07\/27\/na-tour-de-france-katastrofa-byla-blisko\/#breadcrumb","itemListElement":[{"@type":"ListItem","position":1,"name":"Home","item":"https:\/\/www.welovecycling.com\/pl\/"},{"@type":"ListItem","position":2,"name":"Na Tour de France katastrofa by\u0142a blisko\u2026"}]},{"@type":"WebSite","@id":"https:\/\/www.welovecycling.com\/pl\/#website","url":"https:\/\/www.welovecycling.com\/pl\/","name":"\u0160koda We Love Cycling - Poland","description":"","potentialAction":[{"@type":"SearchAction","target":{"@type":"EntryPoint","urlTemplate":"https:\/\/www.welovecycling.com\/pl\/?s={search_term_string}"},"query-input":{"@type":"PropertyValueSpecification","valueRequired":true,"valueName":"search_term_string"}}],"inLanguage":"pl-PL"},{"@type":"Person","@id":"https:\/\/www.welovecycling.com\/pl\/#\/schema\/person\/0dba2d39da943db9df3fd8f4687e7f23","name":"piotrboczkowski","image":{"@type":"ImageObject","inLanguage":"pl-PL","@id":"https:\/\/www.welovecycling.com\/pl\/#\/schema\/person\/image\/","url":"https:\/\/secure.gravatar.com\/avatar\/533caccae14752e03a2ce2d3fd62d1b98b93e1393c3195c27819e53344ca1ace?s=96&d=mm&r=g","contentUrl":"https:\/\/secure.gravatar.com\/avatar\/533caccae14752e03a2ce2d3fd62d1b98b93e1393c3195c27819e53344ca1ace?s=96&d=mm&r=g","caption":"piotrboczkowski"},"url":"https:\/\/www.welovecycling.com\/pl\/author\/piotrboczkowski\/"}]}},"_links":{"self":[{"href":"https:\/\/www.welovecycling.com\/pl\/wp-json\/wp\/v2\/posts\/7459","targetHints":{"allow":["GET"]}}],"collection":[{"href":"https:\/\/www.welovecycling.com\/pl\/wp-json\/wp\/v2\/posts"}],"about":[{"href":"https:\/\/www.welovecycling.com\/pl\/wp-json\/wp\/v2\/types\/post"}],"author":[{"embeddable":true,"href":"https:\/\/www.welovecycling.com\/pl\/wp-json\/wp\/v2\/users\/76"}],"replies":[{"embeddable":true,"href":"https:\/\/www.welovecycling.com\/pl\/wp-json\/wp\/v2\/comments?post=7459"}],"version-history":[{"count":1,"href":"https:\/\/www.welovecycling.com\/pl\/wp-json\/wp\/v2\/posts\/7459\/revisions"}],"predecessor-version":[{"id":7462,"href":"https:\/\/www.welovecycling.com\/pl\/wp-json\/wp\/v2\/posts\/7459\/revisions\/7462"}],"wp:featuredmedia":[{"embeddable":true,"href":"https:\/\/www.welovecycling.com\/pl\/wp-json\/wp\/v2\/media\/7461"}],"wp:attachment":[{"href":"https:\/\/www.welovecycling.com\/pl\/wp-json\/wp\/v2\/media?parent=7459"}],"wp:term":[{"taxonomy":"category","embeddable":true,"href":"https:\/\/www.welovecycling.com\/pl\/wp-json\/wp\/v2\/categories?post=7459"},{"taxonomy":"post_tag","embeddable":true,"href":"https:\/\/www.welovecycling.com\/pl\/wp-json\/wp\/v2\/tags?post=7459"},{"taxonomy":"global-categories","embeddable":true,"href":"https:\/\/www.welovecycling.com\/pl\/wp-json\/wp\/v2\/global-categories?post=7459"}],"curies":[{"name":"wp","href":"https:\/\/api.w.org\/{rel}","templated":true}]}}