{"id":7453,"date":"2018-07-26T15:10:49","date_gmt":"2018-07-26T15:10:49","guid":{"rendered":"https:\/\/www.welovecycling.com\/pl\/?p=7453"},"modified":"2018-07-26T15:10:49","modified_gmt":"2018-07-26T15:10:49","slug":"kim-sa-dziewczyny-z-podium-tour-de-france","status":"publish","type":"post","link":"https:\/\/www.welovecycling.com\/pl\/2018\/07\/26\/kim-sa-dziewczyny-z-podium-tour-de-france\/","title":{"rendered":"Kim s\u0105 dziewczyny z podium Tour de France?"},"content":{"rendered":"<p><strong>Wiele m\u00f3wi\u0142o si\u0119 w marcu o tym, \u017ce Tour de France b\u0119dzie si\u0119 \u017cegna\u0142o w tym roku z owianymi skandalem H\u00f4tesses du Tour, inaczej \u201cdziewczynami z podium\u201d. Pomimo istnienia tradycji zak\u0142adaj\u0105cej obecno\u015b\u0107 u\u015bmiechni\u0119tej, m\u0142odej kobiety z kwiatami na ko\u0144cu ka\u017cdego etapu, pojawi\u0142 si\u0119 du\u017cy nacisk aby p\u00f3j\u015b\u0107 w \u015blady innych du\u017cych imprez sportowych i ukr\u00f3ci\u0107 zwyczaj, kt\u00f3ry wed\u0142ug wielu nie stawia kobiet w najlepszym \u015bwietle.<\/strong><\/p>\n<p>Pomimo tego, Kolumbijczyk Fernando Gaviria wygra\u0142 pierwszy etap 7 lipca, przyj\u0105\u0142 swoj\u0105 \u017c\u00f3\u0142t\u0105 koszulk\u0119 w otoczeniu dw\u00f3ch pi\u0119knych kobiet. Reakcja spo\u0142eczno\u015bci kolarskiej odno\u015bnie zachowania tej tradycji by\u0142a mieszana \u2013 mi\u0119dzy innymi dlatego, \u017ce dziewczyny z podium robi\u0105 za kulisami du\u017co wi\u0119cej, ni\u017c sugeruje nieadekwatna do tego nazwa. Pami\u0119taj\u0105c o tym, \u017ce widujemy je wci\u0105\u017c na wy\u015bcigach &#8211; zebrali\u015bmy poni\u017cej kilka uwag dotycz\u0105cych roli\u00a0 dziewczyn z podium podczas La Grande Boucle.<\/p>\n<div class=\"embed-controller-wrapper\">\n<blockquote class=\"twitter-tweet\" data-width=\"500\" data-dnt=\"true\">\n<p lang=\"es\" dir=\"ltr\">El d\u00eda que cumples uno de tus sue\u00f1os pero no sabes qu\u00e9 poner&#8230; pues les dejo algunas fotos. <br \/>\ud83d\udc3a\ud83e\udd2a\ud83e\udd81<\/p>\n<p>\ud83d\udcf7 <a href=\"https:\/\/twitter.com\/GettySport?ref_src=twsrc%5Etfw\">@GettySport<\/a> <a href=\"https:\/\/t.co\/R0BK48xHrh\">pic.twitter.com\/R0BK48xHrh<\/a><\/p>\n<p>&mdash; Fernando Gaviria (@FndoGaviria) <a href=\"https:\/\/twitter.com\/FndoGaviria\/status\/1015696416470196224?ref_src=twsrc%5Etfw\">July 7, 2018<\/a><\/p><\/blockquote>\n<p><script async data-src=\"https:\/\/platform.twitter.com\/widgets.js\" charset=\"utf-8\"><\/script><\/div>\n<p><strong>Nie s\u0105 przewa\u017cnie modelkami<\/strong><\/p>\n<p>Niekt\u00f3rzy mog\u0105 my\u015ble\u0107, \u017ce te hostessy s\u0105 przyzwyczajone do \u017cycia przed kamer\u0105 \u2013 ale dla wielu, Tour jest jedynie corocznym, jedynym takim wydarzeniem. Jak wyja\u015bni\u0142a dla WeLoveCycling Carmen Garc\u00eda Gim\u00e9nez, hiszpa\u0144ska koordynatorka wydarzenia i t\u0142umaczka pracuj\u0105ca jako \u201edziewczyna z podium\u201d od 4 lat, najwi\u0119kszym b\u0142\u0119dnym wyobra\u017ceniem o hostessach jest to, \u017ce gotowo\u015b\u0107 do pracy przed kamer\u0105 jest ich g\u0142\u00f3wn\u0105 umiej\u0119tno\u015bci\u0105. Przed prac\u0105 dla Tour nie wykonywa\u0142a \u017cadnej pracy modelki ani hostessy \u2013 ale mimo wszystko zdecydowa\u0142a si\u0119 zg\u0142osi\u0107 po tym, jak jej kuzynka opowiedzia\u0142a o takiej mo\u017cliwo\u015bci. Zdoby\u0142a w ko\u0144cu prac\u0119, przebywszy z\u0142o\u017cone procedury rekrutacyjne \u2013 w tym kilka rozm\u00f3w oceniaj\u0105cych takie zdolno\u015bci jak umiej\u0119tno\u015bci j\u0119zykowe i do\u015bwiadczenie zawodowe.<\/p>\n<p><strong>O wiele wi\u0119cej ni\u017c w\u0142osy i makija\u017c<\/strong><\/p>\n<p>U\u015bmiechanie si\u0119 do kamery u boku zwyci\u0119zcy etapu jest bardzo niewielkim wycinkiem \u017cycia hostessy Tour. \u201eNie tylko dajemy kwiaty i trofeum, jeste\u015bmy cz\u0119\u015bci\u0105 du\u017cego zespo\u0142u\u201d, m\u00f3wi Gim\u00e9nez. Panie s\u0105 odpowiedzialne za sprz\u0105tanie i przygotowywanie terenu wsi startowej, serwowanie jedzenia i napoj\u00f3w go\u015bciom wydarzenia, oraz za zapewnianie serdecznej atmosfery przez ca\u0142y czas.<\/p>\n<p><strong>Czas si\u0119 d\u0142u\u017cy<\/strong><\/p>\n<p>Hostessy wstaj\u0105 razem z zawodnikami \u2013 cz\u0119sto oko\u0142o czwartej lub pi\u0105tej rano. Gim\u00e9nez wyja\u015bnia, \u017ce przez to \u017ce pokonuj\u0105 inn\u0105 tras\u0119 do linii mety ni\u017c zawodnicy, ka\u017cdy dzie\u0144 jest wyzwaniem logistycznym zak\u0142adaj\u0105cym dobry timing i koordynacj\u0119 z peletonem. Po ca\u0142ym dniu pracy, musz\u0105 jeszcze stawi\u0107 si\u0119 na linii mety, \u017ceby przywita\u0107 go\u015bci i zawodnik\u00f3w \u2013 nienagannie przy tym wygl\u0105daj\u0105c. \u201ePo wszystkim wracamy do nast\u0119pnego hotelu, co oznacza \u017ce docieramy tam mniej wi\u0119cej o 20:30 lub 21:00 (je\u017celi mamy szcz\u0119\u015bcie i nie trafimy na korki)\u201d. D\u0142ugie dni, brak snu i wysokie temperatury czyni\u0105 to wszystko dosy\u0107 wyczerpuj\u0105c\u0105 prac\u0105.<\/p>\n<p><strong>Maj\u0105 w\u0142asn\u0105 sie\u0107<\/strong><\/p>\n<p>Pomimo d\u0142ugich godzin pracy, dla wielu kobiet praca przy Tour sta\u0142a si\u0119 czym\u015b wyczekiwanym ka\u017cdego lata. S\u0105 uczciwie nagradzane za swoj\u0105 ci\u0119\u017ck\u0105 prac\u0119; stworzy\u0142y r\u00f3wnie\u017c przyjazn\u0105 spo\u0142eczno\u015b\u0107, kt\u00f3ra zapewnia \u015bwietne warunki i atmosfer\u0119. \u201eWszyscy si\u0119 dogadujemy, \u015bwietnie si\u0119 przy tym bawi\u0105c\u201d &#8211; jak m\u00f3wi Gim\u00e9nez \u2013 \u201epracujemy ci\u0119\u017cko, lecz tworzymy dobry zesp\u00f3\u0142, kt\u00f3ry lubi ze sob\u0105 pracowa\u0107\u201d.<\/p>\n<figure id=\"attachment_7456\" aria-describedby=\"caption-attachment-7456\" style=\"width: 1250px\" class=\"wp-caption alignnone\"><a href=\"https:\/\/d2p6e6u75xmxt8.cloudfront.net\/5\/2018\/07\/profimedia-0339640854.jpg\"><img loading=\"lazy\" decoding=\"async\" class=\"size-full wp-image-7456\" src=\"https:\/\/d2p6e6u75xmxt8.cloudfront.net\/5\/2018\/07\/profimedia-0339640854.jpg\" alt=\"\" width=\"1250\" height=\"833\" srcset=\"https:\/\/d2p6e6u75xmxt8.cloudfront.net\/5\/2018\/07\/profimedia-0339640854.jpg 1250w, https:\/\/d2p6e6u75xmxt8.cloudfront.net\/5\/2018\/07\/profimedia-0339640854-300x200.jpg 300w, https:\/\/d2p6e6u75xmxt8.cloudfront.net\/5\/2018\/07\/profimedia-0339640854-768x512.jpg 768w, https:\/\/d2p6e6u75xmxt8.cloudfront.net\/5\/2018\/07\/profimedia-0339640854-1024x682.jpg 1024w, https:\/\/d2p6e6u75xmxt8.cloudfront.net\/5\/2018\/07\/profimedia-0339640854-272x182.jpg 272w\" sizes=\"auto, (max-width: 1250px) 100vw, 1250px\" \/><\/a><figcaption id=\"caption-attachment-7456\" class=\"wp-caption-text\"><em>Romain Bardet podczas ceremonii prezentacji zespo\u0142\u00f3w w Dusseldorfie 29 czerwca 2017 roku<\/em><\/figcaption><\/figure>\n<p><strong>W oczekiwaniu na zmiany<\/strong><\/p>\n<p>Tak wi\u0119c \u2013 te u\u015bmiechni\u0119te panie kt\u00f3re widzimy na Tour de France rzeczywi\u015bcie bardzo ci\u0119\u017cko pracuj\u0105 za kulisami \u2013 wszystko po to, by impreza przebieg\u0142a bezproblemowo. W ka\u017cdym razie, bior\u0105c pod uwag\u0119 fakt, i\u017c r\u00f3wnouprawnienie p\u0142ci w kolarstwie zawodowym nie ma si\u0119 najlepiej, chyba najwy\u017csza pora na to, \u017ceby\u015bmy zobaczyli w ko\u0144cu wi\u0119cej przedstawicielek p\u0142ci pi\u0119knej na rowerach. Czy widujemy przystojnych, m\u0142odych m\u0119\u017cczyzn wr\u0119czaj\u0105cych kwiaty kobietom podczas zawod\u00f3w? W telewizji nic na ten temat nie by\u0142o \u2013 trudno wi\u0119c powiedzie\u0107\u2026<\/p>\n","protected":false},"excerpt":{"rendered":"<p>Wiele m\u00f3wi\u0142o si\u0119 w marcu o tym, \u017ce Tour de France b\u0119dzie si\u0119 \u017cegna\u0142o w tym roku z owianymi skandalem [&hellip;]<\/p>\n","protected":false},"author":76,"featured_media":7455,"comment_status":"open","ping_status":"open","sticky":false,"template":"","format":"standard","meta":{"footnotes":""},"categories":[6,270],"tags":[73,77,212],"global-categories":[],"class_list":["post-7453","post","type-post","status-publish","format-standard","has-post-thumbnail","hentry","category-kolarstwo-szosowe","category-tour-de-france-2018","tag-tdf","tag-tour-de-france","tag-tour-de-france-2018"],"yoast_head":"<!-- This site is optimized with the Yoast SEO Premium plugin v25.3 (Yoast SEO v25.9) - https:\/\/yoast.com\/wordpress\/plugins\/seo\/ -->\n<title>Kim s\u0105 dziewczyny z podium Tour de France? - \u0160koda We Love Cycling - Poland<\/title>\n<meta name=\"robots\" content=\"index, follow, max-snippet:-1, max-image-preview:large, max-video-preview:-1\" \/>\n<link rel=\"canonical\" href=\"https:\/\/www.welovecycling.com\/pl\/2018\/07\/26\/kim-sa-dziewczyny-z-podium-tour-de-france\/\" \/>\n<meta property=\"og:locale\" content=\"pl_PL\" \/>\n<meta property=\"og:type\" content=\"article\" \/>\n<meta property=\"og:title\" content=\"Kim s\u0105 dziewczyny z podium Tour de France?\" \/>\n<meta property=\"og:description\" content=\"Wiele m\u00f3wi\u0142o si\u0119 w marcu o tym, \u017ce Tour de France b\u0119dzie si\u0119 \u017cegna\u0142o w tym roku z owianymi skandalem [&hellip;]\" \/>\n<meta property=\"og:url\" content=\"https:\/\/www.welovecycling.com\/pl\/2018\/07\/26\/kim-sa-dziewczyny-z-podium-tour-de-france\/\" \/>\n<meta property=\"og:site_name\" content=\"\u0160koda We Love Cycling - Poland\" \/>\n<meta property=\"article:published_time\" content=\"2018-07-26T15:10:49+00:00\" \/>\n<meta property=\"og:image\" content=\"https:\/\/d2p6e6u75xmxt8.cloudfront.net\/5\/2018\/07\/profimedia-0378115893-1.jpg\" \/>\n\t<meta property=\"og:image:width\" content=\"1366\" \/>\n\t<meta property=\"og:image:height\" content=\"600\" \/>\n\t<meta property=\"og:image:type\" content=\"image\/jpeg\" \/>\n<meta name=\"author\" content=\"piotrboczkowski\" \/>\n<meta name=\"twitter:card\" content=\"summary_large_image\" \/>\n<meta name=\"twitter:label1\" content=\"Written by\" \/>\n\t<meta name=\"twitter:data1\" content=\"Megan Flottorp\" \/>\n\t<meta name=\"twitter:label2\" content=\"Est. reading time\" \/>\n\t<meta name=\"twitter:data2\" content=\"3 minutes\" \/>\n<script type=\"application\/ld+json\" class=\"yoast-schema-graph\">{\"@context\":\"https:\/\/schema.org\",\"@graph\":[{\"@type\":\"WebPage\",\"@id\":\"https:\/\/www.welovecycling.com\/pl\/2018\/07\/26\/kim-sa-dziewczyny-z-podium-tour-de-france\/\",\"url\":\"https:\/\/www.welovecycling.com\/pl\/2018\/07\/26\/kim-sa-dziewczyny-z-podium-tour-de-france\/\",\"name\":\"Kim s\u0105 dziewczyny z podium Tour de France? - \u0160koda We Love Cycling - Poland\",\"isPartOf\":{\"@id\":\"https:\/\/www.welovecycling.com\/pl\/#website\"},\"primaryImageOfPage\":{\"@id\":\"https:\/\/www.welovecycling.com\/pl\/2018\/07\/26\/kim-sa-dziewczyny-z-podium-tour-de-france\/#primaryimage\"},\"image\":{\"@id\":\"https:\/\/www.welovecycling.com\/pl\/2018\/07\/26\/kim-sa-dziewczyny-z-podium-tour-de-france\/#primaryimage\"},\"thumbnailUrl\":\"https:\/\/d2p6e6u75xmxt8.cloudfront.net\/5\/2018\/07\/profimedia-0378115893-1.jpg\",\"datePublished\":\"2018-07-26T15:10:49+00:00\",\"author\":{\"@id\":\"https:\/\/www.welovecycling.com\/pl\/#\/schema\/person\/0dba2d39da943db9df3fd8f4687e7f23\"},\"breadcrumb\":{\"@id\":\"https:\/\/www.welovecycling.com\/pl\/2018\/07\/26\/kim-sa-dziewczyny-z-podium-tour-de-france\/#breadcrumb\"},\"inLanguage\":\"pl-PL\",\"potentialAction\":[{\"@type\":\"ReadAction\",\"target\":[\"https:\/\/www.welovecycling.com\/pl\/2018\/07\/26\/kim-sa-dziewczyny-z-podium-tour-de-france\/\"]}]},{\"@type\":\"ImageObject\",\"inLanguage\":\"pl-PL\",\"@id\":\"https:\/\/www.welovecycling.com\/pl\/2018\/07\/26\/kim-sa-dziewczyny-z-podium-tour-de-france\/#primaryimage\",\"url\":\"https:\/\/d2p6e6u75xmxt8.cloudfront.net\/5\/2018\/07\/profimedia-0378115893-1.jpg\",\"contentUrl\":\"https:\/\/d2p6e6u75xmxt8.cloudfront.net\/5\/2018\/07\/profimedia-0378115893-1.jpg\",\"width\":1366,\"height\":600},{\"@type\":\"BreadcrumbList\",\"@id\":\"https:\/\/www.welovecycling.com\/pl\/2018\/07\/26\/kim-sa-dziewczyny-z-podium-tour-de-france\/#breadcrumb\",\"itemListElement\":[{\"@type\":\"ListItem\",\"position\":1,\"name\":\"Home\",\"item\":\"https:\/\/www.welovecycling.com\/pl\/\"},{\"@type\":\"ListItem\",\"position\":2,\"name\":\"Kim s\u0105 dziewczyny z podium Tour de France?\"}]},{\"@type\":\"WebSite\",\"@id\":\"https:\/\/www.welovecycling.com\/pl\/#website\",\"url\":\"https:\/\/www.welovecycling.com\/pl\/\",\"name\":\"\u0160koda We Love Cycling - Poland\",\"description\":\"\",\"potentialAction\":[{\"@type\":\"SearchAction\",\"target\":{\"@type\":\"EntryPoint\",\"urlTemplate\":\"https:\/\/www.welovecycling.com\/pl\/?s={search_term_string}\"},\"query-input\":{\"@type\":\"PropertyValueSpecification\",\"valueRequired\":true,\"valueName\":\"search_term_string\"}}],\"inLanguage\":\"pl-PL\"},{\"@type\":\"Person\",\"@id\":\"https:\/\/www.welovecycling.com\/pl\/#\/schema\/person\/0dba2d39da943db9df3fd8f4687e7f23\",\"name\":\"piotrboczkowski\",\"image\":{\"@type\":\"ImageObject\",\"inLanguage\":\"pl-PL\",\"@id\":\"https:\/\/www.welovecycling.com\/pl\/#\/schema\/person\/image\/\",\"url\":\"https:\/\/secure.gravatar.com\/avatar\/533caccae14752e03a2ce2d3fd62d1b98b93e1393c3195c27819e53344ca1ace?s=96&d=mm&r=g\",\"contentUrl\":\"https:\/\/secure.gravatar.com\/avatar\/533caccae14752e03a2ce2d3fd62d1b98b93e1393c3195c27819e53344ca1ace?s=96&d=mm&r=g\",\"caption\":\"piotrboczkowski\"},\"url\":\"https:\/\/www.welovecycling.com\/pl\/author\/piotrboczkowski\/\"}]}<\/script>\n<!-- \/ Yoast SEO Premium plugin. -->","yoast_head_json":{"title":"Kim s\u0105 dziewczyny z podium Tour de France? - \u0160koda We Love Cycling - Poland","robots":{"index":"index","follow":"follow","max-snippet":"max-snippet:-1","max-image-preview":"max-image-preview:large","max-video-preview":"max-video-preview:-1"},"canonical":"https:\/\/www.welovecycling.com\/pl\/2018\/07\/26\/kim-sa-dziewczyny-z-podium-tour-de-france\/","og_locale":"pl_PL","og_type":"article","og_title":"Kim s\u0105 dziewczyny z podium Tour de France?","og_description":"Wiele m\u00f3wi\u0142o si\u0119 w marcu o tym, \u017ce Tour de France b\u0119dzie si\u0119 \u017cegna\u0142o w tym roku z owianymi skandalem [&hellip;]","og_url":"https:\/\/www.welovecycling.com\/pl\/2018\/07\/26\/kim-sa-dziewczyny-z-podium-tour-de-france\/","og_site_name":"\u0160koda We Love Cycling - Poland","article_published_time":"2018-07-26T15:10:49+00:00","og_image":[{"width":1366,"height":600,"url":"https:\/\/d2p6e6u75xmxt8.cloudfront.net\/5\/2018\/07\/profimedia-0378115893-1.jpg","type":"image\/jpeg"}],"author":"piotrboczkowski","twitter_card":"summary_large_image","twitter_misc":{"Written by":"Megan Flottorp","Est. reading time":"3 minutes"},"schema":{"@context":"https:\/\/schema.org","@graph":[{"@type":"WebPage","@id":"https:\/\/www.welovecycling.com\/pl\/2018\/07\/26\/kim-sa-dziewczyny-z-podium-tour-de-france\/","url":"https:\/\/www.welovecycling.com\/pl\/2018\/07\/26\/kim-sa-dziewczyny-z-podium-tour-de-france\/","name":"Kim s\u0105 dziewczyny z podium Tour de France? - \u0160koda We Love Cycling - Poland","isPartOf":{"@id":"https:\/\/www.welovecycling.com\/pl\/#website"},"primaryImageOfPage":{"@id":"https:\/\/www.welovecycling.com\/pl\/2018\/07\/26\/kim-sa-dziewczyny-z-podium-tour-de-france\/#primaryimage"},"image":{"@id":"https:\/\/www.welovecycling.com\/pl\/2018\/07\/26\/kim-sa-dziewczyny-z-podium-tour-de-france\/#primaryimage"},"thumbnailUrl":"https:\/\/d2p6e6u75xmxt8.cloudfront.net\/5\/2018\/07\/profimedia-0378115893-1.jpg","datePublished":"2018-07-26T15:10:49+00:00","author":{"@id":"https:\/\/www.welovecycling.com\/pl\/#\/schema\/person\/0dba2d39da943db9df3fd8f4687e7f23"},"breadcrumb":{"@id":"https:\/\/www.welovecycling.com\/pl\/2018\/07\/26\/kim-sa-dziewczyny-z-podium-tour-de-france\/#breadcrumb"},"inLanguage":"pl-PL","potentialAction":[{"@type":"ReadAction","target":["https:\/\/www.welovecycling.com\/pl\/2018\/07\/26\/kim-sa-dziewczyny-z-podium-tour-de-france\/"]}]},{"@type":"ImageObject","inLanguage":"pl-PL","@id":"https:\/\/www.welovecycling.com\/pl\/2018\/07\/26\/kim-sa-dziewczyny-z-podium-tour-de-france\/#primaryimage","url":"https:\/\/d2p6e6u75xmxt8.cloudfront.net\/5\/2018\/07\/profimedia-0378115893-1.jpg","contentUrl":"https:\/\/d2p6e6u75xmxt8.cloudfront.net\/5\/2018\/07\/profimedia-0378115893-1.jpg","width":1366,"height":600},{"@type":"BreadcrumbList","@id":"https:\/\/www.welovecycling.com\/pl\/2018\/07\/26\/kim-sa-dziewczyny-z-podium-tour-de-france\/#breadcrumb","itemListElement":[{"@type":"ListItem","position":1,"name":"Home","item":"https:\/\/www.welovecycling.com\/pl\/"},{"@type":"ListItem","position":2,"name":"Kim s\u0105 dziewczyny z podium Tour de France?"}]},{"@type":"WebSite","@id":"https:\/\/www.welovecycling.com\/pl\/#website","url":"https:\/\/www.welovecycling.com\/pl\/","name":"\u0160koda We Love Cycling - Poland","description":"","potentialAction":[{"@type":"SearchAction","target":{"@type":"EntryPoint","urlTemplate":"https:\/\/www.welovecycling.com\/pl\/?s={search_term_string}"},"query-input":{"@type":"PropertyValueSpecification","valueRequired":true,"valueName":"search_term_string"}}],"inLanguage":"pl-PL"},{"@type":"Person","@id":"https:\/\/www.welovecycling.com\/pl\/#\/schema\/person\/0dba2d39da943db9df3fd8f4687e7f23","name":"piotrboczkowski","image":{"@type":"ImageObject","inLanguage":"pl-PL","@id":"https:\/\/www.welovecycling.com\/pl\/#\/schema\/person\/image\/","url":"https:\/\/secure.gravatar.com\/avatar\/533caccae14752e03a2ce2d3fd62d1b98b93e1393c3195c27819e53344ca1ace?s=96&d=mm&r=g","contentUrl":"https:\/\/secure.gravatar.com\/avatar\/533caccae14752e03a2ce2d3fd62d1b98b93e1393c3195c27819e53344ca1ace?s=96&d=mm&r=g","caption":"piotrboczkowski"},"url":"https:\/\/www.welovecycling.com\/pl\/author\/piotrboczkowski\/"}]}},"_links":{"self":[{"href":"https:\/\/www.welovecycling.com\/pl\/wp-json\/wp\/v2\/posts\/7453","targetHints":{"allow":["GET"]}}],"collection":[{"href":"https:\/\/www.welovecycling.com\/pl\/wp-json\/wp\/v2\/posts"}],"about":[{"href":"https:\/\/www.welovecycling.com\/pl\/wp-json\/wp\/v2\/types\/post"}],"author":[{"embeddable":true,"href":"https:\/\/www.welovecycling.com\/pl\/wp-json\/wp\/v2\/users\/76"}],"replies":[{"embeddable":true,"href":"https:\/\/www.welovecycling.com\/pl\/wp-json\/wp\/v2\/comments?post=7453"}],"version-history":[{"count":2,"href":"https:\/\/www.welovecycling.com\/pl\/wp-json\/wp\/v2\/posts\/7453\/revisions"}],"predecessor-version":[{"id":7458,"href":"https:\/\/www.welovecycling.com\/pl\/wp-json\/wp\/v2\/posts\/7453\/revisions\/7458"}],"wp:featuredmedia":[{"embeddable":true,"href":"https:\/\/www.welovecycling.com\/pl\/wp-json\/wp\/v2\/media\/7455"}],"wp:attachment":[{"href":"https:\/\/www.welovecycling.com\/pl\/wp-json\/wp\/v2\/media?parent=7453"}],"wp:term":[{"taxonomy":"category","embeddable":true,"href":"https:\/\/www.welovecycling.com\/pl\/wp-json\/wp\/v2\/categories?post=7453"},{"taxonomy":"post_tag","embeddable":true,"href":"https:\/\/www.welovecycling.com\/pl\/wp-json\/wp\/v2\/tags?post=7453"},{"taxonomy":"global-categories","embeddable":true,"href":"https:\/\/www.welovecycling.com\/pl\/wp-json\/wp\/v2\/global-categories?post=7453"}],"curies":[{"name":"wp","href":"https:\/\/api.w.org\/{rel}","templated":true}]}}