{"id":7448,"date":"2018-07-25T15:21:33","date_gmt":"2018-07-25T15:21:33","guid":{"rendered":"https:\/\/www.welovecycling.com\/pl\/?p=7448"},"modified":"2018-07-25T15:21:33","modified_gmt":"2018-07-25T15:21:33","slug":"zasluzona-ochrona-dla-twojego-roweru","status":"publish","type":"post","link":"https:\/\/www.welovecycling.com\/pl\/2018\/07\/25\/zasluzona-ochrona-dla-twojego-roweru\/","title":{"rendered":"Zas\u0142u\u017cona ochrona dla Twojego roweru"},"content":{"rendered":"<p><strong>Jak wybra\u0107 suche i bezpieczne miejsce do przechowywania roweru \u2013 to problem, kt\u00f3ry mo\u017ce wywo\u0142ywa\u0107 dyskusje w wielu rodzinach. Ameryka\u0144ska firma o europejsko brzmi\u0105cej nazwie \u2013 Alpen \u2013 wymy\u015bli\u0142a spos\u00f3b na trzymanie rower\u00f3w poza domem, lecz wci\u0105\u017c pod bezpiecznym dachem.<\/strong><\/p>\n<p>Ich futurystycznie wygl\u0105daj\u0105ca Bike Capsule (ang. Kapsu\u0142a rowerowa) przypomina z pewnej perspektywy nieco przero\u015bni\u0119t\u0105 pi\u0142\u0119 tarczow\u0105 i jest wykonana z wytrzyma\u0142ego materia\u0142u &#8211; polietylenu formowanego rotacyjnie. Ten wyposa\u017cony w zintegrowany mechanizm zamykaj\u0105cy, schowek przypominaj\u0105cy skorup\u0119 \u015blimaka, powinien ustrzec Tw\u00f3j rower przed zakusami ciekawskich. Zaokr\u0105glona bry\u0142a z \u0142atwo\u015bci\u0105 pomie\u015bci dowolny typ roweru, zapewniaj\u0105c mu wodoodporne schronienie na noc.<\/p>\n<p><a href=\"https:\/\/d2p6e6u75xmxt8.cloudfront.net\/5\/2018\/07\/Screen-Shot-2017-07-06-at-3.18.53-PM.png\"><img loading=\"lazy\" decoding=\"async\" class=\"alignnone size-extra-large wp-image-7451\" src=\"https:\/\/d2p6e6u75xmxt8.cloudfront.net\/5\/2018\/07\/Screen-Shot-2017-07-06-at-3.18.53-PM-1920x622.png\" alt=\"\" width=\"1920\" height=\"622\" srcset=\"https:\/\/d2p6e6u75xmxt8.cloudfront.net\/5\/2018\/07\/Screen-Shot-2017-07-06-at-3.18.53-PM-1920x622.png 1920w, https:\/\/d2p6e6u75xmxt8.cloudfront.net\/5\/2018\/07\/Screen-Shot-2017-07-06-at-3.18.53-PM-300x97.png 300w, https:\/\/d2p6e6u75xmxt8.cloudfront.net\/5\/2018\/07\/Screen-Shot-2017-07-06-at-3.18.53-PM-768x249.png 768w, https:\/\/d2p6e6u75xmxt8.cloudfront.net\/5\/2018\/07\/Screen-Shot-2017-07-06-at-3.18.53-PM-1024x332.png 1024w, https:\/\/d2p6e6u75xmxt8.cloudfront.net\/5\/2018\/07\/Screen-Shot-2017-07-06-at-3.18.53-PM.png 1958w, https:\/\/d2p6e6u75xmxt8.cloudfront.net\/5\/2018\/07\/Screen-Shot-2017-07-06-at-3.18.53-PM-1920x622.png 1920w\" sizes=\"auto, (max-width: 1920px) 100vw, 1920px\" \/><\/a><\/p>\n<p>Nawet rowery g\u00f3rskie z niezbyt lubianymi szerokimi kierownicami mog\u0105 spokojnie si\u0119 schowa\u0107 w tej kapsule. Producent obiecuje, \u017ce pomie\u015bci ona r\u00f3wnie\u017c wszystkie potrzebne akcesoria kolarskie. Wygl\u0105d Bike Capsule pasuje do mieszka\u0144, balkon\u00f3w oraz wsp\u00f3\u0142dzielonych gara\u017cy, zapewniaj\u0105c lepsze zagospodarowanie przestrzeni &#8211; bez charakterystycznych wystaj\u0105cych cz\u0119\u015bci i brudnego \u0142a\u0144cucha.<\/p>\n<p>Kapsu\u0142a o d\u0142ugo\u015bci 2 metr\u00f3w, szeroko\u015bci 1,3 metra i wadze wynosz\u0105cej 59 kg zosta\u0142a zaprojektowana przez zapalonego sportowca, Erica Pearsona. Pomys\u0142 narodzi\u0142 si\u0119 w g\u0142owie za\u0142o\u017cyciela firmy po tym, jak skradziono mu jego sz\u00f3sty z kolei rower. Efektem jest odporne na warunki atmosferyczne rozwi\u0105zanie, kt\u00f3re sprosta nawet najbardziej luksusowym trybom \u017cycia. Kapsu\u0142a jest obecnie dost\u0119pna w przedsprzeda\u017cy w cenie 899 dolar\u00f3w ameryka\u0144skich. Dostawa na terenie kontynentalnych Stan\u00f3w Zjednoczonych (od wrze\u015bnia 2018) to dodatkowy koszt wynosz\u0105cy 200 USD. \u00a0Na specjalne \u017cyczenie klienta, firma oferuje wycen\u0119 dostawy w dowolne miejsce na \u015bwiecie.<\/p>\n<p><a href=\"https:\/\/d2p6e6u75xmxt8.cloudfront.net\/5\/2018\/07\/parking.jpg\"><img loading=\"lazy\" decoding=\"async\" class=\"alignnone size-full wp-image-7450\" src=\"https:\/\/d2p6e6u75xmxt8.cloudfront.net\/5\/2018\/07\/parking.jpg\" alt=\"\" width=\"1200\" height=\"800\" srcset=\"https:\/\/d2p6e6u75xmxt8.cloudfront.net\/5\/2018\/07\/parking.jpg 1200w, https:\/\/d2p6e6u75xmxt8.cloudfront.net\/5\/2018\/07\/parking-300x200.jpg 300w, https:\/\/d2p6e6u75xmxt8.cloudfront.net\/5\/2018\/07\/parking-768x512.jpg 768w, https:\/\/d2p6e6u75xmxt8.cloudfront.net\/5\/2018\/07\/parking-1024x683.jpg 1024w, https:\/\/d2p6e6u75xmxt8.cloudfront.net\/5\/2018\/07\/parking-272x182.jpg 272w\" sizes=\"auto, (max-width: 1200px) 100vw, 1200px\" \/><\/a><\/p>\n<p>Po wi\u0119cej informacji, zajrzyj na stron\u0119 <a href=\"http:\/\/www.alpenstorage.com\">www.alpenstorage.com<\/a><\/p>\n","protected":false},"excerpt":{"rendered":"<p>Jak wybra\u0107 suche i bezpieczne miejsce do przechowywania roweru \u2013 to problem, kt\u00f3ry mo\u017ce wywo\u0142ywa\u0107 dyskusje w wielu rodzinach. Ameryka\u0144ska [&hellip;]<\/p>\n","protected":false},"author":76,"featured_media":7449,"comment_status":"open","ping_status":"open","sticky":false,"template":"","format":"standard","meta":{"footnotes":""},"categories":[226],"tags":[274,275,276],"global-categories":[],"class_list":["post-7448","post","type-post","status-publish","format-standard","has-post-thumbnail","hentry","category-ciekawostki","tag-alpen-storage","tag-bike-capsule","tag-eric-pearson"],"yoast_head":"<!-- This site is optimized with the Yoast SEO Premium plugin v25.3 (Yoast SEO v25.9) - https:\/\/yoast.com\/wordpress\/plugins\/seo\/ -->\n<title>Zas\u0142u\u017cona ochrona dla Twojego roweru - \u0160koda We Love Cycling - Poland<\/title>\n<meta name=\"robots\" content=\"index, follow, max-snippet:-1, max-image-preview:large, max-video-preview:-1\" \/>\n<link rel=\"canonical\" href=\"https:\/\/www.welovecycling.com\/pl\/2018\/07\/25\/zasluzona-ochrona-dla-twojego-roweru\/\" \/>\n<meta property=\"og:locale\" content=\"pl_PL\" \/>\n<meta property=\"og:type\" content=\"article\" \/>\n<meta property=\"og:title\" content=\"Zas\u0142u\u017cona ochrona dla Twojego roweru\" \/>\n<meta property=\"og:description\" content=\"Jak wybra\u0107 suche i bezpieczne miejsce do przechowywania roweru \u2013 to problem, kt\u00f3ry mo\u017ce wywo\u0142ywa\u0107 dyskusje w wielu rodzinach. Ameryka\u0144ska [&hellip;]\" \/>\n<meta property=\"og:url\" content=\"https:\/\/www.welovecycling.com\/pl\/2018\/07\/25\/zasluzona-ochrona-dla-twojego-roweru\/\" \/>\n<meta property=\"og:site_name\" content=\"\u0160koda We Love Cycling - Poland\" \/>\n<meta property=\"article:published_time\" content=\"2018-07-25T15:21:33+00:00\" \/>\n<meta property=\"og:image\" content=\"https:\/\/d2p6e6u75xmxt8.cloudfront.net\/5\/2018\/07\/alpencvr.jpg\" \/>\n\t<meta property=\"og:image:width\" content=\"1366\" \/>\n\t<meta property=\"og:image:height\" content=\"600\" \/>\n\t<meta property=\"og:image:type\" content=\"image\/jpeg\" \/>\n<meta name=\"author\" content=\"piotrboczkowski\" \/>\n<meta name=\"twitter:card\" content=\"summary_large_image\" \/>\n<meta name=\"twitter:label1\" content=\"Written by\" \/>\n\t<meta name=\"twitter:data1\" content=\"Adam Marsal\" \/>\n\t<meta name=\"twitter:label2\" content=\"Est. reading time\" \/>\n\t<meta name=\"twitter:data2\" content=\"1 minute\" \/>\n<script type=\"application\/ld+json\" class=\"yoast-schema-graph\">{\"@context\":\"https:\/\/schema.org\",\"@graph\":[{\"@type\":\"WebPage\",\"@id\":\"https:\/\/www.welovecycling.com\/pl\/2018\/07\/25\/zasluzona-ochrona-dla-twojego-roweru\/\",\"url\":\"https:\/\/www.welovecycling.com\/pl\/2018\/07\/25\/zasluzona-ochrona-dla-twojego-roweru\/\",\"name\":\"Zas\u0142u\u017cona ochrona dla Twojego roweru - \u0160koda We Love Cycling - Poland\",\"isPartOf\":{\"@id\":\"https:\/\/www.welovecycling.com\/pl\/#website\"},\"primaryImageOfPage\":{\"@id\":\"https:\/\/www.welovecycling.com\/pl\/2018\/07\/25\/zasluzona-ochrona-dla-twojego-roweru\/#primaryimage\"},\"image\":{\"@id\":\"https:\/\/www.welovecycling.com\/pl\/2018\/07\/25\/zasluzona-ochrona-dla-twojego-roweru\/#primaryimage\"},\"thumbnailUrl\":\"https:\/\/d2p6e6u75xmxt8.cloudfront.net\/5\/2018\/07\/alpencvr.jpg\",\"datePublished\":\"2018-07-25T15:21:33+00:00\",\"author\":{\"@id\":\"https:\/\/www.welovecycling.com\/pl\/#\/schema\/person\/0dba2d39da943db9df3fd8f4687e7f23\"},\"breadcrumb\":{\"@id\":\"https:\/\/www.welovecycling.com\/pl\/2018\/07\/25\/zasluzona-ochrona-dla-twojego-roweru\/#breadcrumb\"},\"inLanguage\":\"pl-PL\",\"potentialAction\":[{\"@type\":\"ReadAction\",\"target\":[\"https:\/\/www.welovecycling.com\/pl\/2018\/07\/25\/zasluzona-ochrona-dla-twojego-roweru\/\"]}]},{\"@type\":\"ImageObject\",\"inLanguage\":\"pl-PL\",\"@id\":\"https:\/\/www.welovecycling.com\/pl\/2018\/07\/25\/zasluzona-ochrona-dla-twojego-roweru\/#primaryimage\",\"url\":\"https:\/\/d2p6e6u75xmxt8.cloudfront.net\/5\/2018\/07\/alpencvr.jpg\",\"contentUrl\":\"https:\/\/d2p6e6u75xmxt8.cloudfront.net\/5\/2018\/07\/alpencvr.jpg\",\"width\":1366,\"height\":600},{\"@type\":\"BreadcrumbList\",\"@id\":\"https:\/\/www.welovecycling.com\/pl\/2018\/07\/25\/zasluzona-ochrona-dla-twojego-roweru\/#breadcrumb\",\"itemListElement\":[{\"@type\":\"ListItem\",\"position\":1,\"name\":\"Home\",\"item\":\"https:\/\/www.welovecycling.com\/pl\/\"},{\"@type\":\"ListItem\",\"position\":2,\"name\":\"Zas\u0142u\u017cona ochrona dla Twojego roweru\"}]},{\"@type\":\"WebSite\",\"@id\":\"https:\/\/www.welovecycling.com\/pl\/#website\",\"url\":\"https:\/\/www.welovecycling.com\/pl\/\",\"name\":\"\u0160koda We Love Cycling - Poland\",\"description\":\"\",\"potentialAction\":[{\"@type\":\"SearchAction\",\"target\":{\"@type\":\"EntryPoint\",\"urlTemplate\":\"https:\/\/www.welovecycling.com\/pl\/?s={search_term_string}\"},\"query-input\":{\"@type\":\"PropertyValueSpecification\",\"valueRequired\":true,\"valueName\":\"search_term_string\"}}],\"inLanguage\":\"pl-PL\"},{\"@type\":\"Person\",\"@id\":\"https:\/\/www.welovecycling.com\/pl\/#\/schema\/person\/0dba2d39da943db9df3fd8f4687e7f23\",\"name\":\"piotrboczkowski\",\"image\":{\"@type\":\"ImageObject\",\"inLanguage\":\"pl-PL\",\"@id\":\"https:\/\/www.welovecycling.com\/pl\/#\/schema\/person\/image\/\",\"url\":\"https:\/\/secure.gravatar.com\/avatar\/533caccae14752e03a2ce2d3fd62d1b98b93e1393c3195c27819e53344ca1ace?s=96&d=mm&r=g\",\"contentUrl\":\"https:\/\/secure.gravatar.com\/avatar\/533caccae14752e03a2ce2d3fd62d1b98b93e1393c3195c27819e53344ca1ace?s=96&d=mm&r=g\",\"caption\":\"piotrboczkowski\"},\"url\":\"https:\/\/www.welovecycling.com\/pl\/author\/piotrboczkowski\/\"}]}<\/script>\n<!-- \/ Yoast SEO Premium plugin. -->","yoast_head_json":{"title":"Zas\u0142u\u017cona ochrona dla Twojego roweru - \u0160koda We Love Cycling - Poland","robots":{"index":"index","follow":"follow","max-snippet":"max-snippet:-1","max-image-preview":"max-image-preview:large","max-video-preview":"max-video-preview:-1"},"canonical":"https:\/\/www.welovecycling.com\/pl\/2018\/07\/25\/zasluzona-ochrona-dla-twojego-roweru\/","og_locale":"pl_PL","og_type":"article","og_title":"Zas\u0142u\u017cona ochrona dla Twojego roweru","og_description":"Jak wybra\u0107 suche i bezpieczne miejsce do przechowywania roweru \u2013 to problem, kt\u00f3ry mo\u017ce wywo\u0142ywa\u0107 dyskusje w wielu rodzinach. Ameryka\u0144ska [&hellip;]","og_url":"https:\/\/www.welovecycling.com\/pl\/2018\/07\/25\/zasluzona-ochrona-dla-twojego-roweru\/","og_site_name":"\u0160koda We Love Cycling - Poland","article_published_time":"2018-07-25T15:21:33+00:00","og_image":[{"width":1366,"height":600,"url":"https:\/\/d2p6e6u75xmxt8.cloudfront.net\/5\/2018\/07\/alpencvr.jpg","type":"image\/jpeg"}],"author":"piotrboczkowski","twitter_card":"summary_large_image","twitter_misc":{"Written by":"Adam Marsal","Est. reading time":"1 minute"},"schema":{"@context":"https:\/\/schema.org","@graph":[{"@type":"WebPage","@id":"https:\/\/www.welovecycling.com\/pl\/2018\/07\/25\/zasluzona-ochrona-dla-twojego-roweru\/","url":"https:\/\/www.welovecycling.com\/pl\/2018\/07\/25\/zasluzona-ochrona-dla-twojego-roweru\/","name":"Zas\u0142u\u017cona ochrona dla Twojego roweru - \u0160koda We Love Cycling - Poland","isPartOf":{"@id":"https:\/\/www.welovecycling.com\/pl\/#website"},"primaryImageOfPage":{"@id":"https:\/\/www.welovecycling.com\/pl\/2018\/07\/25\/zasluzona-ochrona-dla-twojego-roweru\/#primaryimage"},"image":{"@id":"https:\/\/www.welovecycling.com\/pl\/2018\/07\/25\/zasluzona-ochrona-dla-twojego-roweru\/#primaryimage"},"thumbnailUrl":"https:\/\/d2p6e6u75xmxt8.cloudfront.net\/5\/2018\/07\/alpencvr.jpg","datePublished":"2018-07-25T15:21:33+00:00","author":{"@id":"https:\/\/www.welovecycling.com\/pl\/#\/schema\/person\/0dba2d39da943db9df3fd8f4687e7f23"},"breadcrumb":{"@id":"https:\/\/www.welovecycling.com\/pl\/2018\/07\/25\/zasluzona-ochrona-dla-twojego-roweru\/#breadcrumb"},"inLanguage":"pl-PL","potentialAction":[{"@type":"ReadAction","target":["https:\/\/www.welovecycling.com\/pl\/2018\/07\/25\/zasluzona-ochrona-dla-twojego-roweru\/"]}]},{"@type":"ImageObject","inLanguage":"pl-PL","@id":"https:\/\/www.welovecycling.com\/pl\/2018\/07\/25\/zasluzona-ochrona-dla-twojego-roweru\/#primaryimage","url":"https:\/\/d2p6e6u75xmxt8.cloudfront.net\/5\/2018\/07\/alpencvr.jpg","contentUrl":"https:\/\/d2p6e6u75xmxt8.cloudfront.net\/5\/2018\/07\/alpencvr.jpg","width":1366,"height":600},{"@type":"BreadcrumbList","@id":"https:\/\/www.welovecycling.com\/pl\/2018\/07\/25\/zasluzona-ochrona-dla-twojego-roweru\/#breadcrumb","itemListElement":[{"@type":"ListItem","position":1,"name":"Home","item":"https:\/\/www.welovecycling.com\/pl\/"},{"@type":"ListItem","position":2,"name":"Zas\u0142u\u017cona ochrona dla Twojego roweru"}]},{"@type":"WebSite","@id":"https:\/\/www.welovecycling.com\/pl\/#website","url":"https:\/\/www.welovecycling.com\/pl\/","name":"\u0160koda We Love Cycling - Poland","description":"","potentialAction":[{"@type":"SearchAction","target":{"@type":"EntryPoint","urlTemplate":"https:\/\/www.welovecycling.com\/pl\/?s={search_term_string}"},"query-input":{"@type":"PropertyValueSpecification","valueRequired":true,"valueName":"search_term_string"}}],"inLanguage":"pl-PL"},{"@type":"Person","@id":"https:\/\/www.welovecycling.com\/pl\/#\/schema\/person\/0dba2d39da943db9df3fd8f4687e7f23","name":"piotrboczkowski","image":{"@type":"ImageObject","inLanguage":"pl-PL","@id":"https:\/\/www.welovecycling.com\/pl\/#\/schema\/person\/image\/","url":"https:\/\/secure.gravatar.com\/avatar\/533caccae14752e03a2ce2d3fd62d1b98b93e1393c3195c27819e53344ca1ace?s=96&d=mm&r=g","contentUrl":"https:\/\/secure.gravatar.com\/avatar\/533caccae14752e03a2ce2d3fd62d1b98b93e1393c3195c27819e53344ca1ace?s=96&d=mm&r=g","caption":"piotrboczkowski"},"url":"https:\/\/www.welovecycling.com\/pl\/author\/piotrboczkowski\/"}]}},"_links":{"self":[{"href":"https:\/\/www.welovecycling.com\/pl\/wp-json\/wp\/v2\/posts\/7448","targetHints":{"allow":["GET"]}}],"collection":[{"href":"https:\/\/www.welovecycling.com\/pl\/wp-json\/wp\/v2\/posts"}],"about":[{"href":"https:\/\/www.welovecycling.com\/pl\/wp-json\/wp\/v2\/types\/post"}],"author":[{"embeddable":true,"href":"https:\/\/www.welovecycling.com\/pl\/wp-json\/wp\/v2\/users\/76"}],"replies":[{"embeddable":true,"href":"https:\/\/www.welovecycling.com\/pl\/wp-json\/wp\/v2\/comments?post=7448"}],"version-history":[{"count":1,"href":"https:\/\/www.welovecycling.com\/pl\/wp-json\/wp\/v2\/posts\/7448\/revisions"}],"predecessor-version":[{"id":7452,"href":"https:\/\/www.welovecycling.com\/pl\/wp-json\/wp\/v2\/posts\/7448\/revisions\/7452"}],"wp:featuredmedia":[{"embeddable":true,"href":"https:\/\/www.welovecycling.com\/pl\/wp-json\/wp\/v2\/media\/7449"}],"wp:attachment":[{"href":"https:\/\/www.welovecycling.com\/pl\/wp-json\/wp\/v2\/media?parent=7448"}],"wp:term":[{"taxonomy":"category","embeddable":true,"href":"https:\/\/www.welovecycling.com\/pl\/wp-json\/wp\/v2\/categories?post=7448"},{"taxonomy":"post_tag","embeddable":true,"href":"https:\/\/www.welovecycling.com\/pl\/wp-json\/wp\/v2\/tags?post=7448"},{"taxonomy":"global-categories","embeddable":true,"href":"https:\/\/www.welovecycling.com\/pl\/wp-json\/wp\/v2\/global-categories?post=7448"}],"curies":[{"name":"wp","href":"https:\/\/api.w.org\/{rel}","templated":true}]}}