{"id":7433,"date":"2018-07-24T15:38:07","date_gmt":"2018-07-24T15:38:07","guid":{"rendered":"https:\/\/www.welovecycling.com\/pl\/?p=7433"},"modified":"2018-07-24T15:38:07","modified_gmt":"2018-07-24T15:38:07","slug":"samochody-tour-de-france-3","status":"publish","type":"post","link":"https:\/\/www.welovecycling.com\/pl\/2018\/07\/24\/samochody-tour-de-france-3\/","title":{"rendered":"Samochody Tour de France"},"content":{"rendered":"<p><strong>Wydarzenie o rozmiarach i rozmachu matki wszystkich wy\u015bcig\u00f3w rowerowych \u2013 Tour de France \u2013 wymaga sta\u0142ych partner\u00f3w, na kt\u00f3rych mo\u017cna polega\u0107. Poczynaj\u0105c od organizator\u00f3w, mened\u017cer\u00f3w, zespo\u0142\u00f3w, poprzez poszczeg\u00f3lnych kolarzy, wszyscy potrzebuj\u0105 dostosowanych do nich o\u015brodk\u00f3w wsparcia i analizy problem\u00f3w. Tu w\u0142a\u015bnie pojawiaj\u0105 si\u0119 samochody. Od kiedy partnerzy ze \u0160koda AUTO zacz\u0119li wspiera\u0107 Le Tour w 2004, ich pojazdy przeby\u0142y miliony kilometr\u00f3w bez \u017cadnej usterki. W tym roku zobaczymy na wy\u015bcigu ponad 320 samochod\u00f3w \u0160koda pe\u0142ni\u0105cych role pojazd\u00f3w zespo\u0142u, wsparcia, napraw lub organizacji.<\/strong><\/p>\n<p><a href=\"https:\/\/d2p6e6u75xmxt8.cloudfront.net\/5\/2018\/07\/02-SKODA-CARS-1-1.jpg\"><img loading=\"lazy\" decoding=\"async\" class=\"alignnone size-full wp-image-7442\" src=\"https:\/\/d2p6e6u75xmxt8.cloudfront.net\/5\/2018\/07\/02-SKODA-CARS-1-1.jpg\" alt=\"\" width=\"1280\" height=\"720\" srcset=\"https:\/\/d2p6e6u75xmxt8.cloudfront.net\/5\/2018\/07\/02-SKODA-CARS-1-1.jpg 1280w, https:\/\/d2p6e6u75xmxt8.cloudfront.net\/5\/2018\/07\/02-SKODA-CARS-1-1-300x169.jpg 300w, https:\/\/d2p6e6u75xmxt8.cloudfront.net\/5\/2018\/07\/02-SKODA-CARS-1-1-768x432.jpg 768w, https:\/\/d2p6e6u75xmxt8.cloudfront.net\/5\/2018\/07\/02-SKODA-CARS-1-1-1024x576.jpg 1024w\" sizes=\"auto, (max-width: 1280px) 100vw, 1280px\" \/><\/a><\/p>\n<p><a href=\"https:\/\/d2p6e6u75xmxt8.cloudfront.net\/5\/2018\/07\/01-TEAMS-CARS-1-1.jpg\"><img loading=\"lazy\" decoding=\"async\" class=\"alignnone size-full wp-image-7441\" src=\"https:\/\/d2p6e6u75xmxt8.cloudfront.net\/5\/2018\/07\/01-TEAMS-CARS-1-1.jpg\" alt=\"\" width=\"1280\" height=\"720\" srcset=\"https:\/\/d2p6e6u75xmxt8.cloudfront.net\/5\/2018\/07\/01-TEAMS-CARS-1-1.jpg 1280w, https:\/\/d2p6e6u75xmxt8.cloudfront.net\/5\/2018\/07\/01-TEAMS-CARS-1-1-300x169.jpg 300w, https:\/\/d2p6e6u75xmxt8.cloudfront.net\/5\/2018\/07\/01-TEAMS-CARS-1-1-768x432.jpg 768w, https:\/\/d2p6e6u75xmxt8.cloudfront.net\/5\/2018\/07\/01-TEAMS-CARS-1-1-1024x576.jpg 1024w\" sizes=\"auto, (max-width: 1280px) 100vw, 1280px\" \/><\/a><\/p>\n<p><strong>LottoNL &#8211; Jumbo wyznacza regu\u0142y gry<\/strong><\/p>\n<p>Zacznijmy od pewnej nowo\u015bci. Jeden z najbardziej zauwa\u017calnych samochod\u00f3w w tym roku nale\u017cy do weteran\u00f3w z zespo\u0142u LottoNL-Jumbo. Du\u0144czycy podrasowali mened\u017cersk\u0105 \u0160koda SUPERB SPORTLINE pod wzgl\u0119dem wygl\u0105du i wyposa\u017cenia zewn\u0119trznego, inspiruj\u0105c si\u0119 s\u0142awnym Christian Prudhomme, dyrektorem Le Tour zwi\u0105zanym z Red Car of the Tour de France\u2026 Ale c\u00f3\u017c to za zmiana! Poza nadaniem samochodowi bardziej zdecydowanego wygl\u0105du, zesp\u00f3\u0142 do\u0142o\u017cy\u0142 uchwyt na zapasowe cz\u0119\u015bci rowerowe montowany na tylnym siedzeniu za pomoc\u0105 systemu ISOFIX. Poza tym, zintegrowany system infotainment dostarcza za\u0142odze wszystkich informacji na temat przebiegu wy\u015bcigu, pozwalaj\u0105c na kontakt z ka\u017cdym uczestnikiem wy\u015bcigu \u2013 to wszystko czyni ten samoch\u00f3d cyfrowym centrum dowodzenia. Lusterko wsteczne, podzielone na dwie cz\u0119\u015bci, r\u00f3wnie\u017c s\u0142u\u017cy ogromn\u0105 pomoc\u0105. Jedna po\u0142owa to klasyczne lusterko, lecz druga jest wy\u015bwietlaczem po\u0142\u0105czonym ze skierowan\u0105 do ty\u0142u kamer\u0105 znajduj\u0105c\u0105 si\u0119 na klapie baga\u017cnika. Dzi\u0119ki temu, kierowca samochodu ma znacznie lepszy widok na kolarzy jad\u0105cych za samochodem.<\/p>\n<p><a href=\"https:\/\/d2p6e6u75xmxt8.cloudfront.net\/5\/2018\/07\/Lotto1.jpg\"><img loading=\"lazy\" decoding=\"async\" class=\"alignnone size-full wp-image-7435\" src=\"https:\/\/d2p6e6u75xmxt8.cloudfront.net\/5\/2018\/07\/Lotto1.jpg\" alt=\"\" width=\"1200\" height=\"743\" srcset=\"https:\/\/d2p6e6u75xmxt8.cloudfront.net\/5\/2018\/07\/Lotto1.jpg 1200w, https:\/\/d2p6e6u75xmxt8.cloudfront.net\/5\/2018\/07\/Lotto1-300x186.jpg 300w, https:\/\/d2p6e6u75xmxt8.cloudfront.net\/5\/2018\/07\/Lotto1-768x476.jpg 768w, https:\/\/d2p6e6u75xmxt8.cloudfront.net\/5\/2018\/07\/Lotto1-1024x634.jpg 1024w\" sizes=\"auto, (max-width: 1200px) 100vw, 1200px\" \/><\/a><\/p>\n<p><a href=\"https:\/\/d2p6e6u75xmxt8.cloudfront.net\/5\/2018\/07\/Lotto4.jpg\"><img loading=\"lazy\" decoding=\"async\" class=\"alignnone size-full wp-image-7438\" src=\"https:\/\/d2p6e6u75xmxt8.cloudfront.net\/5\/2018\/07\/Lotto4.jpg\" alt=\"\" width=\"1200\" height=\"743\" srcset=\"https:\/\/d2p6e6u75xmxt8.cloudfront.net\/5\/2018\/07\/Lotto4.jpg 1200w, https:\/\/d2p6e6u75xmxt8.cloudfront.net\/5\/2018\/07\/Lotto4-300x186.jpg 300w, https:\/\/d2p6e6u75xmxt8.cloudfront.net\/5\/2018\/07\/Lotto4-768x476.jpg 768w, https:\/\/d2p6e6u75xmxt8.cloudfront.net\/5\/2018\/07\/Lotto4-1024x634.jpg 1024w\" sizes=\"auto, (max-width: 1200px) 100vw, 1200px\" \/><\/a><\/p>\n<p><a href=\"https:\/\/d2p6e6u75xmxt8.cloudfront.net\/5\/2018\/07\/Lotto3.jpg\"><img loading=\"lazy\" decoding=\"async\" class=\"alignnone size-full wp-image-7437\" src=\"https:\/\/d2p6e6u75xmxt8.cloudfront.net\/5\/2018\/07\/Lotto3.jpg\" alt=\"\" width=\"1200\" height=\"743\" srcset=\"https:\/\/d2p6e6u75xmxt8.cloudfront.net\/5\/2018\/07\/Lotto3.jpg 1200w, https:\/\/d2p6e6u75xmxt8.cloudfront.net\/5\/2018\/07\/Lotto3-300x186.jpg 300w, https:\/\/d2p6e6u75xmxt8.cloudfront.net\/5\/2018\/07\/Lotto3-768x476.jpg 768w, https:\/\/d2p6e6u75xmxt8.cloudfront.net\/5\/2018\/07\/Lotto3-1024x634.jpg 1024w\" sizes=\"auto, (max-width: 1200px) 100vw, 1200px\" \/><\/a><\/p>\n<p><a href=\"https:\/\/d2p6e6u75xmxt8.cloudfront.net\/5\/2018\/07\/Lotto2.jpg\"><img loading=\"lazy\" decoding=\"async\" class=\"alignnone size-full wp-image-7436\" src=\"https:\/\/d2p6e6u75xmxt8.cloudfront.net\/5\/2018\/07\/Lotto2.jpg\" alt=\"\" width=\"1200\" height=\"743\" srcset=\"https:\/\/d2p6e6u75xmxt8.cloudfront.net\/5\/2018\/07\/Lotto2.jpg 1200w, https:\/\/d2p6e6u75xmxt8.cloudfront.net\/5\/2018\/07\/Lotto2-300x186.jpg 300w, https:\/\/d2p6e6u75xmxt8.cloudfront.net\/5\/2018\/07\/Lotto2-768x476.jpg 768w, https:\/\/d2p6e6u75xmxt8.cloudfront.net\/5\/2018\/07\/Lotto2-1024x634.jpg 1024w\" sizes=\"auto, (max-width: 1200px) 100vw, 1200px\" \/><\/a><\/p>\n<p><strong>Red na horyzoncie<\/strong><\/p>\n<p>Wiadomo, co b\u0119dzie dalej. Nie by\u0142by to artyku\u0142 o samochodach Le Tour, gdyby nie wspomniano w nim o os\u0142awionym Red Car dyrektora wy\u015bcigu. Nie tylko najwi\u0119ksi fani Tour de France rozpoznaj\u0105 flagowy \u0160koda SUPERB po charakterystycznym niby-daszku nad przedni\u0105 szyb\u0105 oraz naklejkach Le Tour i \u0160koda. M\u00f3wi\u0105c o wygl\u0105dzie, nie spos\u00f3b nie wspomnie\u0107 o wyj\u0105tkowo du\u017cym szyberdachu, przez kt\u00f3ry Christian Prudhomme mo\u017ce pozdrawia\u0107 fan\u00f3w oraz, co najistotniejsze, macha\u0107 flag\u0105 na \u2018Kilometrze Zerowym\u2019 na pocz\u0105tku ka\u017cdego kolejnego etapu. Ten zaszczyt spada czasem na zaproszonych do samochodu VIP-ach, kt\u00f3rzy cz\u0119stowani s\u0105 r\u00f3wnie\u017c sch\u0142odzonym we wbudowanej lod\u00f3wce szampanem. Specjalne uchwyty na kieliszki do szampana pozwalaj\u0105 im raczy\u0107 si\u0119 b\u0105belkami bez ryzyka wylania na siebie ani kropli. Klasa sama w sobie.<\/p>\n<p><a href=\"https:\/\/d2p6e6u75xmxt8.cloudfront.net\/5\/2018\/07\/profimedia-0252844160.jpg\"><img loading=\"lazy\" decoding=\"async\" class=\"size-full wp-image-7439\" src=\"https:\/\/d2p6e6u75xmxt8.cloudfront.net\/5\/2018\/07\/profimedia-0252844160.jpg\" alt=\"\" width=\"1250\" height=\"831\" srcset=\"https:\/\/d2p6e6u75xmxt8.cloudfront.net\/5\/2018\/07\/profimedia-0252844160.jpg 1250w, https:\/\/d2p6e6u75xmxt8.cloudfront.net\/5\/2018\/07\/profimedia-0252844160-300x199.jpg 300w, https:\/\/d2p6e6u75xmxt8.cloudfront.net\/5\/2018\/07\/profimedia-0252844160-768x511.jpg 768w, https:\/\/d2p6e6u75xmxt8.cloudfront.net\/5\/2018\/07\/profimedia-0252844160-1024x681.jpg 1024w, https:\/\/d2p6e6u75xmxt8.cloudfront.net\/5\/2018\/07\/profimedia-0252844160-272x182.jpg 272w\" sizes=\"auto, (max-width: 1250px) 100vw, 1250px\" \/><\/a><\/p>\n<p>&nbsp;<\/p>\n<p><strong>\u017b\u00f3\u0142ty oznacza pomocn\u0105 d\u0142o\u0144<\/strong><\/p>\n<p>Tak jak co roku, zbawienie na torze jest ubrane w optymistyczn\u0105 \u017c\u00f3\u0142\u0107 \u2013 to za\u0142oga neutralnych pojazd\u00f3w wsparcia Mavic\u2019a. Te samochody to przewa\u017cnie \u0160koda OCTAVIA oraz SUPERB, wyposa\u017cone we wszystko czego kolarz w tarapatach mo\u017ce potrzebowa\u0107 w razie gdy jego w\u0142asny zesp\u00f3\u0142 jest ju\u017c zaj\u0119ty gdzie\u015b indziej: zapasowe opony, \u0142a\u0144cuchy, korby oraz nawet ca\u0142e rowery, jedzenie i napoje, oraz akcesoria takie jak parki przeciwdeszczowe na kiepsk\u0105 pogod\u0119. Za\u0142oga samochodu s\u0142u\u017cy r\u00f3wnie\u017c poradami \u2013 ka\u017cdy pojazd jest wyposa\u017cony w hotspot komunikacyjny, gdzie mo\u017cna znale\u017a\u0107 sta\u0142y nap\u0142yw wie\u015bci i informacji o sytuacjach kryzysowych.<\/p>\n<p><iframe loading=\"lazy\" src=\"https:\/\/players.brightcove.net\/4358179179001\/HJreM6wzf_default\/index.html?videoId=5498814726001\" width=\"750\" height=\"450\" frameborder=\"0\" allowfullscreen=\"allowfullscreen\" data-mce-fragment=\"1\"><\/iframe><\/p>\n<p>Poza neutralnymi pojazdami wsparcia od Mavic\u2019a, ka\u017cdy zesp\u00f3\u0142 ma do dyspozycji dwa samochody pod\u0105\u017caj\u0105ce za peletonem. Kolejno\u015b\u0107, w jakiej te samochody \u015bledz\u0105 wy\u015bcig jest zale\u017cna od rankingu wiod\u0105cego kolarza z ka\u017cdego zespo\u0142u. Komunikacja pomi\u0119dzy samochodami jest bardzo istotna, jako \u017ce oddzielanie si\u0119 i wypadki musz\u0105 by\u0107 zg\u0142aszane. Tylko dzi\u0119ki temu samochody dostaj\u0105 pozwolenie na zerwanie szyku i poruszanie si\u0119 wzd\u0142u\u017c wy\u015bcigu wedle potrzeby.<\/p>\n<p><strong>Pakiety VIP<\/strong><\/p>\n<p>Wisienk\u0105 na torcie s\u0105 samochody, kt\u00f3re nale\u017c\u0105 si\u0119 zwyci\u0119zcom Programu Go\u015bcinno\u015bci Le Tour\u00a0 &#8211; wyj\u0105tkowego konkursu organizowanego co roku dla wszystkich wiernych fan\u00f3w. Pi\u0105tka szcz\u0119\u015bliwc\u00f3w jest zabierana na wyj\u0105tkow\u0105 przeja\u017cd\u017ck\u0119 all-inclusive na jednej z wybranych tras Le Tour; kierowcy tych samochod\u00f3w to nikt inny, jak byli s\u0142awni profesjonalni kolarze, kt\u00f3rzy wci\u0105\u017c nie trac\u0105 kontaktu z t\u0105 dyscyplin\u0105. W tym roku mo\u017cemy zobaczy\u0107 chocia\u017cby dw\u00f3ch ex-czempion\u00f3w, Tima Harrisa oraz Pedro Horrillo.<\/p>\n<p><a href=\"https:\/\/d2p6e6u75xmxt8.cloudfront.net\/5\/2018\/07\/IMG_0848-1024x575-1.jpg\"><img loading=\"lazy\" decoding=\"async\" class=\"alignnone size-full wp-image-7434\" src=\"https:\/\/d2p6e6u75xmxt8.cloudfront.net\/5\/2018\/07\/IMG_0848-1024x575-1.jpg\" alt=\"\" width=\"1024\" height=\"575\" srcset=\"https:\/\/d2p6e6u75xmxt8.cloudfront.net\/5\/2018\/07\/IMG_0848-1024x575-1.jpg 1024w, https:\/\/d2p6e6u75xmxt8.cloudfront.net\/5\/2018\/07\/IMG_0848-1024x575-1-300x168.jpg 300w, https:\/\/d2p6e6u75xmxt8.cloudfront.net\/5\/2018\/07\/IMG_0848-1024x575-1-768x431.jpg 768w\" sizes=\"auto, (max-width: 1024px) 100vw, 1024px\" \/><\/a><\/p>\n","protected":false},"excerpt":{"rendered":"<p>Wydarzenie o rozmiarach i rozmachu matki wszystkich wy\u015bcig\u00f3w rowerowych \u2013 Tour de France \u2013 wymaga sta\u0142ych partner\u00f3w, na kt\u00f3rych mo\u017cna [&hellip;]<\/p>\n","protected":false},"author":76,"featured_media":7440,"comment_status":"open","ping_status":"open","sticky":false,"template":"","format":"standard","meta":{"footnotes":""},"categories":[6,270],"tags":[73,77,212],"global-categories":[],"class_list":["post-7433","post","type-post","status-publish","format-standard","has-post-thumbnail","hentry","category-kolarstwo-szosowe","category-tour-de-france-2018","tag-tdf","tag-tour-de-france","tag-tour-de-france-2018"],"yoast_head":"<!-- This site is optimized with the Yoast SEO Premium plugin v25.3 (Yoast SEO v25.9) - https:\/\/yoast.com\/wordpress\/plugins\/seo\/ -->\n<title>Samochody Tour de France - \u0160koda We Love Cycling - Poland<\/title>\n<meta name=\"robots\" content=\"index, follow, max-snippet:-1, max-image-preview:large, max-video-preview:-1\" \/>\n<link rel=\"canonical\" href=\"https:\/\/www.welovecycling.com\/pl\/2018\/07\/24\/samochody-tour-de-france-3\/\" \/>\n<meta property=\"og:locale\" content=\"pl_PL\" \/>\n<meta property=\"og:type\" content=\"article\" \/>\n<meta property=\"og:title\" content=\"Samochody Tour de France\" \/>\n<meta property=\"og:description\" content=\"Wydarzenie o rozmiarach i rozmachu matki wszystkich wy\u015bcig\u00f3w rowerowych \u2013 Tour de France \u2013 wymaga sta\u0142ych partner\u00f3w, na kt\u00f3rych mo\u017cna [&hellip;]\" \/>\n<meta property=\"og:url\" content=\"https:\/\/www.welovecycling.com\/pl\/2018\/07\/24\/samochody-tour-de-france-3\/\" \/>\n<meta property=\"og:site_name\" content=\"\u0160koda We Love Cycling - Poland\" \/>\n<meta property=\"article:published_time\" content=\"2018-07-24T15:38:07+00:00\" \/>\n<meta property=\"og:image\" content=\"https:\/\/d2p6e6u75xmxt8.cloudfront.net\/5\/2018\/07\/profimedia-0379177667-1.jpg\" \/>\n\t<meta property=\"og:image:width\" content=\"1366\" \/>\n\t<meta property=\"og:image:height\" content=\"600\" \/>\n\t<meta property=\"og:image:type\" content=\"image\/jpeg\" \/>\n<meta name=\"author\" content=\"piotrboczkowski\" \/>\n<meta name=\"twitter:card\" content=\"summary_large_image\" \/>\n<meta name=\"twitter:label1\" content=\"Written by\" \/>\n\t<meta name=\"twitter:data1\" content=\"Welovecycling\" \/>\n\t<meta name=\"twitter:label2\" content=\"Est. reading time\" \/>\n\t<meta name=\"twitter:data2\" content=\"4 minutes\" \/>\n<script type=\"application\/ld+json\" class=\"yoast-schema-graph\">{\"@context\":\"https:\/\/schema.org\",\"@graph\":[{\"@type\":\"WebPage\",\"@id\":\"https:\/\/www.welovecycling.com\/pl\/2018\/07\/24\/samochody-tour-de-france-3\/\",\"url\":\"https:\/\/www.welovecycling.com\/pl\/2018\/07\/24\/samochody-tour-de-france-3\/\",\"name\":\"Samochody Tour de France - \u0160koda We Love Cycling - Poland\",\"isPartOf\":{\"@id\":\"https:\/\/www.welovecycling.com\/pl\/#website\"},\"primaryImageOfPage\":{\"@id\":\"https:\/\/www.welovecycling.com\/pl\/2018\/07\/24\/samochody-tour-de-france-3\/#primaryimage\"},\"image\":{\"@id\":\"https:\/\/www.welovecycling.com\/pl\/2018\/07\/24\/samochody-tour-de-france-3\/#primaryimage\"},\"thumbnailUrl\":\"https:\/\/d2p6e6u75xmxt8.cloudfront.net\/5\/2018\/07\/profimedia-0379177667-1.jpg\",\"datePublished\":\"2018-07-24T15:38:07+00:00\",\"author\":{\"@id\":\"https:\/\/www.welovecycling.com\/pl\/#\/schema\/person\/0dba2d39da943db9df3fd8f4687e7f23\"},\"breadcrumb\":{\"@id\":\"https:\/\/www.welovecycling.com\/pl\/2018\/07\/24\/samochody-tour-de-france-3\/#breadcrumb\"},\"inLanguage\":\"pl-PL\",\"potentialAction\":[{\"@type\":\"ReadAction\",\"target\":[\"https:\/\/www.welovecycling.com\/pl\/2018\/07\/24\/samochody-tour-de-france-3\/\"]}]},{\"@type\":\"ImageObject\",\"inLanguage\":\"pl-PL\",\"@id\":\"https:\/\/www.welovecycling.com\/pl\/2018\/07\/24\/samochody-tour-de-france-3\/#primaryimage\",\"url\":\"https:\/\/d2p6e6u75xmxt8.cloudfront.net\/5\/2018\/07\/profimedia-0379177667-1.jpg\",\"contentUrl\":\"https:\/\/d2p6e6u75xmxt8.cloudfront.net\/5\/2018\/07\/profimedia-0379177667-1.jpg\",\"width\":1366,\"height\":600},{\"@type\":\"BreadcrumbList\",\"@id\":\"https:\/\/www.welovecycling.com\/pl\/2018\/07\/24\/samochody-tour-de-france-3\/#breadcrumb\",\"itemListElement\":[{\"@type\":\"ListItem\",\"position\":1,\"name\":\"Home\",\"item\":\"https:\/\/www.welovecycling.com\/pl\/\"},{\"@type\":\"ListItem\",\"position\":2,\"name\":\"Samochody Tour de France\"}]},{\"@type\":\"WebSite\",\"@id\":\"https:\/\/www.welovecycling.com\/pl\/#website\",\"url\":\"https:\/\/www.welovecycling.com\/pl\/\",\"name\":\"\u0160koda We Love Cycling - Poland\",\"description\":\"\",\"potentialAction\":[{\"@type\":\"SearchAction\",\"target\":{\"@type\":\"EntryPoint\",\"urlTemplate\":\"https:\/\/www.welovecycling.com\/pl\/?s={search_term_string}\"},\"query-input\":{\"@type\":\"PropertyValueSpecification\",\"valueRequired\":true,\"valueName\":\"search_term_string\"}}],\"inLanguage\":\"pl-PL\"},{\"@type\":\"Person\",\"@id\":\"https:\/\/www.welovecycling.com\/pl\/#\/schema\/person\/0dba2d39da943db9df3fd8f4687e7f23\",\"name\":\"piotrboczkowski\",\"image\":{\"@type\":\"ImageObject\",\"inLanguage\":\"pl-PL\",\"@id\":\"https:\/\/www.welovecycling.com\/pl\/#\/schema\/person\/image\/\",\"url\":\"https:\/\/secure.gravatar.com\/avatar\/533caccae14752e03a2ce2d3fd62d1b98b93e1393c3195c27819e53344ca1ace?s=96&d=mm&r=g\",\"contentUrl\":\"https:\/\/secure.gravatar.com\/avatar\/533caccae14752e03a2ce2d3fd62d1b98b93e1393c3195c27819e53344ca1ace?s=96&d=mm&r=g\",\"caption\":\"piotrboczkowski\"},\"url\":\"https:\/\/www.welovecycling.com\/pl\/author\/piotrboczkowski\/\"}]}<\/script>\n<!-- \/ Yoast SEO Premium plugin. -->","yoast_head_json":{"title":"Samochody Tour de France - \u0160koda We Love Cycling - Poland","robots":{"index":"index","follow":"follow","max-snippet":"max-snippet:-1","max-image-preview":"max-image-preview:large","max-video-preview":"max-video-preview:-1"},"canonical":"https:\/\/www.welovecycling.com\/pl\/2018\/07\/24\/samochody-tour-de-france-3\/","og_locale":"pl_PL","og_type":"article","og_title":"Samochody Tour de France","og_description":"Wydarzenie o rozmiarach i rozmachu matki wszystkich wy\u015bcig\u00f3w rowerowych \u2013 Tour de France \u2013 wymaga sta\u0142ych partner\u00f3w, na kt\u00f3rych mo\u017cna [&hellip;]","og_url":"https:\/\/www.welovecycling.com\/pl\/2018\/07\/24\/samochody-tour-de-france-3\/","og_site_name":"\u0160koda We Love Cycling - Poland","article_published_time":"2018-07-24T15:38:07+00:00","og_image":[{"width":1366,"height":600,"url":"https:\/\/d2p6e6u75xmxt8.cloudfront.net\/5\/2018\/07\/profimedia-0379177667-1.jpg","type":"image\/jpeg"}],"author":"piotrboczkowski","twitter_card":"summary_large_image","twitter_misc":{"Written by":"Welovecycling","Est. reading time":"4 minutes"},"schema":{"@context":"https:\/\/schema.org","@graph":[{"@type":"WebPage","@id":"https:\/\/www.welovecycling.com\/pl\/2018\/07\/24\/samochody-tour-de-france-3\/","url":"https:\/\/www.welovecycling.com\/pl\/2018\/07\/24\/samochody-tour-de-france-3\/","name":"Samochody Tour de France - \u0160koda We Love Cycling - Poland","isPartOf":{"@id":"https:\/\/www.welovecycling.com\/pl\/#website"},"primaryImageOfPage":{"@id":"https:\/\/www.welovecycling.com\/pl\/2018\/07\/24\/samochody-tour-de-france-3\/#primaryimage"},"image":{"@id":"https:\/\/www.welovecycling.com\/pl\/2018\/07\/24\/samochody-tour-de-france-3\/#primaryimage"},"thumbnailUrl":"https:\/\/d2p6e6u75xmxt8.cloudfront.net\/5\/2018\/07\/profimedia-0379177667-1.jpg","datePublished":"2018-07-24T15:38:07+00:00","author":{"@id":"https:\/\/www.welovecycling.com\/pl\/#\/schema\/person\/0dba2d39da943db9df3fd8f4687e7f23"},"breadcrumb":{"@id":"https:\/\/www.welovecycling.com\/pl\/2018\/07\/24\/samochody-tour-de-france-3\/#breadcrumb"},"inLanguage":"pl-PL","potentialAction":[{"@type":"ReadAction","target":["https:\/\/www.welovecycling.com\/pl\/2018\/07\/24\/samochody-tour-de-france-3\/"]}]},{"@type":"ImageObject","inLanguage":"pl-PL","@id":"https:\/\/www.welovecycling.com\/pl\/2018\/07\/24\/samochody-tour-de-france-3\/#primaryimage","url":"https:\/\/d2p6e6u75xmxt8.cloudfront.net\/5\/2018\/07\/profimedia-0379177667-1.jpg","contentUrl":"https:\/\/d2p6e6u75xmxt8.cloudfront.net\/5\/2018\/07\/profimedia-0379177667-1.jpg","width":1366,"height":600},{"@type":"BreadcrumbList","@id":"https:\/\/www.welovecycling.com\/pl\/2018\/07\/24\/samochody-tour-de-france-3\/#breadcrumb","itemListElement":[{"@type":"ListItem","position":1,"name":"Home","item":"https:\/\/www.welovecycling.com\/pl\/"},{"@type":"ListItem","position":2,"name":"Samochody Tour de France"}]},{"@type":"WebSite","@id":"https:\/\/www.welovecycling.com\/pl\/#website","url":"https:\/\/www.welovecycling.com\/pl\/","name":"\u0160koda We Love Cycling - Poland","description":"","potentialAction":[{"@type":"SearchAction","target":{"@type":"EntryPoint","urlTemplate":"https:\/\/www.welovecycling.com\/pl\/?s={search_term_string}"},"query-input":{"@type":"PropertyValueSpecification","valueRequired":true,"valueName":"search_term_string"}}],"inLanguage":"pl-PL"},{"@type":"Person","@id":"https:\/\/www.welovecycling.com\/pl\/#\/schema\/person\/0dba2d39da943db9df3fd8f4687e7f23","name":"piotrboczkowski","image":{"@type":"ImageObject","inLanguage":"pl-PL","@id":"https:\/\/www.welovecycling.com\/pl\/#\/schema\/person\/image\/","url":"https:\/\/secure.gravatar.com\/avatar\/533caccae14752e03a2ce2d3fd62d1b98b93e1393c3195c27819e53344ca1ace?s=96&d=mm&r=g","contentUrl":"https:\/\/secure.gravatar.com\/avatar\/533caccae14752e03a2ce2d3fd62d1b98b93e1393c3195c27819e53344ca1ace?s=96&d=mm&r=g","caption":"piotrboczkowski"},"url":"https:\/\/www.welovecycling.com\/pl\/author\/piotrboczkowski\/"}]}},"_links":{"self":[{"href":"https:\/\/www.welovecycling.com\/pl\/wp-json\/wp\/v2\/posts\/7433","targetHints":{"allow":["GET"]}}],"collection":[{"href":"https:\/\/www.welovecycling.com\/pl\/wp-json\/wp\/v2\/posts"}],"about":[{"href":"https:\/\/www.welovecycling.com\/pl\/wp-json\/wp\/v2\/types\/post"}],"author":[{"embeddable":true,"href":"https:\/\/www.welovecycling.com\/pl\/wp-json\/wp\/v2\/users\/76"}],"replies":[{"embeddable":true,"href":"https:\/\/www.welovecycling.com\/pl\/wp-json\/wp\/v2\/comments?post=7433"}],"version-history":[{"count":2,"href":"https:\/\/www.welovecycling.com\/pl\/wp-json\/wp\/v2\/posts\/7433\/revisions"}],"predecessor-version":[{"id":7444,"href":"https:\/\/www.welovecycling.com\/pl\/wp-json\/wp\/v2\/posts\/7433\/revisions\/7444"}],"wp:featuredmedia":[{"embeddable":true,"href":"https:\/\/www.welovecycling.com\/pl\/wp-json\/wp\/v2\/media\/7440"}],"wp:attachment":[{"href":"https:\/\/www.welovecycling.com\/pl\/wp-json\/wp\/v2\/media?parent=7433"}],"wp:term":[{"taxonomy":"category","embeddable":true,"href":"https:\/\/www.welovecycling.com\/pl\/wp-json\/wp\/v2\/categories?post=7433"},{"taxonomy":"post_tag","embeddable":true,"href":"https:\/\/www.welovecycling.com\/pl\/wp-json\/wp\/v2\/tags?post=7433"},{"taxonomy":"global-categories","embeddable":true,"href":"https:\/\/www.welovecycling.com\/pl\/wp-json\/wp\/v2\/global-categories?post=7433"}],"curies":[{"name":"wp","href":"https:\/\/api.w.org\/{rel}","templated":true}]}}