{"id":7429,"date":"2018-07-23T14:19:33","date_gmt":"2018-07-23T14:19:33","guid":{"rendered":"https:\/\/www.welovecycling.com\/pl\/?p=7429"},"modified":"2018-07-23T14:19:33","modified_gmt":"2018-07-23T14:19:33","slug":"bartosz-huzarski-podsumowanie-pierwszych-dwoch-tygodni-tour-de-france","status":"publish","type":"post","link":"https:\/\/www.welovecycling.com\/pl\/2018\/07\/23\/bartosz-huzarski-podsumowanie-pierwszych-dwoch-tygodni-tour-de-france\/","title":{"rendered":"Bartosz Huzarski: Podsumowanie pierwszych dw\u00f3ch tygodni Tour de France."},"content":{"rendered":"<p>Ca\u0142a zabawa rozpocz\u0119\u0142a si\u0119 7 lipca w Noirmoutier, mie\u015bcie po\u0142o\u017conym na wyspie w rejonie Vend\u00e9e. To w\u0142a\u015bnie tam w pierwszym z dwudziestu jeden etap\u00f3w 105 edycji Wielkiej P\u0119tli wystartowa\u0142o 176 zawodnik\u00f3w z 22 dru\u017cyn. W tym roku po raz pierwszy dru\u017cyny stan\u0119\u0142y na starcie w sk\u0142adach o\u015bmioosobowych, a w tym zacnym gronie jest pi\u0119ciu Polak\u00f3w.<\/p>\n<p>Tour de France jecha\u0142em trzy razy, ka\u017cd\u0105 edycj\u0119 ko\u0144czy\u0142em na Polach Elizejskich w Pary\u017cu, wi\u0119c znam ten wy\u015bcig do\u015b\u0107 dobrze, wiem, jakie emocje towarzysz\u0105 zawodnikom, jakie obs\u0142udze, a jakie managerom ekip. Jest to wy\u015bcig wyj\u0105tkowy, jeden z niewielu, kt\u00f3rych si\u0119 nienawidzi, ale i tak chce si\u0119 tu wr\u00f3ci\u0107. Czy ta edycja jest inna, spr\u00f3buj\u0119 si\u0119 nad tym zastanowi\u0107 w drugim dniu przerwy.<\/p>\n<p>Pierwszy tydzie\u0144 podczas francuskiej trzytygodni\u00f3wki jest bardzo nerwowy, kolarze pokonuj\u0105 p\u0142askie, szybkie, wietrzne i niebezpieczne etapy. Nadmorskie miejscowo\u015bci, w\u0105skie drogi oraz otwarta ka\u017cde wszystkie klasyfikacje wyzwalaj\u0105 w zawodnikach ch\u0119\u0107 pokazania si\u0119 z jak najlepszej strony, spychaj\u0105c jednocze\u015bnie zdrowy rozs\u0105dek na drugi plan. Ale to jest sport zawodowy, a TDF to najwi\u0119kszy i najwa\u017cniejszy kolarski etapowy wy\u015bcig \u015bwiata. Sukces na ka\u017cdym innym Grand Tourze ustawia nam karier\u0119, sukces tutaj mo\u017ce ustawi\u0107 \u017cycie, \u017c\u0105dza zwyci\u0119stwa jest wi\u0119c wielka.<\/p>\n<p>Nie inaczej zatem by\u0142o w tym roku, kiedy to sprinterzy walczyli o \u0142upy etapowe, zawodnicy maj\u0105cy chrapk\u0119 na wysokie miejsce w klasyfikacji generalnej pilnowali przodu. To takie dni, kiedy ka\u017cdy zawodnik chce jecha\u0107 jak najbli\u017cej czo\u0142a peletonu, by nie straci\u0107, nie upa\u015b\u0107, nie sko\u0144czy\u0107 wy\u015bcigu zbyt wcze\u015bnie. M\u00f3wi si\u0119, \u017ce w pierwszym tygodniu TDF nikt nie wygra, ale ka\u017cdy mo\u017ce go wtedy przegra\u0107. W tych pierwszych dniach wy\u015bcigu nasze oczy skierowane by\u0142y na ob\u00f3z ekipy Bora-Hansgrohe z jej liderem na klasyfikacj\u0119 generaln\u0105 Rafa\u0142em Majk\u0105. Wielkie nadzieje rodak\u00f3w, dru\u017cyny i samego Rafa\u0142a, podparte \u015bwietnymi wynikami uzyskiwanymi na ostatnich treningach oraz rokiem przygotowa\u0144, mia\u0142y nam da\u0107 emocje i szans\u0119 na rezultat w pierwszej pi\u0105tce klasyfikacji generalnej. Pocz\u0105tkowa, najbardziej nerwowa cz\u0119\u015b\u0107 wy\u015bcigu zako\u0144czy\u0142a si\u0119 po dziewi\u0105tym etapie z met\u0105 w Roubaix i do tego miejsca Rafa\u0142 mia\u0142 wy\u015bmienit\u0105 pozycj\u0119 do ataku, zajmowa\u0142 6 miejsce w klasyfikacji generalnej i wy\u015bcig wje\u017cd\u017ca\u0142 w g\u00f3ry, a to jego ulubiony teren. Bardzo dobrze do pierwszego dnia wolnego spisywa\u0142 si\u0119 Micha\u0142 Kwiatkowski, aktualny Mistrz Polski ze startu wsp\u00f3lnego, bardzo wa\u017cne ogniwo w Team Sky. Pracowa\u0142 bardzo mocno w decyduj\u0105cych momentach ka\u017cdego etapu.<\/p>\n<p>Dzie\u0144 wolny mia\u0142 nam da\u0107 nadziej\u0119 na szybk\u0105 regeneracj\u0119 naszych zawodnik\u00f3w i walk\u0119 Rafa\u0142a na alpejskich prze\u0142\u0119czach. Niestety tutaj \u017cycie napisa\u0142o sw\u00f3j scenariusz, Rafa\u0142 rozpocz\u0105\u0142 \u017ale drugi tydzie\u0144, wszyscy mieli\u015bmy nadziej\u0119, \u017ce to efekt dnia wolnego, po kt\u00f3rym wielu zawodnik\u00f3w przechodzi kryzys, zwalali\u015bmy win\u0119 na dwa upadki podczas dziewi\u0105tego, prowadz\u0105cego po brukach etapu. Ale p\u00f3\u017aniej okaza\u0142o si\u0119, \u017ce problem jest chyba zdecydowanie bardziej rozleg\u0142y. Rafa\u0142 straci\u0142 zn\u00f3w cenne minuty podczas 11 i 12 etapu \u2013 wtedy to z rywalizacji wycofa\u0142o si\u0119 kilkunastu zawodnik\u00f3w, wielu uzna\u0142o, \u017ce to, co przygotowali organizatorzy, to by\u0142o jednak troch\u0119 za du\u017co. Nie mniej jednak szans cho\u0107by na pierwsz\u0105 dziesi\u0105tk\u0119 raczej ju\u017c nie ma, ale nas, i pewnie Rafa\u0142a, nie interesuje pierwsza dziesi\u0105tka, tylko wygrany etap i mam nadziej\u0119, \u017ce nie powiedzia\u0142 na tym wy\u015bcigu jeszcze ostatniego s\u0142owa.<\/p>\n<p>\u015awietnie jedzie Micha\u0142 Kwiatkowski, wspiera lider\u00f3w Sky, jak tylko mo\u017ce. Mo\u017cna powiedzie\u0107, \u017ce dwoi si\u0119 i troi, zawsze jest tam, gdzie by\u0107 musi, i realizuje konsekwentn\u0105 taktyk\u0119 dru\u017cyny, kt\u00f3rej oczkiem w g\u0142owie i celem nadrz\u0119dnym jest jedno \u2013 \u017c\u00f3\u0142ta koszulka lidera wy\u015bcigu po mecie na Polach Elizejskich. Sk\u0142ad zosta\u0142 dobrany pod trzy tygodnie rywalizacji na najwy\u017cszym poziomie, ustawiony pod lidera Christofera Frooma, cho\u0107 ten nie wydaje si\u0119 wybitnie silny, gdy\u017c jego dru\u017cynowy kolega Geraint Tomas jad\u0105cy w \u017c\u00f3\u0142tej koszulce lidera wygra\u0142 ju\u017c dwa etapy.\u00a0 Czy b\u0119dzie powt\u00f3rka z pami\u0119tnego starcia Froome-Wiggins? Przekonamy si\u0119 w najbli\u017cszych dniach.<\/p>\n<p>Kraksy, pech i trudy wy\u015bcigu r\u00f3wnie\u017c wp\u0142yn\u0119\u0142y na obecny sk\u0142ad peletonu. Dalej nie jad\u0105 ju\u017c realni kandydaci do podium \u2013 Nibali (kolizja z kibicem) oraz Porte (kraksa). Wielu sprinter\u00f3w zosta\u0142o odes\u0142anych do domu po przekroczeniu limitu czasowego lub po prostu nie poradzili sobie z g\u00f3rskimi etapami. Ale ci zawodnicy, kt\u00f3rzy pozostali w grze, sprawiaj\u0105 nam widzom sporo rado\u015bci. \u015awietnie jedzie Tom Dumoulin, Steven Kruijswijk oraz S\u0142oweniec, by\u0142y skoczek narciarski Primoz Roglic. Zawodzi jednak troch\u0119 Movistar z trzema liderami \u2013 zawodnikami, kt\u00f3rzy powinni walczy\u0107 o podium. Dopiero na 6 miejscu plasuje si\u0119 Mikel Landa, 8 jest Nairo Quintana, a 11 Valverde. Owszem, daje im to prowadzenie w klasyfikacji dru\u017cynowej, ale chyba nie tak planowali przebieg tych pierwszych dw\u00f3ch tygodni rywalizacji.<\/p>\n<p>To wszystko pokazuje tylko, jak bardzo zmiennym i nieprzewidywalnym sportem jest kolarstwo. M\u00f3j kolega, redaktor Eurosportu, z kt\u00f3rym mam przyjemno\u015b\u0107 \u015bledzi\u0107 wy\u015bcig na miejscu tu we Francji, Adam Probosz, u\u017cywa okre\u015blenia, kt\u00f3re bardzo mi si\u0119 podoba \u2013 wy\u015bcig, peleton jest jak \u017cywy organizm. A wiadomo, \u017ce \u017cywy organizm jest nieprzewidywalny, ma zmienne nastroje, lepsze i gorsze dni, a to daje nam, kibicom i obserwatorom kolarstwa, nadzieje na wiele interesuj\u0105cych rozstrzygni\u0119\u0107 w ostatnim tygodniu rywalizacji. Czekamy na \u015bmia\u0142e akcje Tomka Marczy\u0144skiego, Rafa\u0142a Majki czy Paw\u0142a Polja\u0144skiego. Liczymy na aktualnego Mistrza Polski w je\u017adzie indywidualnej na czas, Ma\u0107ka Bodnara, kt\u00f3ry w pi\u0119knym stylu si\u0119gn\u0105\u0142 po kolejny tytu\u0142 na Polach Grunwaldu. Wiemy, \u017ce praca Micha\u0142a Kwiatkowskiego przysporzy nam wiele dumy i rado\u015bci jak kiedy\u015b praca Sylwka Szmyda czy Darka Baranowskiego.<\/p>\n<p>Zapraszam wi\u0119c do \u015bledzenia tego, co dzieje si\u0119 na trasie TDF2018, i cho\u0107by mentalnego wsparcia naszych rodak\u00f3w na tym najwi\u0119kszym i najbardziej wymagaj\u0105cym wy\u015bcigu na \u015bwiecie.<\/p>\n","protected":false},"excerpt":{"rendered":"<p>Ca\u0142a zabawa rozpocz\u0119\u0142a si\u0119 7 lipca w Noirmoutier, mie\u015bcie po\u0142o\u017conym na wyspie w rejonie Vend\u00e9e. To w\u0142a\u015bnie tam w pierwszym [&hellip;]<\/p>\n","protected":false},"author":76,"featured_media":7430,"comment_status":"open","ping_status":"open","sticky":false,"template":"","format":"standard","meta":{"footnotes":""},"categories":[203,270],"tags":[108,73,77,212],"global-categories":[],"class_list":["post-7429","post","type-post","status-publish","format-standard","has-post-thumbnail","hentry","category-bartosz-huzarski","category-tour-de-france-2018","tag-bartosz-huzarski","tag-tdf","tag-tour-de-france","tag-tour-de-france-2018"],"yoast_head":"<!-- This site is optimized with the Yoast SEO Premium plugin v25.3 (Yoast SEO v25.9) - https:\/\/yoast.com\/wordpress\/plugins\/seo\/ -->\n<title>Bartosz Huzarski: Podsumowanie pierwszych dw\u00f3ch tygodni Tour de France. - \u0160koda We Love Cycling - Poland<\/title>\n<meta name=\"robots\" content=\"index, follow, max-snippet:-1, max-image-preview:large, max-video-preview:-1\" \/>\n<link rel=\"canonical\" href=\"https:\/\/www.welovecycling.com\/pl\/2018\/07\/23\/bartosz-huzarski-podsumowanie-pierwszych-dwoch-tygodni-tour-de-france\/\" \/>\n<meta property=\"og:locale\" content=\"pl_PL\" \/>\n<meta property=\"og:type\" content=\"article\" \/>\n<meta property=\"og:title\" content=\"Bartosz Huzarski: Podsumowanie pierwszych dw\u00f3ch tygodni Tour de France.\" \/>\n<meta property=\"og:description\" content=\"Ca\u0142a zabawa rozpocz\u0119\u0142a si\u0119 7 lipca w Noirmoutier, mie\u015bcie po\u0142o\u017conym na wyspie w rejonie Vend\u00e9e. To w\u0142a\u015bnie tam w pierwszym [&hellip;]\" \/>\n<meta property=\"og:url\" content=\"https:\/\/www.welovecycling.com\/pl\/2018\/07\/23\/bartosz-huzarski-podsumowanie-pierwszych-dwoch-tygodni-tour-de-france\/\" \/>\n<meta property=\"og:site_name\" content=\"\u0160koda We Love Cycling - Poland\" \/>\n<meta property=\"article:published_time\" content=\"2018-07-23T14:19:33+00:00\" \/>\n<meta property=\"og:image\" content=\"https:\/\/d2p6e6u75xmxt8.cloudfront.net\/5\/2018\/07\/37528071_2065545693489627_7892364996129062912_n.jpg\" \/>\n\t<meta property=\"og:image:width\" content=\"960\" \/>\n\t<meta property=\"og:image:height\" content=\"720\" \/>\n\t<meta property=\"og:image:type\" content=\"image\/jpeg\" \/>\n<meta name=\"author\" content=\"piotrboczkowski\" \/>\n<meta name=\"twitter:card\" content=\"summary_large_image\" \/>\n<meta name=\"twitter:label1\" content=\"Written by\" \/>\n\t<meta name=\"twitter:data1\" content=\"Bartosz Huzarski\" \/>\n\t<meta name=\"twitter:label2\" content=\"Est. reading time\" \/>\n\t<meta name=\"twitter:data2\" content=\"5 minutes\" \/>\n<script type=\"application\/ld+json\" class=\"yoast-schema-graph\">{\"@context\":\"https:\/\/schema.org\",\"@graph\":[{\"@type\":\"WebPage\",\"@id\":\"https:\/\/www.welovecycling.com\/pl\/2018\/07\/23\/bartosz-huzarski-podsumowanie-pierwszych-dwoch-tygodni-tour-de-france\/\",\"url\":\"https:\/\/www.welovecycling.com\/pl\/2018\/07\/23\/bartosz-huzarski-podsumowanie-pierwszych-dwoch-tygodni-tour-de-france\/\",\"name\":\"Bartosz Huzarski: Podsumowanie pierwszych dw\u00f3ch tygodni Tour de France. - \u0160koda We Love Cycling - Poland\",\"isPartOf\":{\"@id\":\"https:\/\/www.welovecycling.com\/pl\/#website\"},\"primaryImageOfPage\":{\"@id\":\"https:\/\/www.welovecycling.com\/pl\/2018\/07\/23\/bartosz-huzarski-podsumowanie-pierwszych-dwoch-tygodni-tour-de-france\/#primaryimage\"},\"image\":{\"@id\":\"https:\/\/www.welovecycling.com\/pl\/2018\/07\/23\/bartosz-huzarski-podsumowanie-pierwszych-dwoch-tygodni-tour-de-france\/#primaryimage\"},\"thumbnailUrl\":\"https:\/\/d2p6e6u75xmxt8.cloudfront.net\/5\/2018\/07\/37528071_2065545693489627_7892364996129062912_n.jpg\",\"datePublished\":\"2018-07-23T14:19:33+00:00\",\"author\":{\"@id\":\"https:\/\/www.welovecycling.com\/pl\/#\/schema\/person\/0dba2d39da943db9df3fd8f4687e7f23\"},\"breadcrumb\":{\"@id\":\"https:\/\/www.welovecycling.com\/pl\/2018\/07\/23\/bartosz-huzarski-podsumowanie-pierwszych-dwoch-tygodni-tour-de-france\/#breadcrumb\"},\"inLanguage\":\"pl-PL\",\"potentialAction\":[{\"@type\":\"ReadAction\",\"target\":[\"https:\/\/www.welovecycling.com\/pl\/2018\/07\/23\/bartosz-huzarski-podsumowanie-pierwszych-dwoch-tygodni-tour-de-france\/\"]}]},{\"@type\":\"ImageObject\",\"inLanguage\":\"pl-PL\",\"@id\":\"https:\/\/www.welovecycling.com\/pl\/2018\/07\/23\/bartosz-huzarski-podsumowanie-pierwszych-dwoch-tygodni-tour-de-france\/#primaryimage\",\"url\":\"https:\/\/d2p6e6u75xmxt8.cloudfront.net\/5\/2018\/07\/37528071_2065545693489627_7892364996129062912_n.jpg\",\"contentUrl\":\"https:\/\/d2p6e6u75xmxt8.cloudfront.net\/5\/2018\/07\/37528071_2065545693489627_7892364996129062912_n.jpg\",\"width\":960,\"height\":720},{\"@type\":\"BreadcrumbList\",\"@id\":\"https:\/\/www.welovecycling.com\/pl\/2018\/07\/23\/bartosz-huzarski-podsumowanie-pierwszych-dwoch-tygodni-tour-de-france\/#breadcrumb\",\"itemListElement\":[{\"@type\":\"ListItem\",\"position\":1,\"name\":\"Home\",\"item\":\"https:\/\/www.welovecycling.com\/pl\/\"},{\"@type\":\"ListItem\",\"position\":2,\"name\":\"Bartosz Huzarski: Podsumowanie pierwszych dw\u00f3ch tygodni Tour de France.\"}]},{\"@type\":\"WebSite\",\"@id\":\"https:\/\/www.welovecycling.com\/pl\/#website\",\"url\":\"https:\/\/www.welovecycling.com\/pl\/\",\"name\":\"\u0160koda We Love Cycling - Poland\",\"description\":\"\",\"potentialAction\":[{\"@type\":\"SearchAction\",\"target\":{\"@type\":\"EntryPoint\",\"urlTemplate\":\"https:\/\/www.welovecycling.com\/pl\/?s={search_term_string}\"},\"query-input\":{\"@type\":\"PropertyValueSpecification\",\"valueRequired\":true,\"valueName\":\"search_term_string\"}}],\"inLanguage\":\"pl-PL\"},{\"@type\":\"Person\",\"@id\":\"https:\/\/www.welovecycling.com\/pl\/#\/schema\/person\/0dba2d39da943db9df3fd8f4687e7f23\",\"name\":\"piotrboczkowski\",\"image\":{\"@type\":\"ImageObject\",\"inLanguage\":\"pl-PL\",\"@id\":\"https:\/\/www.welovecycling.com\/pl\/#\/schema\/person\/image\/\",\"url\":\"https:\/\/secure.gravatar.com\/avatar\/533caccae14752e03a2ce2d3fd62d1b98b93e1393c3195c27819e53344ca1ace?s=96&d=mm&r=g\",\"contentUrl\":\"https:\/\/secure.gravatar.com\/avatar\/533caccae14752e03a2ce2d3fd62d1b98b93e1393c3195c27819e53344ca1ace?s=96&d=mm&r=g\",\"caption\":\"piotrboczkowski\"},\"url\":\"https:\/\/www.welovecycling.com\/pl\/author\/piotrboczkowski\/\"}]}<\/script>\n<!-- \/ Yoast SEO Premium plugin. -->","yoast_head_json":{"title":"Bartosz Huzarski: Podsumowanie pierwszych dw\u00f3ch tygodni Tour de France. - \u0160koda We Love Cycling - Poland","robots":{"index":"index","follow":"follow","max-snippet":"max-snippet:-1","max-image-preview":"max-image-preview:large","max-video-preview":"max-video-preview:-1"},"canonical":"https:\/\/www.welovecycling.com\/pl\/2018\/07\/23\/bartosz-huzarski-podsumowanie-pierwszych-dwoch-tygodni-tour-de-france\/","og_locale":"pl_PL","og_type":"article","og_title":"Bartosz Huzarski: Podsumowanie pierwszych dw\u00f3ch tygodni Tour de France.","og_description":"Ca\u0142a zabawa rozpocz\u0119\u0142a si\u0119 7 lipca w Noirmoutier, mie\u015bcie po\u0142o\u017conym na wyspie w rejonie Vend\u00e9e. To w\u0142a\u015bnie tam w pierwszym [&hellip;]","og_url":"https:\/\/www.welovecycling.com\/pl\/2018\/07\/23\/bartosz-huzarski-podsumowanie-pierwszych-dwoch-tygodni-tour-de-france\/","og_site_name":"\u0160koda We Love Cycling - Poland","article_published_time":"2018-07-23T14:19:33+00:00","og_image":[{"width":960,"height":720,"url":"https:\/\/d2p6e6u75xmxt8.cloudfront.net\/5\/2018\/07\/37528071_2065545693489627_7892364996129062912_n.jpg","type":"image\/jpeg"}],"author":"piotrboczkowski","twitter_card":"summary_large_image","twitter_misc":{"Written by":"Bartosz Huzarski","Est. reading time":"5 minutes"},"schema":{"@context":"https:\/\/schema.org","@graph":[{"@type":"WebPage","@id":"https:\/\/www.welovecycling.com\/pl\/2018\/07\/23\/bartosz-huzarski-podsumowanie-pierwszych-dwoch-tygodni-tour-de-france\/","url":"https:\/\/www.welovecycling.com\/pl\/2018\/07\/23\/bartosz-huzarski-podsumowanie-pierwszych-dwoch-tygodni-tour-de-france\/","name":"Bartosz Huzarski: Podsumowanie pierwszych dw\u00f3ch tygodni Tour de France. - \u0160koda We Love Cycling - Poland","isPartOf":{"@id":"https:\/\/www.welovecycling.com\/pl\/#website"},"primaryImageOfPage":{"@id":"https:\/\/www.welovecycling.com\/pl\/2018\/07\/23\/bartosz-huzarski-podsumowanie-pierwszych-dwoch-tygodni-tour-de-france\/#primaryimage"},"image":{"@id":"https:\/\/www.welovecycling.com\/pl\/2018\/07\/23\/bartosz-huzarski-podsumowanie-pierwszych-dwoch-tygodni-tour-de-france\/#primaryimage"},"thumbnailUrl":"https:\/\/d2p6e6u75xmxt8.cloudfront.net\/5\/2018\/07\/37528071_2065545693489627_7892364996129062912_n.jpg","datePublished":"2018-07-23T14:19:33+00:00","author":{"@id":"https:\/\/www.welovecycling.com\/pl\/#\/schema\/person\/0dba2d39da943db9df3fd8f4687e7f23"},"breadcrumb":{"@id":"https:\/\/www.welovecycling.com\/pl\/2018\/07\/23\/bartosz-huzarski-podsumowanie-pierwszych-dwoch-tygodni-tour-de-france\/#breadcrumb"},"inLanguage":"pl-PL","potentialAction":[{"@type":"ReadAction","target":["https:\/\/www.welovecycling.com\/pl\/2018\/07\/23\/bartosz-huzarski-podsumowanie-pierwszych-dwoch-tygodni-tour-de-france\/"]}]},{"@type":"ImageObject","inLanguage":"pl-PL","@id":"https:\/\/www.welovecycling.com\/pl\/2018\/07\/23\/bartosz-huzarski-podsumowanie-pierwszych-dwoch-tygodni-tour-de-france\/#primaryimage","url":"https:\/\/d2p6e6u75xmxt8.cloudfront.net\/5\/2018\/07\/37528071_2065545693489627_7892364996129062912_n.jpg","contentUrl":"https:\/\/d2p6e6u75xmxt8.cloudfront.net\/5\/2018\/07\/37528071_2065545693489627_7892364996129062912_n.jpg","width":960,"height":720},{"@type":"BreadcrumbList","@id":"https:\/\/www.welovecycling.com\/pl\/2018\/07\/23\/bartosz-huzarski-podsumowanie-pierwszych-dwoch-tygodni-tour-de-france\/#breadcrumb","itemListElement":[{"@type":"ListItem","position":1,"name":"Home","item":"https:\/\/www.welovecycling.com\/pl\/"},{"@type":"ListItem","position":2,"name":"Bartosz Huzarski: Podsumowanie pierwszych dw\u00f3ch tygodni Tour de France."}]},{"@type":"WebSite","@id":"https:\/\/www.welovecycling.com\/pl\/#website","url":"https:\/\/www.welovecycling.com\/pl\/","name":"\u0160koda We Love Cycling - Poland","description":"","potentialAction":[{"@type":"SearchAction","target":{"@type":"EntryPoint","urlTemplate":"https:\/\/www.welovecycling.com\/pl\/?s={search_term_string}"},"query-input":{"@type":"PropertyValueSpecification","valueRequired":true,"valueName":"search_term_string"}}],"inLanguage":"pl-PL"},{"@type":"Person","@id":"https:\/\/www.welovecycling.com\/pl\/#\/schema\/person\/0dba2d39da943db9df3fd8f4687e7f23","name":"piotrboczkowski","image":{"@type":"ImageObject","inLanguage":"pl-PL","@id":"https:\/\/www.welovecycling.com\/pl\/#\/schema\/person\/image\/","url":"https:\/\/secure.gravatar.com\/avatar\/533caccae14752e03a2ce2d3fd62d1b98b93e1393c3195c27819e53344ca1ace?s=96&d=mm&r=g","contentUrl":"https:\/\/secure.gravatar.com\/avatar\/533caccae14752e03a2ce2d3fd62d1b98b93e1393c3195c27819e53344ca1ace?s=96&d=mm&r=g","caption":"piotrboczkowski"},"url":"https:\/\/www.welovecycling.com\/pl\/author\/piotrboczkowski\/"}]}},"_links":{"self":[{"href":"https:\/\/www.welovecycling.com\/pl\/wp-json\/wp\/v2\/posts\/7429","targetHints":{"allow":["GET"]}}],"collection":[{"href":"https:\/\/www.welovecycling.com\/pl\/wp-json\/wp\/v2\/posts"}],"about":[{"href":"https:\/\/www.welovecycling.com\/pl\/wp-json\/wp\/v2\/types\/post"}],"author":[{"embeddable":true,"href":"https:\/\/www.welovecycling.com\/pl\/wp-json\/wp\/v2\/users\/76"}],"replies":[{"embeddable":true,"href":"https:\/\/www.welovecycling.com\/pl\/wp-json\/wp\/v2\/comments?post=7429"}],"version-history":[{"count":2,"href":"https:\/\/www.welovecycling.com\/pl\/wp-json\/wp\/v2\/posts\/7429\/revisions"}],"predecessor-version":[{"id":7432,"href":"https:\/\/www.welovecycling.com\/pl\/wp-json\/wp\/v2\/posts\/7429\/revisions\/7432"}],"wp:featuredmedia":[{"embeddable":true,"href":"https:\/\/www.welovecycling.com\/pl\/wp-json\/wp\/v2\/media\/7430"}],"wp:attachment":[{"href":"https:\/\/www.welovecycling.com\/pl\/wp-json\/wp\/v2\/media?parent=7429"}],"wp:term":[{"taxonomy":"category","embeddable":true,"href":"https:\/\/www.welovecycling.com\/pl\/wp-json\/wp\/v2\/categories?post=7429"},{"taxonomy":"post_tag","embeddable":true,"href":"https:\/\/www.welovecycling.com\/pl\/wp-json\/wp\/v2\/tags?post=7429"},{"taxonomy":"global-categories","embeddable":true,"href":"https:\/\/www.welovecycling.com\/pl\/wp-json\/wp\/v2\/global-categories?post=7429"}],"curies":[{"name":"wp","href":"https:\/\/api.w.org\/{rel}","templated":true}]}}