{"id":7426,"date":"2018-07-23T13:52:07","date_gmt":"2018-07-23T13:52:07","guid":{"rendered":"https:\/\/www.welovecycling.com\/pl\/?p=7426"},"modified":"2018-07-23T13:52:07","modified_gmt":"2018-07-23T13:52:07","slug":"czas-na-ostateczne-rozstrzygniecia-w-tour-de-france","status":"publish","type":"post","link":"https:\/\/www.welovecycling.com\/pl\/2018\/07\/23\/czas-na-ostateczne-rozstrzygniecia-w-tour-de-france\/","title":{"rendered":"Czas na ostateczne rozstrzygni\u0119cia w Tour de France"},"content":{"rendered":"<p>Tour de France wje\u017cd\u017ca na ostatni\u0105 prost\u0105! Kolarzy wci\u0105gn\u0105\u0107 chcia\u0142 tam Rafa\u0142 Majka i zyska\u0142 uznanie, ale sam niewiele m\u00f3g\u0142 zdzia\u0142a\u0107. Teraz jednak zaczyna si\u0119 najbardziej pasjonuj\u0105cy tydzie\u0144 w Wielkiej P\u0119tli, a by\u0107 mo\u017ce tak\u017ce w ca\u0142ym kolarskim sezonie!<\/p>\n<p>S\u0105 polscy kibice, polskie flagi i polskie nadzieje, ale na razie brakowa\u0142o mocnych bia\u0142o-czerwonych akcent\u00f3w. Nikt nie finiszowa\u0142 w czo\u0142\u00f3wce, nie walczy\u0142 o wygranie kt\u00f3rej\u015b z klasyfikacji, o etapie nie wspominaj\u0105c. W niedziel\u0119 jednak Rafa\u0142 Majka przypomnia\u0142, \u017ce Polacy w Tour de France nie s\u0105 turystami, tylko zawodnikami, kt\u00f3rzy potrafi\u0105 odegra\u0107 wa\u017cn\u0105 rol\u0119.<\/p>\n<p><strong>Da\u0142 z siebie wszystko<\/strong><\/p>\n<p>Ile odda\u0142by kolarz z Zegartowic, \u017ceby mie\u0107 moc przybli\u017cania linii mety o jakie\u015b 15 kilometr\u00f3w? W\u0142a\u015bnie tam, na ok. 165. kilometrze, by\u0142 jeszcze liderem, ale p\u00f3\u017aniej siedmioosobowa grupa dorwa\u0142a go jak stado wyg\u0142odnia\u0142ych wilk\u00f3w. Mimo to organizatorzy Wielkiej P\u0119tli docenili Polaka i okrzykn\u0119li go najbardziej walecznym zawodnikiem etapu.<\/p>\n<p>Majka zas\u0142u\u017cy\u0142 sobie na to w swoim stylu. Gdy na stromym podje\u017adzie wydawa\u0142o si\u0119, \u017ce zawodnicy sun\u0105 do przodu ju\u017c tylko si\u0142\u0105 woli, Polak zaatakowa\u0142, jakby jego rower by\u0142 wyposa\u017cony w silnik. Zgarn\u0105\u0142 premi\u0119 g\u00f3rsk\u0105, odjecha\u0142 grupie po\u015bcigowej, ale problem by\u0142 jeden \u2013 od mety dzieli\u0142o go jeszcze 40 km. D\u0142ugo dzielnie si\u0119 broni\u0142, ale 15 km przed ko\u0144cem musia\u0142 powiedzie\u0107: \u201edo\u015b\u0107\u201d i ostatecznie zaj\u0105\u0142 \u00f3sme miejsce.<\/p>\n<p>\u2013 Gdy dosta\u0142em zielone \u015bwiat\u0142o od zespo\u0142u, to zaatakowa\u0142em. Niestety, moja przewaga by\u0142a zbyt ma\u0142a. P\u00f3\u017aniej by\u0142 jeszcze d\u0142ugi zjazd i p\u0142aski fragment, wi\u0119c nie by\u0142o szans, \u017cebym dojecha\u0142 do mety samotnie. Da\u0142em z siebie wszystko, chcia\u0142em wygra\u0107 \u2013 podkre\u015bla Majka.<\/p>\n<p>Weekendowe etapy pad\u0142y \u0142upem dru\u017cyny Astana. W sobot\u0119 najszybszy by\u0142 Omar Fraile, a w niedziel\u0119 Magnus Cort Nielsen. W klasyfikacji generalnej wiele si\u0119 nie zmieni\u0142o \u2013 prowadzi Gerain Thomas przed Christopherem Froome\u2019em, a duet Team Sky goni Tom Dumoulin z Sunweb.<\/p>\n<p><strong>Do gry wchodz\u0105 najmocniejsi<\/strong><\/p>\n<p>Wszystko wi\u0119c rozstrzygnie si\u0119 w Pirenejach i na czas\u00f3wce Saint-P\u00e9e-sur-Nivelle \u2013 Espelette, a to oznacza, \u017ce przed kibicami kolarstwa pasjonuj\u0105cy tydzie\u0144, prawdopodobnie jeden z najciekawszych w ca\u0142ym sezonie. To ju\u017c bowiem nie miejsce i czas na magazynowanie si\u0142, taktyczne szachy czy ukrywanie si\u0119 w peletonie. Teraz do gry wchodz\u0105 najmocniejsi.<\/p>\n<p>W poniedzia\u0142ek zawodnicy odpoczywaj\u0105, ale od wtorku zaczyna si\u0119 mordercze \u015bciganie. Na pocz\u0105tek d\u0142ugi, bo a\u017c 218-kilometrowy etap z Carcassonne do Bagn\u00e8res. Kolarze b\u0119d\u0105 si\u0119 z nim m\u0119czyli 5-6 godzin, po drodze zalicz\u0105 pi\u0119\u0107 g\u00f3rskich premii, ale ch\u0119tnych do wygrania nie brakuje. W\u015br\u00f3d nich jest tak\u017ce Rafa\u0142 Majka.<\/p>\n<p>\u2013 Licz\u0119, \u017ce w ostatnim tygodniu na Tour de France sta\u0107 mnie b\u0119dzie na wi\u0119cej \u2013 podkre\u015bla Polak z zespo\u0142u Bora Hansgrohe.<\/p>\n<p>Szczeg\u00f3lnie ciekawie zapowiada si\u0119 \u015broda, czyli kr\u00f3tki, ale bardzo intensywny etap z Bagn\u00e8res-de-Luchon do Saint-Lary-Soulan. To tam w 2014 r. wygra\u0142 Majka, a w 1993 r. Zenon Jasku\u0142a.<\/p>\n<p>\u2013 To b\u0119dzie eksplozja! Kr\u00f3tki etap, ale trzy wielkie prze\u0142\u0119cze i meta na szczycie \u2013 zapowiada\u0142 w specjalnym wywiadzie dla We Love Cycling Dariusz Baranowski, by\u0142y \u015bwietny kolarz, dzi\u015b komentator Eurosportu.<\/p>\n<p>Z kolei w czwartek kolarze odpoczn\u0105 na p\u0142askim etapie (172 km), by w pi\u0105tek zn\u00f3w wjecha\u0107 w g\u00f3ry (200 km), a w sobot\u0119 \u015bciga\u0107 si\u0119 na czas\u00f3wce (30 km). Tam rozstrzygnie si\u0119, kto w niedziel\u0119 wjedzie na Pola Elizejskie z podniesionymi r\u0119kami.<\/p>\n<p><strong>Klasyfikacja generalna Tour de France po 16 etapach:<\/strong><\/p>\n<ol>\n<li>Geraint Thomas (Team Sky) 62:49:47<\/li>\n<li>Christopher Froome (Team Sky) +00:01:39<\/li>\n<li>Tom Dumoulin (Team Sunweb) +00:01:50<\/li>\n<\/ol>\n<p>&nbsp;<\/p>\n<p>21. Rafa\u0142 Majka (Bora-Hansgrohe) +23:18<\/p>\n<p>64. Micha\u0142 Kwiatkowski (Team Sky) +1:24:30<\/p>\n<p>79. Pawe\u0142 Polja\u0144ski (Bora-Hansgrohe) +1:39:59<\/p>\n<p>108. Tomasz Marczy\u0144ski (Lotto Soudal) +1:59:20<\/p>\n<p>123. Maciej Bodnar (Bora-Hansgrohe) +2:09:59<\/p>\n<p>&nbsp;<\/p>\n<p><strong>Lider klasyfikacji punktowej (sponsorowana przez \u0160kod\u0119):<\/strong> Peter Sagan (Bora Hansgrohe)<\/p>\n<p><strong>Lider klasyfikacji g\u00f3rskiej:<\/strong> Julian Alaphilippe (Quick-Step Floors)<\/p>\n<p><strong>Lider klasyfikacji m\u0142odzie\u017cowej:<\/strong> Pierre Roger Latour (AG2R)<\/p>\n","protected":false},"excerpt":{"rendered":"<p>Tour de France wje\u017cd\u017ca na ostatni\u0105 prost\u0105! Kolarzy wci\u0105gn\u0105\u0107 chcia\u0142 tam Rafa\u0142 Majka i zyska\u0142 uznanie, ale sam niewiele m\u00f3g\u0142 [&hellip;]<\/p>\n","protected":false},"author":76,"featured_media":7427,"comment_status":"open","ping_status":"open","sticky":false,"template":"","format":"standard","meta":{"footnotes":""},"categories":[270],"tags":[73,77,212],"global-categories":[],"class_list":["post-7426","post","type-post","status-publish","format-standard","has-post-thumbnail","hentry","category-tour-de-france-2018","tag-tdf","tag-tour-de-france","tag-tour-de-france-2018"],"yoast_head":"<!-- This site is optimized with the Yoast SEO Premium plugin v25.3 (Yoast SEO v25.9) - https:\/\/yoast.com\/wordpress\/plugins\/seo\/ -->\n<title>Czas na ostateczne rozstrzygni\u0119cia w Tour de France - \u0160koda We Love Cycling - Poland<\/title>\n<meta name=\"robots\" content=\"index, follow, max-snippet:-1, max-image-preview:large, max-video-preview:-1\" \/>\n<link rel=\"canonical\" href=\"https:\/\/www.welovecycling.com\/pl\/2018\/07\/23\/czas-na-ostateczne-rozstrzygniecia-w-tour-de-france\/\" \/>\n<meta property=\"og:locale\" content=\"pl_PL\" \/>\n<meta property=\"og:type\" content=\"article\" \/>\n<meta property=\"og:title\" content=\"Czas na ostateczne rozstrzygni\u0119cia w Tour de France\" \/>\n<meta property=\"og:description\" content=\"Tour de France wje\u017cd\u017ca na ostatni\u0105 prost\u0105! Kolarzy wci\u0105gn\u0105\u0107 chcia\u0142 tam Rafa\u0142 Majka i zyska\u0142 uznanie, ale sam niewiele m\u00f3g\u0142 [&hellip;]\" \/>\n<meta property=\"og:url\" content=\"https:\/\/www.welovecycling.com\/pl\/2018\/07\/23\/czas-na-ostateczne-rozstrzygniecia-w-tour-de-france\/\" \/>\n<meta property=\"og:site_name\" content=\"\u0160koda We Love Cycling - Poland\" \/>\n<meta property=\"article:published_time\" content=\"2018-07-23T13:52:07+00:00\" \/>\n<meta property=\"og:image\" content=\"https:\/\/d2p6e6u75xmxt8.cloudfront.net\/5\/2018\/07\/profimedia-0378915010-1.jpg\" \/>\n\t<meta property=\"og:image:width\" content=\"1366\" \/>\n\t<meta property=\"og:image:height\" content=\"600\" \/>\n\t<meta property=\"og:image:type\" content=\"image\/jpeg\" \/>\n<meta name=\"author\" content=\"piotrboczkowski\" \/>\n<meta name=\"twitter:card\" content=\"summary_large_image\" \/>\n<meta name=\"twitter:label1\" content=\"Written by\" \/>\n\t<meta name=\"twitter:data1\" content=\"Piotr Jawor\" \/>\n\t<meta name=\"twitter:label2\" content=\"Est. reading time\" \/>\n\t<meta name=\"twitter:data2\" content=\"3 minutes\" \/>\n<script type=\"application\/ld+json\" class=\"yoast-schema-graph\">{\"@context\":\"https:\/\/schema.org\",\"@graph\":[{\"@type\":\"WebPage\",\"@id\":\"https:\/\/www.welovecycling.com\/pl\/2018\/07\/23\/czas-na-ostateczne-rozstrzygniecia-w-tour-de-france\/\",\"url\":\"https:\/\/www.welovecycling.com\/pl\/2018\/07\/23\/czas-na-ostateczne-rozstrzygniecia-w-tour-de-france\/\",\"name\":\"Czas na ostateczne rozstrzygni\u0119cia w Tour de France - \u0160koda We Love Cycling - Poland\",\"isPartOf\":{\"@id\":\"https:\/\/www.welovecycling.com\/pl\/#website\"},\"primaryImageOfPage\":{\"@id\":\"https:\/\/www.welovecycling.com\/pl\/2018\/07\/23\/czas-na-ostateczne-rozstrzygniecia-w-tour-de-france\/#primaryimage\"},\"image\":{\"@id\":\"https:\/\/www.welovecycling.com\/pl\/2018\/07\/23\/czas-na-ostateczne-rozstrzygniecia-w-tour-de-france\/#primaryimage\"},\"thumbnailUrl\":\"https:\/\/d2p6e6u75xmxt8.cloudfront.net\/5\/2018\/07\/profimedia-0378915010-1.jpg\",\"datePublished\":\"2018-07-23T13:52:07+00:00\",\"author\":{\"@id\":\"https:\/\/www.welovecycling.com\/pl\/#\/schema\/person\/0dba2d39da943db9df3fd8f4687e7f23\"},\"breadcrumb\":{\"@id\":\"https:\/\/www.welovecycling.com\/pl\/2018\/07\/23\/czas-na-ostateczne-rozstrzygniecia-w-tour-de-france\/#breadcrumb\"},\"inLanguage\":\"pl-PL\",\"potentialAction\":[{\"@type\":\"ReadAction\",\"target\":[\"https:\/\/www.welovecycling.com\/pl\/2018\/07\/23\/czas-na-ostateczne-rozstrzygniecia-w-tour-de-france\/\"]}]},{\"@type\":\"ImageObject\",\"inLanguage\":\"pl-PL\",\"@id\":\"https:\/\/www.welovecycling.com\/pl\/2018\/07\/23\/czas-na-ostateczne-rozstrzygniecia-w-tour-de-france\/#primaryimage\",\"url\":\"https:\/\/d2p6e6u75xmxt8.cloudfront.net\/5\/2018\/07\/profimedia-0378915010-1.jpg\",\"contentUrl\":\"https:\/\/d2p6e6u75xmxt8.cloudfront.net\/5\/2018\/07\/profimedia-0378915010-1.jpg\",\"width\":1366,\"height\":600},{\"@type\":\"BreadcrumbList\",\"@id\":\"https:\/\/www.welovecycling.com\/pl\/2018\/07\/23\/czas-na-ostateczne-rozstrzygniecia-w-tour-de-france\/#breadcrumb\",\"itemListElement\":[{\"@type\":\"ListItem\",\"position\":1,\"name\":\"Home\",\"item\":\"https:\/\/www.welovecycling.com\/pl\/\"},{\"@type\":\"ListItem\",\"position\":2,\"name\":\"Czas na ostateczne rozstrzygni\u0119cia w Tour de France\"}]},{\"@type\":\"WebSite\",\"@id\":\"https:\/\/www.welovecycling.com\/pl\/#website\",\"url\":\"https:\/\/www.welovecycling.com\/pl\/\",\"name\":\"\u0160koda We Love Cycling - Poland\",\"description\":\"\",\"potentialAction\":[{\"@type\":\"SearchAction\",\"target\":{\"@type\":\"EntryPoint\",\"urlTemplate\":\"https:\/\/www.welovecycling.com\/pl\/?s={search_term_string}\"},\"query-input\":{\"@type\":\"PropertyValueSpecification\",\"valueRequired\":true,\"valueName\":\"search_term_string\"}}],\"inLanguage\":\"pl-PL\"},{\"@type\":\"Person\",\"@id\":\"https:\/\/www.welovecycling.com\/pl\/#\/schema\/person\/0dba2d39da943db9df3fd8f4687e7f23\",\"name\":\"piotrboczkowski\",\"image\":{\"@type\":\"ImageObject\",\"inLanguage\":\"pl-PL\",\"@id\":\"https:\/\/www.welovecycling.com\/pl\/#\/schema\/person\/image\/\",\"url\":\"https:\/\/secure.gravatar.com\/avatar\/533caccae14752e03a2ce2d3fd62d1b98b93e1393c3195c27819e53344ca1ace?s=96&d=mm&r=g\",\"contentUrl\":\"https:\/\/secure.gravatar.com\/avatar\/533caccae14752e03a2ce2d3fd62d1b98b93e1393c3195c27819e53344ca1ace?s=96&d=mm&r=g\",\"caption\":\"piotrboczkowski\"},\"url\":\"https:\/\/www.welovecycling.com\/pl\/author\/piotrboczkowski\/\"}]}<\/script>\n<!-- \/ Yoast SEO Premium plugin. -->","yoast_head_json":{"title":"Czas na ostateczne rozstrzygni\u0119cia w Tour de France - \u0160koda We Love Cycling - Poland","robots":{"index":"index","follow":"follow","max-snippet":"max-snippet:-1","max-image-preview":"max-image-preview:large","max-video-preview":"max-video-preview:-1"},"canonical":"https:\/\/www.welovecycling.com\/pl\/2018\/07\/23\/czas-na-ostateczne-rozstrzygniecia-w-tour-de-france\/","og_locale":"pl_PL","og_type":"article","og_title":"Czas na ostateczne rozstrzygni\u0119cia w Tour de France","og_description":"Tour de France wje\u017cd\u017ca na ostatni\u0105 prost\u0105! Kolarzy wci\u0105gn\u0105\u0107 chcia\u0142 tam Rafa\u0142 Majka i zyska\u0142 uznanie, ale sam niewiele m\u00f3g\u0142 [&hellip;]","og_url":"https:\/\/www.welovecycling.com\/pl\/2018\/07\/23\/czas-na-ostateczne-rozstrzygniecia-w-tour-de-france\/","og_site_name":"\u0160koda We Love Cycling - Poland","article_published_time":"2018-07-23T13:52:07+00:00","og_image":[{"width":1366,"height":600,"url":"https:\/\/d2p6e6u75xmxt8.cloudfront.net\/5\/2018\/07\/profimedia-0378915010-1.jpg","type":"image\/jpeg"}],"author":"piotrboczkowski","twitter_card":"summary_large_image","twitter_misc":{"Written by":"Piotr Jawor","Est. reading time":"3 minutes"},"schema":{"@context":"https:\/\/schema.org","@graph":[{"@type":"WebPage","@id":"https:\/\/www.welovecycling.com\/pl\/2018\/07\/23\/czas-na-ostateczne-rozstrzygniecia-w-tour-de-france\/","url":"https:\/\/www.welovecycling.com\/pl\/2018\/07\/23\/czas-na-ostateczne-rozstrzygniecia-w-tour-de-france\/","name":"Czas na ostateczne rozstrzygni\u0119cia w Tour de France - \u0160koda We Love Cycling - Poland","isPartOf":{"@id":"https:\/\/www.welovecycling.com\/pl\/#website"},"primaryImageOfPage":{"@id":"https:\/\/www.welovecycling.com\/pl\/2018\/07\/23\/czas-na-ostateczne-rozstrzygniecia-w-tour-de-france\/#primaryimage"},"image":{"@id":"https:\/\/www.welovecycling.com\/pl\/2018\/07\/23\/czas-na-ostateczne-rozstrzygniecia-w-tour-de-france\/#primaryimage"},"thumbnailUrl":"https:\/\/d2p6e6u75xmxt8.cloudfront.net\/5\/2018\/07\/profimedia-0378915010-1.jpg","datePublished":"2018-07-23T13:52:07+00:00","author":{"@id":"https:\/\/www.welovecycling.com\/pl\/#\/schema\/person\/0dba2d39da943db9df3fd8f4687e7f23"},"breadcrumb":{"@id":"https:\/\/www.welovecycling.com\/pl\/2018\/07\/23\/czas-na-ostateczne-rozstrzygniecia-w-tour-de-france\/#breadcrumb"},"inLanguage":"pl-PL","potentialAction":[{"@type":"ReadAction","target":["https:\/\/www.welovecycling.com\/pl\/2018\/07\/23\/czas-na-ostateczne-rozstrzygniecia-w-tour-de-france\/"]}]},{"@type":"ImageObject","inLanguage":"pl-PL","@id":"https:\/\/www.welovecycling.com\/pl\/2018\/07\/23\/czas-na-ostateczne-rozstrzygniecia-w-tour-de-france\/#primaryimage","url":"https:\/\/d2p6e6u75xmxt8.cloudfront.net\/5\/2018\/07\/profimedia-0378915010-1.jpg","contentUrl":"https:\/\/d2p6e6u75xmxt8.cloudfront.net\/5\/2018\/07\/profimedia-0378915010-1.jpg","width":1366,"height":600},{"@type":"BreadcrumbList","@id":"https:\/\/www.welovecycling.com\/pl\/2018\/07\/23\/czas-na-ostateczne-rozstrzygniecia-w-tour-de-france\/#breadcrumb","itemListElement":[{"@type":"ListItem","position":1,"name":"Home","item":"https:\/\/www.welovecycling.com\/pl\/"},{"@type":"ListItem","position":2,"name":"Czas na ostateczne rozstrzygni\u0119cia w Tour de France"}]},{"@type":"WebSite","@id":"https:\/\/www.welovecycling.com\/pl\/#website","url":"https:\/\/www.welovecycling.com\/pl\/","name":"\u0160koda We Love Cycling - Poland","description":"","potentialAction":[{"@type":"SearchAction","target":{"@type":"EntryPoint","urlTemplate":"https:\/\/www.welovecycling.com\/pl\/?s={search_term_string}"},"query-input":{"@type":"PropertyValueSpecification","valueRequired":true,"valueName":"search_term_string"}}],"inLanguage":"pl-PL"},{"@type":"Person","@id":"https:\/\/www.welovecycling.com\/pl\/#\/schema\/person\/0dba2d39da943db9df3fd8f4687e7f23","name":"piotrboczkowski","image":{"@type":"ImageObject","inLanguage":"pl-PL","@id":"https:\/\/www.welovecycling.com\/pl\/#\/schema\/person\/image\/","url":"https:\/\/secure.gravatar.com\/avatar\/533caccae14752e03a2ce2d3fd62d1b98b93e1393c3195c27819e53344ca1ace?s=96&d=mm&r=g","contentUrl":"https:\/\/secure.gravatar.com\/avatar\/533caccae14752e03a2ce2d3fd62d1b98b93e1393c3195c27819e53344ca1ace?s=96&d=mm&r=g","caption":"piotrboczkowski"},"url":"https:\/\/www.welovecycling.com\/pl\/author\/piotrboczkowski\/"}]}},"_links":{"self":[{"href":"https:\/\/www.welovecycling.com\/pl\/wp-json\/wp\/v2\/posts\/7426","targetHints":{"allow":["GET"]}}],"collection":[{"href":"https:\/\/www.welovecycling.com\/pl\/wp-json\/wp\/v2\/posts"}],"about":[{"href":"https:\/\/www.welovecycling.com\/pl\/wp-json\/wp\/v2\/types\/post"}],"author":[{"embeddable":true,"href":"https:\/\/www.welovecycling.com\/pl\/wp-json\/wp\/v2\/users\/76"}],"replies":[{"embeddable":true,"href":"https:\/\/www.welovecycling.com\/pl\/wp-json\/wp\/v2\/comments?post=7426"}],"version-history":[{"count":1,"href":"https:\/\/www.welovecycling.com\/pl\/wp-json\/wp\/v2\/posts\/7426\/revisions"}],"predecessor-version":[{"id":7428,"href":"https:\/\/www.welovecycling.com\/pl\/wp-json\/wp\/v2\/posts\/7426\/revisions\/7428"}],"wp:featuredmedia":[{"embeddable":true,"href":"https:\/\/www.welovecycling.com\/pl\/wp-json\/wp\/v2\/media\/7427"}],"wp:attachment":[{"href":"https:\/\/www.welovecycling.com\/pl\/wp-json\/wp\/v2\/media?parent=7426"}],"wp:term":[{"taxonomy":"category","embeddable":true,"href":"https:\/\/www.welovecycling.com\/pl\/wp-json\/wp\/v2\/categories?post=7426"},{"taxonomy":"post_tag","embeddable":true,"href":"https:\/\/www.welovecycling.com\/pl\/wp-json\/wp\/v2\/tags?post=7426"},{"taxonomy":"global-categories","embeddable":true,"href":"https:\/\/www.welovecycling.com\/pl\/wp-json\/wp\/v2\/global-categories?post=7426"}],"curies":[{"name":"wp","href":"https:\/\/api.w.org\/{rel}","templated":true}]}}