{"id":7406,"date":"2018-07-20T13:18:37","date_gmt":"2018-07-20T13:18:37","guid":{"rendered":"https:\/\/www.welovecycling.com\/pl\/?p=7406"},"modified":"2018-07-20T13:18:37","modified_gmt":"2018-07-20T13:18:37","slug":"na-tour-de-france-zapowiada-sie-wojna-domowa","status":"publish","type":"post","link":"https:\/\/www.welovecycling.com\/pl\/2018\/07\/20\/na-tour-de-france-zapowiada-sie-wojna-domowa\/","title":{"rendered":"Na Tour de France zapowiada si\u0119 wojna domowa"},"content":{"rendered":"<p>Alpy maj\u0105 nowego kr\u00f3la, kt\u00f3ry na szaty wybra\u0142 sobie \u017c\u00f3\u0142t\u0105 koszulk\u0119. Geraint Thomas pojecha\u0142 fenomenalnie, wygra\u0142 dwa g\u00f3rskie etapy i jest liderem klasyfikacji generalnej Tour de France. Czy to w\u0142a\u015bnie on pokrzy\u017cuje szyki koledze z zespo\u0142u Christopherowi Froome\u2019owi, kt\u00f3ry chce wjecha\u0107 do historii Wielkiej P\u0119tli?<\/p>\n<p>Bardzo ciekawe jak wygl\u0105da\u0142y ostatnie wieczory w Team Sky. Z jednej strony dru\u017cyna mia\u0142a co \u015bwi\u0119towa\u0107, bo w \u015bwietnym stylu wygra\u0142a dwa etapy; ale z drugiej to nie lider Froome paraduje w \u017c\u00f3\u0142tej koszulce, ale Geraint Thomas.<\/p>\n<p>Za\u0142o\u017cenia przed tegorocznym Tour de France by\u0142y jasne \u2013 ca\u0142a dru\u017cyna pomaga Froome\u2019owi, kt\u00f3ry \u00a0jedzie po pi\u0105t\u0105 wygran\u0105 Wielk\u0105 P\u0119tl\u0119 w karierze i dzi\u0119ki temu zr\u00f3wnuje si\u0119 z najlepszymi kolarzami w historii. Co jednak, je\u015bli oka\u017ce si\u0119, \u017ce to nie Brytyjczyk, ale Thomas znajduje si\u0119 w mistrzowskiej formie?<\/p>\n<p><strong>\u201eMo\u017cemy ju\u017c jecha\u0107 do Pary\u017ca\u201d<\/strong><\/p>\n<p>We wtorek i \u015brod\u0119 Walijczyk wspomaga\u0142 Froome\u2019a, ale na ko\u0144cu okazywa\u0142o si\u0119, \u017ce \u2013 przynajmniej w g\u00f3rach \u2013 jest od niego mocniejszy. Gdy do mety 11. etapu by\u0142o 600 metr\u00f3w, Froome powoli do\u0142\u0105cza\u0142 do grupy po\u015bcigowej, ale w tym samym momencie Thomas wyskoczy\u0142 z niej jakby dopiero zaczyna\u0142 wy\u015bcig. Szybko dopad\u0142 prowadz\u0105cego Mikela Nieve i bez problemu zwyci\u0119\u017cy\u0142.<\/p>\n<p>&#8211; \u015awietna dyspozycja! Jak on lekko wyskoczy\u0142, jak szybciutko dogoni\u0142 tego malutkiego Nieve. Wielkie zwyci\u0119stwo Thomasa, dru\u017cyna Sky rozbi\u0142a bank! To by\u0142 pi\u0119kny etap z emocjonuj\u0105c\u0105 ko\u0144c\u00f3wk\u0105 \u2013 zachwycali si\u0119 komentatorzy Eurosportu, gdy Thomas by\u0142 ob\u015bciskiwany przez swoj\u0105 ekip\u0119, a Froome dopiero mija\u0142 lini\u0119 mety.<\/p>\n<p>Nazajutrz wygl\u0105da\u0142o na to, \u017ce za\u0142o\u017cenia s\u0105 podobne. Zadaniem Thomasa by\u0142o m\u0119czenie rywali, a w ko\u0144c\u00f3wce mia\u0142 zaatakowa\u0107 Froome i tym samym zbli\u017cy\u0107 si\u0119 do upragnionego triumfu. Tyle, \u017ce Walijczyk na koleg\u0119 z zespo\u0142u si\u0119 nie doczeka\u0142\u2026<\/p>\n<p>&#8211; Thomas jeszcze zerkn\u0105\u0142 gdzie jest Froome, ale zaraz przyspieszy\u0142 i wygra\u0142 drugi etap w Alpach, cho\u0107 na pewno chcia\u0142 da\u0107 to zwyci\u0119stwo koledze z zespo\u0142u\u2013 analizowali komentatorzy Eurosportu.<\/p>\n<p>Thomas: &#8211; Nie mog\u0119 w to uwierzy\u0107! To by\u0142o co\u015b nieprawdopodobnego! Mo\u017cemy ju\u017c jecha\u0107 do Pary\u017ca \u2013 cieszy\u0142 si\u0119 Walijczyk na mecie. \u2013 Mo\u017ce uda mi si\u0119 utrzyma\u0107 t\u0119 koszulk\u0119 przez kilka dni, ale Tour de France jest bardzo trudny i nie wiadomo jak organizm zareaguje. Ja jednak wci\u0105\u017c jad\u0119 tutaj dla Froome\u2019a \u2013 to legenda i prawdopodobnie najlepszy kolarz w historii \u2013 zapewnia\u0142 Thomas na oficjalnej stronie Team Sky.<\/p>\n<p>Eksperci ju\u017c jednak zacz\u0119li analizowa\u0107 jak zareaguj\u0105 szefowie zespo\u0142u i coraz \u015bmielej zaczynaj\u0105 pojawia\u0107 si\u0119 g\u0142osy, \u017ce je\u015bli Thomas wci\u0105\u017c b\u0119dzie tak mocny, to dostanie zielone \u015bwiat\u0142o na walk\u0119 o wygranie Tour de France, a nie tylko pomaganie Froome\u2019owi. To by\u0142aby niesamowita historia, gdyby drog\u0119 prowadz\u0105c\u0105 do historii odci\u0105\u0142 Brytyjczykowi jego kolega z zespo\u0142u, kt\u00f3ry mia\u0142 by\u0107 tylko jego pomocnikiem.<\/p>\n<p><strong>Zderzenie z motocyklem<\/strong><\/p>\n<p>Zupe\u0142nie inny problem ma zesp\u00f3\u0142 Bahrain \u2013 Merida, bo wczoraj z wy\u015bcigu musia\u0142 wycofa\u0107 si\u0119 jego lider \u2013 Vincenzo Nibali, kt\u00f3ry na trasie zderzy\u0142 si\u0119 z policyjnym motocyklem. Co prawda dojecha\u0142 do mety, ale w szpitalu sprawdzi\u0142 si\u0119 czarny scenariusz \u2013 W\u0142och z\u0142ama\u0142 jeden z kr\u0119g\u00f3w i zamiast jecha\u0107 do Pary\u017ca, b\u0119dzie musia\u0142 przez dwa tygodnie odpoczywa\u0107 od kolarstwa.<\/p>\n<p>Zadowolony nie mo\u017ce by\u0107 te\u017c Rafa\u0142 Majka. Wydawa\u0142o si\u0119, \u017ce Polak w Alpach zaatakuje najmocniejszych zawodnik\u00f3w, ale zabrak\u0142o mu si\u0142y i w efekcie jest na 21. miejscu w klasyfikacji generalnej.<\/p>\n<p>Teraz zawodnicy na cztery dni \u017cegnaj\u0105 si\u0119 z wysokimi g\u00f3rami. W pi\u0105tek przejad\u0105 170 km po p\u0142askim z Bourg d\u2019Oisans do Velnce, a p\u00f3\u017aniej czekaj\u0105 ich dwa pag\u00f3rkowate etapy (188 i 182 km). W poniedzia\u0142ek dzie\u0144 przerwy, a p\u00f3\u017aniej czas na rozstrzygni\u0119cia, czyli mordercze Pireneje i jazda indywidualna na czas.<\/p>\n<p><strong>Klasyfikacja generalna po 12. etapie:<\/strong><\/p>\n<ol>\n<li>Geraint Thomas (Team Sky) 49:24:43<\/li>\n<li>Christopher Froome (Team Sky) +1:39<\/li>\n<li>Tom Dumoulin (Team Sunweb) +1:50<\/li>\n<\/ol>\n<p><!--more-->21. Rafa\u0142 Majka (Bora-Hansgrohe) +28:38<\/p>\n<p>59. Micha\u0142 Kwiatkowski (Team Sky) +1:18:59<\/p>\n<p>101. Pawe\u0142 Polja\u0144ski (Bora-Hansgrohe) +1:43:25<\/p>\n<p>110. Tomasz Marczy\u0144ski (Lotto Soudal) +1:47:54<\/p>\n<p>144. Maciej Bodnar (Bora-Hansgrohe) +2:09:09<\/p>\n<p>&nbsp;<\/p>\n<p><strong>Lider klasyfikacji punktowej (sponsorowana przez \u0160KOD\u0118):<\/strong> Peter Sagan (Bora Hansgrohe)<\/p>\n<p><strong>Lider klasyfikacji g\u00f3rskiej:<\/strong> Julian Alaphilippe (Quick-Step Floors)<\/p>\n<p><strong>Lider klasyfikacji m\u0142odzie\u017cowej:<\/strong> Pierre Roger Latour (AG2R)<\/p>\n<p>&nbsp;<\/p>\n","protected":false},"excerpt":{"rendered":"<p>Alpy maj\u0105 nowego kr\u00f3la, kt\u00f3ry na szaty wybra\u0142 sobie \u017c\u00f3\u0142t\u0105 koszulk\u0119. Geraint Thomas pojecha\u0142 fenomenalnie, wygra\u0142 dwa g\u00f3rskie etapy i [&hellip;]<\/p>\n","protected":false},"author":76,"featured_media":7407,"comment_status":"open","ping_status":"open","sticky":false,"template":"","format":"standard","meta":{"footnotes":""},"categories":[270],"tags":[73,77,212],"global-categories":[],"class_list":["post-7406","post","type-post","status-publish","format-standard","has-post-thumbnail","hentry","category-tour-de-france-2018","tag-tdf","tag-tour-de-france","tag-tour-de-france-2018"],"yoast_head":"<!-- This site is optimized with the Yoast SEO Premium plugin v25.3 (Yoast SEO v25.9) - https:\/\/yoast.com\/wordpress\/plugins\/seo\/ -->\n<title>Na Tour de France zapowiada si\u0119 wojna domowa - \u0160koda We Love Cycling - Poland<\/title>\n<meta name=\"robots\" content=\"index, follow, max-snippet:-1, max-image-preview:large, max-video-preview:-1\" \/>\n<link rel=\"canonical\" href=\"https:\/\/www.welovecycling.com\/pl\/2018\/07\/20\/na-tour-de-france-zapowiada-sie-wojna-domowa\/\" \/>\n<meta property=\"og:locale\" content=\"pl_PL\" \/>\n<meta property=\"og:type\" content=\"article\" \/>\n<meta property=\"og:title\" content=\"Na Tour de France zapowiada si\u0119 wojna domowa\" \/>\n<meta property=\"og:description\" content=\"Alpy maj\u0105 nowego kr\u00f3la, kt\u00f3ry na szaty wybra\u0142 sobie \u017c\u00f3\u0142t\u0105 koszulk\u0119. Geraint Thomas pojecha\u0142 fenomenalnie, wygra\u0142 dwa g\u00f3rskie etapy i [&hellip;]\" \/>\n<meta property=\"og:url\" content=\"https:\/\/www.welovecycling.com\/pl\/2018\/07\/20\/na-tour-de-france-zapowiada-sie-wojna-domowa\/\" \/>\n<meta property=\"og:site_name\" content=\"\u0160koda We Love Cycling - Poland\" \/>\n<meta property=\"article:published_time\" content=\"2018-07-20T13:18:37+00:00\" \/>\n<meta property=\"og:image\" content=\"https:\/\/d2p6e6u75xmxt8.cloudfront.net\/5\/2018\/07\/profimedia-0377550149-1.jpg\" \/>\n\t<meta property=\"og:image:width\" content=\"1366\" \/>\n\t<meta property=\"og:image:height\" content=\"600\" \/>\n\t<meta property=\"og:image:type\" content=\"image\/jpeg\" \/>\n<meta name=\"author\" content=\"piotrboczkowski\" \/>\n<meta name=\"twitter:card\" content=\"summary_large_image\" \/>\n<meta name=\"twitter:label1\" content=\"Written by\" \/>\n\t<meta name=\"twitter:data1\" content=\"Piotr Jawor\" \/>\n\t<meta name=\"twitter:label2\" content=\"Est. reading time\" \/>\n\t<meta name=\"twitter:data2\" content=\"4 minutes\" \/>\n<script type=\"application\/ld+json\" class=\"yoast-schema-graph\">{\"@context\":\"https:\/\/schema.org\",\"@graph\":[{\"@type\":\"WebPage\",\"@id\":\"https:\/\/www.welovecycling.com\/pl\/2018\/07\/20\/na-tour-de-france-zapowiada-sie-wojna-domowa\/\",\"url\":\"https:\/\/www.welovecycling.com\/pl\/2018\/07\/20\/na-tour-de-france-zapowiada-sie-wojna-domowa\/\",\"name\":\"Na Tour de France zapowiada si\u0119 wojna domowa - \u0160koda We Love Cycling - Poland\",\"isPartOf\":{\"@id\":\"https:\/\/www.welovecycling.com\/pl\/#website\"},\"primaryImageOfPage\":{\"@id\":\"https:\/\/www.welovecycling.com\/pl\/2018\/07\/20\/na-tour-de-france-zapowiada-sie-wojna-domowa\/#primaryimage\"},\"image\":{\"@id\":\"https:\/\/www.welovecycling.com\/pl\/2018\/07\/20\/na-tour-de-france-zapowiada-sie-wojna-domowa\/#primaryimage\"},\"thumbnailUrl\":\"https:\/\/d2p6e6u75xmxt8.cloudfront.net\/5\/2018\/07\/profimedia-0377550149-1.jpg\",\"datePublished\":\"2018-07-20T13:18:37+00:00\",\"author\":{\"@id\":\"https:\/\/www.welovecycling.com\/pl\/#\/schema\/person\/0dba2d39da943db9df3fd8f4687e7f23\"},\"breadcrumb\":{\"@id\":\"https:\/\/www.welovecycling.com\/pl\/2018\/07\/20\/na-tour-de-france-zapowiada-sie-wojna-domowa\/#breadcrumb\"},\"inLanguage\":\"pl-PL\",\"potentialAction\":[{\"@type\":\"ReadAction\",\"target\":[\"https:\/\/www.welovecycling.com\/pl\/2018\/07\/20\/na-tour-de-france-zapowiada-sie-wojna-domowa\/\"]}]},{\"@type\":\"ImageObject\",\"inLanguage\":\"pl-PL\",\"@id\":\"https:\/\/www.welovecycling.com\/pl\/2018\/07\/20\/na-tour-de-france-zapowiada-sie-wojna-domowa\/#primaryimage\",\"url\":\"https:\/\/d2p6e6u75xmxt8.cloudfront.net\/5\/2018\/07\/profimedia-0377550149-1.jpg\",\"contentUrl\":\"https:\/\/d2p6e6u75xmxt8.cloudfront.net\/5\/2018\/07\/profimedia-0377550149-1.jpg\",\"width\":1366,\"height\":600},{\"@type\":\"BreadcrumbList\",\"@id\":\"https:\/\/www.welovecycling.com\/pl\/2018\/07\/20\/na-tour-de-france-zapowiada-sie-wojna-domowa\/#breadcrumb\",\"itemListElement\":[{\"@type\":\"ListItem\",\"position\":1,\"name\":\"Home\",\"item\":\"https:\/\/www.welovecycling.com\/pl\/\"},{\"@type\":\"ListItem\",\"position\":2,\"name\":\"Na Tour de France zapowiada si\u0119 wojna domowa\"}]},{\"@type\":\"WebSite\",\"@id\":\"https:\/\/www.welovecycling.com\/pl\/#website\",\"url\":\"https:\/\/www.welovecycling.com\/pl\/\",\"name\":\"\u0160koda We Love Cycling - Poland\",\"description\":\"\",\"potentialAction\":[{\"@type\":\"SearchAction\",\"target\":{\"@type\":\"EntryPoint\",\"urlTemplate\":\"https:\/\/www.welovecycling.com\/pl\/?s={search_term_string}\"},\"query-input\":{\"@type\":\"PropertyValueSpecification\",\"valueRequired\":true,\"valueName\":\"search_term_string\"}}],\"inLanguage\":\"pl-PL\"},{\"@type\":\"Person\",\"@id\":\"https:\/\/www.welovecycling.com\/pl\/#\/schema\/person\/0dba2d39da943db9df3fd8f4687e7f23\",\"name\":\"piotrboczkowski\",\"image\":{\"@type\":\"ImageObject\",\"inLanguage\":\"pl-PL\",\"@id\":\"https:\/\/www.welovecycling.com\/pl\/#\/schema\/person\/image\/\",\"url\":\"https:\/\/secure.gravatar.com\/avatar\/533caccae14752e03a2ce2d3fd62d1b98b93e1393c3195c27819e53344ca1ace?s=96&d=mm&r=g\",\"contentUrl\":\"https:\/\/secure.gravatar.com\/avatar\/533caccae14752e03a2ce2d3fd62d1b98b93e1393c3195c27819e53344ca1ace?s=96&d=mm&r=g\",\"caption\":\"piotrboczkowski\"},\"url\":\"https:\/\/www.welovecycling.com\/pl\/author\/piotrboczkowski\/\"}]}<\/script>\n<!-- \/ Yoast SEO Premium plugin. -->","yoast_head_json":{"title":"Na Tour de France zapowiada si\u0119 wojna domowa - \u0160koda We Love Cycling - Poland","robots":{"index":"index","follow":"follow","max-snippet":"max-snippet:-1","max-image-preview":"max-image-preview:large","max-video-preview":"max-video-preview:-1"},"canonical":"https:\/\/www.welovecycling.com\/pl\/2018\/07\/20\/na-tour-de-france-zapowiada-sie-wojna-domowa\/","og_locale":"pl_PL","og_type":"article","og_title":"Na Tour de France zapowiada si\u0119 wojna domowa","og_description":"Alpy maj\u0105 nowego kr\u00f3la, kt\u00f3ry na szaty wybra\u0142 sobie \u017c\u00f3\u0142t\u0105 koszulk\u0119. Geraint Thomas pojecha\u0142 fenomenalnie, wygra\u0142 dwa g\u00f3rskie etapy i [&hellip;]","og_url":"https:\/\/www.welovecycling.com\/pl\/2018\/07\/20\/na-tour-de-france-zapowiada-sie-wojna-domowa\/","og_site_name":"\u0160koda We Love Cycling - Poland","article_published_time":"2018-07-20T13:18:37+00:00","og_image":[{"width":1366,"height":600,"url":"https:\/\/d2p6e6u75xmxt8.cloudfront.net\/5\/2018\/07\/profimedia-0377550149-1.jpg","type":"image\/jpeg"}],"author":"piotrboczkowski","twitter_card":"summary_large_image","twitter_misc":{"Written by":"Piotr Jawor","Est. reading time":"4 minutes"},"schema":{"@context":"https:\/\/schema.org","@graph":[{"@type":"WebPage","@id":"https:\/\/www.welovecycling.com\/pl\/2018\/07\/20\/na-tour-de-france-zapowiada-sie-wojna-domowa\/","url":"https:\/\/www.welovecycling.com\/pl\/2018\/07\/20\/na-tour-de-france-zapowiada-sie-wojna-domowa\/","name":"Na Tour de France zapowiada si\u0119 wojna domowa - \u0160koda We Love Cycling - Poland","isPartOf":{"@id":"https:\/\/www.welovecycling.com\/pl\/#website"},"primaryImageOfPage":{"@id":"https:\/\/www.welovecycling.com\/pl\/2018\/07\/20\/na-tour-de-france-zapowiada-sie-wojna-domowa\/#primaryimage"},"image":{"@id":"https:\/\/www.welovecycling.com\/pl\/2018\/07\/20\/na-tour-de-france-zapowiada-sie-wojna-domowa\/#primaryimage"},"thumbnailUrl":"https:\/\/d2p6e6u75xmxt8.cloudfront.net\/5\/2018\/07\/profimedia-0377550149-1.jpg","datePublished":"2018-07-20T13:18:37+00:00","author":{"@id":"https:\/\/www.welovecycling.com\/pl\/#\/schema\/person\/0dba2d39da943db9df3fd8f4687e7f23"},"breadcrumb":{"@id":"https:\/\/www.welovecycling.com\/pl\/2018\/07\/20\/na-tour-de-france-zapowiada-sie-wojna-domowa\/#breadcrumb"},"inLanguage":"pl-PL","potentialAction":[{"@type":"ReadAction","target":["https:\/\/www.welovecycling.com\/pl\/2018\/07\/20\/na-tour-de-france-zapowiada-sie-wojna-domowa\/"]}]},{"@type":"ImageObject","inLanguage":"pl-PL","@id":"https:\/\/www.welovecycling.com\/pl\/2018\/07\/20\/na-tour-de-france-zapowiada-sie-wojna-domowa\/#primaryimage","url":"https:\/\/d2p6e6u75xmxt8.cloudfront.net\/5\/2018\/07\/profimedia-0377550149-1.jpg","contentUrl":"https:\/\/d2p6e6u75xmxt8.cloudfront.net\/5\/2018\/07\/profimedia-0377550149-1.jpg","width":1366,"height":600},{"@type":"BreadcrumbList","@id":"https:\/\/www.welovecycling.com\/pl\/2018\/07\/20\/na-tour-de-france-zapowiada-sie-wojna-domowa\/#breadcrumb","itemListElement":[{"@type":"ListItem","position":1,"name":"Home","item":"https:\/\/www.welovecycling.com\/pl\/"},{"@type":"ListItem","position":2,"name":"Na Tour de France zapowiada si\u0119 wojna domowa"}]},{"@type":"WebSite","@id":"https:\/\/www.welovecycling.com\/pl\/#website","url":"https:\/\/www.welovecycling.com\/pl\/","name":"\u0160koda We Love Cycling - Poland","description":"","potentialAction":[{"@type":"SearchAction","target":{"@type":"EntryPoint","urlTemplate":"https:\/\/www.welovecycling.com\/pl\/?s={search_term_string}"},"query-input":{"@type":"PropertyValueSpecification","valueRequired":true,"valueName":"search_term_string"}}],"inLanguage":"pl-PL"},{"@type":"Person","@id":"https:\/\/www.welovecycling.com\/pl\/#\/schema\/person\/0dba2d39da943db9df3fd8f4687e7f23","name":"piotrboczkowski","image":{"@type":"ImageObject","inLanguage":"pl-PL","@id":"https:\/\/www.welovecycling.com\/pl\/#\/schema\/person\/image\/","url":"https:\/\/secure.gravatar.com\/avatar\/533caccae14752e03a2ce2d3fd62d1b98b93e1393c3195c27819e53344ca1ace?s=96&d=mm&r=g","contentUrl":"https:\/\/secure.gravatar.com\/avatar\/533caccae14752e03a2ce2d3fd62d1b98b93e1393c3195c27819e53344ca1ace?s=96&d=mm&r=g","caption":"piotrboczkowski"},"url":"https:\/\/www.welovecycling.com\/pl\/author\/piotrboczkowski\/"}]}},"_links":{"self":[{"href":"https:\/\/www.welovecycling.com\/pl\/wp-json\/wp\/v2\/posts\/7406","targetHints":{"allow":["GET"]}}],"collection":[{"href":"https:\/\/www.welovecycling.com\/pl\/wp-json\/wp\/v2\/posts"}],"about":[{"href":"https:\/\/www.welovecycling.com\/pl\/wp-json\/wp\/v2\/types\/post"}],"author":[{"embeddable":true,"href":"https:\/\/www.welovecycling.com\/pl\/wp-json\/wp\/v2\/users\/76"}],"replies":[{"embeddable":true,"href":"https:\/\/www.welovecycling.com\/pl\/wp-json\/wp\/v2\/comments?post=7406"}],"version-history":[{"count":2,"href":"https:\/\/www.welovecycling.com\/pl\/wp-json\/wp\/v2\/posts\/7406\/revisions"}],"predecessor-version":[{"id":7409,"href":"https:\/\/www.welovecycling.com\/pl\/wp-json\/wp\/v2\/posts\/7406\/revisions\/7409"}],"wp:featuredmedia":[{"embeddable":true,"href":"https:\/\/www.welovecycling.com\/pl\/wp-json\/wp\/v2\/media\/7407"}],"wp:attachment":[{"href":"https:\/\/www.welovecycling.com\/pl\/wp-json\/wp\/v2\/media?parent=7406"}],"wp:term":[{"taxonomy":"category","embeddable":true,"href":"https:\/\/www.welovecycling.com\/pl\/wp-json\/wp\/v2\/categories?post=7406"},{"taxonomy":"post_tag","embeddable":true,"href":"https:\/\/www.welovecycling.com\/pl\/wp-json\/wp\/v2\/tags?post=7406"},{"taxonomy":"global-categories","embeddable":true,"href":"https:\/\/www.welovecycling.com\/pl\/wp-json\/wp\/v2\/global-categories?post=7406"}],"curies":[{"name":"wp","href":"https:\/\/api.w.org\/{rel}","templated":true}]}}