{"id":7392,"date":"2018-07-18T15:57:51","date_gmt":"2018-07-18T15:57:51","guid":{"rendered":"https:\/\/www.welovecycling.com\/pl\/?p=7392"},"modified":"2018-07-18T15:57:51","modified_gmt":"2018-07-18T15:57:51","slug":"zabawa-na-tour-de-france-zaczyna-sie-na-dobre","status":"publish","type":"post","link":"https:\/\/www.welovecycling.com\/pl\/2018\/07\/18\/zabawa-na-tour-de-france-zaczyna-sie-na-dobre\/","title":{"rendered":"Zabawa na Tour de France zaczyna si\u0119 na dobre!"},"content":{"rendered":"<p>W\u0142a\u015bnie dla takich moment\u00f3w ogl\u0105da si\u0119 wielogodzinne relacje z Tour de France. Gdy Julian Alaphilippe pod\u0105\u017ca\u0142 w stron\u0119 mety, a\u017c trudno by\u0142o mu nie kibicowa\u0107. \u2013 Brakuje mi s\u0142\u00f3w, by opisa\u0107, co czuj\u0119 \u2013 m\u00f3wi\u0142 po wygraniu 10. etapu Wielkiej P\u0119tli.<\/p>\n<p>Zacz\u0119\u0142o si\u0119 to, co fani Tour de France lubi\u0105 najbardziej, czyli jazda po g\u00f3rach. Przepi\u0119kne widoki, trasy wij\u0105ce si\u0119 wok\u00f3\u0142 szczyt\u00f3w, francuskie wioski i mordercza walka zawodnik\u00f3w o pokonanie ka\u017cdego metra wzniesienia. Najwi\u0119kszy kolarski wy\u015bcig \u015bwiata w\u0142a\u015bnie wrzuci\u0142 drugi bieg!<\/p>\n<p>Momentami jednak na \u201etr\u00f3jce\u201d, \u201eczw\u00f3rce\u201d, a mo\u017ce nawet \u201epi\u0105tce\u201d jecha\u0142 Julian Alaphilippe (Quick-Step Floors). Co prawda Francuz nie nale\u017cy do faworyt\u00f3w wy\u015bcigu, ale mo\u017ce w\u0142a\u015bnie dlatego na mecie nawet nie pr\u00f3bowa\u0142 kry\u0107 \u0142ez.<\/p>\n<p><strong>Duma i szcz\u0119\u015bcie<\/strong><\/p>\n<p>Alaphilippe od pocz\u0105tku walczy\u0142 z przodu i niewielu wierzy\u0142o, \u017ce wytrzyma takie tempo. Tego dnia popycha\u0142a go jednak ca\u0142a Francja \u2013 miliony kibic\u00f3w przy trasie i przed telewizorami. \u2013 Zupe\u0142nie nie spodziewa\u0142em si\u0119 tego zwyci\u0119stwa, pojecha\u0142em powy\u017cej swoich oczekiwa\u0144. Brak mi s\u0142\u00f3w, bo uszcz\u0119\u015bliwi\u0142em siebie i swoj\u0105 rodzin\u0119 \u2013 cieszy\u0142 si\u0119 na mecie Alaphilippe.<\/p>\n<p>Ostatnie kilometry w jego wykonaniu by\u0142y niesamowite, jakby obawia\u0142 si\u0119, \u017ce zaraz kto\u015b go uszczypnie i ka\u017ce si\u0119 obudzi\u0107. Z jednej strony wiedzia\u0142, \u017ce ma spor\u0105 przewag\u0119, ale z drugiej z obaw\u0105 obraca\u0142 si\u0119 w poszukiwaniu rywali. Kilkakrotnie ca\u0142owa\u0142 zawieszony na szyi medalik, a tak\u017ce nerwowo rozsuwa\u0142 i zasuwa\u0142 koszulk\u0119. Dopiero 800 metr\u00f3w przed met\u0105 podni\u00f3s\u0142 zaci\u015bni\u0119t\u0105 pi\u0119\u015b\u0107 w ge\u015bcie triumfu.<\/p>\n<p>Gdy w ko\u0144cu min\u0105\u0142 lini\u0119, wpad\u0142 w obj\u0119cia cz\u0142onk\u00f3w swojej ekipy i zacz\u0105\u0142 p\u0142aka\u0107, bo jeden z najwi\u0119kszych sukces\u00f3w w jego karierze sta\u0142 si\u0119 faktem. &#8211; To by\u0142a akcja godna podziwu \u2013 oceni\u0142 z uznaniem wtorkow\u0105 jazd\u0119 Alaphilippe Dariusz Baranowski, komentator Eurosportu, a sam zwyci\u0119zca przyzna\u0142:<\/p>\n<p>\u2013 Jest we mnie wiele emocji, bo wygra\u0107 etap Tour de France to nie jest \u0142atwa sprawa. Jestem dumny i bardzo szcz\u0119\u015bliwy.<\/p>\n<p>Co wi\u0119cej, wczoraj Francuz cieszy\u0142 si\u0119 nie tylko ze zwyci\u0119stwa etapowego, ale r\u00f3wnie\u017c z pozycji lidera w klasyfikacji g\u00f3rskiej.<\/p>\n<p><strong>Cierpienia Majki<\/strong><\/p>\n<p>Znacznie gorsze nastroje panuj\u0105 w ekipie Bora Hansgrohe i w\u015br\u00f3d polskich kibic\u00f3w. Rafa\u0142 Majka rozbudzi\u0142 apetyty dobrym pocz\u0105tkiem Tour de France, a wiadomo przecie\u017c, \u017ce kolarz z Zegartowic na dobre rozkr\u0119ca si\u0119 dopiero w g\u00f3rach.<\/p>\n<p>Tym razem nie by\u0142 to jednak dzie\u0144 Majki, kt\u00f3ry przyjecha\u0142 ponad cztery minuty za Alaphilippem. \u2013 Na tym etapie po prostu cierpia\u0142em. Nie by\u0142em w stanie znale\u017a\u0107 swojego rytmu \u2013 przyzna\u0142 polski kolarz.<\/p>\n<p>Majka ju\u017c jednak wcze\u015bniej wspomina\u0142, \u017ce bardzo nie lubi pierwszego etapu po dniu przerwy, a zawodnicy odpoczywali w\u0142a\u015bnie w poniedzia\u0142ek. By jako\u015b zaspokoi\u0107 g\u0142\u00f3d peda\u0142owania, Polak wybra\u0142 si\u0119 na d\u0142ugi trening, ale to jednak co\u015b zdecydowanie innego ni\u017c wielkie \u015bciganie.<\/p>\n<p>&#8211; Czasem po dniu przerwy mam takie k\u0142opoty jak dzisiaj \u2013 przyzna\u0142. &#8211; Na szcz\u0119\u015bcie straty nie s\u0105 du\u017ce, wi\u0119c jeszcze wszystko jest mo\u017cliwe, bo teraz przed nami kolejne dwa ci\u0119\u017ckie alpejskie etapy \u2013 podkre\u015bla Majka, kt\u00f3ry spad\u0142 na 13. miejsce w klasyfikacji generalnej.<\/p>\n<p><strong>Tu odpadn\u0105 s\u0142absi<\/strong><\/p>\n<p>\u015arodowe \u015bciganie rozpoczyna si\u0119 w Albertville, mie\u015bcie-gospodarzu zimowych igrzysk olimpijskich w 1992 roku. Na licz\u0105cej 108,5 km trasie rozmieszczono cztery premie g\u00f3rskie, a zawodnicy wyjad\u0105 na blisko 2000 metr\u00f3w nad poziomem morza.<\/p>\n<p>Jeszcze ciekawiej powinno by\u0107 w czwartek. 12. etap z Bourg Saint Maurice do Les Arcs b\u0119dzie mia\u0142 175 km i zako\u0144czy si\u0119 w Alpe d\u2019Huez, kt\u00f3re od miesi\u0119cy odlicza dni do przyjazdu najlepszych zawodnik\u00f3w \u015bwiata.<\/p>\n<p>&#8211; Nikt s\u0142aby i nieprzygotowany 12. etapu z dobrym czasem nie przejedzie \u2013 zapowiada\u0142 przed Tour de France Dariusz Baranowski w specjalnym wywiadzie dla We Love Cycling.<\/p>\n<p>Jego s\u0142owa zdaje si\u0119 potwierdza\u0107 Rafa\u0142 Majka. \u2013 Po tym etapach dowiemy si\u0119, kto i gdzie znajduje si\u0119 w stawce \u2013 podkre\u015bla najlepszy Polak na Tour de France.<\/p>\n<p><strong>Klasyfikacja generalna po 10. etapach Tour de France:<\/strong><\/p>\n<ol>\n<li>Greg van Avermaet Belgia (BMC) 40:34:28<\/li>\n<li>Geraint Thomas (Sky) +2:22<\/li>\n<li>Alejandro Valverde (Movistar) +3:10<\/li>\n<\/ol>\n<p><!--more--><\/p>\n<p>13. Rafa\u0142 Majka (Bora-Hansgrohe) +4:02<\/p>\n<p>68. Micha\u0142 Kwiatkowski (Sky) +40:05<\/p>\n<p>115. Pawe\u0142 Polja\u0144ski (Bora-Hansgrohe) +55:59<\/p>\n<p>120. Tomasz Marczy\u0144ski (Lotto Soudal) +1:00:22<\/p>\n<p>152. Maciej Bodnar (Bora-Hansgrohe) +1:12:01<\/p>\n<p>&nbsp;<\/p>\n<p><strong>Lider klasyfikacji punktowej (sponsorowana przez \u0160kod\u0119):<\/strong> Peter Sagan (Bora Hansgrohe)<\/p>\n<p><strong>Lider klasyfikacji g\u00f3rskiej:<\/strong> Julian Alaphilippe (Quick-Step Floors)<\/p>\n<p><strong>Lider klasyfikacji m\u0142odzie\u017cowej:<\/strong> Pierre Roger Latour (AG2R)<\/p>\n","protected":false},"excerpt":{"rendered":"<p>W\u0142a\u015bnie dla takich moment\u00f3w ogl\u0105da si\u0119 wielogodzinne relacje z Tour de France. Gdy Julian Alaphilippe pod\u0105\u017ca\u0142 w stron\u0119 mety, a\u017c [&hellip;]<\/p>\n","protected":false},"author":76,"featured_media":7393,"comment_status":"open","ping_status":"open","sticky":false,"template":"","format":"standard","meta":{"footnotes":""},"categories":[270],"tags":[73,77,212],"global-categories":[],"class_list":["post-7392","post","type-post","status-publish","format-standard","has-post-thumbnail","hentry","category-tour-de-france-2018","tag-tdf","tag-tour-de-france","tag-tour-de-france-2018"],"yoast_head":"<!-- This site is optimized with the Yoast SEO Premium plugin v25.3 (Yoast SEO v25.9) - https:\/\/yoast.com\/wordpress\/plugins\/seo\/ -->\n<title>Zabawa na Tour de France zaczyna si\u0119 na dobre! - \u0160koda We Love Cycling - Poland<\/title>\n<meta name=\"robots\" content=\"index, follow, max-snippet:-1, max-image-preview:large, max-video-preview:-1\" \/>\n<link rel=\"canonical\" href=\"https:\/\/www.welovecycling.com\/pl\/2018\/07\/18\/zabawa-na-tour-de-france-zaczyna-sie-na-dobre\/\" \/>\n<meta property=\"og:locale\" content=\"pl_PL\" \/>\n<meta property=\"og:type\" content=\"article\" \/>\n<meta property=\"og:title\" content=\"Zabawa na Tour de France zaczyna si\u0119 na dobre!\" \/>\n<meta property=\"og:description\" content=\"W\u0142a\u015bnie dla takich moment\u00f3w ogl\u0105da si\u0119 wielogodzinne relacje z Tour de France. Gdy Julian Alaphilippe pod\u0105\u017ca\u0142 w stron\u0119 mety, a\u017c [&hellip;]\" \/>\n<meta property=\"og:url\" content=\"https:\/\/www.welovecycling.com\/pl\/2018\/07\/18\/zabawa-na-tour-de-france-zaczyna-sie-na-dobre\/\" \/>\n<meta property=\"og:site_name\" content=\"\u0160koda We Love Cycling - Poland\" \/>\n<meta property=\"article:published_time\" content=\"2018-07-18T15:57:51+00:00\" \/>\n<meta property=\"og:image\" content=\"https:\/\/d2p6e6u75xmxt8.cloudfront.net\/5\/2018\/07\/profimedia-0377525341-1.jpg\" \/>\n\t<meta property=\"og:image:width\" content=\"1366\" \/>\n\t<meta property=\"og:image:height\" content=\"600\" \/>\n\t<meta property=\"og:image:type\" content=\"image\/jpeg\" \/>\n<meta name=\"author\" content=\"piotrboczkowski\" \/>\n<meta name=\"twitter:card\" content=\"summary_large_image\" \/>\n<meta name=\"twitter:label1\" content=\"Written by\" \/>\n\t<meta name=\"twitter:data1\" content=\"Piotr Jawor\" \/>\n\t<meta name=\"twitter:label2\" content=\"Est. reading time\" \/>\n\t<meta name=\"twitter:data2\" content=\"4 minutes\" \/>\n<script type=\"application\/ld+json\" class=\"yoast-schema-graph\">{\"@context\":\"https:\/\/schema.org\",\"@graph\":[{\"@type\":\"WebPage\",\"@id\":\"https:\/\/www.welovecycling.com\/pl\/2018\/07\/18\/zabawa-na-tour-de-france-zaczyna-sie-na-dobre\/\",\"url\":\"https:\/\/www.welovecycling.com\/pl\/2018\/07\/18\/zabawa-na-tour-de-france-zaczyna-sie-na-dobre\/\",\"name\":\"Zabawa na Tour de France zaczyna si\u0119 na dobre! - \u0160koda We Love Cycling - Poland\",\"isPartOf\":{\"@id\":\"https:\/\/www.welovecycling.com\/pl\/#website\"},\"primaryImageOfPage\":{\"@id\":\"https:\/\/www.welovecycling.com\/pl\/2018\/07\/18\/zabawa-na-tour-de-france-zaczyna-sie-na-dobre\/#primaryimage\"},\"image\":{\"@id\":\"https:\/\/www.welovecycling.com\/pl\/2018\/07\/18\/zabawa-na-tour-de-france-zaczyna-sie-na-dobre\/#primaryimage\"},\"thumbnailUrl\":\"https:\/\/d2p6e6u75xmxt8.cloudfront.net\/5\/2018\/07\/profimedia-0377525341-1.jpg\",\"datePublished\":\"2018-07-18T15:57:51+00:00\",\"author\":{\"@id\":\"https:\/\/www.welovecycling.com\/pl\/#\/schema\/person\/0dba2d39da943db9df3fd8f4687e7f23\"},\"breadcrumb\":{\"@id\":\"https:\/\/www.welovecycling.com\/pl\/2018\/07\/18\/zabawa-na-tour-de-france-zaczyna-sie-na-dobre\/#breadcrumb\"},\"inLanguage\":\"pl-PL\",\"potentialAction\":[{\"@type\":\"ReadAction\",\"target\":[\"https:\/\/www.welovecycling.com\/pl\/2018\/07\/18\/zabawa-na-tour-de-france-zaczyna-sie-na-dobre\/\"]}]},{\"@type\":\"ImageObject\",\"inLanguage\":\"pl-PL\",\"@id\":\"https:\/\/www.welovecycling.com\/pl\/2018\/07\/18\/zabawa-na-tour-de-france-zaczyna-sie-na-dobre\/#primaryimage\",\"url\":\"https:\/\/d2p6e6u75xmxt8.cloudfront.net\/5\/2018\/07\/profimedia-0377525341-1.jpg\",\"contentUrl\":\"https:\/\/d2p6e6u75xmxt8.cloudfront.net\/5\/2018\/07\/profimedia-0377525341-1.jpg\",\"width\":1366,\"height\":600},{\"@type\":\"BreadcrumbList\",\"@id\":\"https:\/\/www.welovecycling.com\/pl\/2018\/07\/18\/zabawa-na-tour-de-france-zaczyna-sie-na-dobre\/#breadcrumb\",\"itemListElement\":[{\"@type\":\"ListItem\",\"position\":1,\"name\":\"Home\",\"item\":\"https:\/\/www.welovecycling.com\/pl\/\"},{\"@type\":\"ListItem\",\"position\":2,\"name\":\"Zabawa na Tour de France zaczyna si\u0119 na dobre!\"}]},{\"@type\":\"WebSite\",\"@id\":\"https:\/\/www.welovecycling.com\/pl\/#website\",\"url\":\"https:\/\/www.welovecycling.com\/pl\/\",\"name\":\"\u0160koda We Love Cycling - Poland\",\"description\":\"\",\"potentialAction\":[{\"@type\":\"SearchAction\",\"target\":{\"@type\":\"EntryPoint\",\"urlTemplate\":\"https:\/\/www.welovecycling.com\/pl\/?s={search_term_string}\"},\"query-input\":{\"@type\":\"PropertyValueSpecification\",\"valueRequired\":true,\"valueName\":\"search_term_string\"}}],\"inLanguage\":\"pl-PL\"},{\"@type\":\"Person\",\"@id\":\"https:\/\/www.welovecycling.com\/pl\/#\/schema\/person\/0dba2d39da943db9df3fd8f4687e7f23\",\"name\":\"piotrboczkowski\",\"image\":{\"@type\":\"ImageObject\",\"inLanguage\":\"pl-PL\",\"@id\":\"https:\/\/www.welovecycling.com\/pl\/#\/schema\/person\/image\/\",\"url\":\"https:\/\/secure.gravatar.com\/avatar\/533caccae14752e03a2ce2d3fd62d1b98b93e1393c3195c27819e53344ca1ace?s=96&d=mm&r=g\",\"contentUrl\":\"https:\/\/secure.gravatar.com\/avatar\/533caccae14752e03a2ce2d3fd62d1b98b93e1393c3195c27819e53344ca1ace?s=96&d=mm&r=g\",\"caption\":\"piotrboczkowski\"},\"url\":\"https:\/\/www.welovecycling.com\/pl\/author\/piotrboczkowski\/\"}]}<\/script>\n<!-- \/ Yoast SEO Premium plugin. -->","yoast_head_json":{"title":"Zabawa na Tour de France zaczyna si\u0119 na dobre! - \u0160koda We Love Cycling - Poland","robots":{"index":"index","follow":"follow","max-snippet":"max-snippet:-1","max-image-preview":"max-image-preview:large","max-video-preview":"max-video-preview:-1"},"canonical":"https:\/\/www.welovecycling.com\/pl\/2018\/07\/18\/zabawa-na-tour-de-france-zaczyna-sie-na-dobre\/","og_locale":"pl_PL","og_type":"article","og_title":"Zabawa na Tour de France zaczyna si\u0119 na dobre!","og_description":"W\u0142a\u015bnie dla takich moment\u00f3w ogl\u0105da si\u0119 wielogodzinne relacje z Tour de France. Gdy Julian Alaphilippe pod\u0105\u017ca\u0142 w stron\u0119 mety, a\u017c [&hellip;]","og_url":"https:\/\/www.welovecycling.com\/pl\/2018\/07\/18\/zabawa-na-tour-de-france-zaczyna-sie-na-dobre\/","og_site_name":"\u0160koda We Love Cycling - Poland","article_published_time":"2018-07-18T15:57:51+00:00","og_image":[{"width":1366,"height":600,"url":"https:\/\/d2p6e6u75xmxt8.cloudfront.net\/5\/2018\/07\/profimedia-0377525341-1.jpg","type":"image\/jpeg"}],"author":"piotrboczkowski","twitter_card":"summary_large_image","twitter_misc":{"Written by":"Piotr Jawor","Est. reading time":"4 minutes"},"schema":{"@context":"https:\/\/schema.org","@graph":[{"@type":"WebPage","@id":"https:\/\/www.welovecycling.com\/pl\/2018\/07\/18\/zabawa-na-tour-de-france-zaczyna-sie-na-dobre\/","url":"https:\/\/www.welovecycling.com\/pl\/2018\/07\/18\/zabawa-na-tour-de-france-zaczyna-sie-na-dobre\/","name":"Zabawa na Tour de France zaczyna si\u0119 na dobre! - \u0160koda We Love Cycling - Poland","isPartOf":{"@id":"https:\/\/www.welovecycling.com\/pl\/#website"},"primaryImageOfPage":{"@id":"https:\/\/www.welovecycling.com\/pl\/2018\/07\/18\/zabawa-na-tour-de-france-zaczyna-sie-na-dobre\/#primaryimage"},"image":{"@id":"https:\/\/www.welovecycling.com\/pl\/2018\/07\/18\/zabawa-na-tour-de-france-zaczyna-sie-na-dobre\/#primaryimage"},"thumbnailUrl":"https:\/\/d2p6e6u75xmxt8.cloudfront.net\/5\/2018\/07\/profimedia-0377525341-1.jpg","datePublished":"2018-07-18T15:57:51+00:00","author":{"@id":"https:\/\/www.welovecycling.com\/pl\/#\/schema\/person\/0dba2d39da943db9df3fd8f4687e7f23"},"breadcrumb":{"@id":"https:\/\/www.welovecycling.com\/pl\/2018\/07\/18\/zabawa-na-tour-de-france-zaczyna-sie-na-dobre\/#breadcrumb"},"inLanguage":"pl-PL","potentialAction":[{"@type":"ReadAction","target":["https:\/\/www.welovecycling.com\/pl\/2018\/07\/18\/zabawa-na-tour-de-france-zaczyna-sie-na-dobre\/"]}]},{"@type":"ImageObject","inLanguage":"pl-PL","@id":"https:\/\/www.welovecycling.com\/pl\/2018\/07\/18\/zabawa-na-tour-de-france-zaczyna-sie-na-dobre\/#primaryimage","url":"https:\/\/d2p6e6u75xmxt8.cloudfront.net\/5\/2018\/07\/profimedia-0377525341-1.jpg","contentUrl":"https:\/\/d2p6e6u75xmxt8.cloudfront.net\/5\/2018\/07\/profimedia-0377525341-1.jpg","width":1366,"height":600},{"@type":"BreadcrumbList","@id":"https:\/\/www.welovecycling.com\/pl\/2018\/07\/18\/zabawa-na-tour-de-france-zaczyna-sie-na-dobre\/#breadcrumb","itemListElement":[{"@type":"ListItem","position":1,"name":"Home","item":"https:\/\/www.welovecycling.com\/pl\/"},{"@type":"ListItem","position":2,"name":"Zabawa na Tour de France zaczyna si\u0119 na dobre!"}]},{"@type":"WebSite","@id":"https:\/\/www.welovecycling.com\/pl\/#website","url":"https:\/\/www.welovecycling.com\/pl\/","name":"\u0160koda We Love Cycling - Poland","description":"","potentialAction":[{"@type":"SearchAction","target":{"@type":"EntryPoint","urlTemplate":"https:\/\/www.welovecycling.com\/pl\/?s={search_term_string}"},"query-input":{"@type":"PropertyValueSpecification","valueRequired":true,"valueName":"search_term_string"}}],"inLanguage":"pl-PL"},{"@type":"Person","@id":"https:\/\/www.welovecycling.com\/pl\/#\/schema\/person\/0dba2d39da943db9df3fd8f4687e7f23","name":"piotrboczkowski","image":{"@type":"ImageObject","inLanguage":"pl-PL","@id":"https:\/\/www.welovecycling.com\/pl\/#\/schema\/person\/image\/","url":"https:\/\/secure.gravatar.com\/avatar\/533caccae14752e03a2ce2d3fd62d1b98b93e1393c3195c27819e53344ca1ace?s=96&d=mm&r=g","contentUrl":"https:\/\/secure.gravatar.com\/avatar\/533caccae14752e03a2ce2d3fd62d1b98b93e1393c3195c27819e53344ca1ace?s=96&d=mm&r=g","caption":"piotrboczkowski"},"url":"https:\/\/www.welovecycling.com\/pl\/author\/piotrboczkowski\/"}]}},"_links":{"self":[{"href":"https:\/\/www.welovecycling.com\/pl\/wp-json\/wp\/v2\/posts\/7392","targetHints":{"allow":["GET"]}}],"collection":[{"href":"https:\/\/www.welovecycling.com\/pl\/wp-json\/wp\/v2\/posts"}],"about":[{"href":"https:\/\/www.welovecycling.com\/pl\/wp-json\/wp\/v2\/types\/post"}],"author":[{"embeddable":true,"href":"https:\/\/www.welovecycling.com\/pl\/wp-json\/wp\/v2\/users\/76"}],"replies":[{"embeddable":true,"href":"https:\/\/www.welovecycling.com\/pl\/wp-json\/wp\/v2\/comments?post=7392"}],"version-history":[{"count":2,"href":"https:\/\/www.welovecycling.com\/pl\/wp-json\/wp\/v2\/posts\/7392\/revisions"}],"predecessor-version":[{"id":7395,"href":"https:\/\/www.welovecycling.com\/pl\/wp-json\/wp\/v2\/posts\/7392\/revisions\/7395"}],"wp:featuredmedia":[{"embeddable":true,"href":"https:\/\/www.welovecycling.com\/pl\/wp-json\/wp\/v2\/media\/7393"}],"wp:attachment":[{"href":"https:\/\/www.welovecycling.com\/pl\/wp-json\/wp\/v2\/media?parent=7392"}],"wp:term":[{"taxonomy":"category","embeddable":true,"href":"https:\/\/www.welovecycling.com\/pl\/wp-json\/wp\/v2\/categories?post=7392"},{"taxonomy":"post_tag","embeddable":true,"href":"https:\/\/www.welovecycling.com\/pl\/wp-json\/wp\/v2\/tags?post=7392"},{"taxonomy":"global-categories","embeddable":true,"href":"https:\/\/www.welovecycling.com\/pl\/wp-json\/wp\/v2\/global-categories?post=7392"}],"curies":[{"name":"wp","href":"https:\/\/api.w.org\/{rel}","templated":true}]}}