{"id":7386,"date":"2018-07-17T13:58:19","date_gmt":"2018-07-17T13:58:19","guid":{"rendered":"https:\/\/www.welovecycling.com\/pl\/?p=7386"},"modified":"2018-07-17T13:58:19","modified_gmt":"2018-07-17T13:58:19","slug":"cala-prawda-co-sie-wydarzylo-w-pierwszym-tygodniu-tour-de-france-2018","status":"publish","type":"post","link":"https:\/\/www.welovecycling.com\/pl\/2018\/07\/17\/cala-prawda-co-sie-wydarzylo-w-pierwszym-tygodniu-tour-de-france-2018\/","title":{"rendered":"Ca\u0142a prawda: co si\u0119 wydarzy\u0142o w pierwszym tygodniu Tour de France 2018"},"content":{"rendered":"<p>Szcz\u0119\u015bliwe wydarzenia chodzi\u0142y parami podczas pierwszego tygodnia Le Tour 2018. Peter Sagan, s\u0142owacki mistrz \u015bwiata, debiutuj\u0105cy na torze Kolumbijczyk Fernando Gaviria oraz Du\u0144czyk Dylan Groenewegen wygrali we tr\u00f3jk\u0119 obydwa etapy wy\u015bcigu. Dwudziestotrzyletni Gaviria pierwszego dnia podj\u0105\u0142 si\u0119 jazdy indywidualnej na czas, podczas kt\u00f3rej czterokrotny zwyci\u0119zca wy\u015bcigu, Chris Foome, uleg\u0142 wypadkowi.<\/p>\n<p>Pochodz\u0105cy z Kenii Anglik pr\u00f3buje powt\u00f3rzy\u0107 dwa historyczne kolarskie wyczyny: po pierwsze, by\u0107 kolejnym zawodnikiem po W\u0142ochu Marco Pantani, kt\u00f3ry w roku 1998 wygra\u0142 zar\u00f3wno Tour, jak i Giro d&#8217;Italia. Po drugie za\u015b &#8211; osi\u0105gn\u0105\u0107 wynik pi\u0119ciu zwyci\u0119stw w Tour, zr\u00f3wnuj\u0105c si\u0119 z takimi legendami jak Miguel Indurain, Eddy Merckx, Jacques Anquetil oraz Bernard Hinault. Pod koniec pierwszego tygodnia utrzymywa\u0142 si\u0119 na 8. miejscu, plasuj\u0105c si\u0119 1 minut\u0119 i 42 sekundy (1:06) za liderem wy\u015bcigu, Gregiem Van Avermaet z Belgii. Van Avermaet obj\u0105\u0142 prowadzenie po 3. etapie, w kt\u00f3rym to jego zesp\u00f3\u0142, BMC, wygra\u0142 dru\u017cynow\u0105 jazd\u0119 na czas, o ledwie 4 sekundy pokonuj\u0105c zesp\u00f3\u0142 Froom&#8217;a, Team Sky.<\/p>\n<p><iframe loading=\"lazy\" id=\"instagram-embed-0\" class=\"instagram-media instagram-media-rendered\" src=\"https:\/\/www.instagram.com\/p\/BlIyiLEAG5i\/embed\/captioned\/?cr=1&amp;v=9&amp;wp=625&amp;rd=www.welovecycling.com#%7B%22ci%22%3A0%2C%22os%22%3A7903.099999995902%7D\" width=\"300\" height=\"755\" frameborder=\"0\" scrolling=\"no\" data-instgrm-payload-id=\"instagram-media-payload-0\" data-mce-fragment=\"1\"><\/iframe><\/p>\n<p>Froome mia\u0142 wypadek po raz kolejny podczas burzliwego 9. etapu w niedziel\u0119, kt\u00f3ry przeprowadzi\u0142 kolarzy przez 15 zdradzieckich brukowanych fragment\u00f3w trasy na odcinku 156,5 km, prowadz\u0105cej z Arras Citadelle do Roubaix w p\u00f3\u0142nocnej Francji. Opr\u00f3cz niego, dziesi\u0105tki innych zawodnik\u00f3w tak\u017ce uleg\u0142o kolizjom\u00a0 na w\u0105skich, brukowanych uliczkach. Zwyci\u0119zca drugiego miejsca z poprzedniego Tour\u2019u, Kolumbijczyk Riboberto Uran, mia\u0142 z kolei wypadek na 30 kilometr\u00f3w przed met\u0105\u00a0 &#8211; oddali\u0142o go to o 1 minut\u0119 i 28 sekund od pozosta\u0142ych zawodnik\u00f3w. Nadzieja Francji, Romain Bardet, mia\u0142 nieszcz\u0119\u015bcie przebi\u0107 a\u017c trzykrotnie opony podczas etapu, co zmusi\u0142o go do zdwojenia wysi\u0142k\u00f3w; ostatecznie straci\u0142 jedynie 7 sekund.<\/p>\n<p>Ten dramatyczny etap okaza\u0142 si\u0119 nieszcz\u0119\u015bliwy r\u00f3wnie\u017c dla zachwalanego Richiego Porte z Australii, kt\u00f3ry na wczesnym odcinku &#8211; bo jeszcze przed brukiem &#8211; zosta\u0142 zabrany przez ambulans po wypadku, w kt\u00f3rym z\u0142ama\u0142 obojczyk. \u201aDziewi\u0105tka\u2019 okaza\u0142a si\u0119 jednak\u017ce \u0142askawa dla Niemca Johna Degenkolb, dla kt\u00f3rego by\u0142 to pierwszy wygrany etap Tour de France; wyprzedzi\u0142 w nim Van&#8217;a Avarmaet i innego Belga, Yves&#8217;a Lampaert.<\/p>\n<p><iframe loading=\"lazy\" id=\"instagram-embed-1\" class=\"instagram-media instagram-media-rendered\" src=\"https:\/\/www.instagram.com\/p\/BlQqyOkBP1Q\/embed\/captioned\/?cr=1&amp;v=9&amp;wp=625&amp;rd=www.welovecycling.com#%7B%22ci%22%3A1%2C%22os%22%3A7908.5999999661%7D\" width=\"300\" height=\"790\" frameborder=\"0\" scrolling=\"no\" data-instgrm-payload-id=\"instagram-media-payload-1\" data-mce-fragment=\"1\"><\/iframe><\/p>\n<p>&#8222;To sama rado\u015b\u0107&#8221;, powiedzia\u0142 Degenkolb po wy\u015bcigu. &#8222;Pracowa\u0142em na to zwyci\u0119stwo tak d\u0142ugo\u2026 Du\u017co musia\u0142em przej\u015b\u0107.&#8221; Uczestnicz\u0105c w roku 2016 w Trek-Segafredo zosta\u0142 powa\u017cnie ranny, gdy zderzy\u0142 si\u0119 wraz ze swoimi \u00f3wczesnymi cz\u0142onkami zespo\u0142u z samochodem podczas jazdy treningowej.<\/p>\n<p>Pierwszy tydzie\u0144 Tour\u2019u przyni\u00f3s\u0142 niezwykle du\u017c\u0105 liczb\u0119 wypadk\u00f3w, zmuszaj\u0105c 9 uczestnik\u00f3w do wycofania si\u0119 z wy\u015bcigu. Van Avermaet zako\u0144czy\u0142 ten tydzie\u0144 z \u017c\u00f3\u0142t\u0105 koszulk\u0105 lidera, wyprzedzaj\u0105c o 43 sekundy Geraint Thoma, oraz b\u0119d\u0105cego na trzecim miejscu Belga Philippe Gilbert o ca\u0142\u0105 dodatkow\u0105 sekund\u0119. Sytuacja zmieni si\u0119 zapewne po poniedzia\u0142kowym odpoczynku, kiedy pozosta\u0142ych 167 uczestnik\u00f3w wy\u015bcigu zmierzy si\u0119 z pierwszym z trzech nie\u0142atwych alpejskich etap\u00f3w. Ci z niewielkimi szansami na og\u00f3lne zwyci\u0119stwo b\u0119d\u0105 musieli zadowoli\u0107 si\u0119 walk\u0105 o wygranie etapu; kolarze ubiegaj\u0105cy si\u0119 o tytu\u0142 b\u0119d\u0105 \u015bciga\u0107 si\u0119 o ka\u017cd\u0105 sekund\u0119, oszcz\u0119dzaj\u0105c si\u0142y na etap 16. w Pirenejach, 24 lipca.<\/p>\n","protected":false},"excerpt":{"rendered":"<p>Szcz\u0119\u015bliwe wydarzenia chodzi\u0142y parami podczas pierwszego tygodnia Le Tour 2018. Peter Sagan, s\u0142owacki mistrz \u015bwiata, debiutuj\u0105cy na torze Kolumbijczyk Fernando [&hellip;]<\/p>\n","protected":false},"author":76,"featured_media":7387,"comment_status":"open","ping_status":"open","sticky":false,"template":"","format":"standard","meta":{"footnotes":""},"categories":[270],"tags":[73,77,212],"global-categories":[],"class_list":["post-7386","post","type-post","status-publish","format-standard","has-post-thumbnail","hentry","category-tour-de-france-2018","tag-tdf","tag-tour-de-france","tag-tour-de-france-2018"],"yoast_head":"<!-- This site is optimized with the Yoast SEO Premium plugin v25.3 (Yoast SEO v25.9) - https:\/\/yoast.com\/wordpress\/plugins\/seo\/ -->\n<title>Ca\u0142a prawda: co si\u0119 wydarzy\u0142o w pierwszym tygodniu Tour de France 2018 - \u0160koda We Love Cycling - Poland<\/title>\n<meta name=\"robots\" content=\"index, follow, max-snippet:-1, max-image-preview:large, max-video-preview:-1\" \/>\n<link rel=\"canonical\" href=\"https:\/\/www.welovecycling.com\/pl\/2018\/07\/17\/cala-prawda-co-sie-wydarzylo-w-pierwszym-tygodniu-tour-de-france-2018\/\" \/>\n<meta property=\"og:locale\" content=\"pl_PL\" \/>\n<meta property=\"og:type\" content=\"article\" \/>\n<meta property=\"og:title\" content=\"Ca\u0142a prawda: co si\u0119 wydarzy\u0142o w pierwszym tygodniu Tour de France 2018\" \/>\n<meta property=\"og:description\" content=\"Szcz\u0119\u015bliwe wydarzenia chodzi\u0142y parami podczas pierwszego tygodnia Le Tour 2018. Peter Sagan, s\u0142owacki mistrz \u015bwiata, debiutuj\u0105cy na torze Kolumbijczyk Fernando [&hellip;]\" \/>\n<meta property=\"og:url\" content=\"https:\/\/www.welovecycling.com\/pl\/2018\/07\/17\/cala-prawda-co-sie-wydarzylo-w-pierwszym-tygodniu-tour-de-france-2018\/\" \/>\n<meta property=\"og:site_name\" content=\"\u0160koda We Love Cycling - Poland\" \/>\n<meta property=\"article:published_time\" content=\"2018-07-17T13:58:19+00:00\" \/>\n<meta property=\"og:image\" content=\"https:\/\/d2p6e6u75xmxt8.cloudfront.net\/5\/2018\/07\/profimedia-0377819698-1.jpg\" \/>\n\t<meta property=\"og:image:width\" content=\"1366\" \/>\n\t<meta property=\"og:image:height\" content=\"600\" \/>\n\t<meta property=\"og:image:type\" content=\"image\/jpeg\" \/>\n<meta name=\"author\" content=\"piotrboczkowski\" \/>\n<meta name=\"twitter:card\" content=\"summary_large_image\" \/>\n<meta name=\"twitter:label1\" content=\"Written by\" \/>\n\t<meta name=\"twitter:data1\" content=\"Siegfried Mortkowitz\" \/>\n\t<meta name=\"twitter:label2\" content=\"Est. reading time\" \/>\n\t<meta name=\"twitter:data2\" content=\"3 minutes\" \/>\n<script type=\"application\/ld+json\" class=\"yoast-schema-graph\">{\"@context\":\"https:\/\/schema.org\",\"@graph\":[{\"@type\":\"WebPage\",\"@id\":\"https:\/\/www.welovecycling.com\/pl\/2018\/07\/17\/cala-prawda-co-sie-wydarzylo-w-pierwszym-tygodniu-tour-de-france-2018\/\",\"url\":\"https:\/\/www.welovecycling.com\/pl\/2018\/07\/17\/cala-prawda-co-sie-wydarzylo-w-pierwszym-tygodniu-tour-de-france-2018\/\",\"name\":\"Ca\u0142a prawda: co si\u0119 wydarzy\u0142o w pierwszym tygodniu Tour de France 2018 - \u0160koda We Love Cycling - Poland\",\"isPartOf\":{\"@id\":\"https:\/\/www.welovecycling.com\/pl\/#website\"},\"primaryImageOfPage\":{\"@id\":\"https:\/\/www.welovecycling.com\/pl\/2018\/07\/17\/cala-prawda-co-sie-wydarzylo-w-pierwszym-tygodniu-tour-de-france-2018\/#primaryimage\"},\"image\":{\"@id\":\"https:\/\/www.welovecycling.com\/pl\/2018\/07\/17\/cala-prawda-co-sie-wydarzylo-w-pierwszym-tygodniu-tour-de-france-2018\/#primaryimage\"},\"thumbnailUrl\":\"https:\/\/d2p6e6u75xmxt8.cloudfront.net\/5\/2018\/07\/profimedia-0377819698-1.jpg\",\"datePublished\":\"2018-07-17T13:58:19+00:00\",\"author\":{\"@id\":\"https:\/\/www.welovecycling.com\/pl\/#\/schema\/person\/0dba2d39da943db9df3fd8f4687e7f23\"},\"breadcrumb\":{\"@id\":\"https:\/\/www.welovecycling.com\/pl\/2018\/07\/17\/cala-prawda-co-sie-wydarzylo-w-pierwszym-tygodniu-tour-de-france-2018\/#breadcrumb\"},\"inLanguage\":\"pl-PL\",\"potentialAction\":[{\"@type\":\"ReadAction\",\"target\":[\"https:\/\/www.welovecycling.com\/pl\/2018\/07\/17\/cala-prawda-co-sie-wydarzylo-w-pierwszym-tygodniu-tour-de-france-2018\/\"]}]},{\"@type\":\"ImageObject\",\"inLanguage\":\"pl-PL\",\"@id\":\"https:\/\/www.welovecycling.com\/pl\/2018\/07\/17\/cala-prawda-co-sie-wydarzylo-w-pierwszym-tygodniu-tour-de-france-2018\/#primaryimage\",\"url\":\"https:\/\/d2p6e6u75xmxt8.cloudfront.net\/5\/2018\/07\/profimedia-0377819698-1.jpg\",\"contentUrl\":\"https:\/\/d2p6e6u75xmxt8.cloudfront.net\/5\/2018\/07\/profimedia-0377819698-1.jpg\",\"width\":1366,\"height\":600},{\"@type\":\"BreadcrumbList\",\"@id\":\"https:\/\/www.welovecycling.com\/pl\/2018\/07\/17\/cala-prawda-co-sie-wydarzylo-w-pierwszym-tygodniu-tour-de-france-2018\/#breadcrumb\",\"itemListElement\":[{\"@type\":\"ListItem\",\"position\":1,\"name\":\"Home\",\"item\":\"https:\/\/www.welovecycling.com\/pl\/\"},{\"@type\":\"ListItem\",\"position\":2,\"name\":\"Ca\u0142a prawda: co si\u0119 wydarzy\u0142o w pierwszym tygodniu Tour de France 2018\"}]},{\"@type\":\"WebSite\",\"@id\":\"https:\/\/www.welovecycling.com\/pl\/#website\",\"url\":\"https:\/\/www.welovecycling.com\/pl\/\",\"name\":\"\u0160koda We Love Cycling - Poland\",\"description\":\"\",\"potentialAction\":[{\"@type\":\"SearchAction\",\"target\":{\"@type\":\"EntryPoint\",\"urlTemplate\":\"https:\/\/www.welovecycling.com\/pl\/?s={search_term_string}\"},\"query-input\":{\"@type\":\"PropertyValueSpecification\",\"valueRequired\":true,\"valueName\":\"search_term_string\"}}],\"inLanguage\":\"pl-PL\"},{\"@type\":\"Person\",\"@id\":\"https:\/\/www.welovecycling.com\/pl\/#\/schema\/person\/0dba2d39da943db9df3fd8f4687e7f23\",\"name\":\"piotrboczkowski\",\"image\":{\"@type\":\"ImageObject\",\"inLanguage\":\"pl-PL\",\"@id\":\"https:\/\/www.welovecycling.com\/pl\/#\/schema\/person\/image\/\",\"url\":\"https:\/\/secure.gravatar.com\/avatar\/533caccae14752e03a2ce2d3fd62d1b98b93e1393c3195c27819e53344ca1ace?s=96&d=mm&r=g\",\"contentUrl\":\"https:\/\/secure.gravatar.com\/avatar\/533caccae14752e03a2ce2d3fd62d1b98b93e1393c3195c27819e53344ca1ace?s=96&d=mm&r=g\",\"caption\":\"piotrboczkowski\"},\"url\":\"https:\/\/www.welovecycling.com\/pl\/author\/piotrboczkowski\/\"}]}<\/script>\n<!-- \/ Yoast SEO Premium plugin. -->","yoast_head_json":{"title":"Ca\u0142a prawda: co si\u0119 wydarzy\u0142o w pierwszym tygodniu Tour de France 2018 - \u0160koda We Love Cycling - Poland","robots":{"index":"index","follow":"follow","max-snippet":"max-snippet:-1","max-image-preview":"max-image-preview:large","max-video-preview":"max-video-preview:-1"},"canonical":"https:\/\/www.welovecycling.com\/pl\/2018\/07\/17\/cala-prawda-co-sie-wydarzylo-w-pierwszym-tygodniu-tour-de-france-2018\/","og_locale":"pl_PL","og_type":"article","og_title":"Ca\u0142a prawda: co si\u0119 wydarzy\u0142o w pierwszym tygodniu Tour de France 2018","og_description":"Szcz\u0119\u015bliwe wydarzenia chodzi\u0142y parami podczas pierwszego tygodnia Le Tour 2018. Peter Sagan, s\u0142owacki mistrz \u015bwiata, debiutuj\u0105cy na torze Kolumbijczyk Fernando [&hellip;]","og_url":"https:\/\/www.welovecycling.com\/pl\/2018\/07\/17\/cala-prawda-co-sie-wydarzylo-w-pierwszym-tygodniu-tour-de-france-2018\/","og_site_name":"\u0160koda We Love Cycling - Poland","article_published_time":"2018-07-17T13:58:19+00:00","og_image":[{"width":1366,"height":600,"url":"https:\/\/d2p6e6u75xmxt8.cloudfront.net\/5\/2018\/07\/profimedia-0377819698-1.jpg","type":"image\/jpeg"}],"author":"piotrboczkowski","twitter_card":"summary_large_image","twitter_misc":{"Written by":"Siegfried Mortkowitz","Est. reading time":"3 minutes"},"schema":{"@context":"https:\/\/schema.org","@graph":[{"@type":"WebPage","@id":"https:\/\/www.welovecycling.com\/pl\/2018\/07\/17\/cala-prawda-co-sie-wydarzylo-w-pierwszym-tygodniu-tour-de-france-2018\/","url":"https:\/\/www.welovecycling.com\/pl\/2018\/07\/17\/cala-prawda-co-sie-wydarzylo-w-pierwszym-tygodniu-tour-de-france-2018\/","name":"Ca\u0142a prawda: co si\u0119 wydarzy\u0142o w pierwszym tygodniu Tour de France 2018 - \u0160koda We Love Cycling - Poland","isPartOf":{"@id":"https:\/\/www.welovecycling.com\/pl\/#website"},"primaryImageOfPage":{"@id":"https:\/\/www.welovecycling.com\/pl\/2018\/07\/17\/cala-prawda-co-sie-wydarzylo-w-pierwszym-tygodniu-tour-de-france-2018\/#primaryimage"},"image":{"@id":"https:\/\/www.welovecycling.com\/pl\/2018\/07\/17\/cala-prawda-co-sie-wydarzylo-w-pierwszym-tygodniu-tour-de-france-2018\/#primaryimage"},"thumbnailUrl":"https:\/\/d2p6e6u75xmxt8.cloudfront.net\/5\/2018\/07\/profimedia-0377819698-1.jpg","datePublished":"2018-07-17T13:58:19+00:00","author":{"@id":"https:\/\/www.welovecycling.com\/pl\/#\/schema\/person\/0dba2d39da943db9df3fd8f4687e7f23"},"breadcrumb":{"@id":"https:\/\/www.welovecycling.com\/pl\/2018\/07\/17\/cala-prawda-co-sie-wydarzylo-w-pierwszym-tygodniu-tour-de-france-2018\/#breadcrumb"},"inLanguage":"pl-PL","potentialAction":[{"@type":"ReadAction","target":["https:\/\/www.welovecycling.com\/pl\/2018\/07\/17\/cala-prawda-co-sie-wydarzylo-w-pierwszym-tygodniu-tour-de-france-2018\/"]}]},{"@type":"ImageObject","inLanguage":"pl-PL","@id":"https:\/\/www.welovecycling.com\/pl\/2018\/07\/17\/cala-prawda-co-sie-wydarzylo-w-pierwszym-tygodniu-tour-de-france-2018\/#primaryimage","url":"https:\/\/d2p6e6u75xmxt8.cloudfront.net\/5\/2018\/07\/profimedia-0377819698-1.jpg","contentUrl":"https:\/\/d2p6e6u75xmxt8.cloudfront.net\/5\/2018\/07\/profimedia-0377819698-1.jpg","width":1366,"height":600},{"@type":"BreadcrumbList","@id":"https:\/\/www.welovecycling.com\/pl\/2018\/07\/17\/cala-prawda-co-sie-wydarzylo-w-pierwszym-tygodniu-tour-de-france-2018\/#breadcrumb","itemListElement":[{"@type":"ListItem","position":1,"name":"Home","item":"https:\/\/www.welovecycling.com\/pl\/"},{"@type":"ListItem","position":2,"name":"Ca\u0142a prawda: co si\u0119 wydarzy\u0142o w pierwszym tygodniu Tour de France 2018"}]},{"@type":"WebSite","@id":"https:\/\/www.welovecycling.com\/pl\/#website","url":"https:\/\/www.welovecycling.com\/pl\/","name":"\u0160koda We Love Cycling - Poland","description":"","potentialAction":[{"@type":"SearchAction","target":{"@type":"EntryPoint","urlTemplate":"https:\/\/www.welovecycling.com\/pl\/?s={search_term_string}"},"query-input":{"@type":"PropertyValueSpecification","valueRequired":true,"valueName":"search_term_string"}}],"inLanguage":"pl-PL"},{"@type":"Person","@id":"https:\/\/www.welovecycling.com\/pl\/#\/schema\/person\/0dba2d39da943db9df3fd8f4687e7f23","name":"piotrboczkowski","image":{"@type":"ImageObject","inLanguage":"pl-PL","@id":"https:\/\/www.welovecycling.com\/pl\/#\/schema\/person\/image\/","url":"https:\/\/secure.gravatar.com\/avatar\/533caccae14752e03a2ce2d3fd62d1b98b93e1393c3195c27819e53344ca1ace?s=96&d=mm&r=g","contentUrl":"https:\/\/secure.gravatar.com\/avatar\/533caccae14752e03a2ce2d3fd62d1b98b93e1393c3195c27819e53344ca1ace?s=96&d=mm&r=g","caption":"piotrboczkowski"},"url":"https:\/\/www.welovecycling.com\/pl\/author\/piotrboczkowski\/"}]}},"_links":{"self":[{"href":"https:\/\/www.welovecycling.com\/pl\/wp-json\/wp\/v2\/posts\/7386","targetHints":{"allow":["GET"]}}],"collection":[{"href":"https:\/\/www.welovecycling.com\/pl\/wp-json\/wp\/v2\/posts"}],"about":[{"href":"https:\/\/www.welovecycling.com\/pl\/wp-json\/wp\/v2\/types\/post"}],"author":[{"embeddable":true,"href":"https:\/\/www.welovecycling.com\/pl\/wp-json\/wp\/v2\/users\/76"}],"replies":[{"embeddable":true,"href":"https:\/\/www.welovecycling.com\/pl\/wp-json\/wp\/v2\/comments?post=7386"}],"version-history":[{"count":1,"href":"https:\/\/www.welovecycling.com\/pl\/wp-json\/wp\/v2\/posts\/7386\/revisions"}],"predecessor-version":[{"id":7388,"href":"https:\/\/www.welovecycling.com\/pl\/wp-json\/wp\/v2\/posts\/7386\/revisions\/7388"}],"wp:featuredmedia":[{"embeddable":true,"href":"https:\/\/www.welovecycling.com\/pl\/wp-json\/wp\/v2\/media\/7387"}],"wp:attachment":[{"href":"https:\/\/www.welovecycling.com\/pl\/wp-json\/wp\/v2\/media?parent=7386"}],"wp:term":[{"taxonomy":"category","embeddable":true,"href":"https:\/\/www.welovecycling.com\/pl\/wp-json\/wp\/v2\/categories?post=7386"},{"taxonomy":"post_tag","embeddable":true,"href":"https:\/\/www.welovecycling.com\/pl\/wp-json\/wp\/v2\/tags?post=7386"},{"taxonomy":"global-categories","embeddable":true,"href":"https:\/\/www.welovecycling.com\/pl\/wp-json\/wp\/v2\/global-categories?post=7386"}],"curies":[{"name":"wp","href":"https:\/\/api.w.org\/{rel}","templated":true}]}}