{"id":7383,"date":"2018-07-16T15:41:34","date_gmt":"2018-07-16T15:41:34","guid":{"rendered":"https:\/\/www.welovecycling.com\/pl\/?p=7383"},"modified":"2018-07-16T15:41:34","modified_gmt":"2018-07-16T15:41:34","slug":"tour-de-france-wjechalo-do-jaskini-lwa","status":"publish","type":"post","link":"https:\/\/www.welovecycling.com\/pl\/2018\/07\/16\/tour-de-france-wjechalo-do-jaskini-lwa\/","title":{"rendered":"Tour de France wjecha\u0142o do jaskini lwa"},"content":{"rendered":"<p>Upadki, kraksy i niebezpiecze\u0144stwo czyhaj\u0105ce na ka\u017cdym zakr\u0119cie \u2013 9. etap Tour de France momentami przypomina\u0142 wpuszczenie nied\u017awiedzia w skarpetkach na tafl\u0119 lodu. Najlepsi zdo\u0142ali go jednak przetrwa\u0107 i teraz przygotowuj\u0105 si\u0119 do walki w g\u00f3rach.<\/p>\n<p>To by\u0142o jak wjazd do jaskini lwa, po\u0142\u0105czony z jego dra\u017cnieniem, a nast\u0119pnie pr\u00f3b\u0105 ucieczki. Etap z Arras Citadelle do Roubaix zgodnie z przewidywaniami dostarczy\u0142 wielkich emocji, ale zebra\u0142 te\u017c bolesne \u017cniwo, co odczuli r\u00f3wnie\u017c Polacy.<\/p>\n<p><strong>\u201eO, jest kraksa!\u201d<\/strong><\/p>\n<p>Ka\u017cda dyscyplina sportu ma miejsca, kt\u00f3re zawodnicy wol\u0105 omija\u0107 szeroki \u0142ukiem. Narciarze maj\u0105 spis zdradzieckich g\u00f3r, rajdowcy trasy szczeg\u00f3lnie wymagaj\u0105ce, a na li\u015bcie kolarzy pewnie znalaz\u0142by si\u0119 ten etap Tour de France.<\/p>\n<p>I nie chodzi nawet o to, \u017ce jest szczeg\u00f3lnie m\u0119cz\u0105cy, ale wyj\u0105tkowo zdradziecki, a za wszystkim stoj\u0105 brukowane odcinki. Jazda po nich jest wyj\u0105tkowo niebezpieczna \u2013 ka\u017cdy ruch kierownic\u0105 musi by\u0107 bardzo ostro\u017cny, a to i tak nie wyklucza wielkiej kraksy. Takie etapy kolarze czasem nazywaj\u0105 mikserem, bo w nich ca\u0142a klasyfikacja generalna mo\u017ce wywr\u00f3ci\u0107 si\u0119 do g\u00f3ry nogami.<\/p>\n<p>Zawodnicy do przejechania mieli 15 brukowanych odcink\u00f3w o \u0142\u0105cznej d\u0142ugo\u015bci ponad 20 km. \u2013 To b\u0119dzie bardzo wa\u017cny etap, bo wiele mo\u017ce si\u0119 tam wydarzy\u0107 \u2013 analizowa\u0142 w rozmowie z We Love Cycling Dariusz Baranowski i mia\u0142 racj\u0119.<\/p>\n<p>O trudach 9. etapu bole\u015bnie przekona\u0142 si\u0119 Rafa\u0142 Majka. &#8211; O, jest kraksa! To jaki\u015b kolarz Bora Hansgrohe, kt\u00f3remu a\u017c wpl\u0105ta\u0142 si\u0119 rower\u2026 To Rafa\u0142 Majka? Tak, to on, na pewno! Kierownica zawodnika Sunwebu wpl\u0105ta\u0142a si\u0119 w tylne ko\u0142o jego roweru \u2013 podnosili g\u0142os komentatorzy Eurosportu, gdy kamery pokazywa\u0142y grup\u0119 zawodnik\u00f3w walcz\u0105cych nie o czo\u0142owe pozycje, ale o uwolnienie swoich rower\u00f3w z \u017celaznego u\u015bcisku.<\/p>\n<p><strong>Trudniejszy ni\u017c g\u00f3rska wspinaczka<\/strong><\/p>\n<p>Ale podobnych sytuacji by\u0142o wiele, bo 9. etap nie wybacza\u0142 nawet najmniejszego b\u0142\u0119du. W efekcie z wy\u015bcigu musia\u0142 zrezygnowa\u0107 m.in. Richie Porte (BMC), kt\u00f3ry upad\u0142 ju\u017c na pocz\u0105tku etapu, nabawi\u0142 si\u0119 kontuzji barku i po raz drugi z rz\u0119du nie uko\u0144czy Wielkiej P\u0119tli. Bole\u015bnie z brukiem zmierzyli si\u0119 tak\u017ce m.in. Christopher Froome i Micha\u0142 Kwiatkowski (Team Sky).<\/p>\n<p>&#8211; Dla mnie to by\u0142 ci\u0119\u017cszy etap ni\u017c nawet 6 tysi\u0119cy przewy\u017cszenia. Ca\u0142a ekipa robi\u0142a wszystko co mog\u0142a, ale za szybko wszed\u0142em w jeden zakr\u0119t i przewr\u00f3ci\u0142em si\u0119. Pod koniec my\u015bla\u0142em, \u017ce nie dam rady, ale powiedzia\u0142em sobie: \u201eMusz\u0119 przetrwa\u0107 dla grupy&#8221; \u2013 m\u00f3wi\u0142 przed kamerami Eurosportu Majka.<\/p>\n<p>Jednak im trudniejszy etap, tym bardziej \u0142akomym k\u0105skiem staje si\u0119 wygrana, dlatego walka o ni\u0105 trwa\u0142a do ostatnich metr\u00f3w. Zwyci\u0119\u017cy\u0142 Niemiec John Degenkolb (Trek-Segafredo) przed Gregem Van Avermaetem (BMC), kt\u00f3ry umocni\u0142 si\u0119 na pozycji lidera.<\/p>\n<p>Mimo powa\u017cnie wygl\u0105daj\u0105ce kraksy szybko na mecie pojawi\u0142 si\u0119 tak\u017ce umorusany Rafa\u0142 Majka, kt\u00f3ry w klasyfikacji generalnej zajmuje bardzo wysokie sz\u00f3ste miejsce, a dla Polaka zabawa dopiero si\u0119 rozkr\u0119ca.<\/p>\n<p><strong>\u0141adowanie akumulator\u00f3w<\/strong><\/p>\n<p>W poniedzia\u0142ek kolarze maj\u0105 dzie\u0144 przerwy na zebranie si\u0142, bo od wtorku zaczyna si\u0119 mordercze \u015bciganie w g\u00f3rach, czyli to, co Majka lubi najbardziej.<\/p>\n<p>Na przystawk\u0119 etap Annecy \u2013 Le Grand Bornard, a p\u00f3\u017aniej od razu danie g\u0142\u00f3wne i deser, czyli Albertville \u2013 La Rosiere Espace San Bernardo i piekielnie trudny Bourg Saint Maurice Les Arcs \u2013 Alpe d\u2019Huez.<\/p>\n<p>&#8211; Trzeba na\u0142adowa\u0107 akumulatory, bo Tour de France to jest po prostu rze\u017ania \u2013 przyzna\u0142 Majka.<\/p>\n<p><strong>Klasyfikacja generalna po 9. Etapie Tour de France:<\/strong><\/p>\n<ol>\n<li>Greg van Avermaet (BMC)<\/li>\n<li>Geraint Thomas (SKY) +0.43<\/li>\n<li>Philippe Gilbert (Quick-Step Floors) +0.44<\/li>\n<\/ol>\n<p>&nbsp;<\/p>\n<p>&#8212;&#8212;&#8212;&#8212;-<\/p>\n<p>6. Rafa\u0142 Majka (Bora Hansgrohe) +1:32<\/p>\n<p>107. Micha\u0142 Kwiatkowski (Sky) +30.24<\/p>\n<p>114. Pawe\u0142 Polja\u0144ski (Bora Hansgrohe) +32.40<\/p>\n<p>127. Tomasz Marczy\u0144ski (Lotto Soudal) +37.03<\/p>\n<p>148. Maciej Bodnar (Bora Hansgrohe) +45.55<\/p>\n<p>&nbsp;<\/p>\n<p><strong>Lider klasyfikacji punktowej (sponsorowana przez \u0160kod\u0119):<\/strong> Peter Sagan (Bora Hansgrohe)<\/p>\n<p><strong>Lider klasyfikacji g\u00f3rskiej:<\/strong> Toms Skujins (Trek &#8211; Segafredo)<\/p>\n<p><strong>Lider klasyfikacji m\u0142odzie\u017cowej:<\/strong> Soren Kragh Andersen (Sunweb)<\/p>\n","protected":false},"excerpt":{"rendered":"<p>Upadki, kraksy i niebezpiecze\u0144stwo czyhaj\u0105ce na ka\u017cdym zakr\u0119cie \u2013 9. etap Tour de France momentami przypomina\u0142 wpuszczenie nied\u017awiedzia w skarpetkach [&hellip;]<\/p>\n","protected":false},"author":76,"featured_media":7384,"comment_status":"open","ping_status":"open","sticky":false,"template":"","format":"standard","meta":{"footnotes":""},"categories":[270],"tags":[73,77,212],"global-categories":[],"class_list":["post-7383","post","type-post","status-publish","format-standard","has-post-thumbnail","hentry","category-tour-de-france-2018","tag-tdf","tag-tour-de-france","tag-tour-de-france-2018"],"yoast_head":"<!-- This site is optimized with the Yoast SEO Premium plugin v25.3 (Yoast SEO v25.9) - https:\/\/yoast.com\/wordpress\/plugins\/seo\/ -->\n<title>Tour de France wjecha\u0142o do jaskini lwa - \u0160koda We Love Cycling - Poland<\/title>\n<meta name=\"robots\" content=\"index, follow, max-snippet:-1, max-image-preview:large, max-video-preview:-1\" \/>\n<link rel=\"canonical\" href=\"https:\/\/www.welovecycling.com\/pl\/2018\/07\/16\/tour-de-france-wjechalo-do-jaskini-lwa\/\" \/>\n<meta property=\"og:locale\" content=\"pl_PL\" \/>\n<meta property=\"og:type\" content=\"article\" \/>\n<meta property=\"og:title\" content=\"Tour de France wjecha\u0142o do jaskini lwa\" \/>\n<meta property=\"og:description\" content=\"Upadki, kraksy i niebezpiecze\u0144stwo czyhaj\u0105ce na ka\u017cdym zakr\u0119cie \u2013 9. etap Tour de France momentami przypomina\u0142 wpuszczenie nied\u017awiedzia w skarpetkach [&hellip;]\" \/>\n<meta property=\"og:url\" content=\"https:\/\/www.welovecycling.com\/pl\/2018\/07\/16\/tour-de-france-wjechalo-do-jaskini-lwa\/\" \/>\n<meta property=\"og:site_name\" content=\"\u0160koda We Love Cycling - Poland\" \/>\n<meta property=\"article:published_time\" content=\"2018-07-16T15:41:34+00:00\" \/>\n<meta property=\"og:image\" content=\"https:\/\/d2p6e6u75xmxt8.cloudfront.net\/5\/2018\/07\/main_image1.jpg\" \/>\n\t<meta property=\"og:image:width\" content=\"1375\" \/>\n\t<meta property=\"og:image:height\" content=\"600\" \/>\n\t<meta property=\"og:image:type\" content=\"image\/jpeg\" \/>\n<meta name=\"author\" content=\"piotrboczkowski\" \/>\n<meta name=\"twitter:card\" content=\"summary_large_image\" \/>\n<meta name=\"twitter:label1\" content=\"Written by\" \/>\n\t<meta name=\"twitter:data1\" content=\"Piotr Jawor\" \/>\n\t<meta name=\"twitter:label2\" content=\"Est. reading time\" \/>\n\t<meta name=\"twitter:data2\" content=\"3 minutes\" \/>\n<script type=\"application\/ld+json\" class=\"yoast-schema-graph\">{\"@context\":\"https:\/\/schema.org\",\"@graph\":[{\"@type\":\"WebPage\",\"@id\":\"https:\/\/www.welovecycling.com\/pl\/2018\/07\/16\/tour-de-france-wjechalo-do-jaskini-lwa\/\",\"url\":\"https:\/\/www.welovecycling.com\/pl\/2018\/07\/16\/tour-de-france-wjechalo-do-jaskini-lwa\/\",\"name\":\"Tour de France wjecha\u0142o do jaskini lwa - \u0160koda We Love Cycling - Poland\",\"isPartOf\":{\"@id\":\"https:\/\/www.welovecycling.com\/pl\/#website\"},\"primaryImageOfPage\":{\"@id\":\"https:\/\/www.welovecycling.com\/pl\/2018\/07\/16\/tour-de-france-wjechalo-do-jaskini-lwa\/#primaryimage\"},\"image\":{\"@id\":\"https:\/\/www.welovecycling.com\/pl\/2018\/07\/16\/tour-de-france-wjechalo-do-jaskini-lwa\/#primaryimage\"},\"thumbnailUrl\":\"https:\/\/d2p6e6u75xmxt8.cloudfront.net\/5\/2018\/07\/main_image1.jpg\",\"datePublished\":\"2018-07-16T15:41:34+00:00\",\"author\":{\"@id\":\"https:\/\/www.welovecycling.com\/pl\/#\/schema\/person\/0dba2d39da943db9df3fd8f4687e7f23\"},\"breadcrumb\":{\"@id\":\"https:\/\/www.welovecycling.com\/pl\/2018\/07\/16\/tour-de-france-wjechalo-do-jaskini-lwa\/#breadcrumb\"},\"inLanguage\":\"pl-PL\",\"potentialAction\":[{\"@type\":\"ReadAction\",\"target\":[\"https:\/\/www.welovecycling.com\/pl\/2018\/07\/16\/tour-de-france-wjechalo-do-jaskini-lwa\/\"]}]},{\"@type\":\"ImageObject\",\"inLanguage\":\"pl-PL\",\"@id\":\"https:\/\/www.welovecycling.com\/pl\/2018\/07\/16\/tour-de-france-wjechalo-do-jaskini-lwa\/#primaryimage\",\"url\":\"https:\/\/d2p6e6u75xmxt8.cloudfront.net\/5\/2018\/07\/main_image1.jpg\",\"contentUrl\":\"https:\/\/d2p6e6u75xmxt8.cloudfront.net\/5\/2018\/07\/main_image1.jpg\",\"width\":1375,\"height\":600},{\"@type\":\"BreadcrumbList\",\"@id\":\"https:\/\/www.welovecycling.com\/pl\/2018\/07\/16\/tour-de-france-wjechalo-do-jaskini-lwa\/#breadcrumb\",\"itemListElement\":[{\"@type\":\"ListItem\",\"position\":1,\"name\":\"Home\",\"item\":\"https:\/\/www.welovecycling.com\/pl\/\"},{\"@type\":\"ListItem\",\"position\":2,\"name\":\"Tour de France wjecha\u0142o do jaskini lwa\"}]},{\"@type\":\"WebSite\",\"@id\":\"https:\/\/www.welovecycling.com\/pl\/#website\",\"url\":\"https:\/\/www.welovecycling.com\/pl\/\",\"name\":\"\u0160koda We Love Cycling - Poland\",\"description\":\"\",\"potentialAction\":[{\"@type\":\"SearchAction\",\"target\":{\"@type\":\"EntryPoint\",\"urlTemplate\":\"https:\/\/www.welovecycling.com\/pl\/?s={search_term_string}\"},\"query-input\":{\"@type\":\"PropertyValueSpecification\",\"valueRequired\":true,\"valueName\":\"search_term_string\"}}],\"inLanguage\":\"pl-PL\"},{\"@type\":\"Person\",\"@id\":\"https:\/\/www.welovecycling.com\/pl\/#\/schema\/person\/0dba2d39da943db9df3fd8f4687e7f23\",\"name\":\"piotrboczkowski\",\"image\":{\"@type\":\"ImageObject\",\"inLanguage\":\"pl-PL\",\"@id\":\"https:\/\/www.welovecycling.com\/pl\/#\/schema\/person\/image\/\",\"url\":\"https:\/\/secure.gravatar.com\/avatar\/533caccae14752e03a2ce2d3fd62d1b98b93e1393c3195c27819e53344ca1ace?s=96&d=mm&r=g\",\"contentUrl\":\"https:\/\/secure.gravatar.com\/avatar\/533caccae14752e03a2ce2d3fd62d1b98b93e1393c3195c27819e53344ca1ace?s=96&d=mm&r=g\",\"caption\":\"piotrboczkowski\"},\"url\":\"https:\/\/www.welovecycling.com\/pl\/author\/piotrboczkowski\/\"}]}<\/script>\n<!-- \/ Yoast SEO Premium plugin. -->","yoast_head_json":{"title":"Tour de France wjecha\u0142o do jaskini lwa - \u0160koda We Love Cycling - Poland","robots":{"index":"index","follow":"follow","max-snippet":"max-snippet:-1","max-image-preview":"max-image-preview:large","max-video-preview":"max-video-preview:-1"},"canonical":"https:\/\/www.welovecycling.com\/pl\/2018\/07\/16\/tour-de-france-wjechalo-do-jaskini-lwa\/","og_locale":"pl_PL","og_type":"article","og_title":"Tour de France wjecha\u0142o do jaskini lwa","og_description":"Upadki, kraksy i niebezpiecze\u0144stwo czyhaj\u0105ce na ka\u017cdym zakr\u0119cie \u2013 9. etap Tour de France momentami przypomina\u0142 wpuszczenie nied\u017awiedzia w skarpetkach [&hellip;]","og_url":"https:\/\/www.welovecycling.com\/pl\/2018\/07\/16\/tour-de-france-wjechalo-do-jaskini-lwa\/","og_site_name":"\u0160koda We Love Cycling - Poland","article_published_time":"2018-07-16T15:41:34+00:00","og_image":[{"width":1375,"height":600,"url":"https:\/\/d2p6e6u75xmxt8.cloudfront.net\/5\/2018\/07\/main_image1.jpg","type":"image\/jpeg"}],"author":"piotrboczkowski","twitter_card":"summary_large_image","twitter_misc":{"Written by":"Piotr Jawor","Est. reading time":"3 minutes"},"schema":{"@context":"https:\/\/schema.org","@graph":[{"@type":"WebPage","@id":"https:\/\/www.welovecycling.com\/pl\/2018\/07\/16\/tour-de-france-wjechalo-do-jaskini-lwa\/","url":"https:\/\/www.welovecycling.com\/pl\/2018\/07\/16\/tour-de-france-wjechalo-do-jaskini-lwa\/","name":"Tour de France wjecha\u0142o do jaskini lwa - \u0160koda We Love Cycling - Poland","isPartOf":{"@id":"https:\/\/www.welovecycling.com\/pl\/#website"},"primaryImageOfPage":{"@id":"https:\/\/www.welovecycling.com\/pl\/2018\/07\/16\/tour-de-france-wjechalo-do-jaskini-lwa\/#primaryimage"},"image":{"@id":"https:\/\/www.welovecycling.com\/pl\/2018\/07\/16\/tour-de-france-wjechalo-do-jaskini-lwa\/#primaryimage"},"thumbnailUrl":"https:\/\/d2p6e6u75xmxt8.cloudfront.net\/5\/2018\/07\/main_image1.jpg","datePublished":"2018-07-16T15:41:34+00:00","author":{"@id":"https:\/\/www.welovecycling.com\/pl\/#\/schema\/person\/0dba2d39da943db9df3fd8f4687e7f23"},"breadcrumb":{"@id":"https:\/\/www.welovecycling.com\/pl\/2018\/07\/16\/tour-de-france-wjechalo-do-jaskini-lwa\/#breadcrumb"},"inLanguage":"pl-PL","potentialAction":[{"@type":"ReadAction","target":["https:\/\/www.welovecycling.com\/pl\/2018\/07\/16\/tour-de-france-wjechalo-do-jaskini-lwa\/"]}]},{"@type":"ImageObject","inLanguage":"pl-PL","@id":"https:\/\/www.welovecycling.com\/pl\/2018\/07\/16\/tour-de-france-wjechalo-do-jaskini-lwa\/#primaryimage","url":"https:\/\/d2p6e6u75xmxt8.cloudfront.net\/5\/2018\/07\/main_image1.jpg","contentUrl":"https:\/\/d2p6e6u75xmxt8.cloudfront.net\/5\/2018\/07\/main_image1.jpg","width":1375,"height":600},{"@type":"BreadcrumbList","@id":"https:\/\/www.welovecycling.com\/pl\/2018\/07\/16\/tour-de-france-wjechalo-do-jaskini-lwa\/#breadcrumb","itemListElement":[{"@type":"ListItem","position":1,"name":"Home","item":"https:\/\/www.welovecycling.com\/pl\/"},{"@type":"ListItem","position":2,"name":"Tour de France wjecha\u0142o do jaskini lwa"}]},{"@type":"WebSite","@id":"https:\/\/www.welovecycling.com\/pl\/#website","url":"https:\/\/www.welovecycling.com\/pl\/","name":"\u0160koda We Love Cycling - Poland","description":"","potentialAction":[{"@type":"SearchAction","target":{"@type":"EntryPoint","urlTemplate":"https:\/\/www.welovecycling.com\/pl\/?s={search_term_string}"},"query-input":{"@type":"PropertyValueSpecification","valueRequired":true,"valueName":"search_term_string"}}],"inLanguage":"pl-PL"},{"@type":"Person","@id":"https:\/\/www.welovecycling.com\/pl\/#\/schema\/person\/0dba2d39da943db9df3fd8f4687e7f23","name":"piotrboczkowski","image":{"@type":"ImageObject","inLanguage":"pl-PL","@id":"https:\/\/www.welovecycling.com\/pl\/#\/schema\/person\/image\/","url":"https:\/\/secure.gravatar.com\/avatar\/533caccae14752e03a2ce2d3fd62d1b98b93e1393c3195c27819e53344ca1ace?s=96&d=mm&r=g","contentUrl":"https:\/\/secure.gravatar.com\/avatar\/533caccae14752e03a2ce2d3fd62d1b98b93e1393c3195c27819e53344ca1ace?s=96&d=mm&r=g","caption":"piotrboczkowski"},"url":"https:\/\/www.welovecycling.com\/pl\/author\/piotrboczkowski\/"}]}},"_links":{"self":[{"href":"https:\/\/www.welovecycling.com\/pl\/wp-json\/wp\/v2\/posts\/7383","targetHints":{"allow":["GET"]}}],"collection":[{"href":"https:\/\/www.welovecycling.com\/pl\/wp-json\/wp\/v2\/posts"}],"about":[{"href":"https:\/\/www.welovecycling.com\/pl\/wp-json\/wp\/v2\/types\/post"}],"author":[{"embeddable":true,"href":"https:\/\/www.welovecycling.com\/pl\/wp-json\/wp\/v2\/users\/76"}],"replies":[{"embeddable":true,"href":"https:\/\/www.welovecycling.com\/pl\/wp-json\/wp\/v2\/comments?post=7383"}],"version-history":[{"count":1,"href":"https:\/\/www.welovecycling.com\/pl\/wp-json\/wp\/v2\/posts\/7383\/revisions"}],"predecessor-version":[{"id":7385,"href":"https:\/\/www.welovecycling.com\/pl\/wp-json\/wp\/v2\/posts\/7383\/revisions\/7385"}],"wp:featuredmedia":[{"embeddable":true,"href":"https:\/\/www.welovecycling.com\/pl\/wp-json\/wp\/v2\/media\/7384"}],"wp:attachment":[{"href":"https:\/\/www.welovecycling.com\/pl\/wp-json\/wp\/v2\/media?parent=7383"}],"wp:term":[{"taxonomy":"category","embeddable":true,"href":"https:\/\/www.welovecycling.com\/pl\/wp-json\/wp\/v2\/categories?post=7383"},{"taxonomy":"post_tag","embeddable":true,"href":"https:\/\/www.welovecycling.com\/pl\/wp-json\/wp\/v2\/tags?post=7383"},{"taxonomy":"global-categories","embeddable":true,"href":"https:\/\/www.welovecycling.com\/pl\/wp-json\/wp\/v2\/global-categories?post=7383"}],"curies":[{"name":"wp","href":"https:\/\/api.w.org\/{rel}","templated":true}]}}