{"id":7375,"date":"2018-07-15T18:32:25","date_gmt":"2018-07-15T18:32:25","guid":{"rendered":"https:\/\/www.welovecycling.com\/pl\/?p=7375"},"modified":"2018-07-15T18:34:06","modified_gmt":"2018-07-15T18:34:06","slug":"samochody-wsparcia-mavic-na-tour-de-france","status":"publish","type":"post","link":"https:\/\/www.welovecycling.com\/pl\/2018\/07\/15\/samochody-wsparcia-mavic-na-tour-de-france\/","title":{"rendered":"Samochody wsparcia Mavic na Tour de France"},"content":{"rendered":"<p>Podczas Tour de France w 2010 roku Jens Voigt mocno uszkodzi\u0142 rower. Rama p\u0119k\u0142a jak ga\u0142\u0105zka, przerzutki wygi\u0119\u0142y si\u0119, a kierowca furgonetki Broom Wagon pyta\u0142 go, czy nie chce podw\u00f3zki. Voigt by\u0142 o w\u0142os od rezygnacji.<\/p>\n<p>Voigt za\u017c\u0105da\u0142 roweru, ale oba samochody jego grupy obstawia\u0142y lidera wy\u015bcigu. Gdy straci\u0142 wszelk\u0105 nadziej\u0119, pojawi\u0142a si\u0119 \u017c\u00f3\u0142ta \u0160koda Superb. Podjecha\u0142o neutralne wsparcie Mavic i Voigt otrzyma\u0142 jeden z ich kultowych \u017c\u00f3\u0142tych rower\u00f3w. Dzi\u0119ki temu uko\u0144czy\u0142 etap.<\/p>\n<p>Magazyn <em>We Love Cycling<\/em> przeprowadzi\u0142 rozmow\u0119 z Jacques\u2019em Corteggianim z zespo\u0142u Mavic, aby dowiedzie\u0107 si\u0119, co jest potrzebne, aby utrzyma\u0107 kolarzy na trasie&#8230;<\/p>\n<p><strong>Rozmiar ma znaczenie<\/strong><\/p>\n<p>Jens Voigt, znany jako autor powiedzenia \u201eShut up, legs!\u201d, to kawalarz \u2013 media przekaza\u0142y,<br \/>\n\u017ce \u017cartowa\u0142, i\u017c uko\u0144czy\u0142 etap na \u201edzieci\u0119cym rowerku\u201d. Prawda jest jednak taka, \u017ce pojazdy Mavic wo\u017c\u0105 du\u017cy liczb\u0119 rower\u00f3w do wyboru, aby m\u00f3c dopasowa\u0107 je do mo\u017cliwie najwi\u0119kszej liczby zawodnik\u00f3w. Pami\u0119tajmy, \u017ce Dumoulin ma 1,61 m wzrostu, a Voigt \u2013 jest a\u017c o 30 cm wy\u017cszy.<\/p>\n<p>Jacques m\u00f3wi, \u017ce opr\u00f3cz r\u00f3\u017cnych rozmiar\u00f3w ram Mavic oferuje sztyce, kt\u00f3re wykorzystuj\u0105 \u201eten sam system teleskopowego siode\u0142ka co w rowerach g\u00f3rskich\u201d. Mavic k\u0142adzie nacisk przede wszystkim na aspekty praktyczne, a dostosowywanie sztyc w kolarstwie szosowym stanowi doskona\u0142e rozwi\u0105zanie w sytuacjach awaryjnych.<\/p>\n<p><strong>Odpowiednie narz\u0119dzia<\/strong><\/p>\n<p>Jaqcques powiedzia\u0142, \u017ce samochody Mavic s\u0105 \u201enajwa\u017cniejsze dla zawodnik\u00f3w na odcinkach z kocimi \u0142bami i na etapach g\u00f3rskich\u201d. To na tych obszarach peleton mo\u017ce si\u0119 rozdzieli\u0107, a zespo\u0142y mog\u0105 stan\u0105\u0107 przed trudn\u0105 decyzj\u0105 \u2013 kt\u00f3rzy zawodnicy najbardziej potrzebuj\u0105 wsparcia samochodu?<\/p>\n<p><a href=\"https:\/\/d2p6e6u75xmxt8.cloudfront.net\/5\/2018\/07\/profimedia-0294076251.jpg\"><img loading=\"lazy\" decoding=\"async\" class=\"size-full wp-image-7380\" src=\"https:\/\/d2p6e6u75xmxt8.cloudfront.net\/5\/2018\/07\/profimedia-0294076251.jpg\" alt=\"\" width=\"1250\" height=\"833\" srcset=\"https:\/\/d2p6e6u75xmxt8.cloudfront.net\/5\/2018\/07\/profimedia-0294076251.jpg 1250w, https:\/\/d2p6e6u75xmxt8.cloudfront.net\/5\/2018\/07\/profimedia-0294076251-300x200.jpg 300w, https:\/\/d2p6e6u75xmxt8.cloudfront.net\/5\/2018\/07\/profimedia-0294076251-768x512.jpg 768w, https:\/\/d2p6e6u75xmxt8.cloudfront.net\/5\/2018\/07\/profimedia-0294076251-1024x682.jpg 1024w, https:\/\/d2p6e6u75xmxt8.cloudfront.net\/5\/2018\/07\/profimedia-0294076251-272x182.jpg 272w\" sizes=\"auto, (max-width: 1250px) 100vw, 1250px\" \/><\/a><\/p>\n<p>Mavic wozi ze sob\u0105 szeroki zakres grup osprz\u0119towych, w\u0142\u0105czaj\u0105c w to Campagnolo, Shimano i Red, oraz wiele wi\u0119cej \u2013 potrzebne s\u0105 r\u00f3wnie\u017c piasty i hamulce tarczowe. Ka\u017cda \u0160koda Superb jest wyposa\u017cona w zestaw narz\u0119dzi Park Tools, a Mavic oferuje nawet \u201ekomplet kask\u00f3w dla zespo\u0142\u00f3w medycznych\u201d na wypadek, gdyby zawodnik si\u0119 z nimi zderzy\u0142.<\/p>\n<p><strong>Bardzo ob\u0142adowany samoch\u00f3d<\/strong><\/p>\n<p>Ka\u017cdy samoch\u00f3d Mavic wiezie 6 rower\u00f3w \u201eo r\u00f3\u017cnym rozmiarze i r\u00f3\u017cnych peda\u0142ach\u201d \u2013 m\u00f3wi Jacques. Mechanik jad\u0105cy z ty\u0142u pojazdu mo\u017ce szybko je wymieni\u0107. Rowery s\u0105 r\u00f3\u017cnych marek. Zazwyczaj s\u0105 to rowery, kt\u00f3re by\u0142y wcze\u015bniej u\u017cywane przez czo\u0142\u00f3wk\u0119 profesjonalnych zawodnik\u00f3w, a nast\u0119pnie zosta\u0142y pomalowane na \u017c\u00f3\u0142to.<\/p>\n<p>Mavic wysy\u0142a dwa samochody na pocz\u0105tku peletonu, a jeden samoch\u00f3d pozostaje przy dyrektorze wy\u015bcigu \u2013 z trzema rowerami, kt\u00f3re s\u0105 przygotowane dla trzech najsilniejszych zawodnik\u00f3w w kategorii generalnej, specjalnie po to, aby zawodnicy tacy jak Froome i Nibali pozostali na trasie&#8230;<\/p>\n<p><strong>Odgrywamy istotn\u0105 rol\u0119<\/strong><\/p>\n<p>Rigoberto Uran dobrze sobie radzi\u0142 w Tour de France 2017, gdy kraksa na zje\u017adzie z Mont du Chat z udzia\u0142em Richiego Porte\u2019a uszkodzi\u0142a przerzutki i pozostawi\u0142a go z jednym biegiem. Uran by\u0142 w ucieczce, a samochody z jego zespo\u0142u by\u0142y poza zasi\u0119giem. To w\u0142a\u015bnie wtedy Uran dostrzeg\u0142 pojazd Mavic.<\/p>\n<p><iframe loading=\"lazy\" src=\"https:\/\/players.brightcove.net\/4358179179001\/HJreM6wzf_default\/index.html?videoId=5498814726001\" width=\"750\" height=\"450\" frameborder=\"0\" allowfullscreen=\"allowfullscreen\" data-mce-fragment=\"1\"><\/iframe><\/p>\n<p>Uran podjecha\u0142 do \u0160KODY Superb, a technik Mavic wychyli\u0142 si\u0119 przez okno, aby poprawi\u0107 przerzutki. Technik przesun\u0105\u0142 \u0142a\u0144cuch na 11-z\u0119bow\u0105 tarcz\u0119, dzi\u0119ki czemu Uran zyska\u0142 wyb\u00f3r mi\u0119dzy wysokim prze\u0142o\u017ceniem 53\/11 a \u015brednim prze\u0142o\u017ceniem 39\/11, co wystarczy\u0142o mu, aby nie tylko zosta\u0107 na trasie, lecz r\u00f3wnie\u017c uko\u0144czy\u0107 etap przed Froomem i pokona\u0107 Barguila i Fuglsanga na finiszu.<\/p>\n<p>Pojazdy neutralnej obs\u0142ugi Mavic mog\u0105 by\u0107 wa\u017cne dla zawodnik\u00f3w, ale mo\u017cna twierdzi\u0107, \u017ce s\u0105 jeszcze wa\u017cniejsze dla wszystkich nas \u2013 fan\u00f3w sportu.<\/p>\n","protected":false},"excerpt":{"rendered":"<p>Podczas Tour de France w 2010 roku Jens Voigt mocno uszkodzi\u0142 rower. Rama p\u0119k\u0142a jak ga\u0142\u0105zka, przerzutki wygi\u0119\u0142y si\u0119, a [&hellip;]<\/p>\n","protected":false},"author":76,"featured_media":7376,"comment_status":"open","ping_status":"open","sticky":false,"template":"","format":"standard","meta":{"footnotes":""},"categories":[270],"tags":[273,77,212],"global-categories":[],"class_list":["post-7375","post","type-post","status-publish","format-standard","has-post-thumbnail","hentry","category-tour-de-france-2018","tag-mavic","tag-tour-de-france","tag-tour-de-france-2018"],"yoast_head":"<!-- This site is optimized with the Yoast SEO Premium plugin v25.3 (Yoast SEO v25.9) - https:\/\/yoast.com\/wordpress\/plugins\/seo\/ -->\n<title>Samochody wsparcia Mavic na Tour de France - \u0160koda We Love Cycling - Poland<\/title>\n<meta name=\"robots\" content=\"index, follow, max-snippet:-1, max-image-preview:large, max-video-preview:-1\" \/>\n<link rel=\"canonical\" href=\"https:\/\/www.welovecycling.com\/pl\/2018\/07\/15\/samochody-wsparcia-mavic-na-tour-de-france\/\" \/>\n<meta property=\"og:locale\" content=\"pl_PL\" \/>\n<meta property=\"og:type\" content=\"article\" \/>\n<meta property=\"og:title\" content=\"Samochody wsparcia Mavic na Tour de France\" \/>\n<meta property=\"og:description\" content=\"Podczas Tour de France w 2010 roku Jens Voigt mocno uszkodzi\u0142 rower. Rama p\u0119k\u0142a jak ga\u0142\u0105zka, przerzutki wygi\u0119\u0142y si\u0119, a [&hellip;]\" \/>\n<meta property=\"og:url\" content=\"https:\/\/www.welovecycling.com\/pl\/2018\/07\/15\/samochody-wsparcia-mavic-na-tour-de-france\/\" \/>\n<meta property=\"og:site_name\" content=\"\u0160koda We Love Cycling - Poland\" \/>\n<meta property=\"article:published_time\" content=\"2018-07-15T18:32:25+00:00\" \/>\n<meta property=\"article:modified_time\" content=\"2018-07-15T18:34:06+00:00\" \/>\n<meta property=\"og:image\" content=\"https:\/\/d2p6e6u75xmxt8.cloudfront.net\/5\/2018\/07\/mavic_cover.jpg\" \/>\n\t<meta property=\"og:image:width\" content=\"1500\" \/>\n\t<meta property=\"og:image:height\" content=\"659\" \/>\n\t<meta property=\"og:image:type\" content=\"image\/jpeg\" \/>\n<meta name=\"author\" content=\"piotrboczkowski\" \/>\n<meta name=\"twitter:card\" content=\"summary_large_image\" \/>\n<meta name=\"twitter:label1\" content=\"Written by\" \/>\n\t<meta name=\"twitter:data1\" content=\"Christopher Ashley\" \/>\n\t<meta name=\"twitter:label2\" content=\"Est. reading time\" \/>\n\t<meta name=\"twitter:data2\" content=\"3 minutes\" \/>\n<script type=\"application\/ld+json\" class=\"yoast-schema-graph\">{\"@context\":\"https:\/\/schema.org\",\"@graph\":[{\"@type\":\"WebPage\",\"@id\":\"https:\/\/www.welovecycling.com\/pl\/2018\/07\/15\/samochody-wsparcia-mavic-na-tour-de-france\/\",\"url\":\"https:\/\/www.welovecycling.com\/pl\/2018\/07\/15\/samochody-wsparcia-mavic-na-tour-de-france\/\",\"name\":\"Samochody wsparcia Mavic na Tour de France - \u0160koda We Love Cycling - Poland\",\"isPartOf\":{\"@id\":\"https:\/\/www.welovecycling.com\/pl\/#website\"},\"primaryImageOfPage\":{\"@id\":\"https:\/\/www.welovecycling.com\/pl\/2018\/07\/15\/samochody-wsparcia-mavic-na-tour-de-france\/#primaryimage\"},\"image\":{\"@id\":\"https:\/\/www.welovecycling.com\/pl\/2018\/07\/15\/samochody-wsparcia-mavic-na-tour-de-france\/#primaryimage\"},\"thumbnailUrl\":\"https:\/\/d2p6e6u75xmxt8.cloudfront.net\/5\/2018\/07\/mavic_cover.jpg\",\"datePublished\":\"2018-07-15T18:32:25+00:00\",\"dateModified\":\"2018-07-15T18:34:06+00:00\",\"author\":{\"@id\":\"https:\/\/www.welovecycling.com\/pl\/#\/schema\/person\/0dba2d39da943db9df3fd8f4687e7f23\"},\"breadcrumb\":{\"@id\":\"https:\/\/www.welovecycling.com\/pl\/2018\/07\/15\/samochody-wsparcia-mavic-na-tour-de-france\/#breadcrumb\"},\"inLanguage\":\"pl-PL\",\"potentialAction\":[{\"@type\":\"ReadAction\",\"target\":[\"https:\/\/www.welovecycling.com\/pl\/2018\/07\/15\/samochody-wsparcia-mavic-na-tour-de-france\/\"]}]},{\"@type\":\"ImageObject\",\"inLanguage\":\"pl-PL\",\"@id\":\"https:\/\/www.welovecycling.com\/pl\/2018\/07\/15\/samochody-wsparcia-mavic-na-tour-de-france\/#primaryimage\",\"url\":\"https:\/\/d2p6e6u75xmxt8.cloudfront.net\/5\/2018\/07\/mavic_cover.jpg\",\"contentUrl\":\"https:\/\/d2p6e6u75xmxt8.cloudfront.net\/5\/2018\/07\/mavic_cover.jpg\",\"width\":1500,\"height\":659},{\"@type\":\"BreadcrumbList\",\"@id\":\"https:\/\/www.welovecycling.com\/pl\/2018\/07\/15\/samochody-wsparcia-mavic-na-tour-de-france\/#breadcrumb\",\"itemListElement\":[{\"@type\":\"ListItem\",\"position\":1,\"name\":\"Home\",\"item\":\"https:\/\/www.welovecycling.com\/pl\/\"},{\"@type\":\"ListItem\",\"position\":2,\"name\":\"Samochody wsparcia Mavic na Tour de France\"}]},{\"@type\":\"WebSite\",\"@id\":\"https:\/\/www.welovecycling.com\/pl\/#website\",\"url\":\"https:\/\/www.welovecycling.com\/pl\/\",\"name\":\"\u0160koda We Love Cycling - Poland\",\"description\":\"\",\"potentialAction\":[{\"@type\":\"SearchAction\",\"target\":{\"@type\":\"EntryPoint\",\"urlTemplate\":\"https:\/\/www.welovecycling.com\/pl\/?s={search_term_string}\"},\"query-input\":{\"@type\":\"PropertyValueSpecification\",\"valueRequired\":true,\"valueName\":\"search_term_string\"}}],\"inLanguage\":\"pl-PL\"},{\"@type\":\"Person\",\"@id\":\"https:\/\/www.welovecycling.com\/pl\/#\/schema\/person\/0dba2d39da943db9df3fd8f4687e7f23\",\"name\":\"piotrboczkowski\",\"image\":{\"@type\":\"ImageObject\",\"inLanguage\":\"pl-PL\",\"@id\":\"https:\/\/www.welovecycling.com\/pl\/#\/schema\/person\/image\/\",\"url\":\"https:\/\/secure.gravatar.com\/avatar\/533caccae14752e03a2ce2d3fd62d1b98b93e1393c3195c27819e53344ca1ace?s=96&d=mm&r=g\",\"contentUrl\":\"https:\/\/secure.gravatar.com\/avatar\/533caccae14752e03a2ce2d3fd62d1b98b93e1393c3195c27819e53344ca1ace?s=96&d=mm&r=g\",\"caption\":\"piotrboczkowski\"},\"url\":\"https:\/\/www.welovecycling.com\/pl\/author\/piotrboczkowski\/\"}]}<\/script>\n<!-- \/ Yoast SEO Premium plugin. -->","yoast_head_json":{"title":"Samochody wsparcia Mavic na Tour de France - \u0160koda We Love Cycling - Poland","robots":{"index":"index","follow":"follow","max-snippet":"max-snippet:-1","max-image-preview":"max-image-preview:large","max-video-preview":"max-video-preview:-1"},"canonical":"https:\/\/www.welovecycling.com\/pl\/2018\/07\/15\/samochody-wsparcia-mavic-na-tour-de-france\/","og_locale":"pl_PL","og_type":"article","og_title":"Samochody wsparcia Mavic na Tour de France","og_description":"Podczas Tour de France w 2010 roku Jens Voigt mocno uszkodzi\u0142 rower. Rama p\u0119k\u0142a jak ga\u0142\u0105zka, przerzutki wygi\u0119\u0142y si\u0119, a [&hellip;]","og_url":"https:\/\/www.welovecycling.com\/pl\/2018\/07\/15\/samochody-wsparcia-mavic-na-tour-de-france\/","og_site_name":"\u0160koda We Love Cycling - Poland","article_published_time":"2018-07-15T18:32:25+00:00","article_modified_time":"2018-07-15T18:34:06+00:00","og_image":[{"width":1500,"height":659,"url":"https:\/\/d2p6e6u75xmxt8.cloudfront.net\/5\/2018\/07\/mavic_cover.jpg","type":"image\/jpeg"}],"author":"piotrboczkowski","twitter_card":"summary_large_image","twitter_misc":{"Written by":"Christopher Ashley","Est. reading time":"3 minutes"},"schema":{"@context":"https:\/\/schema.org","@graph":[{"@type":"WebPage","@id":"https:\/\/www.welovecycling.com\/pl\/2018\/07\/15\/samochody-wsparcia-mavic-na-tour-de-france\/","url":"https:\/\/www.welovecycling.com\/pl\/2018\/07\/15\/samochody-wsparcia-mavic-na-tour-de-france\/","name":"Samochody wsparcia Mavic na Tour de France - \u0160koda We Love Cycling - Poland","isPartOf":{"@id":"https:\/\/www.welovecycling.com\/pl\/#website"},"primaryImageOfPage":{"@id":"https:\/\/www.welovecycling.com\/pl\/2018\/07\/15\/samochody-wsparcia-mavic-na-tour-de-france\/#primaryimage"},"image":{"@id":"https:\/\/www.welovecycling.com\/pl\/2018\/07\/15\/samochody-wsparcia-mavic-na-tour-de-france\/#primaryimage"},"thumbnailUrl":"https:\/\/d2p6e6u75xmxt8.cloudfront.net\/5\/2018\/07\/mavic_cover.jpg","datePublished":"2018-07-15T18:32:25+00:00","dateModified":"2018-07-15T18:34:06+00:00","author":{"@id":"https:\/\/www.welovecycling.com\/pl\/#\/schema\/person\/0dba2d39da943db9df3fd8f4687e7f23"},"breadcrumb":{"@id":"https:\/\/www.welovecycling.com\/pl\/2018\/07\/15\/samochody-wsparcia-mavic-na-tour-de-france\/#breadcrumb"},"inLanguage":"pl-PL","potentialAction":[{"@type":"ReadAction","target":["https:\/\/www.welovecycling.com\/pl\/2018\/07\/15\/samochody-wsparcia-mavic-na-tour-de-france\/"]}]},{"@type":"ImageObject","inLanguage":"pl-PL","@id":"https:\/\/www.welovecycling.com\/pl\/2018\/07\/15\/samochody-wsparcia-mavic-na-tour-de-france\/#primaryimage","url":"https:\/\/d2p6e6u75xmxt8.cloudfront.net\/5\/2018\/07\/mavic_cover.jpg","contentUrl":"https:\/\/d2p6e6u75xmxt8.cloudfront.net\/5\/2018\/07\/mavic_cover.jpg","width":1500,"height":659},{"@type":"BreadcrumbList","@id":"https:\/\/www.welovecycling.com\/pl\/2018\/07\/15\/samochody-wsparcia-mavic-na-tour-de-france\/#breadcrumb","itemListElement":[{"@type":"ListItem","position":1,"name":"Home","item":"https:\/\/www.welovecycling.com\/pl\/"},{"@type":"ListItem","position":2,"name":"Samochody wsparcia Mavic na Tour de France"}]},{"@type":"WebSite","@id":"https:\/\/www.welovecycling.com\/pl\/#website","url":"https:\/\/www.welovecycling.com\/pl\/","name":"\u0160koda We Love Cycling - Poland","description":"","potentialAction":[{"@type":"SearchAction","target":{"@type":"EntryPoint","urlTemplate":"https:\/\/www.welovecycling.com\/pl\/?s={search_term_string}"},"query-input":{"@type":"PropertyValueSpecification","valueRequired":true,"valueName":"search_term_string"}}],"inLanguage":"pl-PL"},{"@type":"Person","@id":"https:\/\/www.welovecycling.com\/pl\/#\/schema\/person\/0dba2d39da943db9df3fd8f4687e7f23","name":"piotrboczkowski","image":{"@type":"ImageObject","inLanguage":"pl-PL","@id":"https:\/\/www.welovecycling.com\/pl\/#\/schema\/person\/image\/","url":"https:\/\/secure.gravatar.com\/avatar\/533caccae14752e03a2ce2d3fd62d1b98b93e1393c3195c27819e53344ca1ace?s=96&d=mm&r=g","contentUrl":"https:\/\/secure.gravatar.com\/avatar\/533caccae14752e03a2ce2d3fd62d1b98b93e1393c3195c27819e53344ca1ace?s=96&d=mm&r=g","caption":"piotrboczkowski"},"url":"https:\/\/www.welovecycling.com\/pl\/author\/piotrboczkowski\/"}]}},"_links":{"self":[{"href":"https:\/\/www.welovecycling.com\/pl\/wp-json\/wp\/v2\/posts\/7375","targetHints":{"allow":["GET"]}}],"collection":[{"href":"https:\/\/www.welovecycling.com\/pl\/wp-json\/wp\/v2\/posts"}],"about":[{"href":"https:\/\/www.welovecycling.com\/pl\/wp-json\/wp\/v2\/types\/post"}],"author":[{"embeddable":true,"href":"https:\/\/www.welovecycling.com\/pl\/wp-json\/wp\/v2\/users\/76"}],"replies":[{"embeddable":true,"href":"https:\/\/www.welovecycling.com\/pl\/wp-json\/wp\/v2\/comments?post=7375"}],"version-history":[{"count":2,"href":"https:\/\/www.welovecycling.com\/pl\/wp-json\/wp\/v2\/posts\/7375\/revisions"}],"predecessor-version":[{"id":7381,"href":"https:\/\/www.welovecycling.com\/pl\/wp-json\/wp\/v2\/posts\/7375\/revisions\/7381"}],"wp:featuredmedia":[{"embeddable":true,"href":"https:\/\/www.welovecycling.com\/pl\/wp-json\/wp\/v2\/media\/7376"}],"wp:attachment":[{"href":"https:\/\/www.welovecycling.com\/pl\/wp-json\/wp\/v2\/media?parent=7375"}],"wp:term":[{"taxonomy":"category","embeddable":true,"href":"https:\/\/www.welovecycling.com\/pl\/wp-json\/wp\/v2\/categories?post=7375"},{"taxonomy":"post_tag","embeddable":true,"href":"https:\/\/www.welovecycling.com\/pl\/wp-json\/wp\/v2\/tags?post=7375"},{"taxonomy":"global-categories","embeddable":true,"href":"https:\/\/www.welovecycling.com\/pl\/wp-json\/wp\/v2\/global-categories?post=7375"}],"curies":[{"name":"wp","href":"https:\/\/api.w.org\/{rel}","templated":true}]}}