{"id":7358,"date":"2018-07-13T14:38:38","date_gmt":"2018-07-13T14:38:38","guid":{"rendered":"https:\/\/www.welovecycling.com\/pl\/?p=7358"},"modified":"2018-07-13T14:38:38","modified_gmt":"2018-07-13T14:38:38","slug":"dzien-z-zycia-lekarza-na-tour-de-france","status":"publish","type":"post","link":"https:\/\/www.welovecycling.com\/pl\/2018\/07\/13\/dzien-z-zycia-lekarza-na-tour-de-france\/","title":{"rendered":"Dzie\u0144 z \u017cycia lekarza na Tour de France"},"content":{"rendered":"<p>Z\u0142apa\u0142em si\u0119 z dr. Josta Paula-Henriego po 6 etapie Dauphin\u00e9. \u201eTo by\u0142 dla nas dobry dzie\u0144\u201d \u2013 powiedzia\u0142 \u2013 pewnie dlatego, \u017ce nie by\u0142o \u017cadnych wypadk\u00f3w. W g\u0142osie do\u015bwiadczonego anestezjologa da\u0142o si\u0119 s\u0142ysze\u0107 zrelaksowanie i zadowolenie, \u017ce jego fachowa pomoc medyczna nie by\u0142a potrzebna.<\/p>\n<p><strong>Neutralna pomoc medyczna<\/strong><\/p>\n<p>Ka\u017cdy zesp\u00f3\u0142 wy\u015bcigu Le Tour de France posiada sw\u00f3j w\u0142asny personel medyczny, kt\u00f3ry opiekuje si\u0119 swoimi kolarzami, ale organizatorzy Amaury Sport Organisation (ASO) zapewniaj\u0105 neutralny zesp\u00f3\u0142 medyczny do pomocy w przypadkach uraz\u00f3w. Zapyta\u0142em Paula-Henriego, co b\u0119dzie robi\u0142 na Le Tour?<\/p>\n<p>\u201eJestem lekarzem Dauphin\u00e9, ale w Le Tour de France jestem drugi po Florence Pommerie.\u201d\u00a0 Wi\u0119c czym si\u0119 Pan zajmuje? \u201eW czasie wy\u015bcigu jedziemy za kolarzami, a je\u015bli zdarzy si\u0119 wypadek&#8230;\u201d<br \/>\nInterweniujecie? \u201eTak.\u201d<\/p>\n<p><strong>Wszystko na swoim miejscu<\/strong><\/p>\n<p>Wi\u0119kszo\u015b\u0107 czasu na Le Tour sp\u0119dza si\u0119 czekaj\u0105c, a\u017c co\u015b si\u0119 wydarzy. Nie znaczy to jednak, \u017ce zesp\u00f3\u0142 medyczny jest niepotrzebny \u2013 musi on by\u0107 ca\u0142y czas czujny w czasie taktycznego post\u0119pu wy\u015bcigu.<\/p>\n<p>\u201eNajtrudniejsza cz\u0119\u015b\u0107 tej pracy to ustawi\u0107 ka\u017cd\u0105 z karetek w dobrej pozycji w zale\u017cno\u015bci od sytuacji na wy\u015bcigu.\u201d\u00a0 Inaczej m\u00f3wi\u0105c Paul-Henri ca\u0142y czas musi balansowa\u0107, aby mie\u0107 sw\u00f3j pojazd na najlepszej pozycji na wypadek ka\u017cdej sytuacji awaryjnej, jednocze\u015bnie nie utrudniaj\u0105c dynamiki wy\u015bcigu.<\/p>\n<p>\u201eStaramy si\u0119 by\u0107 na najlepszej pozycji&#8230; by mie\u0107 dwa pojazdy na ka\u017cd\u0105 grup\u0119.\u201d Wi\u0119c je\u015bli wyst\u0105pi sytuacja awaryjna, a peleton jedzie dalej, jeste\u015bcie spokojni? \u201eTak\u201d,odpowiada Paul-Henri \u201ei staramy si\u0119 utrzyma\u0107 jak najmniejsz\u0105 odleg\u0142o\u015b\u0107 mi\u0119dzy peletonem a karetk\u0105.\u201d<\/p>\n<p><strong>Kwestie praktyczne <\/strong><\/p>\n<p>Pytam, jaka jest r\u00f3\u017cnica mi\u0119dzy Dauphin\u00e9 a Le Tour.\u00a0 \u201eDla Dauphin\u00e9 mamy jeden g\u0142\u00f3wny pojazd i cztery karetki, a dla Le Tour mamy dwa g\u0142\u00f3wne pojazdy, 4 karetki i jeden motocykl.\u201d<\/p>\n<p>Ten motocykl odgrywa najwa\u017cniejsz\u0105 rol\u0119 w dostaniu si\u0119 do kolarzy, kt\u00f3rzy utkn\u0119li w etapach Hors Cat\u00e9gorie, gdzie wi\u0119ksze pojazdy maj\u0105 problem z szybkim podjazdem, a wypadek Richiego Porte z Chamberym w 2017 roku pokaza\u0142, jak blisko musz\u0105 by\u0107 medycy ASO z lotniczym pogotowiem ratunkowym.<\/p>\n<p><strong>Najwa\u017cniejsze wsparcie<\/strong><\/p>\n<p>Paul-Henri asystowa\u0142 przy \u015bmiertelnym wypadku Michaela Goolaerta, do kt\u00f3rego dosz\u0142o w Paris-Roubaix na pocz\u0105tku tego roku, dlatego ma on pe\u0142n\u0105 \u015bwiadomo\u015b\u0107 ryzyka, kt\u00f3re podejmuj\u0105 kolarze w tym wy\u015bcigu.<\/p>\n<figure id=\"attachment_7360\" aria-describedby=\"caption-attachment-7360\" style=\"width: 1250px\" class=\"wp-caption alignnone\"><a href=\"https:\/\/d2p6e6u75xmxt8.cloudfront.net\/5\/2018\/07\/profimedia-0341324591.jpg\"><img loading=\"lazy\" decoding=\"async\" class=\"size-full wp-image-7360\" src=\"https:\/\/d2p6e6u75xmxt8.cloudfront.net\/5\/2018\/07\/profimedia-0341324591.jpg\" alt=\"\" width=\"1250\" height=\"833\" srcset=\"https:\/\/d2p6e6u75xmxt8.cloudfront.net\/5\/2018\/07\/profimedia-0341324591.jpg 1250w, https:\/\/d2p6e6u75xmxt8.cloudfront.net\/5\/2018\/07\/profimedia-0341324591-300x200.jpg 300w, https:\/\/d2p6e6u75xmxt8.cloudfront.net\/5\/2018\/07\/profimedia-0341324591-768x512.jpg 768w, https:\/\/d2p6e6u75xmxt8.cloudfront.net\/5\/2018\/07\/profimedia-0341324591-1024x682.jpg 1024w, https:\/\/d2p6e6u75xmxt8.cloudfront.net\/5\/2018\/07\/profimedia-0341324591-272x182.jpg 272w\" sizes=\"auto, (max-width: 1250px) 100vw, 1250px\" \/><\/a><figcaption id=\"caption-attachment-7360\" class=\"wp-caption-text\">W\u0142och Manuele Mori otrzymuje pomoc medyczn\u0105 po upadku na 181,5 km, 9 etapu 104 edycji Tour de France 2017<\/figcaption><\/figure>\n<p>Ciekawi mnie, czy ASO konsultuje si\u0119 z neutralnym zespo\u0142em medycznym w trakcie planowania trasy.\u00a0 \u201eJeste\u015bmy zaanga\u017cowani przed Tour de France.\u00a0 Bierzemy czynny udzia\u0142 w decyzjach dotycz\u0105cych krytycznych etap\u00f3w.\u00a0 Ca\u0142y rok pracujemy razem z ASO i dobrze si\u0119 znamy.\u201d<\/p>\n<p>Musz\u0119 przyzna\u0107, \u017ce by\u0142em zszokowany stopniem trudno\u015bci trasy Le Tour 2018 \u2013 spyta\u0142em, czy s\u0105 jakie\u015b etapy szczeg\u00f3lnie niebezpieczne w opinii Paula-Henriego?\u00a0 \u201eNie, raczej nie&#8230;\u201d i nie mog\u0119 przesta\u0107 my\u015ble\u0107 o uwadze dr. Pommerie, \u017ce zawsze podziwia \u201ewytrzyma\u0142o\u015b\u0107 na b\u00f3l i ich si\u0142\u0119 woli, ale te\u017c ich uprzejmo\u015b\u0107\u201d.<\/p>\n<p><strong>Dobro kolarza jest priorytetem<\/strong><\/p>\n<p>Pytam Pula-Henriego o relacj\u0119 z zespo\u0142ami i s\u0142ysz\u0119 odpowied\u017a: \u201eJest bardzo dobra, poniewa\u017c pracujemy razem, aby najlepiej opiekowa\u0107 si\u0119 uczestnikami wy\u015bcigu \u2013 nasza wsp\u00f3\u0142praca z UCI i z zespo\u0142em antydopingowym r\u00f3wnie\u017c jest \u015bwietna.\u00a0 Ale jeste\u015bmy tu na potrzeby wypadk\u00f3w, jak to m\u00f3wimy we Francji, \u2018complimenter\u2019.\u201d<\/p>\n<p>\u201eJeste\u015bmy razem z personelem medycznym, aby by\u0107 ze sob\u0105 w nieustaj\u0105cym kontakcie. Je\u015bli pojawi\u0105 si\u0119 problemy z uczestnikami, jeste\u015bmy do dyspozycji zespo\u0142\u00f3w medycznych. Jednak na szcz\u0119\u015bcie kolarze nie trafiaj\u0105 do szpitala zbyt cz\u0119sto.\u201d<\/p>\n","protected":false},"excerpt":{"rendered":"<p>Z\u0142apa\u0142em si\u0119 z dr. Josta Paula-Henriego po 6 etapie Dauphin\u00e9. \u201eTo by\u0142 dla nas dobry dzie\u0144\u201d \u2013 powiedzia\u0142 \u2013 pewnie [&hellip;]<\/p>\n","protected":false},"author":76,"featured_media":7359,"comment_status":"open","ping_status":"open","sticky":false,"template":"","format":"standard","meta":{"footnotes":""},"categories":[6],"tags":[77,212],"global-categories":[],"class_list":["post-7358","post","type-post","status-publish","format-standard","has-post-thumbnail","hentry","category-kolarstwo-szosowe","tag-tour-de-france","tag-tour-de-france-2018"],"yoast_head":"<!-- This site is optimized with the Yoast SEO Premium plugin v25.3 (Yoast SEO v25.9) - https:\/\/yoast.com\/wordpress\/plugins\/seo\/ -->\n<title>Dzie\u0144 z \u017cycia lekarza na Tour de France - \u0160koda We Love Cycling - Poland<\/title>\n<meta name=\"robots\" content=\"index, follow, max-snippet:-1, max-image-preview:large, max-video-preview:-1\" \/>\n<link rel=\"canonical\" href=\"https:\/\/www.welovecycling.com\/pl\/2018\/07\/13\/dzien-z-zycia-lekarza-na-tour-de-france\/\" \/>\n<meta property=\"og:locale\" content=\"pl_PL\" \/>\n<meta property=\"og:type\" content=\"article\" \/>\n<meta property=\"og:title\" content=\"Dzie\u0144 z \u017cycia lekarza na Tour de France\" \/>\n<meta property=\"og:description\" content=\"Z\u0142apa\u0142em si\u0119 z dr. Josta Paula-Henriego po 6 etapie Dauphin\u00e9. \u201eTo by\u0142 dla nas dobry dzie\u0144\u201d \u2013 powiedzia\u0142 \u2013 pewnie [&hellip;]\" \/>\n<meta property=\"og:url\" content=\"https:\/\/www.welovecycling.com\/pl\/2018\/07\/13\/dzien-z-zycia-lekarza-na-tour-de-france\/\" \/>\n<meta property=\"og:site_name\" content=\"\u0160koda We Love Cycling - Poland\" \/>\n<meta property=\"article:published_time\" content=\"2018-07-13T14:38:38+00:00\" \/>\n<meta property=\"og:image\" content=\"https:\/\/d2p6e6u75xmxt8.cloudfront.net\/5\/2018\/07\/profimedia-0292977810-1.jpg\" \/>\n\t<meta property=\"og:image:width\" content=\"1366\" \/>\n\t<meta property=\"og:image:height\" content=\"600\" \/>\n\t<meta property=\"og:image:type\" content=\"image\/jpeg\" \/>\n<meta name=\"author\" content=\"piotrboczkowski\" \/>\n<meta name=\"twitter:card\" content=\"summary_large_image\" \/>\n<meta name=\"twitter:label1\" content=\"Written by\" \/>\n\t<meta name=\"twitter:data1\" content=\"Welovecycling\" \/>\n\t<meta name=\"twitter:label2\" content=\"Est. reading time\" \/>\n\t<meta name=\"twitter:data2\" content=\"3 minutes\" \/>\n<script type=\"application\/ld+json\" class=\"yoast-schema-graph\">{\"@context\":\"https:\/\/schema.org\",\"@graph\":[{\"@type\":\"WebPage\",\"@id\":\"https:\/\/www.welovecycling.com\/pl\/2018\/07\/13\/dzien-z-zycia-lekarza-na-tour-de-france\/\",\"url\":\"https:\/\/www.welovecycling.com\/pl\/2018\/07\/13\/dzien-z-zycia-lekarza-na-tour-de-france\/\",\"name\":\"Dzie\u0144 z \u017cycia lekarza na Tour de France - \u0160koda We Love Cycling - Poland\",\"isPartOf\":{\"@id\":\"https:\/\/www.welovecycling.com\/pl\/#website\"},\"primaryImageOfPage\":{\"@id\":\"https:\/\/www.welovecycling.com\/pl\/2018\/07\/13\/dzien-z-zycia-lekarza-na-tour-de-france\/#primaryimage\"},\"image\":{\"@id\":\"https:\/\/www.welovecycling.com\/pl\/2018\/07\/13\/dzien-z-zycia-lekarza-na-tour-de-france\/#primaryimage\"},\"thumbnailUrl\":\"https:\/\/d2p6e6u75xmxt8.cloudfront.net\/5\/2018\/07\/profimedia-0292977810-1.jpg\",\"datePublished\":\"2018-07-13T14:38:38+00:00\",\"author\":{\"@id\":\"https:\/\/www.welovecycling.com\/pl\/#\/schema\/person\/0dba2d39da943db9df3fd8f4687e7f23\"},\"breadcrumb\":{\"@id\":\"https:\/\/www.welovecycling.com\/pl\/2018\/07\/13\/dzien-z-zycia-lekarza-na-tour-de-france\/#breadcrumb\"},\"inLanguage\":\"pl-PL\",\"potentialAction\":[{\"@type\":\"ReadAction\",\"target\":[\"https:\/\/www.welovecycling.com\/pl\/2018\/07\/13\/dzien-z-zycia-lekarza-na-tour-de-france\/\"]}]},{\"@type\":\"ImageObject\",\"inLanguage\":\"pl-PL\",\"@id\":\"https:\/\/www.welovecycling.com\/pl\/2018\/07\/13\/dzien-z-zycia-lekarza-na-tour-de-france\/#primaryimage\",\"url\":\"https:\/\/d2p6e6u75xmxt8.cloudfront.net\/5\/2018\/07\/profimedia-0292977810-1.jpg\",\"contentUrl\":\"https:\/\/d2p6e6u75xmxt8.cloudfront.net\/5\/2018\/07\/profimedia-0292977810-1.jpg\",\"width\":1366,\"height\":600},{\"@type\":\"BreadcrumbList\",\"@id\":\"https:\/\/www.welovecycling.com\/pl\/2018\/07\/13\/dzien-z-zycia-lekarza-na-tour-de-france\/#breadcrumb\",\"itemListElement\":[{\"@type\":\"ListItem\",\"position\":1,\"name\":\"Home\",\"item\":\"https:\/\/www.welovecycling.com\/pl\/\"},{\"@type\":\"ListItem\",\"position\":2,\"name\":\"Dzie\u0144 z \u017cycia lekarza na Tour de France\"}]},{\"@type\":\"WebSite\",\"@id\":\"https:\/\/www.welovecycling.com\/pl\/#website\",\"url\":\"https:\/\/www.welovecycling.com\/pl\/\",\"name\":\"\u0160koda We Love Cycling - Poland\",\"description\":\"\",\"potentialAction\":[{\"@type\":\"SearchAction\",\"target\":{\"@type\":\"EntryPoint\",\"urlTemplate\":\"https:\/\/www.welovecycling.com\/pl\/?s={search_term_string}\"},\"query-input\":{\"@type\":\"PropertyValueSpecification\",\"valueRequired\":true,\"valueName\":\"search_term_string\"}}],\"inLanguage\":\"pl-PL\"},{\"@type\":\"Person\",\"@id\":\"https:\/\/www.welovecycling.com\/pl\/#\/schema\/person\/0dba2d39da943db9df3fd8f4687e7f23\",\"name\":\"piotrboczkowski\",\"image\":{\"@type\":\"ImageObject\",\"inLanguage\":\"pl-PL\",\"@id\":\"https:\/\/www.welovecycling.com\/pl\/#\/schema\/person\/image\/\",\"url\":\"https:\/\/secure.gravatar.com\/avatar\/533caccae14752e03a2ce2d3fd62d1b98b93e1393c3195c27819e53344ca1ace?s=96&d=mm&r=g\",\"contentUrl\":\"https:\/\/secure.gravatar.com\/avatar\/533caccae14752e03a2ce2d3fd62d1b98b93e1393c3195c27819e53344ca1ace?s=96&d=mm&r=g\",\"caption\":\"piotrboczkowski\"},\"url\":\"https:\/\/www.welovecycling.com\/pl\/author\/piotrboczkowski\/\"}]}<\/script>\n<!-- \/ Yoast SEO Premium plugin. -->","yoast_head_json":{"title":"Dzie\u0144 z \u017cycia lekarza na Tour de France - \u0160koda We Love Cycling - Poland","robots":{"index":"index","follow":"follow","max-snippet":"max-snippet:-1","max-image-preview":"max-image-preview:large","max-video-preview":"max-video-preview:-1"},"canonical":"https:\/\/www.welovecycling.com\/pl\/2018\/07\/13\/dzien-z-zycia-lekarza-na-tour-de-france\/","og_locale":"pl_PL","og_type":"article","og_title":"Dzie\u0144 z \u017cycia lekarza na Tour de France","og_description":"Z\u0142apa\u0142em si\u0119 z dr. Josta Paula-Henriego po 6 etapie Dauphin\u00e9. \u201eTo by\u0142 dla nas dobry dzie\u0144\u201d \u2013 powiedzia\u0142 \u2013 pewnie [&hellip;]","og_url":"https:\/\/www.welovecycling.com\/pl\/2018\/07\/13\/dzien-z-zycia-lekarza-na-tour-de-france\/","og_site_name":"\u0160koda We Love Cycling - Poland","article_published_time":"2018-07-13T14:38:38+00:00","og_image":[{"width":1366,"height":600,"url":"https:\/\/d2p6e6u75xmxt8.cloudfront.net\/5\/2018\/07\/profimedia-0292977810-1.jpg","type":"image\/jpeg"}],"author":"piotrboczkowski","twitter_card":"summary_large_image","twitter_misc":{"Written by":"Welovecycling","Est. reading time":"3 minutes"},"schema":{"@context":"https:\/\/schema.org","@graph":[{"@type":"WebPage","@id":"https:\/\/www.welovecycling.com\/pl\/2018\/07\/13\/dzien-z-zycia-lekarza-na-tour-de-france\/","url":"https:\/\/www.welovecycling.com\/pl\/2018\/07\/13\/dzien-z-zycia-lekarza-na-tour-de-france\/","name":"Dzie\u0144 z \u017cycia lekarza na Tour de France - \u0160koda We Love Cycling - Poland","isPartOf":{"@id":"https:\/\/www.welovecycling.com\/pl\/#website"},"primaryImageOfPage":{"@id":"https:\/\/www.welovecycling.com\/pl\/2018\/07\/13\/dzien-z-zycia-lekarza-na-tour-de-france\/#primaryimage"},"image":{"@id":"https:\/\/www.welovecycling.com\/pl\/2018\/07\/13\/dzien-z-zycia-lekarza-na-tour-de-france\/#primaryimage"},"thumbnailUrl":"https:\/\/d2p6e6u75xmxt8.cloudfront.net\/5\/2018\/07\/profimedia-0292977810-1.jpg","datePublished":"2018-07-13T14:38:38+00:00","author":{"@id":"https:\/\/www.welovecycling.com\/pl\/#\/schema\/person\/0dba2d39da943db9df3fd8f4687e7f23"},"breadcrumb":{"@id":"https:\/\/www.welovecycling.com\/pl\/2018\/07\/13\/dzien-z-zycia-lekarza-na-tour-de-france\/#breadcrumb"},"inLanguage":"pl-PL","potentialAction":[{"@type":"ReadAction","target":["https:\/\/www.welovecycling.com\/pl\/2018\/07\/13\/dzien-z-zycia-lekarza-na-tour-de-france\/"]}]},{"@type":"ImageObject","inLanguage":"pl-PL","@id":"https:\/\/www.welovecycling.com\/pl\/2018\/07\/13\/dzien-z-zycia-lekarza-na-tour-de-france\/#primaryimage","url":"https:\/\/d2p6e6u75xmxt8.cloudfront.net\/5\/2018\/07\/profimedia-0292977810-1.jpg","contentUrl":"https:\/\/d2p6e6u75xmxt8.cloudfront.net\/5\/2018\/07\/profimedia-0292977810-1.jpg","width":1366,"height":600},{"@type":"BreadcrumbList","@id":"https:\/\/www.welovecycling.com\/pl\/2018\/07\/13\/dzien-z-zycia-lekarza-na-tour-de-france\/#breadcrumb","itemListElement":[{"@type":"ListItem","position":1,"name":"Home","item":"https:\/\/www.welovecycling.com\/pl\/"},{"@type":"ListItem","position":2,"name":"Dzie\u0144 z \u017cycia lekarza na Tour de France"}]},{"@type":"WebSite","@id":"https:\/\/www.welovecycling.com\/pl\/#website","url":"https:\/\/www.welovecycling.com\/pl\/","name":"\u0160koda We Love Cycling - Poland","description":"","potentialAction":[{"@type":"SearchAction","target":{"@type":"EntryPoint","urlTemplate":"https:\/\/www.welovecycling.com\/pl\/?s={search_term_string}"},"query-input":{"@type":"PropertyValueSpecification","valueRequired":true,"valueName":"search_term_string"}}],"inLanguage":"pl-PL"},{"@type":"Person","@id":"https:\/\/www.welovecycling.com\/pl\/#\/schema\/person\/0dba2d39da943db9df3fd8f4687e7f23","name":"piotrboczkowski","image":{"@type":"ImageObject","inLanguage":"pl-PL","@id":"https:\/\/www.welovecycling.com\/pl\/#\/schema\/person\/image\/","url":"https:\/\/secure.gravatar.com\/avatar\/533caccae14752e03a2ce2d3fd62d1b98b93e1393c3195c27819e53344ca1ace?s=96&d=mm&r=g","contentUrl":"https:\/\/secure.gravatar.com\/avatar\/533caccae14752e03a2ce2d3fd62d1b98b93e1393c3195c27819e53344ca1ace?s=96&d=mm&r=g","caption":"piotrboczkowski"},"url":"https:\/\/www.welovecycling.com\/pl\/author\/piotrboczkowski\/"}]}},"_links":{"self":[{"href":"https:\/\/www.welovecycling.com\/pl\/wp-json\/wp\/v2\/posts\/7358","targetHints":{"allow":["GET"]}}],"collection":[{"href":"https:\/\/www.welovecycling.com\/pl\/wp-json\/wp\/v2\/posts"}],"about":[{"href":"https:\/\/www.welovecycling.com\/pl\/wp-json\/wp\/v2\/types\/post"}],"author":[{"embeddable":true,"href":"https:\/\/www.welovecycling.com\/pl\/wp-json\/wp\/v2\/users\/76"}],"replies":[{"embeddable":true,"href":"https:\/\/www.welovecycling.com\/pl\/wp-json\/wp\/v2\/comments?post=7358"}],"version-history":[{"count":1,"href":"https:\/\/www.welovecycling.com\/pl\/wp-json\/wp\/v2\/posts\/7358\/revisions"}],"predecessor-version":[{"id":7361,"href":"https:\/\/www.welovecycling.com\/pl\/wp-json\/wp\/v2\/posts\/7358\/revisions\/7361"}],"wp:featuredmedia":[{"embeddable":true,"href":"https:\/\/www.welovecycling.com\/pl\/wp-json\/wp\/v2\/media\/7359"}],"wp:attachment":[{"href":"https:\/\/www.welovecycling.com\/pl\/wp-json\/wp\/v2\/media?parent=7358"}],"wp:term":[{"taxonomy":"category","embeddable":true,"href":"https:\/\/www.welovecycling.com\/pl\/wp-json\/wp\/v2\/categories?post=7358"},{"taxonomy":"post_tag","embeddable":true,"href":"https:\/\/www.welovecycling.com\/pl\/wp-json\/wp\/v2\/tags?post=7358"},{"taxonomy":"global-categories","embeddable":true,"href":"https:\/\/www.welovecycling.com\/pl\/wp-json\/wp\/v2\/global-categories?post=7358"}],"curies":[{"name":"wp","href":"https:\/\/api.w.org\/{rel}","templated":true}]}}