{"id":7345,"date":"2018-07-11T12:41:04","date_gmt":"2018-07-11T12:41:04","guid":{"rendered":"https:\/\/www.welovecycling.com\/pl\/?p=7345"},"modified":"2018-07-12T09:58:21","modified_gmt":"2018-07-12T09:58:21","slug":"szybko-niebezpiecznie-i-niezwykle-emocjonujaco-tour-de-france-zaczyna-sie-rozkrecac","status":"publish","type":"post","link":"https:\/\/www.welovecycling.com\/pl\/2018\/07\/11\/szybko-niebezpiecznie-i-niezwykle-emocjonujaco-tour-de-france-zaczyna-sie-rozkrecac\/","title":{"rendered":"Szybko, niebezpiecznie i niezwykle emocjonuj\u0105co. Tour de France zaczyna si\u0119 rozkr\u0119ca\u0107!"},"content":{"rendered":"<p>Francuzi pokonali Belg\u00f3w w pi\u0142k\u0119 no\u017cna, za to we Francji rz\u0105dzi\u2026 Belg. Greg Van Avermaet w Tour de France sunie w \u017c\u00f3\u0142tej koszulce lidera klasyfikacji generalnej.<\/p>\n<p>Na szcz\u0119\u015bcie Francuzom nikt nie kaza\u0142 wybiera\u0107: futbol czy kolarstwo, bo wtorkowy etap Wielkiej P\u0119tli zako\u0144czy\u0142 si\u0119 trzy godziny przed p\u00f3\u0142fina\u0142em mistrzostw \u015bwiata Francja \u2013 Belgia. W kopaniu pi\u0142ki lepsi okazali si\u0119 ci pierwsi, ale w peda\u0142owaniu na razie karty rozdaj\u0105 Belgowie.<\/p>\n<p><strong>Dru\u017cyna to podstawa<\/strong><\/p>\n<p>Co ciekawe, Van Avermaet w m\u0142odo\u015bci te\u017c trenowa\u0142 pi\u0142k\u0119 no\u017cn\u0105, pr\u00f3buj\u0105c si\u0142 na pozycji bramkarza. Dla Belgii chyba jednak lepiej, \u017ce zdecydowa\u0142 si\u0119 na rower, bo w pi\u0142ce m\u00f3g\u0142by by\u0107 jednym z wielu, a w kolarstwie na razie jest najlepszym zawodnikiem najwi\u0119kszego wy\u015bcigu \u015bwiata!<\/p>\n<p>&#8211; To by\u0142 m\u00f3j wielki cel i uda\u0142o si\u0119 go zrealizowa\u0107. To niesamowite uczucie mie\u0107 koszulk\u0119 lidera! Teraz b\u0119d\u0119 si\u0119 m\u00f3g\u0142 ni\u0105 nacieszy\u0107 \u2013 podkre\u015bla\u0142 Van Avermaet.<\/p>\n<p>Co ciekawe, na pierwsze miejsce wskoczy\u0142 dzi\u0119ki dru\u017cynowej wsp\u00f3\u0142pracy, o kt\u00f3rej marzy niejeden zesp\u00f3\u0142 pi\u0142karski. Jego dru\u017cyna \u2013 BMC Racing Team \u2013 da\u0142a lekcj\u0119 \u015bwietnej kooperacji i pokaza\u0142a ca\u0142emu \u015bwiatu, \u017ce kolarstwo to by\u0107 mo\u017ce najbardziej dru\u017cynowy sport spo\u015br\u00f3d sport\u00f3w indywidulanych.<\/p>\n<p>&#8211; Ka\u017cdy z nas \u015bwietnie si\u0119 spisa\u0142! Wsp\u00f3\u0142praca uk\u0142ada\u0142a si\u0119 kapitalnie, a w takich wy\u015bcigach w\u0142a\u015bnie to jest najwa\u017cniejsze. Bardzo d\u0142ugo jechali\u015bmy w o\u015bmiu i to okaza\u0142o si\u0119 kluczowe \u2013 t\u0142umaczy\u0142 Belg.<\/p>\n<p><strong>\u015aladami Roberta Lewandowskiego<\/strong><\/p>\n<p>Nazajutrz Van Avermaet, ju\u017c z mniejsz\u0105 pomoc\u0105 koleg\u00f3w, obroni\u0142 \u017c\u00f3\u0142t\u0105 koszulk\u0119. Zadanie \u0142atwe nie by\u0142o, ale zn\u00f3w kojarzy\u0142o si\u0119 z pi\u0142k\u0105 no\u017cn\u0105, w szczeg\u00f3lno\u015bci polskim kibicom. Czwarty etap zaczyna\u0142 si\u0119 bowiem w La Baule, gdzie podczas Euro 2016 baz\u0119 mieli pi\u0142karze Adama Nawa\u0142ki. Mo\u017cna wi\u0119c by\u0142o zobaczy\u0107 pi\u0119kne miasteczko, port i urokliwe uliczki, kt\u00f3rym przechadzali si\u0119 Robert Lewandowski i sp\u00f3\u0142ka. Czasu na to nie mieli jednak zawodnicy.<\/p>\n<p>Kolarze musieli mie\u0107 oczy dooko\u0142a g\u0142owy, bo etap by\u0142y tak szybki i niebezpieczny, \u017ce np. Tomasz Marczy\u0144ski na asfalcie le\u017ca\u0142 a\u017c dwukrotnie! Bolesne widoki wynagrodzi\u0142 sam finisz \u2013 trzech najlepszych zawodnik\u00f3w dzieli\u0142o p\u00f3\u0142 ko\u0142a! Po raz drugi w tegorocznym Tour de France wygra\u0142 Fernando Gaviria, przed Peterem Saganem i Andre Greipelem.<\/p>\n<p>Nie\u017ale wiedzie si\u0119 tak\u017ce Polakom. Maciej Bodnar dzielnie pomaga Saganowi, za to w okolicach pierwszej \u201edziesi\u0105tki\u201d kr\u0119ci si\u0119 Rafa\u0142 Majka, kt\u00f3ry w tym roku jedzie po jak najwy\u017csze miejsce w klasyfikacji generalnej.<\/p>\n<p>&#8211; Pozycja jest niez\u0142a, a przed nami jeszcze wiele etap\u00f3w, na kt\u00f3rych sporo b\u0119dzie mo\u017cna zyska\u0107, ale te\u017c straci\u0107 \u2013 podkre\u015bla Majka.<\/p>\n<p><strong>Niepok\u00f3j przed niedziel\u0105<\/strong><\/p>\n<p>Teraz Wielka P\u0119tla nabiera rozp\u0119du. Zawodnicy ca\u0142y czas pn\u0105 si\u0119 ku p\u00f3\u0142nocy Francji i w \u015brod\u0119 zalicz\u0105 jeden z najd\u0142u\u017cszych etap\u00f3w tegorocznego Tour de France \u2013 trasa Lorient \u2013 Quimper b\u0119dzie liczy\u0142a a\u017c 204,5 km. Najd\u0142u\u017csze tegoroczne \u015bciganie czeka kolarzy w pi\u0105tek, gdy przejad\u0105 a\u017c 231 km z Fougeres do Chartres.<\/p>\n<p>Ekipy jednak ju\u017c z niepokojem zaczynaj\u0105 sprawdza\u0107 prognoz\u0119 pogody na niedziel\u0119, bo tego dnia klasyfikacja generalna mo\u017ce wywr\u00f3ci\u0107 si\u0119 do g\u00f3ry nogami. 9. etap Arras Citadelle \u2013 Roubaix b\u0119dzie prowadzi\u0142 po brukach, co dla cz\u0119\u015bci kolarzy jest po prostu zmor\u0105. A gdy widz\u0105 bruk i deszcz, to prze\u017cywaj\u0105 jeden z niewielu moment\u00f3w, gdy woleliby nie wsiada\u0107 na rower\u2026<\/p>\n<p>Na razie jednak prognozy s\u0105 optymistyczne, bo opad\u00f3w, a co za tym idzie \u2013 \u015bliskiej nawierzchni, meteorolodzy nie przewiduj\u0105.<\/p>\n<p><strong>Klasyfikacja generalna po 4. etapie:<\/strong><\/p>\n<p>1.\u00a0Greg Van Avermaet (BMC Racing Team) 13:33:56<\/p>\n<p>2. Tejay van Garderen (BMC Racing Team) + 0:00:00<\/p>\n<p>3. Geraint Thomas (Team Sky) +0:00:03<\/p>\n<p>&#8212;&#8212;&#8212;&#8212;-<\/p>\n<p>11. Rafa\u0142 Majka (Bora hansgrohe) +0:00:50<\/p>\n<p>29. Maciej Bodnar (Bora hansgrohe) +0:01:32<\/p>\n<p>59. Micha\u0142 Kwiatkowski (Team Sky) +0:02:28<\/p>\n<p>144. Pawel Poljanski (Bora hansgrohe) +0:09:52<\/p>\n<p>149. Tomasz Marczynski (Lotto Soudal) +0:10:57<\/p>\n<p>&nbsp;<\/p>\n<p><strong>Lider klasyfikacji punktowej (sponsorowana przez \u0160kod\u0119):<\/strong> Peter Sagan (Bora hansgrohe)<\/p>\n<p><strong>Lider klasyfikacji g\u00f3rskiej:<\/strong> Dion Smith (Wanty)<\/p>\n<p><strong>Lider klasyfikacji m\u0142odzie\u017cowej:<\/strong> Soren Kragh Andersen (Sunweb)<\/p>\n","protected":false},"excerpt":{"rendered":"<p>Francuzi pokonali Belg\u00f3w w pi\u0142k\u0119 no\u017cna, za to we Francji rz\u0105dzi\u2026 Belg. Greg Van Avermaet w Tour de France sunie [&hellip;]<\/p>\n","protected":false},"author":76,"featured_media":7346,"comment_status":"open","ping_status":"open","sticky":false,"template":"","format":"standard","meta":{"footnotes":""},"categories":[270,1],"tags":[212],"global-categories":[],"class_list":["post-7345","post","type-post","status-publish","format-standard","has-post-thumbnail","hentry","category-tour-de-france-2018","category-uncategorized","tag-tour-de-france-2018"],"yoast_head":"<!-- This site is optimized with the Yoast SEO Premium plugin v25.3 (Yoast SEO v25.9) - https:\/\/yoast.com\/wordpress\/plugins\/seo\/ -->\n<title>Szybko, niebezpiecznie i niezwykle emocjonuj\u0105co. Tour de France zaczyna si\u0119 rozkr\u0119ca\u0107! - \u0160koda We Love Cycling - Poland<\/title>\n<meta name=\"robots\" content=\"index, follow, max-snippet:-1, max-image-preview:large, max-video-preview:-1\" \/>\n<link rel=\"canonical\" href=\"https:\/\/www.welovecycling.com\/pl\/2018\/07\/11\/szybko-niebezpiecznie-i-niezwykle-emocjonujaco-tour-de-france-zaczyna-sie-rozkrecac\/\" \/>\n<meta property=\"og:locale\" content=\"pl_PL\" \/>\n<meta property=\"og:type\" content=\"article\" \/>\n<meta property=\"og:title\" content=\"Szybko, niebezpiecznie i niezwykle emocjonuj\u0105co. Tour de France zaczyna si\u0119 rozkr\u0119ca\u0107!\" \/>\n<meta property=\"og:description\" content=\"Francuzi pokonali Belg\u00f3w w pi\u0142k\u0119 no\u017cna, za to we Francji rz\u0105dzi\u2026 Belg. Greg Van Avermaet w Tour de France sunie [&hellip;]\" \/>\n<meta property=\"og:url\" content=\"https:\/\/www.welovecycling.com\/pl\/2018\/07\/11\/szybko-niebezpiecznie-i-niezwykle-emocjonujaco-tour-de-france-zaczyna-sie-rozkrecac\/\" \/>\n<meta property=\"og:site_name\" content=\"\u0160koda We Love Cycling - Poland\" \/>\n<meta property=\"article:published_time\" content=\"2018-07-11T12:41:04+00:00\" \/>\n<meta property=\"article:modified_time\" content=\"2018-07-12T09:58:21+00:00\" \/>\n<meta property=\"og:image\" content=\"https:\/\/d2p6e6u75xmxt8.cloudfront.net\/5\/2018\/07\/3-1.jpg\" \/>\n\t<meta property=\"og:image:width\" content=\"1800\" \/>\n\t<meta property=\"og:image:height\" content=\"785\" \/>\n\t<meta property=\"og:image:type\" content=\"image\/jpeg\" \/>\n<meta name=\"author\" content=\"piotrboczkowski\" \/>\n<meta name=\"twitter:card\" content=\"summary_large_image\" \/>\n<meta name=\"twitter:label1\" content=\"Written by\" \/>\n\t<meta name=\"twitter:data1\" content=\"Piotr Jawor\" \/>\n\t<meta name=\"twitter:label2\" content=\"Est. reading time\" \/>\n\t<meta name=\"twitter:data2\" content=\"3 minutes\" \/>\n<script type=\"application\/ld+json\" class=\"yoast-schema-graph\">{\"@context\":\"https:\/\/schema.org\",\"@graph\":[{\"@type\":\"WebPage\",\"@id\":\"https:\/\/www.welovecycling.com\/pl\/2018\/07\/11\/szybko-niebezpiecznie-i-niezwykle-emocjonujaco-tour-de-france-zaczyna-sie-rozkrecac\/\",\"url\":\"https:\/\/www.welovecycling.com\/pl\/2018\/07\/11\/szybko-niebezpiecznie-i-niezwykle-emocjonujaco-tour-de-france-zaczyna-sie-rozkrecac\/\",\"name\":\"Szybko, niebezpiecznie i niezwykle emocjonuj\u0105co. Tour de France zaczyna si\u0119 rozkr\u0119ca\u0107! - \u0160koda We Love Cycling - Poland\",\"isPartOf\":{\"@id\":\"https:\/\/www.welovecycling.com\/pl\/#website\"},\"primaryImageOfPage\":{\"@id\":\"https:\/\/www.welovecycling.com\/pl\/2018\/07\/11\/szybko-niebezpiecznie-i-niezwykle-emocjonujaco-tour-de-france-zaczyna-sie-rozkrecac\/#primaryimage\"},\"image\":{\"@id\":\"https:\/\/www.welovecycling.com\/pl\/2018\/07\/11\/szybko-niebezpiecznie-i-niezwykle-emocjonujaco-tour-de-france-zaczyna-sie-rozkrecac\/#primaryimage\"},\"thumbnailUrl\":\"https:\/\/d2p6e6u75xmxt8.cloudfront.net\/5\/2018\/07\/3-1.jpg\",\"datePublished\":\"2018-07-11T12:41:04+00:00\",\"dateModified\":\"2018-07-12T09:58:21+00:00\",\"author\":{\"@id\":\"https:\/\/www.welovecycling.com\/pl\/#\/schema\/person\/0dba2d39da943db9df3fd8f4687e7f23\"},\"breadcrumb\":{\"@id\":\"https:\/\/www.welovecycling.com\/pl\/2018\/07\/11\/szybko-niebezpiecznie-i-niezwykle-emocjonujaco-tour-de-france-zaczyna-sie-rozkrecac\/#breadcrumb\"},\"inLanguage\":\"pl-PL\",\"potentialAction\":[{\"@type\":\"ReadAction\",\"target\":[\"https:\/\/www.welovecycling.com\/pl\/2018\/07\/11\/szybko-niebezpiecznie-i-niezwykle-emocjonujaco-tour-de-france-zaczyna-sie-rozkrecac\/\"]}]},{\"@type\":\"ImageObject\",\"inLanguage\":\"pl-PL\",\"@id\":\"https:\/\/www.welovecycling.com\/pl\/2018\/07\/11\/szybko-niebezpiecznie-i-niezwykle-emocjonujaco-tour-de-france-zaczyna-sie-rozkrecac\/#primaryimage\",\"url\":\"https:\/\/d2p6e6u75xmxt8.cloudfront.net\/5\/2018\/07\/3-1.jpg\",\"contentUrl\":\"https:\/\/d2p6e6u75xmxt8.cloudfront.net\/5\/2018\/07\/3-1.jpg\",\"width\":1800,\"height\":785},{\"@type\":\"BreadcrumbList\",\"@id\":\"https:\/\/www.welovecycling.com\/pl\/2018\/07\/11\/szybko-niebezpiecznie-i-niezwykle-emocjonujaco-tour-de-france-zaczyna-sie-rozkrecac\/#breadcrumb\",\"itemListElement\":[{\"@type\":\"ListItem\",\"position\":1,\"name\":\"Home\",\"item\":\"https:\/\/www.welovecycling.com\/pl\/\"},{\"@type\":\"ListItem\",\"position\":2,\"name\":\"Szybko, niebezpiecznie i niezwykle emocjonuj\u0105co. Tour de France zaczyna si\u0119 rozkr\u0119ca\u0107!\"}]},{\"@type\":\"WebSite\",\"@id\":\"https:\/\/www.welovecycling.com\/pl\/#website\",\"url\":\"https:\/\/www.welovecycling.com\/pl\/\",\"name\":\"\u0160koda We Love Cycling - Poland\",\"description\":\"\",\"potentialAction\":[{\"@type\":\"SearchAction\",\"target\":{\"@type\":\"EntryPoint\",\"urlTemplate\":\"https:\/\/www.welovecycling.com\/pl\/?s={search_term_string}\"},\"query-input\":{\"@type\":\"PropertyValueSpecification\",\"valueRequired\":true,\"valueName\":\"search_term_string\"}}],\"inLanguage\":\"pl-PL\"},{\"@type\":\"Person\",\"@id\":\"https:\/\/www.welovecycling.com\/pl\/#\/schema\/person\/0dba2d39da943db9df3fd8f4687e7f23\",\"name\":\"piotrboczkowski\",\"image\":{\"@type\":\"ImageObject\",\"inLanguage\":\"pl-PL\",\"@id\":\"https:\/\/www.welovecycling.com\/pl\/#\/schema\/person\/image\/\",\"url\":\"https:\/\/secure.gravatar.com\/avatar\/533caccae14752e03a2ce2d3fd62d1b98b93e1393c3195c27819e53344ca1ace?s=96&d=mm&r=g\",\"contentUrl\":\"https:\/\/secure.gravatar.com\/avatar\/533caccae14752e03a2ce2d3fd62d1b98b93e1393c3195c27819e53344ca1ace?s=96&d=mm&r=g\",\"caption\":\"piotrboczkowski\"},\"url\":\"https:\/\/www.welovecycling.com\/pl\/author\/piotrboczkowski\/\"}]}<\/script>\n<!-- \/ Yoast SEO Premium plugin. -->","yoast_head_json":{"title":"Szybko, niebezpiecznie i niezwykle emocjonuj\u0105co. Tour de France zaczyna si\u0119 rozkr\u0119ca\u0107! - \u0160koda We Love Cycling - Poland","robots":{"index":"index","follow":"follow","max-snippet":"max-snippet:-1","max-image-preview":"max-image-preview:large","max-video-preview":"max-video-preview:-1"},"canonical":"https:\/\/www.welovecycling.com\/pl\/2018\/07\/11\/szybko-niebezpiecznie-i-niezwykle-emocjonujaco-tour-de-france-zaczyna-sie-rozkrecac\/","og_locale":"pl_PL","og_type":"article","og_title":"Szybko, niebezpiecznie i niezwykle emocjonuj\u0105co. Tour de France zaczyna si\u0119 rozkr\u0119ca\u0107!","og_description":"Francuzi pokonali Belg\u00f3w w pi\u0142k\u0119 no\u017cna, za to we Francji rz\u0105dzi\u2026 Belg. Greg Van Avermaet w Tour de France sunie [&hellip;]","og_url":"https:\/\/www.welovecycling.com\/pl\/2018\/07\/11\/szybko-niebezpiecznie-i-niezwykle-emocjonujaco-tour-de-france-zaczyna-sie-rozkrecac\/","og_site_name":"\u0160koda We Love Cycling - Poland","article_published_time":"2018-07-11T12:41:04+00:00","article_modified_time":"2018-07-12T09:58:21+00:00","og_image":[{"width":1800,"height":785,"url":"https:\/\/d2p6e6u75xmxt8.cloudfront.net\/5\/2018\/07\/3-1.jpg","type":"image\/jpeg"}],"author":"piotrboczkowski","twitter_card":"summary_large_image","twitter_misc":{"Written by":"Piotr Jawor","Est. reading time":"3 minutes"},"schema":{"@context":"https:\/\/schema.org","@graph":[{"@type":"WebPage","@id":"https:\/\/www.welovecycling.com\/pl\/2018\/07\/11\/szybko-niebezpiecznie-i-niezwykle-emocjonujaco-tour-de-france-zaczyna-sie-rozkrecac\/","url":"https:\/\/www.welovecycling.com\/pl\/2018\/07\/11\/szybko-niebezpiecznie-i-niezwykle-emocjonujaco-tour-de-france-zaczyna-sie-rozkrecac\/","name":"Szybko, niebezpiecznie i niezwykle emocjonuj\u0105co. Tour de France zaczyna si\u0119 rozkr\u0119ca\u0107! - \u0160koda We Love Cycling - Poland","isPartOf":{"@id":"https:\/\/www.welovecycling.com\/pl\/#website"},"primaryImageOfPage":{"@id":"https:\/\/www.welovecycling.com\/pl\/2018\/07\/11\/szybko-niebezpiecznie-i-niezwykle-emocjonujaco-tour-de-france-zaczyna-sie-rozkrecac\/#primaryimage"},"image":{"@id":"https:\/\/www.welovecycling.com\/pl\/2018\/07\/11\/szybko-niebezpiecznie-i-niezwykle-emocjonujaco-tour-de-france-zaczyna-sie-rozkrecac\/#primaryimage"},"thumbnailUrl":"https:\/\/d2p6e6u75xmxt8.cloudfront.net\/5\/2018\/07\/3-1.jpg","datePublished":"2018-07-11T12:41:04+00:00","dateModified":"2018-07-12T09:58:21+00:00","author":{"@id":"https:\/\/www.welovecycling.com\/pl\/#\/schema\/person\/0dba2d39da943db9df3fd8f4687e7f23"},"breadcrumb":{"@id":"https:\/\/www.welovecycling.com\/pl\/2018\/07\/11\/szybko-niebezpiecznie-i-niezwykle-emocjonujaco-tour-de-france-zaczyna-sie-rozkrecac\/#breadcrumb"},"inLanguage":"pl-PL","potentialAction":[{"@type":"ReadAction","target":["https:\/\/www.welovecycling.com\/pl\/2018\/07\/11\/szybko-niebezpiecznie-i-niezwykle-emocjonujaco-tour-de-france-zaczyna-sie-rozkrecac\/"]}]},{"@type":"ImageObject","inLanguage":"pl-PL","@id":"https:\/\/www.welovecycling.com\/pl\/2018\/07\/11\/szybko-niebezpiecznie-i-niezwykle-emocjonujaco-tour-de-france-zaczyna-sie-rozkrecac\/#primaryimage","url":"https:\/\/d2p6e6u75xmxt8.cloudfront.net\/5\/2018\/07\/3-1.jpg","contentUrl":"https:\/\/d2p6e6u75xmxt8.cloudfront.net\/5\/2018\/07\/3-1.jpg","width":1800,"height":785},{"@type":"BreadcrumbList","@id":"https:\/\/www.welovecycling.com\/pl\/2018\/07\/11\/szybko-niebezpiecznie-i-niezwykle-emocjonujaco-tour-de-france-zaczyna-sie-rozkrecac\/#breadcrumb","itemListElement":[{"@type":"ListItem","position":1,"name":"Home","item":"https:\/\/www.welovecycling.com\/pl\/"},{"@type":"ListItem","position":2,"name":"Szybko, niebezpiecznie i niezwykle emocjonuj\u0105co. Tour de France zaczyna si\u0119 rozkr\u0119ca\u0107!"}]},{"@type":"WebSite","@id":"https:\/\/www.welovecycling.com\/pl\/#website","url":"https:\/\/www.welovecycling.com\/pl\/","name":"\u0160koda We Love Cycling - Poland","description":"","potentialAction":[{"@type":"SearchAction","target":{"@type":"EntryPoint","urlTemplate":"https:\/\/www.welovecycling.com\/pl\/?s={search_term_string}"},"query-input":{"@type":"PropertyValueSpecification","valueRequired":true,"valueName":"search_term_string"}}],"inLanguage":"pl-PL"},{"@type":"Person","@id":"https:\/\/www.welovecycling.com\/pl\/#\/schema\/person\/0dba2d39da943db9df3fd8f4687e7f23","name":"piotrboczkowski","image":{"@type":"ImageObject","inLanguage":"pl-PL","@id":"https:\/\/www.welovecycling.com\/pl\/#\/schema\/person\/image\/","url":"https:\/\/secure.gravatar.com\/avatar\/533caccae14752e03a2ce2d3fd62d1b98b93e1393c3195c27819e53344ca1ace?s=96&d=mm&r=g","contentUrl":"https:\/\/secure.gravatar.com\/avatar\/533caccae14752e03a2ce2d3fd62d1b98b93e1393c3195c27819e53344ca1ace?s=96&d=mm&r=g","caption":"piotrboczkowski"},"url":"https:\/\/www.welovecycling.com\/pl\/author\/piotrboczkowski\/"}]}},"_links":{"self":[{"href":"https:\/\/www.welovecycling.com\/pl\/wp-json\/wp\/v2\/posts\/7345","targetHints":{"allow":["GET"]}}],"collection":[{"href":"https:\/\/www.welovecycling.com\/pl\/wp-json\/wp\/v2\/posts"}],"about":[{"href":"https:\/\/www.welovecycling.com\/pl\/wp-json\/wp\/v2\/types\/post"}],"author":[{"embeddable":true,"href":"https:\/\/www.welovecycling.com\/pl\/wp-json\/wp\/v2\/users\/76"}],"replies":[{"embeddable":true,"href":"https:\/\/www.welovecycling.com\/pl\/wp-json\/wp\/v2\/comments?post=7345"}],"version-history":[{"count":2,"href":"https:\/\/www.welovecycling.com\/pl\/wp-json\/wp\/v2\/posts\/7345\/revisions"}],"predecessor-version":[{"id":7349,"href":"https:\/\/www.welovecycling.com\/pl\/wp-json\/wp\/v2\/posts\/7345\/revisions\/7349"}],"wp:featuredmedia":[{"embeddable":true,"href":"https:\/\/www.welovecycling.com\/pl\/wp-json\/wp\/v2\/media\/7346"}],"wp:attachment":[{"href":"https:\/\/www.welovecycling.com\/pl\/wp-json\/wp\/v2\/media?parent=7345"}],"wp:term":[{"taxonomy":"category","embeddable":true,"href":"https:\/\/www.welovecycling.com\/pl\/wp-json\/wp\/v2\/categories?post=7345"},{"taxonomy":"post_tag","embeddable":true,"href":"https:\/\/www.welovecycling.com\/pl\/wp-json\/wp\/v2\/tags?post=7345"},{"taxonomy":"global-categories","embeddable":true,"href":"https:\/\/www.welovecycling.com\/pl\/wp-json\/wp\/v2\/global-categories?post=7345"}],"curies":[{"name":"wp","href":"https:\/\/api.w.org\/{rel}","templated":true}]}}