{"id":7339,"date":"2018-07-10T15:21:10","date_gmt":"2018-07-10T15:21:10","guid":{"rendered":"https:\/\/www.welovecycling.com\/pl\/?p=7339"},"modified":"2018-07-10T15:21:10","modified_gmt":"2018-07-10T15:21:10","slug":"najlepsze-etapy-le-tour-2018","status":"publish","type":"post","link":"https:\/\/www.welovecycling.com\/pl\/2018\/07\/10\/najlepsze-etapy-le-tour-2018\/","title":{"rendered":"Najlepsze etapy Le Tour 2018"},"content":{"rendered":"<p><strong>Chrisa Froome oficjalnie uwolniono od zarzutu grzechu dopingu \u2013 co \u00a0oznacza, \u017ce przed nami wy\u015bcig absolutnie wyj\u0105tkowy. Co wyczarowali w tym roku organizatorzy wy\u015bcigu?<\/strong><\/p>\n<p><strong>Etap 9, piek\u0142o p\u00f3\u0142nocy \u2013 15 lipca, niedziela<\/strong><\/p>\n<p>Mont Ventoux k\u0142adzie si\u0119 d\u0142ugim cieniem na zesz\u0142oroczn\u0105 tras\u0119 wy\u015bcigu.<br \/>\nW rocznic\u0119 tragicznej \u015bmierci Toma Simpsona g\u00f3ra zosta\u0142a pomini\u0119ta jako wyraz szacunku. Etap 9 utkwi na pewno w naszej pami\u0119ci \u2013 to sta\u0142o si\u0119 tak niedawno\u2026 Drog\u0119 do Roubaix trzeba traktowa\u0107 bardzo powa\u017cnie.<\/p>\n<p><a href=\"https:\/\/d2p6e6u75xmxt8.cloudfront.net\/5\/2018\/07\/1.jpeg\"><img loading=\"lazy\" decoding=\"async\" class=\"alignnone size-full wp-image-7341\" src=\"https:\/\/d2p6e6u75xmxt8.cloudfront.net\/5\/2018\/07\/1.jpeg\" alt=\"\" width=\"800\" height=\"529\" srcset=\"https:\/\/d2p6e6u75xmxt8.cloudfront.net\/5\/2018\/07\/1.jpeg 800w, https:\/\/d2p6e6u75xmxt8.cloudfront.net\/5\/2018\/07\/1-300x198.jpeg 300w, https:\/\/d2p6e6u75xmxt8.cloudfront.net\/5\/2018\/07\/1-768x508.jpeg 768w\" sizes=\"auto, (max-width: 800px) 100vw, 800px\" \/>Wypadek Alfreda Achermanna na trasie Pary\u017c-Roubaix.<\/a><\/p>\n<p>Brukowan\u0105 nawierzchni\u0119 wida\u0107 ju\u017c po 50 kilometrach jazdy. Bruk jest brutalny i niebezpieczny \u2013 a wszystko to jeszcze przed p\u00f3\u0142metkiem etapu. Froome zn\u00f3w znajdzie si\u0119 poza stref\u0105 komfortu. Z drugiej strony, Nibali ma solidne osi\u0105gni\u0119cia na takiej nawierzchni. Trzeba spodziewa\u0107 si\u0119 siniak\u00f3w i garbowania sk\u00f3r.<\/p>\n<p>Ta scena b\u0119dzie \u015bwietnie wygl\u0105da\u0107 w telewizji. Pierwsze kilometry od Annecy b\u0119d\u0105 p\u0142askie, a potem hipnotyzuj\u0105ce pi\u0119kno Alp zaskoczy bolesnym wspinaczkom. Po raz pierwszy w wy\u015bcigu peleton wspina si\u0119 na wschodni\u0105 cz\u0119\u015b\u0107 p\u0142askowy\u017cu Gli\u00e8res.<\/p>\n<div class=\"embed-wrapper\"><iframe loading=\"lazy\" src=\"https:\/\/www.youtube-nocookie.com\/embed\/AF_o2kgP0tw?feature=oembed&amp;feature=youtu.be\" width=\"500\" height=\"281\" frameborder=\"0\" allowfullscreen=\"allowfullscreen\" data-mce-fragment=\"1\"><\/iframe><\/div>\n<p><em>Kibice kolarscy \u2013 p\u0142askowy\u017c Gli\u00e8res<\/em><\/p>\n<p>\u015arednie przewy\u017cszenie na p\u0142askowy\u017cu wynosi 11,2% &#8211; a najbardziej sadystyczne odcinki si\u0119gaj\u0105 20%. W\u0142a\u015bnie one zaostrzaj\u0105 nawet najmniejsze zranienia. A je\u015bli to nie jest wystarczaj\u0105co bolesne, ostatnie 2 km wspinaczki znajduje si\u0119 na zapylonej drodze. Pogoda jeszcze nie zdecydowa\u0142a, czy b\u0119dzie s\u0142oneczna i dusz\u0105ca, czy te\u017c deszczowa i zdradziecka. Tak czy inaczej, warto to zobaczy\u0107.<\/p>\n<p><strong>Etap 17, falowanie i spadanie \u2013 25 lipca<\/strong><\/p>\n<p>Po mini\u0119ciu Mont\u00e9e de Peyragudes i brutalnym Col de Val Louron-Azet, podczas ostatniej wspinaczki na 17. etapie rywale zazwyczaj utrzymywali si\u0119 w ryzach, a wspiera\u0142o ich kilku zaufanych pomocnik\u00f3w. Ale ten etap to jak w\u0142o\u017cenie d\u0142oni mi\u0119dzy szprychy.<\/p>\n<p>Organizatorzy wy\u015bcigu zdecydowali, \u017ce kolarze rozpoczn\u0105 ten etap falami \u2013 zgodnie z ich aktualnym stanem na tablicy wynik\u00f3w. Dru\u017cyny zostan\u0105 podzielone. Je\u015bli w tej fazie wy\u015bcigu nie jeste\u015b w czo\u0142\u00f3wce \u2013 wracaj do domu. Jeste\u015b ju\u017c sko\u0144czony. Je\u015bli nie masz silnego wsparcia i co najmniej dw\u00f3ch innych koleg\u00f3w z dru\u017cyny, ju\u017c jest pozamiatane.<\/p>\n<p>R\u00f3wnie\u017c w tym roku po raz pierwszy wy\u015bcig zahaczy o niezwykle strome, ubogie w tlen szczyty Col du Portet. Team Sky udowodni\u0142, \u017ce doskona\u0142e zaplanowanie wy\u015bcig\u00f3w daje Froome&#8217;owi mo\u017cliwo\u015b\u0107 zab\u0142y\u015bni\u0119cia<br \/>\nw zupe\u0142nie nieoczekiwanych momentach, takich jak jego atak na zej\u015bcie z Col de Peyresourde w 2016 roku.<\/p>\n<p>Nie ma \u017cadnej gwarancji, \u017ce ka\u017cdy zawodnik b\u0119dzie mia\u0142 do dyspozycji wystarczaj\u0105c\u0105 liczb\u0119 pomocnik\u00f3w &#8211; chyba \u017ce sami s\u0105 zawodnikami. Wszystko mo\u017ce si\u0119 zdarzy\u0107. To b\u0119dzie martwi\u0107 Team Sky. Na dobr\u0105 spraw\u0119, organizatorzy zdecydowali, \u017ce kierunek jazdy powinien by\u0107 taki sam, gdy Froome\u2019a wyprzedzi\u0142 Aru.<\/p>\n<p><strong>Etap 16, zst\u0105pienie w szale\u0144stwo \u2013 24 lipca, wtorek<\/strong><\/p>\n<p>Teraz, gdy ju\u017c wiemy, co b\u0119dzie si\u0119 dzia\u0142o na etapie 17., przekonajmy si\u0119, jak brzmi rozumowanie organizator\u00f3w. Przed tym by\u0107 mo\u017ce decyduj\u0105cym etapem wy\u015bcigu, peleton po raz pierwszy poka\u017ce si\u0119 w Pirenejach. Je\u015bli prowadz\u0105cy nie jest ju\u017c w zasi\u0119gu, najwy\u017cszy czas zapomnie\u0107 o \u017c\u00f3\u0142tej koszulce.<\/p>\n<p><a href=\"https:\/\/d2p6e6u75xmxt8.cloudfront.net\/5\/2018\/07\/2-1.jpg\"><img loading=\"lazy\" decoding=\"async\" class=\"alignnone size-full wp-image-7342\" src=\"https:\/\/d2p6e6u75xmxt8.cloudfront.net\/5\/2018\/07\/2-1.jpg\" alt=\"\" width=\"960\" height=\"541\" srcset=\"https:\/\/d2p6e6u75xmxt8.cloudfront.net\/5\/2018\/07\/2-1.jpg 960w, https:\/\/d2p6e6u75xmxt8.cloudfront.net\/5\/2018\/07\/2-1-300x169.jpg 300w, https:\/\/d2p6e6u75xmxt8.cloudfront.net\/5\/2018\/07\/2-1-768x433.jpg 768w\" sizes=\"auto, (max-width: 960px) 100vw, 960px\" \/><\/a><\/p>\n<p>Na ostatnich 70 kilometrach po po\u017cegnaniu z Carcassonne, kolarze mog\u0105 si\u0119 sprawdzi\u0107 na trzech przewy\u017cszeniach nim ich opony uderz\u0105 w Bagn\u00e8res-de-Luchon. Po 208 km jazdy ostatnie 10 km to czyste zjazdy.\u00a0 Zapewne zostan\u0105 wtedy wykorzystane wszystkie mo\u017cliwo\u015bci \u2013 w tym i desperackie ryzyko.<\/p>\n<p>Jak s\u0105dzicie, kt\u00f3re etapy b\u0119d\u0105 w tegorocznym wy\u015bcigu najlepsze?<\/p>\n","protected":false},"excerpt":{"rendered":"<p>Chrisa Froome oficjalnie uwolniono od zarzutu grzechu dopingu \u2013 co \u00a0oznacza, \u017ce przed nami wy\u015bcig absolutnie wyj\u0105tkowy. Co wyczarowali w [&hellip;]<\/p>\n","protected":false},"author":76,"featured_media":7343,"comment_status":"open","ping_status":"open","sticky":false,"template":"","format":"standard","meta":{"footnotes":""},"categories":[270],"tags":[212],"global-categories":[],"class_list":["post-7339","post","type-post","status-publish","format-standard","has-post-thumbnail","hentry","category-tour-de-france-2018","tag-tour-de-france-2018"],"yoast_head":"<!-- This site is optimized with the Yoast SEO Premium plugin v25.3 (Yoast SEO v25.9) - https:\/\/yoast.com\/wordpress\/plugins\/seo\/ -->\n<title>Najlepsze etapy Le Tour 2018 - \u0160koda We Love Cycling - Poland<\/title>\n<meta name=\"robots\" content=\"index, follow, max-snippet:-1, max-image-preview:large, max-video-preview:-1\" \/>\n<link rel=\"canonical\" href=\"https:\/\/www.welovecycling.com\/pl\/2018\/07\/10\/najlepsze-etapy-le-tour-2018\/\" \/>\n<meta property=\"og:locale\" content=\"pl_PL\" \/>\n<meta property=\"og:type\" content=\"article\" \/>\n<meta property=\"og:title\" content=\"Najlepsze etapy Le Tour 2018\" \/>\n<meta property=\"og:description\" content=\"Chrisa Froome oficjalnie uwolniono od zarzutu grzechu dopingu \u2013 co \u00a0oznacza, \u017ce przed nami wy\u015bcig absolutnie wyj\u0105tkowy. Co wyczarowali w [&hellip;]\" \/>\n<meta property=\"og:url\" content=\"https:\/\/www.welovecycling.com\/pl\/2018\/07\/10\/najlepsze-etapy-le-tour-2018\/\" \/>\n<meta property=\"og:site_name\" content=\"\u0160koda We Love Cycling - Poland\" \/>\n<meta property=\"article:published_time\" content=\"2018-07-10T15:21:10+00:00\" \/>\n<meta property=\"og:image\" content=\"https:\/\/d2p6e6u75xmxt8.cloudfront.net\/5\/2018\/07\/HOM-2.jpg\" \/>\n\t<meta property=\"og:image:width\" content=\"1366\" \/>\n\t<meta property=\"og:image:height\" content=\"600\" \/>\n\t<meta property=\"og:image:type\" content=\"image\/jpeg\" \/>\n<meta name=\"author\" content=\"piotrboczkowski\" \/>\n<meta name=\"twitter:card\" content=\"summary_large_image\" \/>\n<meta name=\"twitter:label1\" content=\"Written by\" \/>\n\t<meta name=\"twitter:data1\" content=\"Christopher Ashley\" \/>\n\t<meta name=\"twitter:label2\" content=\"Est. reading time\" \/>\n\t<meta name=\"twitter:data2\" content=\"3 minutes\" \/>\n<script type=\"application\/ld+json\" class=\"yoast-schema-graph\">{\"@context\":\"https:\/\/schema.org\",\"@graph\":[{\"@type\":\"WebPage\",\"@id\":\"https:\/\/www.welovecycling.com\/pl\/2018\/07\/10\/najlepsze-etapy-le-tour-2018\/\",\"url\":\"https:\/\/www.welovecycling.com\/pl\/2018\/07\/10\/najlepsze-etapy-le-tour-2018\/\",\"name\":\"Najlepsze etapy Le Tour 2018 - \u0160koda We Love Cycling - Poland\",\"isPartOf\":{\"@id\":\"https:\/\/www.welovecycling.com\/pl\/#website\"},\"primaryImageOfPage\":{\"@id\":\"https:\/\/www.welovecycling.com\/pl\/2018\/07\/10\/najlepsze-etapy-le-tour-2018\/#primaryimage\"},\"image\":{\"@id\":\"https:\/\/www.welovecycling.com\/pl\/2018\/07\/10\/najlepsze-etapy-le-tour-2018\/#primaryimage\"},\"thumbnailUrl\":\"https:\/\/d2p6e6u75xmxt8.cloudfront.net\/5\/2018\/07\/HOM-2.jpg\",\"datePublished\":\"2018-07-10T15:21:10+00:00\",\"author\":{\"@id\":\"https:\/\/www.welovecycling.com\/pl\/#\/schema\/person\/0dba2d39da943db9df3fd8f4687e7f23\"},\"breadcrumb\":{\"@id\":\"https:\/\/www.welovecycling.com\/pl\/2018\/07\/10\/najlepsze-etapy-le-tour-2018\/#breadcrumb\"},\"inLanguage\":\"pl-PL\",\"potentialAction\":[{\"@type\":\"ReadAction\",\"target\":[\"https:\/\/www.welovecycling.com\/pl\/2018\/07\/10\/najlepsze-etapy-le-tour-2018\/\"]}]},{\"@type\":\"ImageObject\",\"inLanguage\":\"pl-PL\",\"@id\":\"https:\/\/www.welovecycling.com\/pl\/2018\/07\/10\/najlepsze-etapy-le-tour-2018\/#primaryimage\",\"url\":\"https:\/\/d2p6e6u75xmxt8.cloudfront.net\/5\/2018\/07\/HOM-2.jpg\",\"contentUrl\":\"https:\/\/d2p6e6u75xmxt8.cloudfront.net\/5\/2018\/07\/HOM-2.jpg\",\"width\":1366,\"height\":600},{\"@type\":\"BreadcrumbList\",\"@id\":\"https:\/\/www.welovecycling.com\/pl\/2018\/07\/10\/najlepsze-etapy-le-tour-2018\/#breadcrumb\",\"itemListElement\":[{\"@type\":\"ListItem\",\"position\":1,\"name\":\"Home\",\"item\":\"https:\/\/www.welovecycling.com\/pl\/\"},{\"@type\":\"ListItem\",\"position\":2,\"name\":\"Najlepsze etapy Le Tour 2018\"}]},{\"@type\":\"WebSite\",\"@id\":\"https:\/\/www.welovecycling.com\/pl\/#website\",\"url\":\"https:\/\/www.welovecycling.com\/pl\/\",\"name\":\"\u0160koda We Love Cycling - Poland\",\"description\":\"\",\"potentialAction\":[{\"@type\":\"SearchAction\",\"target\":{\"@type\":\"EntryPoint\",\"urlTemplate\":\"https:\/\/www.welovecycling.com\/pl\/?s={search_term_string}\"},\"query-input\":{\"@type\":\"PropertyValueSpecification\",\"valueRequired\":true,\"valueName\":\"search_term_string\"}}],\"inLanguage\":\"pl-PL\"},{\"@type\":\"Person\",\"@id\":\"https:\/\/www.welovecycling.com\/pl\/#\/schema\/person\/0dba2d39da943db9df3fd8f4687e7f23\",\"name\":\"piotrboczkowski\",\"image\":{\"@type\":\"ImageObject\",\"inLanguage\":\"pl-PL\",\"@id\":\"https:\/\/www.welovecycling.com\/pl\/#\/schema\/person\/image\/\",\"url\":\"https:\/\/secure.gravatar.com\/avatar\/533caccae14752e03a2ce2d3fd62d1b98b93e1393c3195c27819e53344ca1ace?s=96&d=mm&r=g\",\"contentUrl\":\"https:\/\/secure.gravatar.com\/avatar\/533caccae14752e03a2ce2d3fd62d1b98b93e1393c3195c27819e53344ca1ace?s=96&d=mm&r=g\",\"caption\":\"piotrboczkowski\"},\"url\":\"https:\/\/www.welovecycling.com\/pl\/author\/piotrboczkowski\/\"}]}<\/script>\n<!-- \/ Yoast SEO Premium plugin. -->","yoast_head_json":{"title":"Najlepsze etapy Le Tour 2018 - \u0160koda We Love Cycling - Poland","robots":{"index":"index","follow":"follow","max-snippet":"max-snippet:-1","max-image-preview":"max-image-preview:large","max-video-preview":"max-video-preview:-1"},"canonical":"https:\/\/www.welovecycling.com\/pl\/2018\/07\/10\/najlepsze-etapy-le-tour-2018\/","og_locale":"pl_PL","og_type":"article","og_title":"Najlepsze etapy Le Tour 2018","og_description":"Chrisa Froome oficjalnie uwolniono od zarzutu grzechu dopingu \u2013 co \u00a0oznacza, \u017ce przed nami wy\u015bcig absolutnie wyj\u0105tkowy. Co wyczarowali w [&hellip;]","og_url":"https:\/\/www.welovecycling.com\/pl\/2018\/07\/10\/najlepsze-etapy-le-tour-2018\/","og_site_name":"\u0160koda We Love Cycling - Poland","article_published_time":"2018-07-10T15:21:10+00:00","og_image":[{"width":1366,"height":600,"url":"https:\/\/d2p6e6u75xmxt8.cloudfront.net\/5\/2018\/07\/HOM-2.jpg","type":"image\/jpeg"}],"author":"piotrboczkowski","twitter_card":"summary_large_image","twitter_misc":{"Written by":"Christopher Ashley","Est. reading time":"3 minutes"},"schema":{"@context":"https:\/\/schema.org","@graph":[{"@type":"WebPage","@id":"https:\/\/www.welovecycling.com\/pl\/2018\/07\/10\/najlepsze-etapy-le-tour-2018\/","url":"https:\/\/www.welovecycling.com\/pl\/2018\/07\/10\/najlepsze-etapy-le-tour-2018\/","name":"Najlepsze etapy Le Tour 2018 - \u0160koda We Love Cycling - Poland","isPartOf":{"@id":"https:\/\/www.welovecycling.com\/pl\/#website"},"primaryImageOfPage":{"@id":"https:\/\/www.welovecycling.com\/pl\/2018\/07\/10\/najlepsze-etapy-le-tour-2018\/#primaryimage"},"image":{"@id":"https:\/\/www.welovecycling.com\/pl\/2018\/07\/10\/najlepsze-etapy-le-tour-2018\/#primaryimage"},"thumbnailUrl":"https:\/\/d2p6e6u75xmxt8.cloudfront.net\/5\/2018\/07\/HOM-2.jpg","datePublished":"2018-07-10T15:21:10+00:00","author":{"@id":"https:\/\/www.welovecycling.com\/pl\/#\/schema\/person\/0dba2d39da943db9df3fd8f4687e7f23"},"breadcrumb":{"@id":"https:\/\/www.welovecycling.com\/pl\/2018\/07\/10\/najlepsze-etapy-le-tour-2018\/#breadcrumb"},"inLanguage":"pl-PL","potentialAction":[{"@type":"ReadAction","target":["https:\/\/www.welovecycling.com\/pl\/2018\/07\/10\/najlepsze-etapy-le-tour-2018\/"]}]},{"@type":"ImageObject","inLanguage":"pl-PL","@id":"https:\/\/www.welovecycling.com\/pl\/2018\/07\/10\/najlepsze-etapy-le-tour-2018\/#primaryimage","url":"https:\/\/d2p6e6u75xmxt8.cloudfront.net\/5\/2018\/07\/HOM-2.jpg","contentUrl":"https:\/\/d2p6e6u75xmxt8.cloudfront.net\/5\/2018\/07\/HOM-2.jpg","width":1366,"height":600},{"@type":"BreadcrumbList","@id":"https:\/\/www.welovecycling.com\/pl\/2018\/07\/10\/najlepsze-etapy-le-tour-2018\/#breadcrumb","itemListElement":[{"@type":"ListItem","position":1,"name":"Home","item":"https:\/\/www.welovecycling.com\/pl\/"},{"@type":"ListItem","position":2,"name":"Najlepsze etapy Le Tour 2018"}]},{"@type":"WebSite","@id":"https:\/\/www.welovecycling.com\/pl\/#website","url":"https:\/\/www.welovecycling.com\/pl\/","name":"\u0160koda We Love Cycling - Poland","description":"","potentialAction":[{"@type":"SearchAction","target":{"@type":"EntryPoint","urlTemplate":"https:\/\/www.welovecycling.com\/pl\/?s={search_term_string}"},"query-input":{"@type":"PropertyValueSpecification","valueRequired":true,"valueName":"search_term_string"}}],"inLanguage":"pl-PL"},{"@type":"Person","@id":"https:\/\/www.welovecycling.com\/pl\/#\/schema\/person\/0dba2d39da943db9df3fd8f4687e7f23","name":"piotrboczkowski","image":{"@type":"ImageObject","inLanguage":"pl-PL","@id":"https:\/\/www.welovecycling.com\/pl\/#\/schema\/person\/image\/","url":"https:\/\/secure.gravatar.com\/avatar\/533caccae14752e03a2ce2d3fd62d1b98b93e1393c3195c27819e53344ca1ace?s=96&d=mm&r=g","contentUrl":"https:\/\/secure.gravatar.com\/avatar\/533caccae14752e03a2ce2d3fd62d1b98b93e1393c3195c27819e53344ca1ace?s=96&d=mm&r=g","caption":"piotrboczkowski"},"url":"https:\/\/www.welovecycling.com\/pl\/author\/piotrboczkowski\/"}]}},"_links":{"self":[{"href":"https:\/\/www.welovecycling.com\/pl\/wp-json\/wp\/v2\/posts\/7339","targetHints":{"allow":["GET"]}}],"collection":[{"href":"https:\/\/www.welovecycling.com\/pl\/wp-json\/wp\/v2\/posts"}],"about":[{"href":"https:\/\/www.welovecycling.com\/pl\/wp-json\/wp\/v2\/types\/post"}],"author":[{"embeddable":true,"href":"https:\/\/www.welovecycling.com\/pl\/wp-json\/wp\/v2\/users\/76"}],"replies":[{"embeddable":true,"href":"https:\/\/www.welovecycling.com\/pl\/wp-json\/wp\/v2\/comments?post=7339"}],"version-history":[{"count":2,"href":"https:\/\/www.welovecycling.com\/pl\/wp-json\/wp\/v2\/posts\/7339\/revisions"}],"predecessor-version":[{"id":7344,"href":"https:\/\/www.welovecycling.com\/pl\/wp-json\/wp\/v2\/posts\/7339\/revisions\/7344"}],"wp:featuredmedia":[{"embeddable":true,"href":"https:\/\/www.welovecycling.com\/pl\/wp-json\/wp\/v2\/media\/7343"}],"wp:attachment":[{"href":"https:\/\/www.welovecycling.com\/pl\/wp-json\/wp\/v2\/media?parent=7339"}],"wp:term":[{"taxonomy":"category","embeddable":true,"href":"https:\/\/www.welovecycling.com\/pl\/wp-json\/wp\/v2\/categories?post=7339"},{"taxonomy":"post_tag","embeddable":true,"href":"https:\/\/www.welovecycling.com\/pl\/wp-json\/wp\/v2\/tags?post=7339"},{"taxonomy":"global-categories","embeddable":true,"href":"https:\/\/www.welovecycling.com\/pl\/wp-json\/wp\/v2\/global-categories?post=7339"}],"curies":[{"name":"wp","href":"https:\/\/api.w.org\/{rel}","templated":true}]}}