{"id":7332,"date":"2018-07-09T15:17:21","date_gmt":"2018-07-09T15:17:21","guid":{"rendered":"https:\/\/www.welovecycling.com\/pl\/?p=7332"},"modified":"2018-07-09T15:17:21","modified_gmt":"2018-07-09T15:17:21","slug":"na-tour-de-france-historia-jak-z-amerykanskiego-filmu","status":"publish","type":"post","link":"https:\/\/www.welovecycling.com\/pl\/2018\/07\/09\/na-tour-de-france-historia-jak-z-amerykanskiego-filmu\/","title":{"rendered":"Na Tour de France historia jak z ameryka\u0144skiego filmu"},"content":{"rendered":"<p>By\u0142o wszystko: bolesna kraksa, \u015bwietny finisz, nieprawdopodobna historia i pierwsze ofiary. Tour de France jeszcze na dobre si\u0119 nie rozkr\u0119ci\u0142, a ju\u017c wywo\u0142uje wypieki na twarzach kibic\u00f3w.<\/p>\n<p>Wyobra\u017acie sobie, \u017ce pierwszy raz zjawiacie si\u0119 na bankiecie ludzi z najwy\u017cszych sfer. Idziecie z niepokojem, siadacie gdzie\u015b z boku, a niepytani raczej si\u0119 nie odzywacie. Grzecznie, spokojnie, byle nie da\u0107 plamy.<\/p>\n<p>Tymczasem Fernando Gaviria (Quick Step Floors) nie mia\u0142 zamiaru chowa\u0107 si\u0119 po k\u0105tach, ale jako \u017c\u00f3\u0142todzi\u00f3b na Tour de France bezczelnie rozsiad\u0142 si\u0119 w samym \u015brodku \u015bmietanki. I jak si\u0119 p\u00f3\u017aniej okaza\u0142o \u2013 zosta\u0142 dusz\u0105 towarzystwa.<\/p>\n<p><strong>Brak s\u0142\u00f3w<\/strong><\/p>\n<p>24-letni Kolumbijczyk w sobot\u0119 zadebiutowa\u0142 w Tour de France i by\u0142 to debiut jak z ameryka\u0144skiego filmu \u2013 wygra\u0142 etap inauguruj\u0105cy 105. Wielk\u0105 P\u0119tl\u0119, wi\u0119c od razu wskoczy\u0142 w \u017c\u00f3\u0142t\u0105 koszul\u0119 lidera. Zawodnik, kt\u00f3ry do tej pory najwi\u0119ksze sukcesy osi\u0105gn\u0105\u0142 w kolarstwie torowym, nagle zamiesza\u0142 w najwi\u0119kszym wy\u015bcigu \u015bwiata i zgarn\u0105\u0142 najcenniejszy trykot kolarski na \u015bwiecie. I szczerze? Wcale by\u015bmy si\u0119 nie zdziwili, gdyby w tej koszulce po\u0142o\u017cy\u0142 si\u0119 spa\u0107\u2026<\/p>\n<p>&#8211; Nie potrafi\u0119 znale\u017a\u0107 s\u0142\u00f3w, kt\u00f3re opisa\u0142yby to, co wydarzy\u0142o si\u0119 na tym etapie. To przepi\u0119kny sukces dla mnie i ca\u0142ego zespo\u0142u, w ko\u0144cu po to ka\u017cdy z nas si\u0119 \u015bciga, by kiedy\u015b za\u0142o\u017cy\u0107 \u017c\u00f3\u0142t\u0105 koszulk\u0119 lidera Tour de France \u2013 cieszy\u0142 si\u0119 Gaviria.<\/p>\n<p>Kolumbijczyk by\u0142 szcz\u0119\u015bliwy, bo wy\u015bcig mia\u0142 przedziwny przebieg, g\u0142\u00f3wnie ze wzgl\u0119du na upadki. Najpierw dosz\u0142o do kraksy, za moment jeden z kolarzy nie zmie\u015bci\u0142 na zw\u0119\u017ceniu, a jezdnia za w\u0105ska okaza\u0142a si\u0119 tak\u017ce dla Christophera Froome\u2019a. Czterokrotny zwyci\u0119zca Wielkiej P\u0119tli i tak mia\u0142 szcz\u0119\u015bcie, bo m\u00f3g\u0142 sko\u0144czy\u0107 nie w rowie, ale na s\u0142upku\u2026<\/p>\n<p><a href=\"https:\/\/www.youtube.com\/watch?v=FQUFU0CMoHc\">https:\/\/www.youtube.com\/watch?v=FQUFU0CMoHc<\/a><\/p>\n<p>Jakby tego by\u0142o ma\u0142o, to k\u0142opoty sprz\u0119towe mia\u0142 inny faworyt &#8211; Nairo Quintana (Movistar). W efekcie pierwszy na met\u0119 wpad\u0142 w\u0142a\u015bnie Gaviria, a zaraz za nim zameldowa\u0142 si\u0119 Peter Sagan.<\/p>\n<p><strong>Przewrotny los<\/strong><\/p>\n<p>Dzie\u0144 p\u00f3\u017aniej Sagan wys\u0142a\u0142 rywalom jasny sygna\u0142, kt\u00f3ry brzmia\u0142: \u201erok temu mnie zdyskwalifikowano, ale w tym b\u0119d\u0119 walczy\u0142 o wygranie klasyfikacji generalnej\u201d. S\u0142owak na drugim etapie przede wszystkim unikn\u0105\u0142 kraksy, kt\u00f3ra wydarzy\u0142a si\u0119 dwa kilometry przed met\u0105, na jednym z ostrych zakr\u0119t\u00f3w. Tego szcz\u0119\u015bcia nie mia\u0142 Gaviria, kt\u00f3ry szybko przekona\u0142 si\u0119, jak przewrotny jest Tour de France. W sobot\u0119 triumfowa\u0142, a w niedziel\u0119 bole\u015bnie spotka\u0142 si\u0119 z asfaltem\u2026<\/p>\n<p>Inna sprawa, \u017ce Sagan m\u00f3g\u0142 liczy\u0107 na \u015bwietn\u0105 pomoc m.in. Macieja Bodnara, kt\u00f3ry przed finiszem rozprowadzi\u0142 lidera Bora-hansgrohe. Dzi\u0119ki temu S\u0142owak by\u0142 o p\u00f3\u0142 ko\u0142a przed Sonnym Colbrellim (Bahrain &#8211; Merida) i przej\u0105\u0142 \u017c\u00f3\u0142t\u0105 koszulk\u0119 lidera.<\/p>\n<p>&#8211; Musz\u0119 podzi\u0119kowa\u0107 moim kolegom z zespo\u0142u [w Bora hansgrohe wyst\u0119puj\u0105 Bodnar, Rafa\u0142 Majka i Pawe\u0142 Polja\u0144ski], bo dzi\u0119ki nim ko\u0144c\u00f3wk\u0119 jechali\u015bmy na czele, co u\u0142atwi\u0142o mi finisz \u2013 podkre\u015bla\u0142 na mecie Sagan.<\/p>\n<p><strong>Dla kogo chusteczki?<\/strong><\/p>\n<p>Dzi\u015b zn\u00f3w wielkie emocje na Wielkiej P\u0119tli, poniewa\u017c czeka nas pierwsza jazda dru\u017cynowa na czas. Trasa ma tylko 35,5 km, mniej do przejechania kolarze b\u0119d\u0105 mieli tylko na przedostatnim, 20. etapie (31 km).<\/p>\n<p>Start i meta znajduj\u0105 si\u0119 w Cholet, mie\u015bcie licz\u0105cym niewiele ponad 50 tys. mieszka\u0144c\u00f3w i s\u0142yn\u0105cym z produkcji\u2026 chusteczek do nosa. Niekt\u00f3rym kolarzom mog\u0105 si\u0119 one przyda\u0107 do otarcia \u0142ez, poniewa\u017c na tym etapie Tour de France r\u00f3wnie\u017c mo\u017ce pokaza\u0107 swoje z\u0142o\u015bliwe oblicze w postaci ostrych i niebezpiecznych zakr\u0119t\u00f3w.<\/p>\n<p><strong>Klasyfikacja generalna po 2. etapie:<\/strong><\/p>\n<ol>\n<li>Peter Sagan<\/li>\n<li>Fernando Gaviria + 00:00:06<\/li>\n<li>Sonny Colbrelli + 00:00:10<\/li>\n<\/ol>\n<p>&nbsp;<\/p>\n<ol start=\"69\">\n<li>Rafa\u0142 Majka + 00:00:16<\/li>\n<li>Maciej Bodnar + 00:00:58<\/li>\n<\/ol>\n<ol start=\"118\">\n<li>Micha\u0142 Kwiatkowski + 00:02:40<\/li>\n<\/ol>\n<ol start=\"132\">\n<li>Tomasz Marczy\u0144ski + 00:03:28<\/li>\n<\/ol>\n<ol start=\"151\">\n<li>Pawe\u0142 Polja\u0144ski + 00:05:05<\/li>\n<\/ol>\n<p>&nbsp;<\/p>\n<p><strong>Lider klasyfikacji punktowej (sponsorowana przez \u0160kod\u0119):<\/strong> Peter Sagan<\/p>\n<p><strong>Lider klasyfikacji g\u00f3rskiej:<\/strong> Dion Smith<\/p>\n<p><strong>Lider klasyfikacji m\u0142odzie\u017cowej:<\/strong> Fernando Gaviria<\/p>\n","protected":false},"excerpt":{"rendered":"<p>By\u0142o wszystko: bolesna kraksa, \u015bwietny finisz, nieprawdopodobna historia i pierwsze ofiary. Tour de France jeszcze na dobre si\u0119 nie rozkr\u0119ci\u0142, [&hellip;]<\/p>\n","protected":false},"author":76,"featured_media":7333,"comment_status":"open","ping_status":"open","sticky":false,"template":"","format":"standard","meta":{"footnotes":""},"categories":[270],"tags":[],"global-categories":[],"class_list":["post-7332","post","type-post","status-publish","format-standard","has-post-thumbnail","hentry","category-tour-de-france-2018"],"yoast_head":"<!-- This site is optimized with the Yoast SEO Premium plugin v25.3 (Yoast SEO v25.9) - https:\/\/yoast.com\/wordpress\/plugins\/seo\/ -->\n<title>Na Tour de France historia jak z ameryka\u0144skiego filmu - \u0160koda We Love Cycling - Poland<\/title>\n<meta name=\"robots\" content=\"index, follow, max-snippet:-1, max-image-preview:large, max-video-preview:-1\" \/>\n<link rel=\"canonical\" href=\"https:\/\/www.welovecycling.com\/pl\/2018\/07\/09\/na-tour-de-france-historia-jak-z-amerykanskiego-filmu\/\" \/>\n<meta property=\"og:locale\" content=\"pl_PL\" \/>\n<meta property=\"og:type\" content=\"article\" \/>\n<meta property=\"og:title\" content=\"Na Tour de France historia jak z ameryka\u0144skiego filmu\" \/>\n<meta property=\"og:description\" content=\"By\u0142o wszystko: bolesna kraksa, \u015bwietny finisz, nieprawdopodobna historia i pierwsze ofiary. Tour de France jeszcze na dobre si\u0119 nie rozkr\u0119ci\u0142, [&hellip;]\" \/>\n<meta property=\"og:url\" content=\"https:\/\/www.welovecycling.com\/pl\/2018\/07\/09\/na-tour-de-france-historia-jak-z-amerykanskiego-filmu\/\" \/>\n<meta property=\"og:site_name\" content=\"\u0160koda We Love Cycling - Poland\" \/>\n<meta property=\"article:published_time\" content=\"2018-07-09T15:17:21+00:00\" \/>\n<meta property=\"og:image\" content=\"https:\/\/d2p6e6u75xmxt8.cloudfront.net\/5\/2018\/07\/profimedia-0253193120-1.jpg\" \/>\n\t<meta property=\"og:image:width\" content=\"1800\" \/>\n\t<meta property=\"og:image:height\" content=\"1200\" \/>\n\t<meta property=\"og:image:type\" content=\"image\/jpeg\" \/>\n<meta name=\"author\" content=\"piotrboczkowski\" \/>\n<meta name=\"twitter:card\" content=\"summary_large_image\" \/>\n<meta name=\"twitter:label1\" content=\"Written by\" \/>\n\t<meta name=\"twitter:data1\" content=\"Piotr Jawor\" \/>\n\t<meta name=\"twitter:label2\" content=\"Est. reading time\" \/>\n\t<meta name=\"twitter:data2\" content=\"3 minutes\" \/>\n<script type=\"application\/ld+json\" class=\"yoast-schema-graph\">{\"@context\":\"https:\/\/schema.org\",\"@graph\":[{\"@type\":\"WebPage\",\"@id\":\"https:\/\/www.welovecycling.com\/pl\/2018\/07\/09\/na-tour-de-france-historia-jak-z-amerykanskiego-filmu\/\",\"url\":\"https:\/\/www.welovecycling.com\/pl\/2018\/07\/09\/na-tour-de-france-historia-jak-z-amerykanskiego-filmu\/\",\"name\":\"Na Tour de France historia jak z ameryka\u0144skiego filmu - \u0160koda We Love Cycling - Poland\",\"isPartOf\":{\"@id\":\"https:\/\/www.welovecycling.com\/pl\/#website\"},\"primaryImageOfPage\":{\"@id\":\"https:\/\/www.welovecycling.com\/pl\/2018\/07\/09\/na-tour-de-france-historia-jak-z-amerykanskiego-filmu\/#primaryimage\"},\"image\":{\"@id\":\"https:\/\/www.welovecycling.com\/pl\/2018\/07\/09\/na-tour-de-france-historia-jak-z-amerykanskiego-filmu\/#primaryimage\"},\"thumbnailUrl\":\"https:\/\/d2p6e6u75xmxt8.cloudfront.net\/5\/2018\/07\/profimedia-0253193120-1.jpg\",\"datePublished\":\"2018-07-09T15:17:21+00:00\",\"author\":{\"@id\":\"https:\/\/www.welovecycling.com\/pl\/#\/schema\/person\/0dba2d39da943db9df3fd8f4687e7f23\"},\"breadcrumb\":{\"@id\":\"https:\/\/www.welovecycling.com\/pl\/2018\/07\/09\/na-tour-de-france-historia-jak-z-amerykanskiego-filmu\/#breadcrumb\"},\"inLanguage\":\"pl-PL\",\"potentialAction\":[{\"@type\":\"ReadAction\",\"target\":[\"https:\/\/www.welovecycling.com\/pl\/2018\/07\/09\/na-tour-de-france-historia-jak-z-amerykanskiego-filmu\/\"]}]},{\"@type\":\"ImageObject\",\"inLanguage\":\"pl-PL\",\"@id\":\"https:\/\/www.welovecycling.com\/pl\/2018\/07\/09\/na-tour-de-france-historia-jak-z-amerykanskiego-filmu\/#primaryimage\",\"url\":\"https:\/\/d2p6e6u75xmxt8.cloudfront.net\/5\/2018\/07\/profimedia-0253193120-1.jpg\",\"contentUrl\":\"https:\/\/d2p6e6u75xmxt8.cloudfront.net\/5\/2018\/07\/profimedia-0253193120-1.jpg\",\"width\":1800,\"height\":1200,\"caption\":\"20150717 - RODEZ, FRANCE: Belgian Thomas De Gendt of Lotto - Soudal pictured in action during stage 13 of the 2015 edition of the Tour de France cycling race, 198,5 km from Muret to Rodez, France, Friday 17 July 2015. This year's Tour de France is taking place from 4 to 26 July. BELGA PHOTO YUZURU SUNADA, Image: 253193120, License: Rights-managed, Restrictions: , Model Release: no, Credit line: Profimedia, AFP\"},{\"@type\":\"BreadcrumbList\",\"@id\":\"https:\/\/www.welovecycling.com\/pl\/2018\/07\/09\/na-tour-de-france-historia-jak-z-amerykanskiego-filmu\/#breadcrumb\",\"itemListElement\":[{\"@type\":\"ListItem\",\"position\":1,\"name\":\"Home\",\"item\":\"https:\/\/www.welovecycling.com\/pl\/\"},{\"@type\":\"ListItem\",\"position\":2,\"name\":\"Na Tour de France historia jak z ameryka\u0144skiego filmu\"}]},{\"@type\":\"WebSite\",\"@id\":\"https:\/\/www.welovecycling.com\/pl\/#website\",\"url\":\"https:\/\/www.welovecycling.com\/pl\/\",\"name\":\"\u0160koda We Love Cycling - Poland\",\"description\":\"\",\"potentialAction\":[{\"@type\":\"SearchAction\",\"target\":{\"@type\":\"EntryPoint\",\"urlTemplate\":\"https:\/\/www.welovecycling.com\/pl\/?s={search_term_string}\"},\"query-input\":{\"@type\":\"PropertyValueSpecification\",\"valueRequired\":true,\"valueName\":\"search_term_string\"}}],\"inLanguage\":\"pl-PL\"},{\"@type\":\"Person\",\"@id\":\"https:\/\/www.welovecycling.com\/pl\/#\/schema\/person\/0dba2d39da943db9df3fd8f4687e7f23\",\"name\":\"piotrboczkowski\",\"image\":{\"@type\":\"ImageObject\",\"inLanguage\":\"pl-PL\",\"@id\":\"https:\/\/www.welovecycling.com\/pl\/#\/schema\/person\/image\/\",\"url\":\"https:\/\/secure.gravatar.com\/avatar\/533caccae14752e03a2ce2d3fd62d1b98b93e1393c3195c27819e53344ca1ace?s=96&d=mm&r=g\",\"contentUrl\":\"https:\/\/secure.gravatar.com\/avatar\/533caccae14752e03a2ce2d3fd62d1b98b93e1393c3195c27819e53344ca1ace?s=96&d=mm&r=g\",\"caption\":\"piotrboczkowski\"},\"url\":\"https:\/\/www.welovecycling.com\/pl\/author\/piotrboczkowski\/\"}]}<\/script>\n<!-- \/ Yoast SEO Premium plugin. -->","yoast_head_json":{"title":"Na Tour de France historia jak z ameryka\u0144skiego filmu - \u0160koda We Love Cycling - Poland","robots":{"index":"index","follow":"follow","max-snippet":"max-snippet:-1","max-image-preview":"max-image-preview:large","max-video-preview":"max-video-preview:-1"},"canonical":"https:\/\/www.welovecycling.com\/pl\/2018\/07\/09\/na-tour-de-france-historia-jak-z-amerykanskiego-filmu\/","og_locale":"pl_PL","og_type":"article","og_title":"Na Tour de France historia jak z ameryka\u0144skiego filmu","og_description":"By\u0142o wszystko: bolesna kraksa, \u015bwietny finisz, nieprawdopodobna historia i pierwsze ofiary. Tour de France jeszcze na dobre si\u0119 nie rozkr\u0119ci\u0142, [&hellip;]","og_url":"https:\/\/www.welovecycling.com\/pl\/2018\/07\/09\/na-tour-de-france-historia-jak-z-amerykanskiego-filmu\/","og_site_name":"\u0160koda We Love Cycling - Poland","article_published_time":"2018-07-09T15:17:21+00:00","og_image":[{"width":1800,"height":1200,"url":"https:\/\/d2p6e6u75xmxt8.cloudfront.net\/5\/2018\/07\/profimedia-0253193120-1.jpg","type":"image\/jpeg"}],"author":"piotrboczkowski","twitter_card":"summary_large_image","twitter_misc":{"Written by":"Piotr Jawor","Est. reading time":"3 minutes"},"schema":{"@context":"https:\/\/schema.org","@graph":[{"@type":"WebPage","@id":"https:\/\/www.welovecycling.com\/pl\/2018\/07\/09\/na-tour-de-france-historia-jak-z-amerykanskiego-filmu\/","url":"https:\/\/www.welovecycling.com\/pl\/2018\/07\/09\/na-tour-de-france-historia-jak-z-amerykanskiego-filmu\/","name":"Na Tour de France historia jak z ameryka\u0144skiego filmu - \u0160koda We Love Cycling - Poland","isPartOf":{"@id":"https:\/\/www.welovecycling.com\/pl\/#website"},"primaryImageOfPage":{"@id":"https:\/\/www.welovecycling.com\/pl\/2018\/07\/09\/na-tour-de-france-historia-jak-z-amerykanskiego-filmu\/#primaryimage"},"image":{"@id":"https:\/\/www.welovecycling.com\/pl\/2018\/07\/09\/na-tour-de-france-historia-jak-z-amerykanskiego-filmu\/#primaryimage"},"thumbnailUrl":"https:\/\/d2p6e6u75xmxt8.cloudfront.net\/5\/2018\/07\/profimedia-0253193120-1.jpg","datePublished":"2018-07-09T15:17:21+00:00","author":{"@id":"https:\/\/www.welovecycling.com\/pl\/#\/schema\/person\/0dba2d39da943db9df3fd8f4687e7f23"},"breadcrumb":{"@id":"https:\/\/www.welovecycling.com\/pl\/2018\/07\/09\/na-tour-de-france-historia-jak-z-amerykanskiego-filmu\/#breadcrumb"},"inLanguage":"pl-PL","potentialAction":[{"@type":"ReadAction","target":["https:\/\/www.welovecycling.com\/pl\/2018\/07\/09\/na-tour-de-france-historia-jak-z-amerykanskiego-filmu\/"]}]},{"@type":"ImageObject","inLanguage":"pl-PL","@id":"https:\/\/www.welovecycling.com\/pl\/2018\/07\/09\/na-tour-de-france-historia-jak-z-amerykanskiego-filmu\/#primaryimage","url":"https:\/\/d2p6e6u75xmxt8.cloudfront.net\/5\/2018\/07\/profimedia-0253193120-1.jpg","contentUrl":"https:\/\/d2p6e6u75xmxt8.cloudfront.net\/5\/2018\/07\/profimedia-0253193120-1.jpg","width":1800,"height":1200,"caption":"20150717 - RODEZ, FRANCE: Belgian Thomas De Gendt of Lotto - Soudal pictured in action during stage 13 of the 2015 edition of the Tour de France cycling race, 198,5 km from Muret to Rodez, France, Friday 17 July 2015. This year's Tour de France is taking place from 4 to 26 July. BELGA PHOTO YUZURU SUNADA, Image: 253193120, License: Rights-managed, Restrictions: , Model Release: no, Credit line: Profimedia, AFP"},{"@type":"BreadcrumbList","@id":"https:\/\/www.welovecycling.com\/pl\/2018\/07\/09\/na-tour-de-france-historia-jak-z-amerykanskiego-filmu\/#breadcrumb","itemListElement":[{"@type":"ListItem","position":1,"name":"Home","item":"https:\/\/www.welovecycling.com\/pl\/"},{"@type":"ListItem","position":2,"name":"Na Tour de France historia jak z ameryka\u0144skiego filmu"}]},{"@type":"WebSite","@id":"https:\/\/www.welovecycling.com\/pl\/#website","url":"https:\/\/www.welovecycling.com\/pl\/","name":"\u0160koda We Love Cycling - Poland","description":"","potentialAction":[{"@type":"SearchAction","target":{"@type":"EntryPoint","urlTemplate":"https:\/\/www.welovecycling.com\/pl\/?s={search_term_string}"},"query-input":{"@type":"PropertyValueSpecification","valueRequired":true,"valueName":"search_term_string"}}],"inLanguage":"pl-PL"},{"@type":"Person","@id":"https:\/\/www.welovecycling.com\/pl\/#\/schema\/person\/0dba2d39da943db9df3fd8f4687e7f23","name":"piotrboczkowski","image":{"@type":"ImageObject","inLanguage":"pl-PL","@id":"https:\/\/www.welovecycling.com\/pl\/#\/schema\/person\/image\/","url":"https:\/\/secure.gravatar.com\/avatar\/533caccae14752e03a2ce2d3fd62d1b98b93e1393c3195c27819e53344ca1ace?s=96&d=mm&r=g","contentUrl":"https:\/\/secure.gravatar.com\/avatar\/533caccae14752e03a2ce2d3fd62d1b98b93e1393c3195c27819e53344ca1ace?s=96&d=mm&r=g","caption":"piotrboczkowski"},"url":"https:\/\/www.welovecycling.com\/pl\/author\/piotrboczkowski\/"}]}},"_links":{"self":[{"href":"https:\/\/www.welovecycling.com\/pl\/wp-json\/wp\/v2\/posts\/7332","targetHints":{"allow":["GET"]}}],"collection":[{"href":"https:\/\/www.welovecycling.com\/pl\/wp-json\/wp\/v2\/posts"}],"about":[{"href":"https:\/\/www.welovecycling.com\/pl\/wp-json\/wp\/v2\/types\/post"}],"author":[{"embeddable":true,"href":"https:\/\/www.welovecycling.com\/pl\/wp-json\/wp\/v2\/users\/76"}],"replies":[{"embeddable":true,"href":"https:\/\/www.welovecycling.com\/pl\/wp-json\/wp\/v2\/comments?post=7332"}],"version-history":[{"count":2,"href":"https:\/\/www.welovecycling.com\/pl\/wp-json\/wp\/v2\/posts\/7332\/revisions"}],"predecessor-version":[{"id":7338,"href":"https:\/\/www.welovecycling.com\/pl\/wp-json\/wp\/v2\/posts\/7332\/revisions\/7338"}],"wp:featuredmedia":[{"embeddable":true,"href":"https:\/\/www.welovecycling.com\/pl\/wp-json\/wp\/v2\/media\/7333"}],"wp:attachment":[{"href":"https:\/\/www.welovecycling.com\/pl\/wp-json\/wp\/v2\/media?parent=7332"}],"wp:term":[{"taxonomy":"category","embeddable":true,"href":"https:\/\/www.welovecycling.com\/pl\/wp-json\/wp\/v2\/categories?post=7332"},{"taxonomy":"post_tag","embeddable":true,"href":"https:\/\/www.welovecycling.com\/pl\/wp-json\/wp\/v2\/tags?post=7332"},{"taxonomy":"global-categories","embeddable":true,"href":"https:\/\/www.welovecycling.com\/pl\/wp-json\/wp\/v2\/global-categories?post=7332"}],"curies":[{"name":"wp","href":"https:\/\/api.w.org\/{rel}","templated":true}]}}