{"id":7327,"date":"2018-07-08T08:43:13","date_gmt":"2018-07-08T08:43:13","guid":{"rendered":"https:\/\/www.welovecycling.com\/pl\/?p=7327"},"modified":"2018-07-09T11:23:37","modified_gmt":"2018-07-09T11:23:37","slug":"czerwona-skoda-superb-nieodzowny-element-tour-de-france","status":"publish","type":"post","link":"https:\/\/www.welovecycling.com\/pl\/2018\/07\/08\/czerwona-skoda-superb-nieodzowny-element-tour-de-france\/","title":{"rendered":"Czerwona \u0160koda SUPERB: Nieodzowny element Tour de France"},"content":{"rendered":"<p>Tylko jeden samoch\u00f3d mo\u017ce przekroczy\u0107 lini\u0119 mety Tour de France wraz ze wszystkimi zawodnikami. Ten wyj\u0105tkowy zaszczyt przypada Czerwonemu Samochodowi \u2013 mobilnemu centrum dowodzenia wy\u015bcigu. Od 2015 roku najnowocze\u015bniejszy i najprzestronniejszy model \u0160koda SUPERB, pokryty niestandardowym kolorem Corrida Red, to sztandarowy pojazd najs\u0142ynniejszego wy\u015bcigu rowerowego na \u015bwiecie. Co w nim takiego wyj\u0105tkowego?<\/p>\n<p>Jak ju\u017c wspomnieli\u015bmy, Czerwony Samoch\u00f3d to sam metaforyczny m\u00f3zg ca\u0142ego wy\u015bcigu. Przez trzy tygodnie go\u015bci w swoim wn\u0119trzu dyrektora wy\u015bcigu Christiana Prudhomme\u2019a, kt\u00f3remu s\u0142u\u017cy za mobilne centrum dowodzenia. To, \u017ce ta \u0160koda Superb jest inna, wida\u0107 nie tylko po l\u015bni\u0105cej karoserii pokrytej logo sponsor\u00f3w, plastikowymi dodatkami i sk\u0142adanym szklanym dachu panoramicznym, lecz r\u00f3wnie\u017c po imponuj\u0105cym wyposa\u017ceniu, kt\u00f3re pojazd skrywa w swym wn\u0119trzu. Poniewa\u017c Prudhomme musi przesy\u0142a\u0107 polecenia i odbiera\u0107 informacje, komunikowa\u0107 si\u0119 z central\u0105, organizowa\u0107 ruch drogowy wok\u00f3\u0142 peletonu i pozostawa\u0107 w kontakcie z s\u0119dziami g\u0142\u00f3wnymi i innymi samochodami Tour de France, pojazd wyposa\u017cony jest w pulpit komunikacyjny umieszczony mi\u0119dzy przednimi fotelami. Dyrektor wy\u015bcigu siedzi wygodnie na tylnym siedzeniu, cz\u0119stuje si\u0119 sch\u0142odzonymi napojami z ma\u0142ej lod\u00f3wki b\u0119d\u0105cej w jego zasi\u0119gu i kontroluje wszystko za pomoc\u0105 sze\u015bciu anten radiowych umieszczonych na dachu, kilku mikrofon\u00f3w i czterech kana\u0142\u00f3w radiowych.<\/p>\n<p>Prawdziw\u0105 wisienk\u0105 na torcie jest zmodyfikowany sygna\u0142 d\u017awi\u0119kowy. Poprzez u\u017cycie niewielkiego prze\u0142\u0105cznika umieszczonego obok kierownicy mo\u017cna powita\u0107 fan\u00f3w i zawodnik\u00f3w motywem muzycznym wy\u015bcigu.<\/p>\n<p>Pozosta\u0142e miejsca na tylnej kanapie, obok Prudhomme\u2019a, przeznaczone s\u0105 dla dygnitarzy takich jak francuski prezydent Emmanuel Macron, na kt\u00f3rego czeka sch\u0142odzony szampan i przeja\u017cd\u017cka \u2013 zdecydowanie mniej wymagaj\u0105ca fizycznie ni\u017c ta, kt\u00f3ra czeka zawodnik\u00f3w.<\/p>\n<p>Poniewa\u017c z tego wyj\u0105tkowego, oficjalnego samochodu pochodzi sygna\u0142 do rozpocz\u0119cia ka\u017cdego dziennego etapu, co roku widz\u0105 go miliony fan\u00f3w \u2013 zar\u00f3wno ci, kt\u00f3rzy obserwuj\u0105 tras\u0119 na \u017cywo, jak i widzowie przed telewizorami. Mo\u017cna dzi\u015b z pe\u0142nym przekonaniem powiedzie\u0107, \u017ce Czerwony Samoch\u00f3d sta\u0142 si\u0119 jednym z najsilniejszych symboli wizualnych Tour de France \u2013 obok kolorowych koszulek, logo, \u0141uku Triumfalnego, trofeum i wielu innych&#8230;<\/p>\n","protected":false},"excerpt":{"rendered":"<p>Tylko jeden samoch\u00f3d mo\u017ce przekroczy\u0107 lini\u0119 mety Tour de France wraz ze wszystkimi zawodnikami. Ten wyj\u0105tkowy zaszczyt przypada Czerwonemu Samochodowi [&hellip;]<\/p>\n","protected":false},"author":76,"featured_media":7328,"comment_status":"open","ping_status":"open","sticky":false,"template":"","format":"standard","meta":{"footnotes":""},"categories":[270],"tags":[212],"global-categories":[],"class_list":["post-7327","post","type-post","status-publish","format-standard","has-post-thumbnail","hentry","category-tour-de-france-2018","tag-tour-de-france-2018"],"yoast_head":"<!-- This site is optimized with the Yoast SEO Premium plugin v25.3 (Yoast SEO v25.9) - https:\/\/yoast.com\/wordpress\/plugins\/seo\/ -->\n<title>Czerwona \u0160koda SUPERB: Nieodzowny element Tour de France - \u0160koda We Love Cycling - Poland<\/title>\n<meta name=\"robots\" content=\"index, follow, max-snippet:-1, max-image-preview:large, max-video-preview:-1\" \/>\n<link rel=\"canonical\" href=\"https:\/\/www.welovecycling.com\/pl\/2018\/07\/08\/czerwona-skoda-superb-nieodzowny-element-tour-de-france\/\" \/>\n<meta property=\"og:locale\" content=\"pl_PL\" \/>\n<meta property=\"og:type\" content=\"article\" \/>\n<meta property=\"og:title\" content=\"Czerwona \u0160koda SUPERB: Nieodzowny element Tour de France\" \/>\n<meta property=\"og:description\" content=\"Tylko jeden samoch\u00f3d mo\u017ce przekroczy\u0107 lini\u0119 mety Tour de France wraz ze wszystkimi zawodnikami. Ten wyj\u0105tkowy zaszczyt przypada Czerwonemu Samochodowi [&hellip;]\" \/>\n<meta property=\"og:url\" content=\"https:\/\/www.welovecycling.com\/pl\/2018\/07\/08\/czerwona-skoda-superb-nieodzowny-element-tour-de-france\/\" \/>\n<meta property=\"og:site_name\" content=\"\u0160koda We Love Cycling - Poland\" \/>\n<meta property=\"article:published_time\" content=\"2018-07-08T08:43:13+00:00\" \/>\n<meta property=\"article:modified_time\" content=\"2018-07-09T11:23:37+00:00\" \/>\n<meta property=\"og:image\" content=\"https:\/\/d2p6e6u75xmxt8.cloudfront.net\/5\/2018\/07\/Superb_TDF_001.jpg\" \/>\n\t<meta property=\"og:image:width\" content=\"1375\" \/>\n\t<meta property=\"og:image:height\" content=\"600\" \/>\n\t<meta property=\"og:image:type\" content=\"image\/jpeg\" \/>\n<meta name=\"author\" content=\"piotrboczkowski\" \/>\n<meta name=\"twitter:card\" content=\"summary_large_image\" \/>\n<meta name=\"twitter:label1\" content=\"Written by\" \/>\n\t<meta name=\"twitter:data1\" content=\"Jiri Kaloc\" \/>\n\t<meta name=\"twitter:label2\" content=\"Est. reading time\" \/>\n\t<meta name=\"twitter:data2\" content=\"2 minutes\" \/>\n<script type=\"application\/ld+json\" class=\"yoast-schema-graph\">{\"@context\":\"https:\/\/schema.org\",\"@graph\":[{\"@type\":\"WebPage\",\"@id\":\"https:\/\/www.welovecycling.com\/pl\/2018\/07\/08\/czerwona-skoda-superb-nieodzowny-element-tour-de-france\/\",\"url\":\"https:\/\/www.welovecycling.com\/pl\/2018\/07\/08\/czerwona-skoda-superb-nieodzowny-element-tour-de-france\/\",\"name\":\"Czerwona \u0160koda SUPERB: Nieodzowny element Tour de France - \u0160koda We Love Cycling - Poland\",\"isPartOf\":{\"@id\":\"https:\/\/www.welovecycling.com\/pl\/#website\"},\"primaryImageOfPage\":{\"@id\":\"https:\/\/www.welovecycling.com\/pl\/2018\/07\/08\/czerwona-skoda-superb-nieodzowny-element-tour-de-france\/#primaryimage\"},\"image\":{\"@id\":\"https:\/\/www.welovecycling.com\/pl\/2018\/07\/08\/czerwona-skoda-superb-nieodzowny-element-tour-de-france\/#primaryimage\"},\"thumbnailUrl\":\"https:\/\/d2p6e6u75xmxt8.cloudfront.net\/5\/2018\/07\/Superb_TDF_001.jpg\",\"datePublished\":\"2018-07-08T08:43:13+00:00\",\"dateModified\":\"2018-07-09T11:23:37+00:00\",\"author\":{\"@id\":\"https:\/\/www.welovecycling.com\/pl\/#\/schema\/person\/0dba2d39da943db9df3fd8f4687e7f23\"},\"breadcrumb\":{\"@id\":\"https:\/\/www.welovecycling.com\/pl\/2018\/07\/08\/czerwona-skoda-superb-nieodzowny-element-tour-de-france\/#breadcrumb\"},\"inLanguage\":\"pl-PL\",\"potentialAction\":[{\"@type\":\"ReadAction\",\"target\":[\"https:\/\/www.welovecycling.com\/pl\/2018\/07\/08\/czerwona-skoda-superb-nieodzowny-element-tour-de-france\/\"]}]},{\"@type\":\"ImageObject\",\"inLanguage\":\"pl-PL\",\"@id\":\"https:\/\/www.welovecycling.com\/pl\/2018\/07\/08\/czerwona-skoda-superb-nieodzowny-element-tour-de-france\/#primaryimage\",\"url\":\"https:\/\/d2p6e6u75xmxt8.cloudfront.net\/5\/2018\/07\/Superb_TDF_001.jpg\",\"contentUrl\":\"https:\/\/d2p6e6u75xmxt8.cloudfront.net\/5\/2018\/07\/Superb_TDF_001.jpg\",\"width\":1375,\"height\":600},{\"@type\":\"BreadcrumbList\",\"@id\":\"https:\/\/www.welovecycling.com\/pl\/2018\/07\/08\/czerwona-skoda-superb-nieodzowny-element-tour-de-france\/#breadcrumb\",\"itemListElement\":[{\"@type\":\"ListItem\",\"position\":1,\"name\":\"Home\",\"item\":\"https:\/\/www.welovecycling.com\/pl\/\"},{\"@type\":\"ListItem\",\"position\":2,\"name\":\"Czerwona \u0160koda SUPERB: Nieodzowny element Tour de France\"}]},{\"@type\":\"WebSite\",\"@id\":\"https:\/\/www.welovecycling.com\/pl\/#website\",\"url\":\"https:\/\/www.welovecycling.com\/pl\/\",\"name\":\"\u0160koda We Love Cycling - Poland\",\"description\":\"\",\"potentialAction\":[{\"@type\":\"SearchAction\",\"target\":{\"@type\":\"EntryPoint\",\"urlTemplate\":\"https:\/\/www.welovecycling.com\/pl\/?s={search_term_string}\"},\"query-input\":{\"@type\":\"PropertyValueSpecification\",\"valueRequired\":true,\"valueName\":\"search_term_string\"}}],\"inLanguage\":\"pl-PL\"},{\"@type\":\"Person\",\"@id\":\"https:\/\/www.welovecycling.com\/pl\/#\/schema\/person\/0dba2d39da943db9df3fd8f4687e7f23\",\"name\":\"piotrboczkowski\",\"image\":{\"@type\":\"ImageObject\",\"inLanguage\":\"pl-PL\",\"@id\":\"https:\/\/www.welovecycling.com\/pl\/#\/schema\/person\/image\/\",\"url\":\"https:\/\/secure.gravatar.com\/avatar\/533caccae14752e03a2ce2d3fd62d1b98b93e1393c3195c27819e53344ca1ace?s=96&d=mm&r=g\",\"contentUrl\":\"https:\/\/secure.gravatar.com\/avatar\/533caccae14752e03a2ce2d3fd62d1b98b93e1393c3195c27819e53344ca1ace?s=96&d=mm&r=g\",\"caption\":\"piotrboczkowski\"},\"url\":\"https:\/\/www.welovecycling.com\/pl\/author\/piotrboczkowski\/\"}]}<\/script>\n<!-- \/ Yoast SEO Premium plugin. -->","yoast_head_json":{"title":"Czerwona \u0160koda SUPERB: Nieodzowny element Tour de France - \u0160koda We Love Cycling - Poland","robots":{"index":"index","follow":"follow","max-snippet":"max-snippet:-1","max-image-preview":"max-image-preview:large","max-video-preview":"max-video-preview:-1"},"canonical":"https:\/\/www.welovecycling.com\/pl\/2018\/07\/08\/czerwona-skoda-superb-nieodzowny-element-tour-de-france\/","og_locale":"pl_PL","og_type":"article","og_title":"Czerwona \u0160koda SUPERB: Nieodzowny element Tour de France","og_description":"Tylko jeden samoch\u00f3d mo\u017ce przekroczy\u0107 lini\u0119 mety Tour de France wraz ze wszystkimi zawodnikami. Ten wyj\u0105tkowy zaszczyt przypada Czerwonemu Samochodowi [&hellip;]","og_url":"https:\/\/www.welovecycling.com\/pl\/2018\/07\/08\/czerwona-skoda-superb-nieodzowny-element-tour-de-france\/","og_site_name":"\u0160koda We Love Cycling - Poland","article_published_time":"2018-07-08T08:43:13+00:00","article_modified_time":"2018-07-09T11:23:37+00:00","og_image":[{"width":1375,"height":600,"url":"https:\/\/d2p6e6u75xmxt8.cloudfront.net\/5\/2018\/07\/Superb_TDF_001.jpg","type":"image\/jpeg"}],"author":"piotrboczkowski","twitter_card":"summary_large_image","twitter_misc":{"Written by":"Jiri Kaloc","Est. reading time":"2 minutes"},"schema":{"@context":"https:\/\/schema.org","@graph":[{"@type":"WebPage","@id":"https:\/\/www.welovecycling.com\/pl\/2018\/07\/08\/czerwona-skoda-superb-nieodzowny-element-tour-de-france\/","url":"https:\/\/www.welovecycling.com\/pl\/2018\/07\/08\/czerwona-skoda-superb-nieodzowny-element-tour-de-france\/","name":"Czerwona \u0160koda SUPERB: Nieodzowny element Tour de France - \u0160koda We Love Cycling - Poland","isPartOf":{"@id":"https:\/\/www.welovecycling.com\/pl\/#website"},"primaryImageOfPage":{"@id":"https:\/\/www.welovecycling.com\/pl\/2018\/07\/08\/czerwona-skoda-superb-nieodzowny-element-tour-de-france\/#primaryimage"},"image":{"@id":"https:\/\/www.welovecycling.com\/pl\/2018\/07\/08\/czerwona-skoda-superb-nieodzowny-element-tour-de-france\/#primaryimage"},"thumbnailUrl":"https:\/\/d2p6e6u75xmxt8.cloudfront.net\/5\/2018\/07\/Superb_TDF_001.jpg","datePublished":"2018-07-08T08:43:13+00:00","dateModified":"2018-07-09T11:23:37+00:00","author":{"@id":"https:\/\/www.welovecycling.com\/pl\/#\/schema\/person\/0dba2d39da943db9df3fd8f4687e7f23"},"breadcrumb":{"@id":"https:\/\/www.welovecycling.com\/pl\/2018\/07\/08\/czerwona-skoda-superb-nieodzowny-element-tour-de-france\/#breadcrumb"},"inLanguage":"pl-PL","potentialAction":[{"@type":"ReadAction","target":["https:\/\/www.welovecycling.com\/pl\/2018\/07\/08\/czerwona-skoda-superb-nieodzowny-element-tour-de-france\/"]}]},{"@type":"ImageObject","inLanguage":"pl-PL","@id":"https:\/\/www.welovecycling.com\/pl\/2018\/07\/08\/czerwona-skoda-superb-nieodzowny-element-tour-de-france\/#primaryimage","url":"https:\/\/d2p6e6u75xmxt8.cloudfront.net\/5\/2018\/07\/Superb_TDF_001.jpg","contentUrl":"https:\/\/d2p6e6u75xmxt8.cloudfront.net\/5\/2018\/07\/Superb_TDF_001.jpg","width":1375,"height":600},{"@type":"BreadcrumbList","@id":"https:\/\/www.welovecycling.com\/pl\/2018\/07\/08\/czerwona-skoda-superb-nieodzowny-element-tour-de-france\/#breadcrumb","itemListElement":[{"@type":"ListItem","position":1,"name":"Home","item":"https:\/\/www.welovecycling.com\/pl\/"},{"@type":"ListItem","position":2,"name":"Czerwona \u0160koda SUPERB: Nieodzowny element Tour de France"}]},{"@type":"WebSite","@id":"https:\/\/www.welovecycling.com\/pl\/#website","url":"https:\/\/www.welovecycling.com\/pl\/","name":"\u0160koda We Love Cycling - Poland","description":"","potentialAction":[{"@type":"SearchAction","target":{"@type":"EntryPoint","urlTemplate":"https:\/\/www.welovecycling.com\/pl\/?s={search_term_string}"},"query-input":{"@type":"PropertyValueSpecification","valueRequired":true,"valueName":"search_term_string"}}],"inLanguage":"pl-PL"},{"@type":"Person","@id":"https:\/\/www.welovecycling.com\/pl\/#\/schema\/person\/0dba2d39da943db9df3fd8f4687e7f23","name":"piotrboczkowski","image":{"@type":"ImageObject","inLanguage":"pl-PL","@id":"https:\/\/www.welovecycling.com\/pl\/#\/schema\/person\/image\/","url":"https:\/\/secure.gravatar.com\/avatar\/533caccae14752e03a2ce2d3fd62d1b98b93e1393c3195c27819e53344ca1ace?s=96&d=mm&r=g","contentUrl":"https:\/\/secure.gravatar.com\/avatar\/533caccae14752e03a2ce2d3fd62d1b98b93e1393c3195c27819e53344ca1ace?s=96&d=mm&r=g","caption":"piotrboczkowski"},"url":"https:\/\/www.welovecycling.com\/pl\/author\/piotrboczkowski\/"}]}},"_links":{"self":[{"href":"https:\/\/www.welovecycling.com\/pl\/wp-json\/wp\/v2\/posts\/7327","targetHints":{"allow":["GET"]}}],"collection":[{"href":"https:\/\/www.welovecycling.com\/pl\/wp-json\/wp\/v2\/posts"}],"about":[{"href":"https:\/\/www.welovecycling.com\/pl\/wp-json\/wp\/v2\/types\/post"}],"author":[{"embeddable":true,"href":"https:\/\/www.welovecycling.com\/pl\/wp-json\/wp\/v2\/users\/76"}],"replies":[{"embeddable":true,"href":"https:\/\/www.welovecycling.com\/pl\/wp-json\/wp\/v2\/comments?post=7327"}],"version-history":[{"count":2,"href":"https:\/\/www.welovecycling.com\/pl\/wp-json\/wp\/v2\/posts\/7327\/revisions"}],"predecessor-version":[{"id":7331,"href":"https:\/\/www.welovecycling.com\/pl\/wp-json\/wp\/v2\/posts\/7327\/revisions\/7331"}],"wp:featuredmedia":[{"embeddable":true,"href":"https:\/\/www.welovecycling.com\/pl\/wp-json\/wp\/v2\/media\/7328"}],"wp:attachment":[{"href":"https:\/\/www.welovecycling.com\/pl\/wp-json\/wp\/v2\/media?parent=7327"}],"wp:term":[{"taxonomy":"category","embeddable":true,"href":"https:\/\/www.welovecycling.com\/pl\/wp-json\/wp\/v2\/categories?post=7327"},{"taxonomy":"post_tag","embeddable":true,"href":"https:\/\/www.welovecycling.com\/pl\/wp-json\/wp\/v2\/tags?post=7327"},{"taxonomy":"global-categories","embeddable":true,"href":"https:\/\/www.welovecycling.com\/pl\/wp-json\/wp\/v2\/global-categories?post=7327"}],"curies":[{"name":"wp","href":"https:\/\/api.w.org\/{rel}","templated":true}]}}