{"id":7317,"date":"2018-07-06T19:08:37","date_gmt":"2018-07-06T19:08:37","guid":{"rendered":"https:\/\/www.welovecycling.com\/pl\/?p=7317"},"modified":"2018-07-12T12:46:19","modified_gmt":"2018-07-12T12:46:19","slug":"bartosz-huzarski-czego-mozemy-sie-spodziewac-po-tdf-2018","status":"publish","type":"post","link":"https:\/\/www.welovecycling.com\/pl\/2018\/07\/06\/bartosz-huzarski-czego-mozemy-sie-spodziewac-po-tdf-2018\/","title":{"rendered":"Bartosz Huzarski: Czego mo\u017cemy si\u0119 spodziewa\u0107 po TDF 2018?"},"content":{"rendered":"<p><strong>Tour de France 2018, czyli 21 etap\u00f3w o \u0142\u0105cznej d\u0142ugo\u015bci 3351 km. Kolarze sp\u0119dz\u0105 4 dni w Alpach i 4 w Pirenejach rywalizuj\u0105c na 8 etapach p\u0142askich, 5 g\u00f3rzystych i 6 g\u00f3rskich. Zmierz\u0105 si\u0119 z czasem podczas jednej jazdy indywidualnej oraz jednej dru\u017cynowej na czas a oddech z\u0142api\u0105 podczas dw\u00f3ch dni wolnych. W tym roku na starcie 105 edycji Wielkiej P\u0119tli stanie 176 zawodnik\u00f3w z 22 dru\u017cyn w tym pi\u0119ciu naszych rodak\u00f3w.<\/strong><\/p>\n<p>To wszystko to tylko statystyki. Laur jest wielki i historyczny, \u017c\u00f3\u0142ta koszulka najwi\u0119kszego i najwa\u017cniejszego etapowego wy\u015bcigu \u015bwiata. Do tego oczywi\u015bcie poka\u017any czek i splendor bohatera.<\/p>\n<p><a href=\"https:\/\/d2p6e6u75xmxt8.cloudfront.net\/5\/2018\/07\/PSX_20180706_091601.jpg\"><img loading=\"lazy\" decoding=\"async\" class=\"alignnone size-extra-large wp-image-7323\" src=\"https:\/\/d2p6e6u75xmxt8.cloudfront.net\/5\/2018\/07\/PSX_20180706_091601-1920x1440.jpg\" alt=\"\" width=\"1920\" height=\"1440\" srcset=\"https:\/\/d2p6e6u75xmxt8.cloudfront.net\/5\/2018\/07\/PSX_20180706_091601-1920x1440.jpg 1920w, https:\/\/d2p6e6u75xmxt8.cloudfront.net\/5\/2018\/07\/PSX_20180706_091601-300x225.jpg 300w, https:\/\/d2p6e6u75xmxt8.cloudfront.net\/5\/2018\/07\/PSX_20180706_091601-768x576.jpg 768w, https:\/\/d2p6e6u75xmxt8.cloudfront.net\/5\/2018\/07\/PSX_20180706_091601-1024x768.jpg 1024w, https:\/\/d2p6e6u75xmxt8.cloudfront.net\/5\/2018\/07\/PSX_20180706_091601-1920x1440.jpg 1920w\" sizes=\"auto, (max-width: 1920px) 100vw, 1920px\" \/><\/a><\/p>\n<p>Ale statystyki i platforma w postaci takiego, a nie innego poprowadzenia wy\u015bcigu, kt\u00f3ry opr\u00f3cz g\u00f3r zahacza o zawsze wietrzne rejony Francji czy znane z klasycznego piek\u0142a p\u00f3\u0142nocy bruki, to wci\u0105\u017c za ma\u0142o, je\u015bli najwi\u0119kszy wy\u015bcig \u015bwiata regularnie zabijany jest przez liczby. Ch\u0142odna kalkulacja i wyliczenia potrafi\u0105 przewidzie\u0107 jak szybko, i jak daleko zajedzie dany zawodnik. Widzimy podobne sceny od kilku lat, gdy dominuj\u0105ca grupa wr\u0119cz niszczy rywali narzucaj\u0105c im niewiarygodnie mocne tempo. Ale w tym roku pojawi\u0142o si\u0119 \u015bwiate\u0142ko w tunelu. Wszystko dzi\u0119ki pewnym zmianom wprowadzonym przez UCI, zmniejszenie liczebno\u015bci dru\u017cyn z 9 na 8 zawodnik\u00f3w, powinno przynajmniej w teorii zmieni\u0107 wy\u015bcig na bardziej nieprzewidywalny oraz trudniejszy do kontrolowania.<\/p>\n<p>Oczywi\u015bcie to kolarze i tylko oni decyduj\u0105 jak b\u0119dzie wygl\u0105da\u0142 ka\u017cdy etap, czy b\u0119dziemy \u015bledzi\u0107 zmagania heros\u00f3w szosy, czy rowerowy challenge dooko\u0142a Francji. Na szcz\u0119\u015bcie s\u0142awa i profity id\u0105ce za wygran\u0105 etapow\u0105 s\u0105 zbyt du\u017ce by najlepsi w swoim fachu przylecieli do Francji na wakacje. Niejednokrotnie bywa\u0142o ju\u017c tak, \u017ce w takim postartowym zamieszaniu kiedy to formuje si\u0119 ucieczka, zapl\u0105cze si\u0119 ten lub tamten wa\u017cny i licz\u0105cy si\u0119 zawodnik klasyfikacji generalnej. Nowe zapisy w regulaminie, zmniejszone sk\u0142ady dru\u017cyn, trudy wy\u015bcigu, choroby i kraksy b\u0119d\u0105 mia\u0142y decyduj\u0105ce znaczenie przy ewentualnych mo\u017cliwo\u015bciach kontrolowania wy\u015bcigu przez ekip\u0119 lidera.<\/p>\n<p><a href=\"https:\/\/d2p6e6u75xmxt8.cloudfront.net\/5\/2018\/07\/PSX_20180706_091101.jpg\"><img loading=\"lazy\" decoding=\"async\" class=\"alignnone size-full wp-image-7319\" src=\"https:\/\/d2p6e6u75xmxt8.cloudfront.net\/5\/2018\/07\/PSX_20180706_091101.jpg\" alt=\"\" width=\"1600\" height=\"1200\" srcset=\"https:\/\/d2p6e6u75xmxt8.cloudfront.net\/5\/2018\/07\/PSX_20180706_091101.jpg 1600w, https:\/\/d2p6e6u75xmxt8.cloudfront.net\/5\/2018\/07\/PSX_20180706_091101-300x225.jpg 300w, https:\/\/d2p6e6u75xmxt8.cloudfront.net\/5\/2018\/07\/PSX_20180706_091101-768x576.jpg 768w, https:\/\/d2p6e6u75xmxt8.cloudfront.net\/5\/2018\/07\/PSX_20180706_091101-1024x768.jpg 1024w\" sizes=\"auto, (max-width: 1600px) 100vw, 1600px\" \/><\/a><\/p>\n<p>Oczywi\u015bcie nie namawiamy do odpuszczenia relacji z wy\u015bcigu w pierwszych jego dw\u00f3ch tygodniach, gdy\u017c tutaj r\u00f3wnie\u017c mo\u017ce by\u0107 bardzo ciekawie. I o tyle o ile w tym okresie wy\u015bcigu nikt nie wygra, przegra\u0107 go mo\u017ce wielu. Jazda dru\u017cynowa na czas, bruki, wietrzne etapy i bardzo nerwowy w tym okresie peleton, wymaga na ka\u017cdym\u00a0 z lider\u00f3w 110% czujno\u015bci i zaanga\u017cowania w ka\u017cdy etap. Praca pomocnik\u00f3w na rzecz swoich lider\u00f3w, os\u0142anianie ich od wiatru i \u201etrzymanie\u201d jak najbli\u017cej czuba peletonu, bo tam jest przecie\u017c bezpieczniej. Pierwsze dni (zazwyczaj pierwszy tydzie\u0144) to jeden wielki chaos. O jak najlepsze ustawienie w peletonie walcz\u0105 dru\u017cyny zawodnik\u00f3w na klasyfikacj\u0119 generaln\u0105 oraz dru\u017cyny najlepszych sprinter\u00f3w. Trzeci tydzie\u0144 rywalizacji to kluczowy okres z perspektywy fizjologii organizmu, kiedy to ka\u017cdy zmaga si\u0119 z narastaj\u0105cym zm\u0119czeniem i presj\u0105, a kryzys kt\u00f3ry mo\u017ce pogrzeba\u0107 prac\u0119 ca\u0142ego sztabu ludzi i koleg\u00f3w z dru\u017cyny czai si\u0119 dos\u0142ownie za zakr\u0119tem.<\/p>\n<p><a href=\"https:\/\/d2p6e6u75xmxt8.cloudfront.net\/5\/2018\/07\/PSX_20180706_091127.jpg\"><img loading=\"lazy\" decoding=\"async\" class=\"alignnone size-extra-large wp-image-7320\" src=\"https:\/\/d2p6e6u75xmxt8.cloudfront.net\/5\/2018\/07\/PSX_20180706_091127-1920x1440.jpg\" alt=\"\" width=\"1920\" height=\"1440\" srcset=\"https:\/\/d2p6e6u75xmxt8.cloudfront.net\/5\/2018\/07\/PSX_20180706_091127-1920x1440.jpg 1920w, https:\/\/d2p6e6u75xmxt8.cloudfront.net\/5\/2018\/07\/PSX_20180706_091127-300x225.jpg 300w, https:\/\/d2p6e6u75xmxt8.cloudfront.net\/5\/2018\/07\/PSX_20180706_091127-768x576.jpg 768w, https:\/\/d2p6e6u75xmxt8.cloudfront.net\/5\/2018\/07\/PSX_20180706_091127-1024x768.jpg 1024w, https:\/\/d2p6e6u75xmxt8.cloudfront.net\/5\/2018\/07\/PSX_20180706_091127-1920x1440.jpg 1920w\" sizes=\"auto, (max-width: 1920px) 100vw, 1920px\" \/><\/a><\/p>\n<p>Nie spos\u00f3b tutaj nie wspomnie\u0107 o reakcji \u015brodowiska na ostatnie doniesienia UCI w sprawie lidera Teamu SKY Christofera Frooma, sam jestem ciekaw jak te decyzje zostan\u0105 przyj\u0119te w peletonie i jak podejd\u0105 do tego kibice. Wiadomo, \u017ce ka\u017cdy ma swoich zwolennik\u00f3w i przeciwnik\u00f3w, jednak Ci z g\u00f3ry tabeli maj\u0105 wi\u0119ksz\u0105 grup\u0119 os\u00f3b czekaj\u0105cych na potkni\u0119cie. Oby obecna sytuacja nie wp\u0142yn\u0119\u0142a negatywnie na nastroje w grupie Micha\u0142a Kwiatkowskiego. Zdaj\u0119 sobie spraw\u0119, \u017ce po cz\u0119\u015bci, sytuacja cho\u0107 wydaje si\u0119 dziwna acz poparta przez WADA i UCI, mo\u017ce odbi\u0107 si\u0119 r\u00f3wnie\u017c na relacjach wszystkich zawodnik\u00f3w Teamu SKY z kibicami i reszt\u0105 peletonu. Osobi\u015bcie mam nadziej\u0119, \u017ce Micha\u0142 przetrzyma to i wygra w tym roku sw\u00f3j pierwszy etap w Wielkiej P\u0119tli.<\/p>\n<p><a href=\"https:\/\/d2p6e6u75xmxt8.cloudfront.net\/5\/2018\/07\/PSX_20180706_091506.jpg\"><img loading=\"lazy\" decoding=\"async\" class=\"alignnone size-extra-large wp-image-7322\" src=\"https:\/\/d2p6e6u75xmxt8.cloudfront.net\/5\/2018\/07\/PSX_20180706_091506-1920x1440.jpg\" alt=\"\" width=\"1920\" height=\"1440\" srcset=\"https:\/\/d2p6e6u75xmxt8.cloudfront.net\/5\/2018\/07\/PSX_20180706_091506-1920x1440.jpg 1920w, https:\/\/d2p6e6u75xmxt8.cloudfront.net\/5\/2018\/07\/PSX_20180706_091506-300x225.jpg 300w, https:\/\/d2p6e6u75xmxt8.cloudfront.net\/5\/2018\/07\/PSX_20180706_091506-768x576.jpg 768w, https:\/\/d2p6e6u75xmxt8.cloudfront.net\/5\/2018\/07\/PSX_20180706_091506-1024x768.jpg 1024w, https:\/\/d2p6e6u75xmxt8.cloudfront.net\/5\/2018\/07\/PSX_20180706_091506-1920x1440.jpg 1920w\" sizes=\"auto, (max-width: 1920px) 100vw, 1920px\" \/><\/a><\/p>\n<p>Chcia\u0142bym, \u017ceby ca\u0142y wy\u015bcig by\u0142 ciekawym wydarzeniem, oby etapy g\u00f3rskie by\u0142y naszpikowane atakami lider\u00f3w i walk\u0105 najlepszych. Bruki przynios\u0142y niezapomniane widowisko a wszystkie zjazdy kolarze zjechali szybko, ale bezpiecznie. Oczywi\u015bcie nie unikniemy r\u00f3wnie\u017c moment\u00f3w smutnych, dni s\u0142abo\u015bci naszych ulubie\u0144c\u00f3w czy kraks, taki jest ten sport, tu nie odwo\u0142uje si\u0119 etapu z powodu deszczu lub zimna. Tour de France ju\u017c za rogiem prosz\u0119 pa\u0144stwa. Trzymajmy kciuki za naszych zawodnik\u00f3w i miejmy nadziej\u0119 na pasjonuj\u0105ce 3 tygodnie kolarskich emocji na najwy\u017cszym \u015bwiatowym poziomie.<\/p>\n","protected":false},"excerpt":{"rendered":"<p>Tour de France 2018, czyli 21 etap\u00f3w o \u0142\u0105cznej d\u0142ugo\u015bci 3351 km. Kolarze sp\u0119dz\u0105 4 dni w Alpach i 4 [&hellip;]<\/p>\n","protected":false},"author":76,"featured_media":7318,"comment_status":"open","ping_status":"open","sticky":false,"template":"","format":"standard","meta":{"footnotes":""},"categories":[203,270],"tags":[108,212],"global-categories":[],"class_list":["post-7317","post","type-post","status-publish","format-standard","has-post-thumbnail","hentry","category-bartosz-huzarski","category-tour-de-france-2018","tag-bartosz-huzarski","tag-tour-de-france-2018"],"yoast_head":"<!-- This site is optimized with the Yoast SEO Premium plugin v25.3 (Yoast SEO v25.9) - https:\/\/yoast.com\/wordpress\/plugins\/seo\/ -->\n<title>Bartosz Huzarski: Czego mo\u017cemy si\u0119 spodziewa\u0107 po TDF 2018? - \u0160koda We Love Cycling - Poland<\/title>\n<meta name=\"robots\" content=\"index, follow, max-snippet:-1, max-image-preview:large, max-video-preview:-1\" \/>\n<link rel=\"canonical\" href=\"https:\/\/www.welovecycling.com\/pl\/2018\/07\/06\/bartosz-huzarski-czego-mozemy-sie-spodziewac-po-tdf-2018\/\" \/>\n<meta property=\"og:locale\" content=\"pl_PL\" \/>\n<meta property=\"og:type\" content=\"article\" \/>\n<meta property=\"og:title\" content=\"Bartosz Huzarski: Czego mo\u017cemy si\u0119 spodziewa\u0107 po TDF 2018?\" \/>\n<meta property=\"og:description\" content=\"Tour de France 2018, czyli 21 etap\u00f3w o \u0142\u0105cznej d\u0142ugo\u015bci 3351 km. Kolarze sp\u0119dz\u0105 4 dni w Alpach i 4 [&hellip;]\" \/>\n<meta property=\"og:url\" content=\"https:\/\/www.welovecycling.com\/pl\/2018\/07\/06\/bartosz-huzarski-czego-mozemy-sie-spodziewac-po-tdf-2018\/\" \/>\n<meta property=\"og:site_name\" content=\"\u0160koda We Love Cycling - Poland\" \/>\n<meta property=\"article:published_time\" content=\"2018-07-06T19:08:37+00:00\" \/>\n<meta property=\"article:modified_time\" content=\"2018-07-12T12:46:19+00:00\" \/>\n<meta property=\"og:image\" content=\"https:\/\/d2p6e6u75xmxt8.cloudfront.net\/5\/2018\/07\/PSX_20180705_124725.jpg\" \/>\n\t<meta property=\"og:image:width\" content=\"1600\" \/>\n\t<meta property=\"og:image:height\" content=\"1200\" \/>\n\t<meta property=\"og:image:type\" content=\"image\/jpeg\" \/>\n<meta name=\"author\" content=\"piotrboczkowski\" \/>\n<meta name=\"twitter:card\" content=\"summary_large_image\" \/>\n<meta name=\"twitter:label1\" content=\"Written by\" \/>\n\t<meta name=\"twitter:data1\" content=\"Bartosz Huzarski\" \/>\n\t<meta name=\"twitter:label2\" content=\"Est. reading time\" \/>\n\t<meta name=\"twitter:data2\" content=\"4 minutes\" \/>\n<script type=\"application\/ld+json\" class=\"yoast-schema-graph\">{\"@context\":\"https:\/\/schema.org\",\"@graph\":[{\"@type\":\"WebPage\",\"@id\":\"https:\/\/www.welovecycling.com\/pl\/2018\/07\/06\/bartosz-huzarski-czego-mozemy-sie-spodziewac-po-tdf-2018\/\",\"url\":\"https:\/\/www.welovecycling.com\/pl\/2018\/07\/06\/bartosz-huzarski-czego-mozemy-sie-spodziewac-po-tdf-2018\/\",\"name\":\"Bartosz Huzarski: Czego mo\u017cemy si\u0119 spodziewa\u0107 po TDF 2018? - \u0160koda We Love Cycling - Poland\",\"isPartOf\":{\"@id\":\"https:\/\/www.welovecycling.com\/pl\/#website\"},\"primaryImageOfPage\":{\"@id\":\"https:\/\/www.welovecycling.com\/pl\/2018\/07\/06\/bartosz-huzarski-czego-mozemy-sie-spodziewac-po-tdf-2018\/#primaryimage\"},\"image\":{\"@id\":\"https:\/\/www.welovecycling.com\/pl\/2018\/07\/06\/bartosz-huzarski-czego-mozemy-sie-spodziewac-po-tdf-2018\/#primaryimage\"},\"thumbnailUrl\":\"https:\/\/d2p6e6u75xmxt8.cloudfront.net\/5\/2018\/07\/PSX_20180705_124725.jpg\",\"datePublished\":\"2018-07-06T19:08:37+00:00\",\"dateModified\":\"2018-07-12T12:46:19+00:00\",\"author\":{\"@id\":\"https:\/\/www.welovecycling.com\/pl\/#\/schema\/person\/0dba2d39da943db9df3fd8f4687e7f23\"},\"breadcrumb\":{\"@id\":\"https:\/\/www.welovecycling.com\/pl\/2018\/07\/06\/bartosz-huzarski-czego-mozemy-sie-spodziewac-po-tdf-2018\/#breadcrumb\"},\"inLanguage\":\"pl-PL\",\"potentialAction\":[{\"@type\":\"ReadAction\",\"target\":[\"https:\/\/www.welovecycling.com\/pl\/2018\/07\/06\/bartosz-huzarski-czego-mozemy-sie-spodziewac-po-tdf-2018\/\"]}]},{\"@type\":\"ImageObject\",\"inLanguage\":\"pl-PL\",\"@id\":\"https:\/\/www.welovecycling.com\/pl\/2018\/07\/06\/bartosz-huzarski-czego-mozemy-sie-spodziewac-po-tdf-2018\/#primaryimage\",\"url\":\"https:\/\/d2p6e6u75xmxt8.cloudfront.net\/5\/2018\/07\/PSX_20180705_124725.jpg\",\"contentUrl\":\"https:\/\/d2p6e6u75xmxt8.cloudfront.net\/5\/2018\/07\/PSX_20180705_124725.jpg\",\"width\":1600,\"height\":1200},{\"@type\":\"BreadcrumbList\",\"@id\":\"https:\/\/www.welovecycling.com\/pl\/2018\/07\/06\/bartosz-huzarski-czego-mozemy-sie-spodziewac-po-tdf-2018\/#breadcrumb\",\"itemListElement\":[{\"@type\":\"ListItem\",\"position\":1,\"name\":\"Home\",\"item\":\"https:\/\/www.welovecycling.com\/pl\/\"},{\"@type\":\"ListItem\",\"position\":2,\"name\":\"Bartosz Huzarski: Czego mo\u017cemy si\u0119 spodziewa\u0107 po TDF 2018?\"}]},{\"@type\":\"WebSite\",\"@id\":\"https:\/\/www.welovecycling.com\/pl\/#website\",\"url\":\"https:\/\/www.welovecycling.com\/pl\/\",\"name\":\"\u0160koda We Love Cycling - Poland\",\"description\":\"\",\"potentialAction\":[{\"@type\":\"SearchAction\",\"target\":{\"@type\":\"EntryPoint\",\"urlTemplate\":\"https:\/\/www.welovecycling.com\/pl\/?s={search_term_string}\"},\"query-input\":{\"@type\":\"PropertyValueSpecification\",\"valueRequired\":true,\"valueName\":\"search_term_string\"}}],\"inLanguage\":\"pl-PL\"},{\"@type\":\"Person\",\"@id\":\"https:\/\/www.welovecycling.com\/pl\/#\/schema\/person\/0dba2d39da943db9df3fd8f4687e7f23\",\"name\":\"piotrboczkowski\",\"image\":{\"@type\":\"ImageObject\",\"inLanguage\":\"pl-PL\",\"@id\":\"https:\/\/www.welovecycling.com\/pl\/#\/schema\/person\/image\/\",\"url\":\"https:\/\/secure.gravatar.com\/avatar\/533caccae14752e03a2ce2d3fd62d1b98b93e1393c3195c27819e53344ca1ace?s=96&d=mm&r=g\",\"contentUrl\":\"https:\/\/secure.gravatar.com\/avatar\/533caccae14752e03a2ce2d3fd62d1b98b93e1393c3195c27819e53344ca1ace?s=96&d=mm&r=g\",\"caption\":\"piotrboczkowski\"},\"url\":\"https:\/\/www.welovecycling.com\/pl\/author\/piotrboczkowski\/\"}]}<\/script>\n<!-- \/ Yoast SEO Premium plugin. -->","yoast_head_json":{"title":"Bartosz Huzarski: Czego mo\u017cemy si\u0119 spodziewa\u0107 po TDF 2018? - \u0160koda We Love Cycling - Poland","robots":{"index":"index","follow":"follow","max-snippet":"max-snippet:-1","max-image-preview":"max-image-preview:large","max-video-preview":"max-video-preview:-1"},"canonical":"https:\/\/www.welovecycling.com\/pl\/2018\/07\/06\/bartosz-huzarski-czego-mozemy-sie-spodziewac-po-tdf-2018\/","og_locale":"pl_PL","og_type":"article","og_title":"Bartosz Huzarski: Czego mo\u017cemy si\u0119 spodziewa\u0107 po TDF 2018?","og_description":"Tour de France 2018, czyli 21 etap\u00f3w o \u0142\u0105cznej d\u0142ugo\u015bci 3351 km. Kolarze sp\u0119dz\u0105 4 dni w Alpach i 4 [&hellip;]","og_url":"https:\/\/www.welovecycling.com\/pl\/2018\/07\/06\/bartosz-huzarski-czego-mozemy-sie-spodziewac-po-tdf-2018\/","og_site_name":"\u0160koda We Love Cycling - Poland","article_published_time":"2018-07-06T19:08:37+00:00","article_modified_time":"2018-07-12T12:46:19+00:00","og_image":[{"width":1600,"height":1200,"url":"https:\/\/d2p6e6u75xmxt8.cloudfront.net\/5\/2018\/07\/PSX_20180705_124725.jpg","type":"image\/jpeg"}],"author":"piotrboczkowski","twitter_card":"summary_large_image","twitter_misc":{"Written by":"Bartosz Huzarski","Est. reading time":"4 minutes"},"schema":{"@context":"https:\/\/schema.org","@graph":[{"@type":"WebPage","@id":"https:\/\/www.welovecycling.com\/pl\/2018\/07\/06\/bartosz-huzarski-czego-mozemy-sie-spodziewac-po-tdf-2018\/","url":"https:\/\/www.welovecycling.com\/pl\/2018\/07\/06\/bartosz-huzarski-czego-mozemy-sie-spodziewac-po-tdf-2018\/","name":"Bartosz Huzarski: Czego mo\u017cemy si\u0119 spodziewa\u0107 po TDF 2018? - \u0160koda We Love Cycling - Poland","isPartOf":{"@id":"https:\/\/www.welovecycling.com\/pl\/#website"},"primaryImageOfPage":{"@id":"https:\/\/www.welovecycling.com\/pl\/2018\/07\/06\/bartosz-huzarski-czego-mozemy-sie-spodziewac-po-tdf-2018\/#primaryimage"},"image":{"@id":"https:\/\/www.welovecycling.com\/pl\/2018\/07\/06\/bartosz-huzarski-czego-mozemy-sie-spodziewac-po-tdf-2018\/#primaryimage"},"thumbnailUrl":"https:\/\/d2p6e6u75xmxt8.cloudfront.net\/5\/2018\/07\/PSX_20180705_124725.jpg","datePublished":"2018-07-06T19:08:37+00:00","dateModified":"2018-07-12T12:46:19+00:00","author":{"@id":"https:\/\/www.welovecycling.com\/pl\/#\/schema\/person\/0dba2d39da943db9df3fd8f4687e7f23"},"breadcrumb":{"@id":"https:\/\/www.welovecycling.com\/pl\/2018\/07\/06\/bartosz-huzarski-czego-mozemy-sie-spodziewac-po-tdf-2018\/#breadcrumb"},"inLanguage":"pl-PL","potentialAction":[{"@type":"ReadAction","target":["https:\/\/www.welovecycling.com\/pl\/2018\/07\/06\/bartosz-huzarski-czego-mozemy-sie-spodziewac-po-tdf-2018\/"]}]},{"@type":"ImageObject","inLanguage":"pl-PL","@id":"https:\/\/www.welovecycling.com\/pl\/2018\/07\/06\/bartosz-huzarski-czego-mozemy-sie-spodziewac-po-tdf-2018\/#primaryimage","url":"https:\/\/d2p6e6u75xmxt8.cloudfront.net\/5\/2018\/07\/PSX_20180705_124725.jpg","contentUrl":"https:\/\/d2p6e6u75xmxt8.cloudfront.net\/5\/2018\/07\/PSX_20180705_124725.jpg","width":1600,"height":1200},{"@type":"BreadcrumbList","@id":"https:\/\/www.welovecycling.com\/pl\/2018\/07\/06\/bartosz-huzarski-czego-mozemy-sie-spodziewac-po-tdf-2018\/#breadcrumb","itemListElement":[{"@type":"ListItem","position":1,"name":"Home","item":"https:\/\/www.welovecycling.com\/pl\/"},{"@type":"ListItem","position":2,"name":"Bartosz Huzarski: Czego mo\u017cemy si\u0119 spodziewa\u0107 po TDF 2018?"}]},{"@type":"WebSite","@id":"https:\/\/www.welovecycling.com\/pl\/#website","url":"https:\/\/www.welovecycling.com\/pl\/","name":"\u0160koda We Love Cycling - Poland","description":"","potentialAction":[{"@type":"SearchAction","target":{"@type":"EntryPoint","urlTemplate":"https:\/\/www.welovecycling.com\/pl\/?s={search_term_string}"},"query-input":{"@type":"PropertyValueSpecification","valueRequired":true,"valueName":"search_term_string"}}],"inLanguage":"pl-PL"},{"@type":"Person","@id":"https:\/\/www.welovecycling.com\/pl\/#\/schema\/person\/0dba2d39da943db9df3fd8f4687e7f23","name":"piotrboczkowski","image":{"@type":"ImageObject","inLanguage":"pl-PL","@id":"https:\/\/www.welovecycling.com\/pl\/#\/schema\/person\/image\/","url":"https:\/\/secure.gravatar.com\/avatar\/533caccae14752e03a2ce2d3fd62d1b98b93e1393c3195c27819e53344ca1ace?s=96&d=mm&r=g","contentUrl":"https:\/\/secure.gravatar.com\/avatar\/533caccae14752e03a2ce2d3fd62d1b98b93e1393c3195c27819e53344ca1ace?s=96&d=mm&r=g","caption":"piotrboczkowski"},"url":"https:\/\/www.welovecycling.com\/pl\/author\/piotrboczkowski\/"}]}},"_links":{"self":[{"href":"https:\/\/www.welovecycling.com\/pl\/wp-json\/wp\/v2\/posts\/7317","targetHints":{"allow":["GET"]}}],"collection":[{"href":"https:\/\/www.welovecycling.com\/pl\/wp-json\/wp\/v2\/posts"}],"about":[{"href":"https:\/\/www.welovecycling.com\/pl\/wp-json\/wp\/v2\/types\/post"}],"author":[{"embeddable":true,"href":"https:\/\/www.welovecycling.com\/pl\/wp-json\/wp\/v2\/users\/76"}],"replies":[{"embeddable":true,"href":"https:\/\/www.welovecycling.com\/pl\/wp-json\/wp\/v2\/comments?post=7317"}],"version-history":[{"count":2,"href":"https:\/\/www.welovecycling.com\/pl\/wp-json\/wp\/v2\/posts\/7317\/revisions"}],"predecessor-version":[{"id":7352,"href":"https:\/\/www.welovecycling.com\/pl\/wp-json\/wp\/v2\/posts\/7317\/revisions\/7352"}],"wp:featuredmedia":[{"embeddable":true,"href":"https:\/\/www.welovecycling.com\/pl\/wp-json\/wp\/v2\/media\/7318"}],"wp:attachment":[{"href":"https:\/\/www.welovecycling.com\/pl\/wp-json\/wp\/v2\/media?parent=7317"}],"wp:term":[{"taxonomy":"category","embeddable":true,"href":"https:\/\/www.welovecycling.com\/pl\/wp-json\/wp\/v2\/categories?post=7317"},{"taxonomy":"post_tag","embeddable":true,"href":"https:\/\/www.welovecycling.com\/pl\/wp-json\/wp\/v2\/tags?post=7317"},{"taxonomy":"global-categories","embeddable":true,"href":"https:\/\/www.welovecycling.com\/pl\/wp-json\/wp\/v2\/global-categories?post=7317"}],"curies":[{"name":"wp","href":"https:\/\/api.w.org\/{rel}","templated":true}]}}