{"id":7303,"date":"2018-07-05T20:16:24","date_gmt":"2018-07-05T20:16:24","guid":{"rendered":"https:\/\/www.welovecycling.com\/pl\/?p=7303"},"modified":"2018-07-12T09:54:45","modified_gmt":"2018-07-12T09:54:45","slug":"zaczyna-sie-najwieksza-kolarska-uczta-na-swiecie-zapraszamy-przed-telewizory","status":"publish","type":"post","link":"https:\/\/www.welovecycling.com\/pl\/2018\/07\/05\/zaczyna-sie-najwieksza-kolarska-uczta-na-swiecie-zapraszamy-przed-telewizory\/","title":{"rendered":"Zaczyna si\u0119 najwi\u0119ksza kolarska uczta na \u015bwiecie. Zapraszamy przed telewizory!"},"content":{"rendered":"<p>Bierzemy urlopy, \u017cegnamy si\u0119 ze znajomymi na trzy tygodnie i kr\u0119cimy, kr\u0119cimy, kr\u0119cimy\u2026 Ju\u017c w sobot\u0119 zaczyna si\u0119 105. Tour de France!<\/p>\n<p>3329 kilometr\u00f3w do przejechania, 21 etap\u00f3w i 176 kolarzy \u2013 ju\u017c tylko godziny dziel\u0105 nas od rozpocz\u0119cia wielkiej kolarskiej uczty! A tegoroczna powinna smakowa\u0107 wyj\u0105tkowo dobrze, bo co danie, to w powietrzu unosi si\u0119 nuta historii, emocji i niepewno\u015bci.<\/p>\n<p><strong>Meta jak wodop\u00f3j<\/strong><\/p>\n<p>Zaskakuj\u0105ce, jak potrawy z kuchni molekularnej, b\u0119d\u0105 niekt\u00f3re etapy. Szczeg\u00f3lnie ciekawie zapowiada si\u0119 np. 9. etap, gdzie zawodnicy b\u0119d\u0105 \u015bcigali si\u0119 po\u2026 bruku. Kolarze przeanalizowali t\u0119 tras\u0119 kilometr po kilometrze, ale to tylko zmniejsza mo\u017cliwo\u015b\u0107 zaskoczenia, ale na pewno go nie eliminuje. W ko\u0144cu nikt nie jest w stanie przewidzie\u0107, czy\u00a0 15 lipca nie spadnie ulewa? Albo czy nie b\u0119dzie wia\u0142 mocny wiatr? A to wszystko sprawi, \u017ce kolarze b\u0119d\u0105 poruszali si\u0119 po bruku jak rajdowcy samochodem na letnich oponach podczas zimowego kryterium.<\/p>\n<p>Do tego jeszcze kapitalne \u015bciganie w Alpach (17-19 lipca). Mordercze, pal\u0105ce mi\u0119\u015bnie, wyp\u0142ukuj\u0105ce z organizmu wszystkie mikroelementy. Wy\u015bcig, podczas kt\u00f3rego zawodnik mo\u017ce czu\u0107 si\u0119 jak w\u0119drowiec na pustyni, tyle \u017ce zamiast wodopoju b\u0119dzie pragn\u0105\u0142 zobaczy\u0107 lini\u0119 mety.<\/p>\n<p>A niemal na koniec Pireneje, z niezwykle ciekawie zapowiadaj\u0105cym si\u0119 etapem 17., kt\u00f3ry mo\u017ce by\u0107 przedwczesnym deserem. Zawodnicy wystartuj\u0105 wed\u0142ug miejsc w klasyfikacji generalnej, a p\u00f3\u017aniej b\u0119d\u0105 si\u0119 \u015bcigali na trzech prze\u0142\u0119czach.<\/p>\n<p><strong>Na drodze do historii<\/strong><\/p>\n<p>Rozpoczynaj\u0105ca si\u0119 w sobot\u0119 uczta powinna by\u0107 tak\u017ce reklam\u0105 polskiej kuchni, a maj\u0105 o to zadba\u0107 nasi najlepsi specjali\u015bci. Rafa\u0142 Majka (Bora Hansgrohe) nie b\u0119dzie pomocnikiem, nie b\u0119dzie walczy\u0142 tylko w g\u00f3rach, ale spr\u00f3buje namiesza\u0107 w klasyfikacji generalnej. Podobnie jak Tomasz Marczy\u0144ski, kt\u00f3rego Lotto Soudal nie nale\u017cy do najmocniejszych ekip, ale to mo\u017ce 34-letniemu Polakowi pom\u00f3c w zaatakowaniu na poszczeg\u00f3lnych etapach z drugiego szeregu.<\/p>\n<p>A gdyby istnia\u0142a klasyfikacja dla najlepszego pomocnika, to w niej faworytem by\u0142by Micha\u0142 Kwiatkowski (Team Sky). To w\u0142a\u015bnie Polak ma zadba\u0107 o to, by zwyci\u0119zca tegorocznego Tour de France przeszed\u0142 do historii.<\/p>\n<p>Kiedy do tego dojdzie? Gdy klasyfikacj\u0119 generaln\u0105 wygra Christopher Froome. Jest ju\u017c pewne, \u017ce absolutny dominator ostatnich latach w Wielkiej P\u0119tli (wygrane w 2013, 2015, 2016 i 2017 r.) pojedzie we Francji, bo w\u0142a\u015bnie zosta\u0142 oczyszczony z zarzut\u00f3w o \u015bwiadome przedawkowanie leku na astm\u0119.<\/p>\n<p>&#8211; Zawsze bra\u0142em rol\u0119 lidera na powa\u017cnie i robi\u0142em to zgodnie z zasadami fair play. M\u00f3wi\u0142em, \u017ce nigdy nie splami\u0142bym pozycji zwyci\u0119zcy i teraz si\u0119 to potwierdzi\u0142o. Moje wyniki przetrwaj\u0105 pr\u00f3b\u0119 czasu \u2013 podkre\u015bla Froome na stronie Team Sky.<\/p>\n<p>Brytyjczyk urodzony w Nairobi wjedzie do historii, je\u015bli wygra klasyfikacj\u0119 generaln\u0105, bo w\u00f3wczas dogoni najwi\u0119kszych zwyci\u0119zc\u00f3w Tour de France (Jacques Anquetil, Eddy Merckx,\u00a0 Bernard Hinault,\u00a0 Miguel Indurain), kt\u00f3rzy Wielk\u0105 P\u0119tl\u0119 wygrali pi\u0119ciokrotnie.<\/p>\n<p>Drog\u0119 do ich do\u015bcigni\u0119cia Froome\u2019owi spr\u00f3buje jednak zagrodzi\u0107 wielu \u015bwietnych zawodnik\u00f3w, z Nairo Quintan\u0105 (Movistar), Peterem Saganem (Bora Hansgrohe), Romainem Bardetem (AG2R Mondiale), czy Vincenzo Nibalim (Bahrain &#8211; Merida) na czele.<\/p>\n<p><strong>Ciekawy pocz\u0105tek<\/strong><\/p>\n<p>Tour de France zaczyna si\u0119 w p\u00f3\u0142nocno-zachodniej Francji, etapem z Noirmoutier-en-l&#8217;lle do Fontenay-le-Comte o d\u0142ugo\u015bci 189 km. Nazajutrz zawodnicy b\u0119d\u0105 \u015bcigali si\u0119 na podobnym dystansie z Mouilleron-Saint-Germain do La Roche-sur-Yon, z kolei w poniedzia\u0142ek jazda dru\u017cynowa na czas w Cholet.<\/p>\n<p>Ca\u0142y wy\u015bcig mo\u017cna \u015bledzi\u0107 w Eurosporcie, kt\u00f3ry w tym sezonie zrobi\u0142 uk\u0142on w stron\u0119 polskich kibic\u00f3w i Wielka P\u0119tla b\u0119dzie transmitowana w tzw. polskim oknie. Dzi\u0119ki temu b\u0119d\u0105 \u0142\u0105czenia z polskimi dziennikarzami, a tak\u017ce wywiady z polskimi zawodnikami. Tour de France, z wieloma ciekawostkami i najwa\u017cniejszymi informacjami, b\u0119dziemy relacjonowali r\u00f3wnie\u017c na \u0142amach We Love Cycling.<\/p>\n<p>No to kr\u0119cimy!<\/p>\n","protected":false},"excerpt":{"rendered":"<p>Bierzemy urlopy, \u017cegnamy si\u0119 ze znajomymi na trzy tygodnie i kr\u0119cimy, kr\u0119cimy, kr\u0119cimy\u2026 Ju\u017c w sobot\u0119 zaczyna si\u0119 105. Tour [&hellip;]<\/p>\n","protected":false},"author":76,"featured_media":7350,"comment_status":"open","ping_status":"open","sticky":false,"template":"","format":"standard","meta":{"footnotes":""},"categories":[270],"tags":[212],"global-categories":[],"class_list":["post-7303","post","type-post","status-publish","format-standard","has-post-thumbnail","hentry","category-tour-de-france-2018","tag-tour-de-france-2018"],"yoast_head":"<!-- This site is optimized with the Yoast SEO Premium plugin v25.3 (Yoast SEO v25.9) - https:\/\/yoast.com\/wordpress\/plugins\/seo\/ -->\n<title>Zaczyna si\u0119 najwi\u0119ksza kolarska uczta na \u015bwiecie. Zapraszamy przed telewizory! - \u0160koda We Love Cycling - Poland<\/title>\n<meta name=\"robots\" content=\"index, follow, max-snippet:-1, max-image-preview:large, max-video-preview:-1\" \/>\n<link rel=\"canonical\" href=\"https:\/\/www.welovecycling.com\/pl\/2018\/07\/05\/zaczyna-sie-najwieksza-kolarska-uczta-na-swiecie-zapraszamy-przed-telewizory\/\" \/>\n<meta property=\"og:locale\" content=\"pl_PL\" \/>\n<meta property=\"og:type\" content=\"article\" \/>\n<meta property=\"og:title\" content=\"Zaczyna si\u0119 najwi\u0119ksza kolarska uczta na \u015bwiecie. Zapraszamy przed telewizory!\" \/>\n<meta property=\"og:description\" content=\"Bierzemy urlopy, \u017cegnamy si\u0119 ze znajomymi na trzy tygodnie i kr\u0119cimy, kr\u0119cimy, kr\u0119cimy\u2026 Ju\u017c w sobot\u0119 zaczyna si\u0119 105. Tour [&hellip;]\" \/>\n<meta property=\"og:url\" content=\"https:\/\/www.welovecycling.com\/pl\/2018\/07\/05\/zaczyna-sie-najwieksza-kolarska-uczta-na-swiecie-zapraszamy-przed-telewizory\/\" \/>\n<meta property=\"og:site_name\" content=\"\u0160koda We Love Cycling - Poland\" \/>\n<meta property=\"article:published_time\" content=\"2018-07-05T20:16:24+00:00\" \/>\n<meta property=\"article:modified_time\" content=\"2018-07-12T09:54:45+00:00\" \/>\n<meta property=\"og:image\" content=\"https:\/\/d2p6e6u75xmxt8.cloudfront.net\/5\/2018\/07\/profimedia-0253233702.jpg\" \/>\n\t<meta property=\"og:image:width\" content=\"1800\" \/>\n\t<meta property=\"og:image:height\" content=\"1199\" \/>\n\t<meta property=\"og:image:type\" content=\"image\/jpeg\" \/>\n<meta name=\"author\" content=\"piotrboczkowski\" \/>\n<meta name=\"twitter:card\" content=\"summary_large_image\" \/>\n<meta name=\"twitter:label1\" content=\"Written by\" \/>\n\t<meta name=\"twitter:data1\" content=\"Piotr Jawor\" \/>\n\t<meta name=\"twitter:label2\" content=\"Est. reading time\" \/>\n\t<meta name=\"twitter:data2\" content=\"3 minutes\" \/>\n<script type=\"application\/ld+json\" class=\"yoast-schema-graph\">{\"@context\":\"https:\/\/schema.org\",\"@graph\":[{\"@type\":\"WebPage\",\"@id\":\"https:\/\/www.welovecycling.com\/pl\/2018\/07\/05\/zaczyna-sie-najwieksza-kolarska-uczta-na-swiecie-zapraszamy-przed-telewizory\/\",\"url\":\"https:\/\/www.welovecycling.com\/pl\/2018\/07\/05\/zaczyna-sie-najwieksza-kolarska-uczta-na-swiecie-zapraszamy-przed-telewizory\/\",\"name\":\"Zaczyna si\u0119 najwi\u0119ksza kolarska uczta na \u015bwiecie. Zapraszamy przed telewizory! - \u0160koda We Love Cycling - Poland\",\"isPartOf\":{\"@id\":\"https:\/\/www.welovecycling.com\/pl\/#website\"},\"primaryImageOfPage\":{\"@id\":\"https:\/\/www.welovecycling.com\/pl\/2018\/07\/05\/zaczyna-sie-najwieksza-kolarska-uczta-na-swiecie-zapraszamy-przed-telewizory\/#primaryimage\"},\"image\":{\"@id\":\"https:\/\/www.welovecycling.com\/pl\/2018\/07\/05\/zaczyna-sie-najwieksza-kolarska-uczta-na-swiecie-zapraszamy-przed-telewizory\/#primaryimage\"},\"thumbnailUrl\":\"https:\/\/d2p6e6u75xmxt8.cloudfront.net\/5\/2018\/07\/profimedia-0253233702.jpg\",\"datePublished\":\"2018-07-05T20:16:24+00:00\",\"dateModified\":\"2018-07-12T09:54:45+00:00\",\"author\":{\"@id\":\"https:\/\/www.welovecycling.com\/pl\/#\/schema\/person\/0dba2d39da943db9df3fd8f4687e7f23\"},\"breadcrumb\":{\"@id\":\"https:\/\/www.welovecycling.com\/pl\/2018\/07\/05\/zaczyna-sie-najwieksza-kolarska-uczta-na-swiecie-zapraszamy-przed-telewizory\/#breadcrumb\"},\"inLanguage\":\"pl-PL\",\"potentialAction\":[{\"@type\":\"ReadAction\",\"target\":[\"https:\/\/www.welovecycling.com\/pl\/2018\/07\/05\/zaczyna-sie-najwieksza-kolarska-uczta-na-swiecie-zapraszamy-przed-telewizory\/\"]}]},{\"@type\":\"ImageObject\",\"inLanguage\":\"pl-PL\",\"@id\":\"https:\/\/www.welovecycling.com\/pl\/2018\/07\/05\/zaczyna-sie-najwieksza-kolarska-uczta-na-swiecie-zapraszamy-przed-telewizory\/#primaryimage\",\"url\":\"https:\/\/d2p6e6u75xmxt8.cloudfront.net\/5\/2018\/07\/profimedia-0253233702.jpg\",\"contentUrl\":\"https:\/\/d2p6e6u75xmxt8.cloudfront.net\/5\/2018\/07\/profimedia-0253233702.jpg\",\"width\":1800,\"height\":1199,\"caption\":\"Team Sky rider Christopher Froome (3-R) of Britain wears the overall leader's yellow jersey during the 14th stage of the 102nd edition of the Tour de France 2015 cycling race over 178.5km between Rodez and Mende, France, 18 July 2015., Image: 253233702, License: Rights-managed, Restrictions: , Model Release: no, Credit line: Profimedia, TEMP EPA\"},{\"@type\":\"BreadcrumbList\",\"@id\":\"https:\/\/www.welovecycling.com\/pl\/2018\/07\/05\/zaczyna-sie-najwieksza-kolarska-uczta-na-swiecie-zapraszamy-przed-telewizory\/#breadcrumb\",\"itemListElement\":[{\"@type\":\"ListItem\",\"position\":1,\"name\":\"Home\",\"item\":\"https:\/\/www.welovecycling.com\/pl\/\"},{\"@type\":\"ListItem\",\"position\":2,\"name\":\"Zaczyna si\u0119 najwi\u0119ksza kolarska uczta na \u015bwiecie. Zapraszamy przed telewizory!\"}]},{\"@type\":\"WebSite\",\"@id\":\"https:\/\/www.welovecycling.com\/pl\/#website\",\"url\":\"https:\/\/www.welovecycling.com\/pl\/\",\"name\":\"\u0160koda We Love Cycling - Poland\",\"description\":\"\",\"potentialAction\":[{\"@type\":\"SearchAction\",\"target\":{\"@type\":\"EntryPoint\",\"urlTemplate\":\"https:\/\/www.welovecycling.com\/pl\/?s={search_term_string}\"},\"query-input\":{\"@type\":\"PropertyValueSpecification\",\"valueRequired\":true,\"valueName\":\"search_term_string\"}}],\"inLanguage\":\"pl-PL\"},{\"@type\":\"Person\",\"@id\":\"https:\/\/www.welovecycling.com\/pl\/#\/schema\/person\/0dba2d39da943db9df3fd8f4687e7f23\",\"name\":\"piotrboczkowski\",\"image\":{\"@type\":\"ImageObject\",\"inLanguage\":\"pl-PL\",\"@id\":\"https:\/\/www.welovecycling.com\/pl\/#\/schema\/person\/image\/\",\"url\":\"https:\/\/secure.gravatar.com\/avatar\/533caccae14752e03a2ce2d3fd62d1b98b93e1393c3195c27819e53344ca1ace?s=96&d=mm&r=g\",\"contentUrl\":\"https:\/\/secure.gravatar.com\/avatar\/533caccae14752e03a2ce2d3fd62d1b98b93e1393c3195c27819e53344ca1ace?s=96&d=mm&r=g\",\"caption\":\"piotrboczkowski\"},\"url\":\"https:\/\/www.welovecycling.com\/pl\/author\/piotrboczkowski\/\"}]}<\/script>\n<!-- \/ Yoast SEO Premium plugin. -->","yoast_head_json":{"title":"Zaczyna si\u0119 najwi\u0119ksza kolarska uczta na \u015bwiecie. Zapraszamy przed telewizory! - \u0160koda We Love Cycling - Poland","robots":{"index":"index","follow":"follow","max-snippet":"max-snippet:-1","max-image-preview":"max-image-preview:large","max-video-preview":"max-video-preview:-1"},"canonical":"https:\/\/www.welovecycling.com\/pl\/2018\/07\/05\/zaczyna-sie-najwieksza-kolarska-uczta-na-swiecie-zapraszamy-przed-telewizory\/","og_locale":"pl_PL","og_type":"article","og_title":"Zaczyna si\u0119 najwi\u0119ksza kolarska uczta na \u015bwiecie. Zapraszamy przed telewizory!","og_description":"Bierzemy urlopy, \u017cegnamy si\u0119 ze znajomymi na trzy tygodnie i kr\u0119cimy, kr\u0119cimy, kr\u0119cimy\u2026 Ju\u017c w sobot\u0119 zaczyna si\u0119 105. Tour [&hellip;]","og_url":"https:\/\/www.welovecycling.com\/pl\/2018\/07\/05\/zaczyna-sie-najwieksza-kolarska-uczta-na-swiecie-zapraszamy-przed-telewizory\/","og_site_name":"\u0160koda We Love Cycling - Poland","article_published_time":"2018-07-05T20:16:24+00:00","article_modified_time":"2018-07-12T09:54:45+00:00","og_image":[{"width":1800,"height":1199,"url":"https:\/\/d2p6e6u75xmxt8.cloudfront.net\/5\/2018\/07\/profimedia-0253233702.jpg","type":"image\/jpeg"}],"author":"piotrboczkowski","twitter_card":"summary_large_image","twitter_misc":{"Written by":"Piotr Jawor","Est. reading time":"3 minutes"},"schema":{"@context":"https:\/\/schema.org","@graph":[{"@type":"WebPage","@id":"https:\/\/www.welovecycling.com\/pl\/2018\/07\/05\/zaczyna-sie-najwieksza-kolarska-uczta-na-swiecie-zapraszamy-przed-telewizory\/","url":"https:\/\/www.welovecycling.com\/pl\/2018\/07\/05\/zaczyna-sie-najwieksza-kolarska-uczta-na-swiecie-zapraszamy-przed-telewizory\/","name":"Zaczyna si\u0119 najwi\u0119ksza kolarska uczta na \u015bwiecie. Zapraszamy przed telewizory! - \u0160koda We Love Cycling - Poland","isPartOf":{"@id":"https:\/\/www.welovecycling.com\/pl\/#website"},"primaryImageOfPage":{"@id":"https:\/\/www.welovecycling.com\/pl\/2018\/07\/05\/zaczyna-sie-najwieksza-kolarska-uczta-na-swiecie-zapraszamy-przed-telewizory\/#primaryimage"},"image":{"@id":"https:\/\/www.welovecycling.com\/pl\/2018\/07\/05\/zaczyna-sie-najwieksza-kolarska-uczta-na-swiecie-zapraszamy-przed-telewizory\/#primaryimage"},"thumbnailUrl":"https:\/\/d2p6e6u75xmxt8.cloudfront.net\/5\/2018\/07\/profimedia-0253233702.jpg","datePublished":"2018-07-05T20:16:24+00:00","dateModified":"2018-07-12T09:54:45+00:00","author":{"@id":"https:\/\/www.welovecycling.com\/pl\/#\/schema\/person\/0dba2d39da943db9df3fd8f4687e7f23"},"breadcrumb":{"@id":"https:\/\/www.welovecycling.com\/pl\/2018\/07\/05\/zaczyna-sie-najwieksza-kolarska-uczta-na-swiecie-zapraszamy-przed-telewizory\/#breadcrumb"},"inLanguage":"pl-PL","potentialAction":[{"@type":"ReadAction","target":["https:\/\/www.welovecycling.com\/pl\/2018\/07\/05\/zaczyna-sie-najwieksza-kolarska-uczta-na-swiecie-zapraszamy-przed-telewizory\/"]}]},{"@type":"ImageObject","inLanguage":"pl-PL","@id":"https:\/\/www.welovecycling.com\/pl\/2018\/07\/05\/zaczyna-sie-najwieksza-kolarska-uczta-na-swiecie-zapraszamy-przed-telewizory\/#primaryimage","url":"https:\/\/d2p6e6u75xmxt8.cloudfront.net\/5\/2018\/07\/profimedia-0253233702.jpg","contentUrl":"https:\/\/d2p6e6u75xmxt8.cloudfront.net\/5\/2018\/07\/profimedia-0253233702.jpg","width":1800,"height":1199,"caption":"Team Sky rider Christopher Froome (3-R) of Britain wears the overall leader's yellow jersey during the 14th stage of the 102nd edition of the Tour de France 2015 cycling race over 178.5km between Rodez and Mende, France, 18 July 2015., Image: 253233702, License: Rights-managed, Restrictions: , Model Release: no, Credit line: Profimedia, TEMP EPA"},{"@type":"BreadcrumbList","@id":"https:\/\/www.welovecycling.com\/pl\/2018\/07\/05\/zaczyna-sie-najwieksza-kolarska-uczta-na-swiecie-zapraszamy-przed-telewizory\/#breadcrumb","itemListElement":[{"@type":"ListItem","position":1,"name":"Home","item":"https:\/\/www.welovecycling.com\/pl\/"},{"@type":"ListItem","position":2,"name":"Zaczyna si\u0119 najwi\u0119ksza kolarska uczta na \u015bwiecie. Zapraszamy przed telewizory!"}]},{"@type":"WebSite","@id":"https:\/\/www.welovecycling.com\/pl\/#website","url":"https:\/\/www.welovecycling.com\/pl\/","name":"\u0160koda We Love Cycling - Poland","description":"","potentialAction":[{"@type":"SearchAction","target":{"@type":"EntryPoint","urlTemplate":"https:\/\/www.welovecycling.com\/pl\/?s={search_term_string}"},"query-input":{"@type":"PropertyValueSpecification","valueRequired":true,"valueName":"search_term_string"}}],"inLanguage":"pl-PL"},{"@type":"Person","@id":"https:\/\/www.welovecycling.com\/pl\/#\/schema\/person\/0dba2d39da943db9df3fd8f4687e7f23","name":"piotrboczkowski","image":{"@type":"ImageObject","inLanguage":"pl-PL","@id":"https:\/\/www.welovecycling.com\/pl\/#\/schema\/person\/image\/","url":"https:\/\/secure.gravatar.com\/avatar\/533caccae14752e03a2ce2d3fd62d1b98b93e1393c3195c27819e53344ca1ace?s=96&d=mm&r=g","contentUrl":"https:\/\/secure.gravatar.com\/avatar\/533caccae14752e03a2ce2d3fd62d1b98b93e1393c3195c27819e53344ca1ace?s=96&d=mm&r=g","caption":"piotrboczkowski"},"url":"https:\/\/www.welovecycling.com\/pl\/author\/piotrboczkowski\/"}]}},"_links":{"self":[{"href":"https:\/\/www.welovecycling.com\/pl\/wp-json\/wp\/v2\/posts\/7303","targetHints":{"allow":["GET"]}}],"collection":[{"href":"https:\/\/www.welovecycling.com\/pl\/wp-json\/wp\/v2\/posts"}],"about":[{"href":"https:\/\/www.welovecycling.com\/pl\/wp-json\/wp\/v2\/types\/post"}],"author":[{"embeddable":true,"href":"https:\/\/www.welovecycling.com\/pl\/wp-json\/wp\/v2\/users\/76"}],"replies":[{"embeddable":true,"href":"https:\/\/www.welovecycling.com\/pl\/wp-json\/wp\/v2\/comments?post=7303"}],"version-history":[{"count":1,"href":"https:\/\/www.welovecycling.com\/pl\/wp-json\/wp\/v2\/posts\/7303\/revisions"}],"predecessor-version":[{"id":7305,"href":"https:\/\/www.welovecycling.com\/pl\/wp-json\/wp\/v2\/posts\/7303\/revisions\/7305"}],"wp:featuredmedia":[{"embeddable":true,"href":"https:\/\/www.welovecycling.com\/pl\/wp-json\/wp\/v2\/media\/7350"}],"wp:attachment":[{"href":"https:\/\/www.welovecycling.com\/pl\/wp-json\/wp\/v2\/media?parent=7303"}],"wp:term":[{"taxonomy":"category","embeddable":true,"href":"https:\/\/www.welovecycling.com\/pl\/wp-json\/wp\/v2\/categories?post=7303"},{"taxonomy":"post_tag","embeddable":true,"href":"https:\/\/www.welovecycling.com\/pl\/wp-json\/wp\/v2\/tags?post=7303"},{"taxonomy":"global-categories","embeddable":true,"href":"https:\/\/www.welovecycling.com\/pl\/wp-json\/wp\/v2\/global-categories?post=7303"}],"curies":[{"name":"wp","href":"https:\/\/api.w.org\/{rel}","templated":true}]}}