{"id":7286,"date":"2018-07-04T18:01:28","date_gmt":"2018-07-04T18:01:28","guid":{"rendered":"https:\/\/www.welovecycling.com\/pl\/?p=7286"},"modified":"2018-07-04T18:01:28","modified_gmt":"2018-07-04T18:01:28","slug":"rowerem-na-rodzinna-wyprawe-kilka-dobrych-rad","status":"publish","type":"post","link":"https:\/\/www.welovecycling.com\/pl\/2018\/07\/04\/rowerem-na-rodzinna-wyprawe-kilka-dobrych-rad\/","title":{"rendered":"Rowerem na rodzinn\u0105 wypraw\u0119 \u2013 kilka dobrych rad"},"content":{"rendered":"<p><strong>W \u015bwiecie zdominowanym przez media spo\u0142eczno\u015bciowe wyprawy z rodzin\u0105 w plener to \u015bwietny spos\u00f3b na wsp\u00f3lne sp\u0119dzenie czasu. Dla rowerzyst\u00f3w (b\u0119d\u0105cych poszukiwaczami \u00a0przyg\u00f3d) wsp\u00f3lne wyprawy rowerowe mog\u0105 by\u0107 ekscytuj\u0105cym dope\u0142nieniem rowerowej pasji.<\/strong><\/p>\n<p>Turystyczne wyprawy rowerowe mog\u0105 mie\u0107 r\u00f3\u017cny zasi\u0119g \u2013 od Aspen Ridge, Salt Flats w Boliwii, Park Regionalny Wulkan\u00f3w Owernii w \u015brodkowej Francji, po zwyk\u0142e wypady w okolicach miejsca zamieszkania. Nale\u017cy zacz\u0105\u0107 od kr\u00f3tszych wycieczek i nie zapomina\u0107 o nadrz\u0119dnym celu: dobrej zabawie.<\/p>\n<p>Oczywi\u015bcie wyprawa rowerowa z dzie\u0107mi wymaga odpowiedniego sprz\u0119tu, kt\u00f3rego dob\u00f3r zale\u017cy od wieku dziecka i jego zapa\u0142u do samodzielnej jazdy.<\/p>\n<p><strong>Przyczepki rowerowe<\/strong><\/p>\n<p>W przypadku m\u0142odszych dzieci najlepsz\u0105 opcj\u0105 jest skorzystanie z przyczepki rowerowej. Daje dzieciom du\u017co swobody w trakcie samej podr\u00f3\u017cy i oszcz\u0119dza ich si\u0142y na cieszenie si\u0119 kempingiem. Je\u015bli dodatkowo dzieci maj\u0105 pod r\u0119k\u0105 przek\u0105ski i kilka ulubionych zabawek, dla wi\u0119kszo\u015bci z nich jazda przyczepk\u0105 b\u0119dzie spor\u0105 frajd\u0105. Niekt\u00f3re dzieci wykorzystuj\u0105 te\u017c tak\u0105 podr\u00f3\u017c na drzemk\u0119.<\/p>\n<p><a href=\"https:\/\/d2p6e6u75xmxt8.cloudfront.net\/5\/2018\/07\/1.jpg\"><img loading=\"lazy\" decoding=\"async\" class=\"alignnone size-full wp-image-7287\" src=\"https:\/\/d2p6e6u75xmxt8.cloudfront.net\/5\/2018\/07\/1.jpg\" alt=\"\" width=\"740\" height=\"493\" srcset=\"https:\/\/d2p6e6u75xmxt8.cloudfront.net\/5\/2018\/07\/1.jpg 740w, https:\/\/d2p6e6u75xmxt8.cloudfront.net\/5\/2018\/07\/1-300x200.jpg 300w, https:\/\/d2p6e6u75xmxt8.cloudfront.net\/5\/2018\/07\/1-272x182.jpg 272w\" sizes=\"auto, (max-width: 740px) 100vw, 740px\" \/><\/a><\/p>\n<p>Ponadto przyczepka daje dodatkow\u0105 przestrze\u0144, w kt\u00f3rej mo\u017cemy zmie\u015bci\u0107 wszystko to, czego b\u0119dziemy potrzebowa\u0107 podczas wyprawy z rodzin\u0105, a czego nie udaje si\u0119 umie\u015bci\u0107 na rowerze.<\/p>\n<p>Nale\u017cy jednak pami\u0119ta\u0107, \u017ce z przyczepk\u0105 b\u0119dziemy ograniczeni do korzystania z szerszych tras, pas\u00f3w wielofunkcyjnych i chodnik\u00f3w.<\/p>\n<p><strong>Doczepka rowerowa<\/strong><\/p>\n<p>W przypadku starszych dzieci, doczepka rowerowa lub hol rowerowy otwiera zupe\u0142nie nowe mo\u017cliwo\u015bci wsp\u00f3lnych wypraw rowerowych, poniewa\u017c pozwala na podr\u00f3\u017cowanie wszystkimi trasami (z wyj\u0105tkiem specjalistycznych).<\/p>\n<p><a href=\"https:\/\/d2p6e6u75xmxt8.cloudfront.net\/5\/2018\/07\/2.jpg\"><img loading=\"lazy\" decoding=\"async\" class=\"alignnone size-full wp-image-7288\" src=\"https:\/\/d2p6e6u75xmxt8.cloudfront.net\/5\/2018\/07\/2.jpg\" alt=\"\" width=\"1280\" height=\"744\" srcset=\"https:\/\/d2p6e6u75xmxt8.cloudfront.net\/5\/2018\/07\/2.jpg 1280w, https:\/\/d2p6e6u75xmxt8.cloudfront.net\/5\/2018\/07\/2-300x174.jpg 300w, https:\/\/d2p6e6u75xmxt8.cloudfront.net\/5\/2018\/07\/2-768x446.jpg 768w, https:\/\/d2p6e6u75xmxt8.cloudfront.net\/5\/2018\/07\/2-1024x595.jpg 1024w\" sizes=\"auto, (max-width: 1280px) 100vw, 1280px\" \/><\/a><\/p>\n<p>Jad\u0105c na doczepce rowerowej dziecko mo\u017ce samodzielnie peda\u0142owa\u0107 albo tylko trzyma\u0107 nogi na peda\u0142ach. Jednak poza przestrzeni\u0105 przed kierownic\u0105 dziecka doczepka nie zapewnia \u017cadnego dodatkowego miejsca na baga\u017c. Dlatego dobrym rozwi\u0105zaniem (zar\u00f3wno dla rodzica, jak i dla dziecka) jest zabranie plecak\u00f3w na wod\u0119, jedzenie i ubrania.<\/p>\n<p>Najwi\u0119kszym minusem doczepki rowerowej jest brak stabilno\u015bci. Rowery s\u0105 po\u0142\u0105czone, wi\u0119c gdy dziecko pochyla si\u0119 lub odwraca, by czemu\u015b lepiej si\u0119 przyjrze\u0107, mamy wra\u017cenie, \u017ce ca\u0142a konstrukcja chce za nim pod\u0105\u017cy\u0107.<\/p>\n<p>Oczywi\u015bcie gdy dzieci troch\u0119 podrosn\u0105, mog\u0105 przesi\u0105\u015b\u0107 si\u0119 na w\u0142asne rowery \u2013 cho\u0107 mo\u017ce to przez pewien czas ogranicza\u0107 zasi\u0119g rodzinnych wycieczek.<\/p>\n<p><strong>Kt\u00f3ry rower wybra\u0107<\/strong><\/p>\n<p>Pierwsz\u0105 decyzj\u0105, jak\u0105 trzeba podj\u0105\u0107 przed wypraw\u0105, jest wyb\u00f3r roweru dla rodzica. Rower musi by\u0107 w stanie poradzi\u0107 sobie z terenem, w kt\u00f3ry si\u0119 wybieramy, cho\u0107 w zasadzie odpowiedni b\u0119dzie ka\u017cdy rower, na kt\u00f3rym istnieje mo\u017cliwo\u015b\u0107 zamontowania stela\u017ca lub toreb baga\u017cowych.<\/p>\n<p>Pami\u0119tajmy, \u017ce \u0142atwiej je\u017adzi si\u0119 na grubych oponach po nawierzchni innej ni\u017c chodnik, wi\u0119c b\u0119dziemy raczej bra\u0107 pod uwag\u0119 rower g\u00f3rski ni\u017c szosowy.<\/p>\n<p><a href=\"https:\/\/d2p6e6u75xmxt8.cloudfront.net\/5\/2018\/07\/3.jpg\"><img loading=\"lazy\" decoding=\"async\" class=\"alignnone size-full wp-image-7289\" src=\"https:\/\/d2p6e6u75xmxt8.cloudfront.net\/5\/2018\/07\/3.jpg\" alt=\"\" width=\"1200\" height=\"800\" srcset=\"https:\/\/d2p6e6u75xmxt8.cloudfront.net\/5\/2018\/07\/3.jpg 1200w, https:\/\/d2p6e6u75xmxt8.cloudfront.net\/5\/2018\/07\/3-300x200.jpg 300w, https:\/\/d2p6e6u75xmxt8.cloudfront.net\/5\/2018\/07\/3-768x512.jpg 768w, https:\/\/d2p6e6u75xmxt8.cloudfront.net\/5\/2018\/07\/3-1024x683.jpg 1024w, https:\/\/d2p6e6u75xmxt8.cloudfront.net\/5\/2018\/07\/3-272x182.jpg 272w\" sizes=\"auto, (max-width: 1200px) 100vw, 1200px\" \/><\/a><\/p>\n<p><strong>Jak zapakowa\u0107 sprz\u0119t <\/strong><\/p>\n<p>Nie ma innej mo\u017cliwo\u015bci. Na wypraw\u0119 rowerow\u0105 niekt\u00f3re rzecz zabra\u0107 po prostu musimy. Uwzgl\u0119dnijmy to przy wyborze opcji przewozu baga\u017cu, wybieraj\u0105c pomi\u0119dzy plecakiem, sakw\u0105, torb\u0105 na ram\u0119 czy przyczepk\u0105.<\/p>\n<p>Jednocze\u015bnie nie chcemy zbytnio obci\u0105\u017ca\u0107 plec\u00f3w. Dlatego g\u0142\u00f3wny ci\u0119\u017car powinien by\u0107 umieszczony na rowerze jak najni\u017cej. W ten spos\u00f3b u\u0142atwimy sobie kierowanie rowerem i zwi\u0119kszymy komfort jazdy.<\/p>\n<p><strong>Jaki sprz\u0119t zabra\u0107?<\/strong><\/p>\n<p>B\u0119dziesz potrzebowa\u0107 podstawowych narz\u0119dzi rowerowych oraz sprz\u0119tu turystycznego.<\/p>\n<p><em>Powinny si\u0119 w nim znale\u017a\u0107 podstawowe rzeczy:<\/em><\/p>\n<p>\u015bpiw\u00f3r<br \/>\nnamiot<br \/>\nkuchenka<\/p>\n<p><em>I wyposa\u017cenie rowerowe:<\/em><\/p>\n<p>kask<br \/>\nzestaw do naprawy d\u0119tek\/opon<\/p>\n<p>zapasowe d\u0119tki<br \/>\nnarz\u0119dzie wielofunkcyjne, w tym skuwacz do \u0142a\u0144cucha<\/p>\n<p><em>W przypadku d\u0142u\u017cszych wypraw, we\u017a ze sob\u0105:<\/em><\/p>\n<p>smar do \u0142a\u0144cucha<br \/>\nsworznie i ogniwa do \u0142a\u0144cucha<br \/>\nzapasowe linki<br \/>\nlekkie zapi\u0119cie rowerowe, kt\u00f3re przyda si\u0119 podczas przystank\u00f3w na uzupe\u0142nienie zapas\u00f3w<\/p>\n<p><strong>Porady dotycz\u0105ce jazdy z rodzin\u0105<\/strong><\/p>\n<ol>\n<li>Ogranicz pr\u0119dko\u015b\u0107, szczeg\u00f3lnie podczas zjazd\u00f3w z wzniesienia.<\/li>\n<li>Uwzgl\u0119dnij d\u0142u\u017csz\u0105 drog\u0119 hamowania.<\/li>\n<li>Zapewnij sobie wi\u0119cej miejsca na pokonywanie zakr\u0119t\u00f3w.<\/li>\n<li>U\u017cywaj ni\u017cszych prze\u0142o\u017ce\u0144 ni\u017c zwykle by zmniejszy\u0107 zm\u0119czenie.<\/li>\n<li>Staraj si\u0119 unika\u0107 g\u0142\u00f3wnych dr\u00f3g, aby wsp\u00f3lna jazda by\u0142a przyjemniejsza oraz w celu ograniczenia ryzyka.<\/li>\n<li>Zacznij od kilku okr\u0105\u017ce\u0144 w pobliskim parku, stopniowo wyd\u0142u\u017caj\u0105c dystans, czas trwania i stopie\u0144 trudno\u015bci trasy.<\/li>\n<\/ol>\n<p>&nbsp;<\/p>\n<p>Z rodzin\u0105 naprawd\u0119 udaje si\u0119 je\u017adzi\u0107 na d\u0142ugodystansowe wielodniowe wyprawy turystyczne.<\/p>\n","protected":false},"excerpt":{"rendered":"<p>W \u015bwiecie zdominowanym przez media spo\u0142eczno\u015bciowe wyprawy z rodzin\u0105 w plener to \u015bwietny spos\u00f3b na wsp\u00f3lne sp\u0119dzenie czasu. Dla rowerzyst\u00f3w [&hellip;]<\/p>\n","protected":false},"author":76,"featured_media":7290,"comment_status":"open","ping_status":"open","sticky":false,"template":"","format":"standard","meta":{"footnotes":""},"categories":[268],"tags":[25,269],"global-categories":[],"class_list":["post-7286","post","type-post","status-publish","format-standard","has-post-thumbnail","hentry","category-rodzina","tag-rodzina","tag-wyprawy-rowerowe"],"yoast_head":"<!-- This site is optimized with the Yoast SEO Premium plugin v25.3 (Yoast SEO v25.9) - https:\/\/yoast.com\/wordpress\/plugins\/seo\/ -->\n<title>Rowerem na rodzinn\u0105 wypraw\u0119 \u2013 kilka dobrych rad - \u0160koda We Love Cycling - Poland<\/title>\n<meta name=\"robots\" content=\"index, follow, max-snippet:-1, max-image-preview:large, max-video-preview:-1\" \/>\n<link rel=\"canonical\" href=\"https:\/\/www.welovecycling.com\/pl\/2018\/07\/04\/rowerem-na-rodzinna-wyprawe-kilka-dobrych-rad\/\" \/>\n<meta property=\"og:locale\" content=\"pl_PL\" \/>\n<meta property=\"og:type\" content=\"article\" \/>\n<meta property=\"og:title\" content=\"Rowerem na rodzinn\u0105 wypraw\u0119 \u2013 kilka dobrych rad\" \/>\n<meta property=\"og:description\" content=\"W \u015bwiecie zdominowanym przez media spo\u0142eczno\u015bciowe wyprawy z rodzin\u0105 w plener to \u015bwietny spos\u00f3b na wsp\u00f3lne sp\u0119dzenie czasu. Dla rowerzyst\u00f3w [&hellip;]\" \/>\n<meta property=\"og:url\" content=\"https:\/\/www.welovecycling.com\/pl\/2018\/07\/04\/rowerem-na-rodzinna-wyprawe-kilka-dobrych-rad\/\" \/>\n<meta property=\"og:site_name\" content=\"\u0160koda We Love Cycling - Poland\" \/>\n<meta property=\"article:published_time\" content=\"2018-07-04T18:01:28+00:00\" \/>\n<meta property=\"og:image\" content=\"https:\/\/d2p6e6u75xmxt8.cloudfront.net\/5\/2018\/07\/bikepackingcvr.jpg\" \/>\n\t<meta property=\"og:image:width\" content=\"1366\" \/>\n\t<meta property=\"og:image:height\" content=\"600\" \/>\n\t<meta property=\"og:image:type\" content=\"image\/jpeg\" \/>\n<meta name=\"author\" content=\"piotrboczkowski\" \/>\n<meta name=\"twitter:card\" content=\"summary_large_image\" \/>\n<meta name=\"twitter:label1\" content=\"Written by\" \/>\n\t<meta name=\"twitter:data1\" content=\"Bonnie Friend\" \/>\n\t<meta name=\"twitter:label2\" content=\"Est. reading time\" \/>\n\t<meta name=\"twitter:data2\" content=\"4 minutes\" \/>\n<script type=\"application\/ld+json\" class=\"yoast-schema-graph\">{\"@context\":\"https:\/\/schema.org\",\"@graph\":[{\"@type\":\"WebPage\",\"@id\":\"https:\/\/www.welovecycling.com\/pl\/2018\/07\/04\/rowerem-na-rodzinna-wyprawe-kilka-dobrych-rad\/\",\"url\":\"https:\/\/www.welovecycling.com\/pl\/2018\/07\/04\/rowerem-na-rodzinna-wyprawe-kilka-dobrych-rad\/\",\"name\":\"Rowerem na rodzinn\u0105 wypraw\u0119 \u2013 kilka dobrych rad - \u0160koda We Love Cycling - Poland\",\"isPartOf\":{\"@id\":\"https:\/\/www.welovecycling.com\/pl\/#website\"},\"primaryImageOfPage\":{\"@id\":\"https:\/\/www.welovecycling.com\/pl\/2018\/07\/04\/rowerem-na-rodzinna-wyprawe-kilka-dobrych-rad\/#primaryimage\"},\"image\":{\"@id\":\"https:\/\/www.welovecycling.com\/pl\/2018\/07\/04\/rowerem-na-rodzinna-wyprawe-kilka-dobrych-rad\/#primaryimage\"},\"thumbnailUrl\":\"https:\/\/d2p6e6u75xmxt8.cloudfront.net\/5\/2018\/07\/bikepackingcvr.jpg\",\"datePublished\":\"2018-07-04T18:01:28+00:00\",\"author\":{\"@id\":\"https:\/\/www.welovecycling.com\/pl\/#\/schema\/person\/0dba2d39da943db9df3fd8f4687e7f23\"},\"breadcrumb\":{\"@id\":\"https:\/\/www.welovecycling.com\/pl\/2018\/07\/04\/rowerem-na-rodzinna-wyprawe-kilka-dobrych-rad\/#breadcrumb\"},\"inLanguage\":\"pl-PL\",\"potentialAction\":[{\"@type\":\"ReadAction\",\"target\":[\"https:\/\/www.welovecycling.com\/pl\/2018\/07\/04\/rowerem-na-rodzinna-wyprawe-kilka-dobrych-rad\/\"]}]},{\"@type\":\"ImageObject\",\"inLanguage\":\"pl-PL\",\"@id\":\"https:\/\/www.welovecycling.com\/pl\/2018\/07\/04\/rowerem-na-rodzinna-wyprawe-kilka-dobrych-rad\/#primaryimage\",\"url\":\"https:\/\/d2p6e6u75xmxt8.cloudfront.net\/5\/2018\/07\/bikepackingcvr.jpg\",\"contentUrl\":\"https:\/\/d2p6e6u75xmxt8.cloudfront.net\/5\/2018\/07\/bikepackingcvr.jpg\",\"width\":1366,\"height\":600},{\"@type\":\"BreadcrumbList\",\"@id\":\"https:\/\/www.welovecycling.com\/pl\/2018\/07\/04\/rowerem-na-rodzinna-wyprawe-kilka-dobrych-rad\/#breadcrumb\",\"itemListElement\":[{\"@type\":\"ListItem\",\"position\":1,\"name\":\"Home\",\"item\":\"https:\/\/www.welovecycling.com\/pl\/\"},{\"@type\":\"ListItem\",\"position\":2,\"name\":\"Rowerem na rodzinn\u0105 wypraw\u0119 \u2013 kilka dobrych rad\"}]},{\"@type\":\"WebSite\",\"@id\":\"https:\/\/www.welovecycling.com\/pl\/#website\",\"url\":\"https:\/\/www.welovecycling.com\/pl\/\",\"name\":\"\u0160koda We Love Cycling - Poland\",\"description\":\"\",\"potentialAction\":[{\"@type\":\"SearchAction\",\"target\":{\"@type\":\"EntryPoint\",\"urlTemplate\":\"https:\/\/www.welovecycling.com\/pl\/?s={search_term_string}\"},\"query-input\":{\"@type\":\"PropertyValueSpecification\",\"valueRequired\":true,\"valueName\":\"search_term_string\"}}],\"inLanguage\":\"pl-PL\"},{\"@type\":\"Person\",\"@id\":\"https:\/\/www.welovecycling.com\/pl\/#\/schema\/person\/0dba2d39da943db9df3fd8f4687e7f23\",\"name\":\"piotrboczkowski\",\"image\":{\"@type\":\"ImageObject\",\"inLanguage\":\"pl-PL\",\"@id\":\"https:\/\/www.welovecycling.com\/pl\/#\/schema\/person\/image\/\",\"url\":\"https:\/\/secure.gravatar.com\/avatar\/533caccae14752e03a2ce2d3fd62d1b98b93e1393c3195c27819e53344ca1ace?s=96&d=mm&r=g\",\"contentUrl\":\"https:\/\/secure.gravatar.com\/avatar\/533caccae14752e03a2ce2d3fd62d1b98b93e1393c3195c27819e53344ca1ace?s=96&d=mm&r=g\",\"caption\":\"piotrboczkowski\"},\"url\":\"https:\/\/www.welovecycling.com\/pl\/author\/piotrboczkowski\/\"}]}<\/script>\n<!-- \/ Yoast SEO Premium plugin. -->","yoast_head_json":{"title":"Rowerem na rodzinn\u0105 wypraw\u0119 \u2013 kilka dobrych rad - \u0160koda We Love Cycling - Poland","robots":{"index":"index","follow":"follow","max-snippet":"max-snippet:-1","max-image-preview":"max-image-preview:large","max-video-preview":"max-video-preview:-1"},"canonical":"https:\/\/www.welovecycling.com\/pl\/2018\/07\/04\/rowerem-na-rodzinna-wyprawe-kilka-dobrych-rad\/","og_locale":"pl_PL","og_type":"article","og_title":"Rowerem na rodzinn\u0105 wypraw\u0119 \u2013 kilka dobrych rad","og_description":"W \u015bwiecie zdominowanym przez media spo\u0142eczno\u015bciowe wyprawy z rodzin\u0105 w plener to \u015bwietny spos\u00f3b na wsp\u00f3lne sp\u0119dzenie czasu. Dla rowerzyst\u00f3w [&hellip;]","og_url":"https:\/\/www.welovecycling.com\/pl\/2018\/07\/04\/rowerem-na-rodzinna-wyprawe-kilka-dobrych-rad\/","og_site_name":"\u0160koda We Love Cycling - Poland","article_published_time":"2018-07-04T18:01:28+00:00","og_image":[{"width":1366,"height":600,"url":"https:\/\/d2p6e6u75xmxt8.cloudfront.net\/5\/2018\/07\/bikepackingcvr.jpg","type":"image\/jpeg"}],"author":"piotrboczkowski","twitter_card":"summary_large_image","twitter_misc":{"Written by":"Bonnie Friend","Est. reading time":"4 minutes"},"schema":{"@context":"https:\/\/schema.org","@graph":[{"@type":"WebPage","@id":"https:\/\/www.welovecycling.com\/pl\/2018\/07\/04\/rowerem-na-rodzinna-wyprawe-kilka-dobrych-rad\/","url":"https:\/\/www.welovecycling.com\/pl\/2018\/07\/04\/rowerem-na-rodzinna-wyprawe-kilka-dobrych-rad\/","name":"Rowerem na rodzinn\u0105 wypraw\u0119 \u2013 kilka dobrych rad - \u0160koda We Love Cycling - Poland","isPartOf":{"@id":"https:\/\/www.welovecycling.com\/pl\/#website"},"primaryImageOfPage":{"@id":"https:\/\/www.welovecycling.com\/pl\/2018\/07\/04\/rowerem-na-rodzinna-wyprawe-kilka-dobrych-rad\/#primaryimage"},"image":{"@id":"https:\/\/www.welovecycling.com\/pl\/2018\/07\/04\/rowerem-na-rodzinna-wyprawe-kilka-dobrych-rad\/#primaryimage"},"thumbnailUrl":"https:\/\/d2p6e6u75xmxt8.cloudfront.net\/5\/2018\/07\/bikepackingcvr.jpg","datePublished":"2018-07-04T18:01:28+00:00","author":{"@id":"https:\/\/www.welovecycling.com\/pl\/#\/schema\/person\/0dba2d39da943db9df3fd8f4687e7f23"},"breadcrumb":{"@id":"https:\/\/www.welovecycling.com\/pl\/2018\/07\/04\/rowerem-na-rodzinna-wyprawe-kilka-dobrych-rad\/#breadcrumb"},"inLanguage":"pl-PL","potentialAction":[{"@type":"ReadAction","target":["https:\/\/www.welovecycling.com\/pl\/2018\/07\/04\/rowerem-na-rodzinna-wyprawe-kilka-dobrych-rad\/"]}]},{"@type":"ImageObject","inLanguage":"pl-PL","@id":"https:\/\/www.welovecycling.com\/pl\/2018\/07\/04\/rowerem-na-rodzinna-wyprawe-kilka-dobrych-rad\/#primaryimage","url":"https:\/\/d2p6e6u75xmxt8.cloudfront.net\/5\/2018\/07\/bikepackingcvr.jpg","contentUrl":"https:\/\/d2p6e6u75xmxt8.cloudfront.net\/5\/2018\/07\/bikepackingcvr.jpg","width":1366,"height":600},{"@type":"BreadcrumbList","@id":"https:\/\/www.welovecycling.com\/pl\/2018\/07\/04\/rowerem-na-rodzinna-wyprawe-kilka-dobrych-rad\/#breadcrumb","itemListElement":[{"@type":"ListItem","position":1,"name":"Home","item":"https:\/\/www.welovecycling.com\/pl\/"},{"@type":"ListItem","position":2,"name":"Rowerem na rodzinn\u0105 wypraw\u0119 \u2013 kilka dobrych rad"}]},{"@type":"WebSite","@id":"https:\/\/www.welovecycling.com\/pl\/#website","url":"https:\/\/www.welovecycling.com\/pl\/","name":"\u0160koda We Love Cycling - Poland","description":"","potentialAction":[{"@type":"SearchAction","target":{"@type":"EntryPoint","urlTemplate":"https:\/\/www.welovecycling.com\/pl\/?s={search_term_string}"},"query-input":{"@type":"PropertyValueSpecification","valueRequired":true,"valueName":"search_term_string"}}],"inLanguage":"pl-PL"},{"@type":"Person","@id":"https:\/\/www.welovecycling.com\/pl\/#\/schema\/person\/0dba2d39da943db9df3fd8f4687e7f23","name":"piotrboczkowski","image":{"@type":"ImageObject","inLanguage":"pl-PL","@id":"https:\/\/www.welovecycling.com\/pl\/#\/schema\/person\/image\/","url":"https:\/\/secure.gravatar.com\/avatar\/533caccae14752e03a2ce2d3fd62d1b98b93e1393c3195c27819e53344ca1ace?s=96&d=mm&r=g","contentUrl":"https:\/\/secure.gravatar.com\/avatar\/533caccae14752e03a2ce2d3fd62d1b98b93e1393c3195c27819e53344ca1ace?s=96&d=mm&r=g","caption":"piotrboczkowski"},"url":"https:\/\/www.welovecycling.com\/pl\/author\/piotrboczkowski\/"}]}},"_links":{"self":[{"href":"https:\/\/www.welovecycling.com\/pl\/wp-json\/wp\/v2\/posts\/7286","targetHints":{"allow":["GET"]}}],"collection":[{"href":"https:\/\/www.welovecycling.com\/pl\/wp-json\/wp\/v2\/posts"}],"about":[{"href":"https:\/\/www.welovecycling.com\/pl\/wp-json\/wp\/v2\/types\/post"}],"author":[{"embeddable":true,"href":"https:\/\/www.welovecycling.com\/pl\/wp-json\/wp\/v2\/users\/76"}],"replies":[{"embeddable":true,"href":"https:\/\/www.welovecycling.com\/pl\/wp-json\/wp\/v2\/comments?post=7286"}],"version-history":[{"count":1,"href":"https:\/\/www.welovecycling.com\/pl\/wp-json\/wp\/v2\/posts\/7286\/revisions"}],"predecessor-version":[{"id":7291,"href":"https:\/\/www.welovecycling.com\/pl\/wp-json\/wp\/v2\/posts\/7286\/revisions\/7291"}],"wp:featuredmedia":[{"embeddable":true,"href":"https:\/\/www.welovecycling.com\/pl\/wp-json\/wp\/v2\/media\/7290"}],"wp:attachment":[{"href":"https:\/\/www.welovecycling.com\/pl\/wp-json\/wp\/v2\/media?parent=7286"}],"wp:term":[{"taxonomy":"category","embeddable":true,"href":"https:\/\/www.welovecycling.com\/pl\/wp-json\/wp\/v2\/categories?post=7286"},{"taxonomy":"post_tag","embeddable":true,"href":"https:\/\/www.welovecycling.com\/pl\/wp-json\/wp\/v2\/tags?post=7286"},{"taxonomy":"global-categories","embeddable":true,"href":"https:\/\/www.welovecycling.com\/pl\/wp-json\/wp\/v2\/global-categories?post=7286"}],"curies":[{"name":"wp","href":"https:\/\/api.w.org\/{rel}","templated":true}]}}