{"id":7269,"date":"2018-06-29T09:31:21","date_gmt":"2018-06-29T09:31:21","guid":{"rendered":"https:\/\/www.welovecycling.com\/pl\/?p=7269"},"modified":"2018-06-29T09:31:21","modified_gmt":"2018-06-29T09:31:21","slug":"polska-grupa-buduje-napiecie-przed-tour-de-france","status":"publish","type":"post","link":"https:\/\/www.welovecycling.com\/pl\/2018\/06\/29\/polska-grupa-buduje-napiecie-przed-tour-de-france\/","title":{"rendered":"\u201ePolska\u201d grupa buduje napi\u0119cie przed Tour de France"},"content":{"rendered":"<p>Sk\u0142ady niemal gotowe, liderzy wyznaczeni, wi\u0119c czas na ko\u0144cowe odliczanie. Ju\u017c 7 lipca startuje Tour de France! Kto b\u0119dzie faworytem? Czego powinni\u015bmy spodziewa\u0107 si\u0119 po Polakach? Jakie role b\u0119d\u0105 odgrywali? Dru\u017cyny ju\u017c odkry\u0142y karty, czas si\u0119 nad nimi pochyli\u0107.<\/p>\n<p>Niby w wi\u0119kszo\u015bci przypadk\u00f3w wiadomo, kto pojedzie w Wielkiej P\u0119tli, ale og\u0142aszanie sk\u0142ad\u00f3w jest jak otwieranie pude\u0142ka z czekoladkami \u2013 \u0142asuchowi zawsze towarzyszy przy tym dreszczyk emocji.<\/p>\n<p><strong>Ekstremalna mobilizacja<\/strong><\/p>\n<p>R\u00f3\u017cne s\u0105 sposoby prezentowania zespo\u0142u. Jedni stawiaj\u0105 na konferencje prasowe, inni po prostu podaj\u0105 zestawienie na stronie internetowej, z kolei ekipa Bora-Hansgrohe w tym roku budowa\u0142a napi\u0119cie.<\/p>\n<p>Najbardziej polska grupa (je\u017adzi w niej trzech Polak\u00f3w) co dzie\u0144 lub dwa za po\u015brednictwem Twittera podawa\u0142a nazwisko kolejnego zawodnika, kt\u00f3ry pojedzie do Francji. Jako pierwsza, 19 czerwca, odkryta zosta\u0142a karta z Maciejem Bodnarem.<\/p>\n<div class=\"embed-controller-wrapper\">\n<blockquote class=\"twitter-tweet\" data-width=\"500\" data-dnt=\"true\">\n<p lang=\"en\" dir=\"ltr\"><a href=\"https:\/\/twitter.com\/hashtag\/BORAhansgrohe?src=hash&amp;ref_src=twsrc%5Etfw\">#BORAhansgrohe<\/a> <a href=\"https:\/\/twitter.com\/hashtag\/TDF18?src=hash&amp;ref_src=twsrc%5Etfw\">#TDF18<\/a> <a href=\"https:\/\/twitter.com\/hashtag\/Lineup?src=hash&amp;ref_src=twsrc%5Etfw\">#Lineup<\/a><\/p>\n<p>1|8 &#8211; \ud83c\uddf5\ud83c\uddf1 <a href=\"https:\/\/twitter.com\/maciejbodnar?ref_src=twsrc%5Etfw\">@maciejbodnar<\/a> <\/p>\n<p>The first member of our squad for <a href=\"https:\/\/twitter.com\/LeTour?ref_src=twsrc%5Etfw\">@LeTour<\/a> is the <a href=\"https:\/\/twitter.com\/hashtag\/TDF?src=hash&amp;ref_src=twsrc%5Etfw\">#TDF<\/a> <a href=\"https:\/\/twitter.com\/hashtag\/TT?src=hash&amp;ref_src=twsrc%5Etfw\">#TT<\/a> stage winner <a href=\"https:\/\/twitter.com\/hashtag\/Bodi?src=hash&amp;ref_src=twsrc%5Etfw\">#Bodi<\/a> \ud83d\udeb4\ud83c\udffc\u200d\u2642\ufe0f <a href=\"https:\/\/t.co\/e2zIcGrrYV\">pic.twitter.com\/e2zIcGrrYV<\/a><\/p>\n<p>&mdash; BORA \u2013 hansgrohe (@BORAhansgrohe) <a href=\"https:\/\/twitter.com\/BORAhansgrohe\/status\/1009147983278026753?ref_src=twsrc%5Etfw\">June 19, 2018<\/a><\/p><\/blockquote>\n<p><script async data-src=\"https:\/\/platform.twitter.com\/widgets.js\" charset=\"utf-8\"><\/script><\/div>\n<p>33 lata, sz\u00f3sty wyst\u0119p na Tour de France i najwa\u017cniejsze \u2013 zwyci\u0119stwo etapowe w Wielkiej P\u0119tli, kt\u00f3re Polak odni\u00f3s\u0142 w poprzednim roku podczas czas\u00f3wki w Marsylii.<\/p>\n<p>Bodnar w Tour de France pojedzie w roli pomocnika, a przy\u015bwieca\u0107 ma mu has\u0142o: \u201eDzi\u015b b\u0105d\u017a lepszy ni\u017c wczoraj i gorszy ni\u017c b\u0119dziesz jutro\u201d.<\/p>\n<p>Jako trzeci\u0105 odkryto kart\u0119 z Rafa\u0142em Majk\u0105. 28 lat, pi\u0105ty raz na Tour de France, trzy wygrane etapy i dwa triumfy w klasyfikacji g\u00f3rskiej (w 2014 i 2016 r.). Tym razem Polak nie b\u0119dzie jednak celowa\u0142 w zwyci\u0119stwa w g\u00f3rach, ale chce wykr\u0119ci\u0107 jak najlepszy wynik w klasyfikacji generalnej. \u201eWygrywanie nie jest wszystkim, ale ch\u0119\u0107 wygrywania ju\u017c tak\u201d \u2013 to has\u0142o Polaka na tegoroczn\u0105 Wielk\u0105 P\u0119tl\u0119.<\/p>\n<div class=\"embed-controller-wrapper\">\n<blockquote class=\"twitter-tweet\" data-width=\"500\" data-dnt=\"true\">\n<p lang=\"en\" dir=\"ltr\"><a href=\"https:\/\/twitter.com\/hashtag\/BORAhansgrohe?src=hash&amp;ref_src=twsrc%5Etfw\">#BORAhansgrohe<\/a> <a href=\"https:\/\/twitter.com\/hashtag\/TDF18?src=hash&amp;ref_src=twsrc%5Etfw\">#TDF18<\/a> <a href=\"https:\/\/twitter.com\/hashtag\/Lineup?src=hash&amp;ref_src=twsrc%5Etfw\">#Lineup<\/a><\/p>\n<p>3|8 \ud83c\uddf5\ud83c\uddf1 <a href=\"https:\/\/twitter.com\/majkaformal?ref_src=twsrc%5Etfw\">@majkaformal<\/a> <\/p>\n<p>The third member of the <a href=\"https:\/\/twitter.com\/LeTour?ref_src=twsrc%5Etfw\">@LeTour<\/a> squad is our GC contender &amp; climber <a href=\"https:\/\/twitter.com\/hashtag\/Rafal?src=hash&amp;ref_src=twsrc%5Etfw\">#Rafal<\/a> <a href=\"https:\/\/t.co\/hEIBmdPJDT\">pic.twitter.com\/hEIBmdPJDT<\/a><\/p>\n<p>&mdash; BORA \u2013 hansgrohe (@BORAhansgrohe) <a href=\"https:\/\/twitter.com\/BORAhansgrohe\/status\/1009858247317164034?ref_src=twsrc%5Etfw\">June 21, 2018<\/a><\/p><\/blockquote>\n<p><script async data-src=\"https:\/\/platform.twitter.com\/widgets.js\" charset=\"utf-8\"><\/script><\/div>\n<p>&#8211; Przygotowania przebieg\u0142y bardzo dobrze, mocno pracowa\u0142em na zgrupowaniu w Sierra Nevada. Co prawda mia\u0142em kraks\u0119 w Tour of Slovenia, ale podczas tego wy\u015bcigu poczu\u0142em, \u017ce moje nogi z dnia na dzie\u0144 s\u0105 coraz mocniejsze. Jestem gotowy na Tour de France \u2013 m\u00f3wi Majka na oficjalnej stronie Bora-Hansgrohe.<\/p>\n<p>Trzeci z Polak\u00f3w startuj\u0105cych w Bora-Hansgrohe \u2013 Pawe\u0142 Polja\u0144ski &#8211; przedstawiony zosta\u0142 jako sz\u00f3sty. Dla 28-letniego zawodnika b\u0119dzie to drugi wyst\u0119p na Tour de France, a w jak najlepszej je\u017adzie ma pom\u00f3c mu has\u0142o: \u201eNie mo\u017cesz si\u0119 ogranicza\u0107. Im wi\u0119cej marzysz, tym wi\u0119cej zdobywasz\u201d.<\/p>\n<p>\u201e\u015amiej\u0105 si\u0119 ze mnie, poniewa\u017c jestem inny. Ja si\u0119 \u015bmieje, poniewa\u017c oni wszyscy s\u0105 tacy sami\u201d \u2013 to z kolei s\u0142owa Kurta Cobaina, legendarnego lidera zespo\u0142u Nirvana, kt\u00f3re maj\u0105 motywowa\u0107 lidera\u2026 Bora-Hansgrohe, czyli Petera Sagana.<\/p>\n<p>S\u0142owak jest jednym z faworyt\u00f3w do zwyci\u0119stwa w klasyfikacji generalnej. W karierze wygra\u0142 osiem etap\u00f3w, pi\u0119\u0107 razy by\u0142 najlepszy w klasyfikacji punktowej (sponsorowanej przez \u0160koda Auto), ale teraz ostrzy sobie z\u0119by na jeszcze wi\u0119cej.<\/p>\n<p>&#8211; Ka\u017cdy jest ekstremalnie zmotywowany, bo w lipcu wszystkie oczy zwr\u00f3cone s\u0105 w\u0142a\u015bnie na Tour de France. Jedziemy w bardzo silnym sk\u0142adzie i na pewno b\u0119dziemy mieli swoje szanse \u2013 podkre\u015bla Sagan.<\/p>\n<p><strong>Z Kwiatkowskim po historyczny triumf<\/strong><\/p>\n<p>Najwi\u0119kszym rywalem wszystkich, kt\u00f3rzy walcz\u0105 o zwyci\u0119stwo w klasyfikacji generalnej, b\u0119dzie \u015bwietny Chris Froome. Co prawda jeszcze nie jest pewne, \u017ce Brytyjczyk wystartuje (prowadzone jest wobec niego post\u0119powanie dotycz\u0105ce przyj\u0119cia podczas Vuelta a Esapana zbyt du\u017cej ilo\u015bci lek\u00f3w na astm\u0119), ale Team Sky ju\u017c przygotowuje taktyk\u0119, kt\u00f3ra pozwoli Froome\u2019owi wygra\u0107 Wielk\u0105 P\u0119tl\u0119 po raz pi\u0105ty. Gdyby tak si\u0119 sta\u0142o, to urodzony w Nairobi kolarz do\u0142\u0105czy\u0142by do najwi\u0119kszych s\u0142aw, kt\u00f3re w Tour de France triumfowa\u0142y pi\u0119ciokrotnie (Jacques Anquetil, Eddy Merckx,\u00a0 Bernard Hinault, Miguel Indurain).<\/p>\n<p>Jednym z g\u0142\u00f3wnych pomocnik\u00f3w Froome\u2019a b\u0119dzie Micha\u0142 Kwiatkowski, kt\u00f3ry w tej roli \u015bwietnie spisa\u0142 si\u0119 w poprzednim roku. Gdy lider Team Sky z\u0142apa\u0142 gum\u0119, Polak odda\u0142 mu swoje ko\u0142o. A gdy rywale zbyt mocno Brytyjczyka naciskali, \u201eKwiato\u201d przychodzi\u0142 mu z pomoc\u0105. Zreszt\u0105 nieprzypadkowo to w\u0142a\u015bnie z podniesion\u0105 r\u0119k\u0105 Polaka Froome wje\u017cd\u017ca\u0142 na met\u0119 na Polach Elizejskich.<\/p>\n<p>W tym roku Brytyjczyk wygra\u0142 ju\u017c Giro d\u2019Italia, ale obecnie jego forma jest niewiadom\u0105. Z obozu ekipy Team Sky dochodz\u0105 wie\u015bci, \u017ce gdyby los pokrzy\u017cowa\u0142 jego szyki, w\u00f3wczas jest szansa, \u017ce liderem zespo\u0142u zosta\u0142by Kwiatkowski, cho\u0107 gotowi do pe\u0142nienia tej roli s\u0105 tak\u017ce Geraint Thomas i Wout Poels.<\/p>\n<p><strong>K\u0142opot bogactwa<\/strong><\/p>\n<p>Bardzo mocn\u0105 ekip\u0119 do Francji wysy\u0142a r\u00f3wnie\u017c Movistar, kt\u00f3ry ma trzech \u015bwietnych kolarzy: Mikela Land\u0119, Nairo Quintan\u0119 i Alejandro Valverde.<\/p>\n<p>&#8211; Dla mnie bez dw\u00f3ch zda\u0144 liderem tego zespo\u0142u b\u0119dzie Quintana. Valverde i Landa od pocz\u0105tku wiedz\u0105, jakie maj\u0105 zadanie, cho\u0107 oczywi\u015bcie wy\u015bcig mo\u017ce si\u0119 r\u00f3\u017cnie u\u0142o\u017cy\u0107 \u2013 m\u00f3wi w wywiadzie dla We Love Cycling Dariusz Baranowski, by\u0142y znakomity kolarz, kt\u00f3ry Tour de France b\u0119dzie komentowa\u0142 w Eurosporcie.<\/p>\n<p>Sporo w tegorocznej Wielkiej P\u0119tli mog\u0105 namiesza\u0107 r\u00f3wnie\u017c Romain Bardet (Ag2r La Mondiale), Vincenzo Nibali (Bahrain-Merida), czy Richie Porte (BMC Racing). Debiut w najwi\u0119kszym wy\u015bcigu \u015bwiata zaliczy za to 34-letni Tomasz Marczy\u0144ski (Lotto Soudal), kt\u00f3ry bardzo dobrze spisa\u0142 si\u0119 w ubieg\u0142orocznym Vuelta a Espana.<\/p>\n<p>Tegoroczna Wielka P\u0119tla zaczyna si\u0119 7 lipca etapem Noirmoutier-en-l&#8217;\u00cele do Fontenay-le-Comte, a zako\u0144czy si\u0119 trzy tygodnie p\u00f3\u017aniej, tradycyjnie na Polach Elizejskich.<\/p>\n","protected":false},"excerpt":{"rendered":"<p>Sk\u0142ady niemal gotowe, liderzy wyznaczeni, wi\u0119c czas na ko\u0144cowe odliczanie. Ju\u017c 7 lipca startuje Tour de France! Kto b\u0119dzie faworytem? [&hellip;]<\/p>\n","protected":false},"author":76,"featured_media":7272,"comment_status":"open","ping_status":"open","sticky":false,"template":"","format":"standard","meta":{"footnotes":""},"categories":[226],"tags":[265,267,266,212],"global-categories":[],"class_list":["post-7269","post","type-post","status-publish","format-standard","has-post-thumbnail","hentry","category-ciekawostki","tag-druzyny","tag-sklad","tag-team","tag-tour-de-france-2018"],"yoast_head":"<!-- This site is optimized with the Yoast SEO Premium plugin v25.3 (Yoast SEO v25.9) - https:\/\/yoast.com\/wordpress\/plugins\/seo\/ -->\n<title>\u201ePolska\u201d grupa buduje napi\u0119cie przed Tour de France - \u0160koda We Love Cycling - Poland<\/title>\n<meta name=\"robots\" content=\"index, follow, max-snippet:-1, max-image-preview:large, max-video-preview:-1\" \/>\n<link rel=\"canonical\" href=\"https:\/\/www.welovecycling.com\/pl\/2018\/06\/29\/polska-grupa-buduje-napiecie-przed-tour-de-france\/\" \/>\n<meta property=\"og:locale\" content=\"pl_PL\" \/>\n<meta property=\"og:type\" content=\"article\" \/>\n<meta property=\"og:title\" content=\"\u201ePolska\u201d grupa buduje napi\u0119cie przed Tour de France\" \/>\n<meta property=\"og:description\" content=\"Sk\u0142ady niemal gotowe, liderzy wyznaczeni, wi\u0119c czas na ko\u0144cowe odliczanie. Ju\u017c 7 lipca startuje Tour de France! Kto b\u0119dzie faworytem? [&hellip;]\" \/>\n<meta property=\"og:url\" content=\"https:\/\/www.welovecycling.com\/pl\/2018\/06\/29\/polska-grupa-buduje-napiecie-przed-tour-de-france\/\" \/>\n<meta property=\"og:site_name\" content=\"\u0160koda We Love Cycling - Poland\" \/>\n<meta property=\"article:published_time\" content=\"2018-06-29T09:31:21+00:00\" \/>\n<meta property=\"og:image\" content=\"https:\/\/d2p6e6u75xmxt8.cloudfront.net\/5\/2018\/06\/shutterstock_683479321-1024x725.jpg\" \/>\n\t<meta property=\"og:image:width\" content=\"1024\" \/>\n\t<meta property=\"og:image:height\" content=\"725\" \/>\n\t<meta property=\"og:image:type\" content=\"image\/jpeg\" \/>\n<meta name=\"author\" content=\"piotrboczkowski\" \/>\n<meta name=\"twitter:card\" content=\"summary_large_image\" \/>\n<meta name=\"twitter:label1\" content=\"Written by\" \/>\n\t<meta name=\"twitter:data1\" content=\"Piotr Jawor\" \/>\n\t<meta name=\"twitter:label2\" content=\"Est. reading time\" \/>\n\t<meta name=\"twitter:data2\" content=\"5 minutes\" \/>\n<script type=\"application\/ld+json\" class=\"yoast-schema-graph\">{\"@context\":\"https:\/\/schema.org\",\"@graph\":[{\"@type\":\"WebPage\",\"@id\":\"https:\/\/www.welovecycling.com\/pl\/2018\/06\/29\/polska-grupa-buduje-napiecie-przed-tour-de-france\/\",\"url\":\"https:\/\/www.welovecycling.com\/pl\/2018\/06\/29\/polska-grupa-buduje-napiecie-przed-tour-de-france\/\",\"name\":\"\u201ePolska\u201d grupa buduje napi\u0119cie przed Tour de France - \u0160koda We Love Cycling - Poland\",\"isPartOf\":{\"@id\":\"https:\/\/www.welovecycling.com\/pl\/#website\"},\"primaryImageOfPage\":{\"@id\":\"https:\/\/www.welovecycling.com\/pl\/2018\/06\/29\/polska-grupa-buduje-napiecie-przed-tour-de-france\/#primaryimage\"},\"image\":{\"@id\":\"https:\/\/www.welovecycling.com\/pl\/2018\/06\/29\/polska-grupa-buduje-napiecie-przed-tour-de-france\/#primaryimage\"},\"thumbnailUrl\":\"https:\/\/d2p6e6u75xmxt8.cloudfront.net\/5\/2018\/06\/shutterstock_683479321.jpg\",\"datePublished\":\"2018-06-29T09:31:21+00:00\",\"author\":{\"@id\":\"https:\/\/www.welovecycling.com\/pl\/#\/schema\/person\/0dba2d39da943db9df3fd8f4687e7f23\"},\"breadcrumb\":{\"@id\":\"https:\/\/www.welovecycling.com\/pl\/2018\/06\/29\/polska-grupa-buduje-napiecie-przed-tour-de-france\/#breadcrumb\"},\"inLanguage\":\"pl-PL\",\"potentialAction\":[{\"@type\":\"ReadAction\",\"target\":[\"https:\/\/www.welovecycling.com\/pl\/2018\/06\/29\/polska-grupa-buduje-napiecie-przed-tour-de-france\/\"]}]},{\"@type\":\"ImageObject\",\"inLanguage\":\"pl-PL\",\"@id\":\"https:\/\/www.welovecycling.com\/pl\/2018\/06\/29\/polska-grupa-buduje-napiecie-przed-tour-de-france\/#primaryimage\",\"url\":\"https:\/\/d2p6e6u75xmxt8.cloudfront.net\/5\/2018\/06\/shutterstock_683479321.jpg\",\"contentUrl\":\"https:\/\/d2p6e6u75xmxt8.cloudfront.net\/5\/2018\/06\/shutterstock_683479321.jpg\",\"width\":3586,\"height\":2540},{\"@type\":\"BreadcrumbList\",\"@id\":\"https:\/\/www.welovecycling.com\/pl\/2018\/06\/29\/polska-grupa-buduje-napiecie-przed-tour-de-france\/#breadcrumb\",\"itemListElement\":[{\"@type\":\"ListItem\",\"position\":1,\"name\":\"Home\",\"item\":\"https:\/\/www.welovecycling.com\/pl\/\"},{\"@type\":\"ListItem\",\"position\":2,\"name\":\"\u201ePolska\u201d grupa buduje napi\u0119cie przed Tour de France\"}]},{\"@type\":\"WebSite\",\"@id\":\"https:\/\/www.welovecycling.com\/pl\/#website\",\"url\":\"https:\/\/www.welovecycling.com\/pl\/\",\"name\":\"\u0160koda We Love Cycling - Poland\",\"description\":\"\",\"potentialAction\":[{\"@type\":\"SearchAction\",\"target\":{\"@type\":\"EntryPoint\",\"urlTemplate\":\"https:\/\/www.welovecycling.com\/pl\/?s={search_term_string}\"},\"query-input\":{\"@type\":\"PropertyValueSpecification\",\"valueRequired\":true,\"valueName\":\"search_term_string\"}}],\"inLanguage\":\"pl-PL\"},{\"@type\":\"Person\",\"@id\":\"https:\/\/www.welovecycling.com\/pl\/#\/schema\/person\/0dba2d39da943db9df3fd8f4687e7f23\",\"name\":\"piotrboczkowski\",\"image\":{\"@type\":\"ImageObject\",\"inLanguage\":\"pl-PL\",\"@id\":\"https:\/\/www.welovecycling.com\/pl\/#\/schema\/person\/image\/\",\"url\":\"https:\/\/secure.gravatar.com\/avatar\/533caccae14752e03a2ce2d3fd62d1b98b93e1393c3195c27819e53344ca1ace?s=96&d=mm&r=g\",\"contentUrl\":\"https:\/\/secure.gravatar.com\/avatar\/533caccae14752e03a2ce2d3fd62d1b98b93e1393c3195c27819e53344ca1ace?s=96&d=mm&r=g\",\"caption\":\"piotrboczkowski\"},\"url\":\"https:\/\/www.welovecycling.com\/pl\/author\/piotrboczkowski\/\"}]}<\/script>\n<!-- \/ Yoast SEO Premium plugin. -->","yoast_head_json":{"title":"\u201ePolska\u201d grupa buduje napi\u0119cie przed Tour de France - \u0160koda We Love Cycling - Poland","robots":{"index":"index","follow":"follow","max-snippet":"max-snippet:-1","max-image-preview":"max-image-preview:large","max-video-preview":"max-video-preview:-1"},"canonical":"https:\/\/www.welovecycling.com\/pl\/2018\/06\/29\/polska-grupa-buduje-napiecie-przed-tour-de-france\/","og_locale":"pl_PL","og_type":"article","og_title":"\u201ePolska\u201d grupa buduje napi\u0119cie przed Tour de France","og_description":"Sk\u0142ady niemal gotowe, liderzy wyznaczeni, wi\u0119c czas na ko\u0144cowe odliczanie. Ju\u017c 7 lipca startuje Tour de France! Kto b\u0119dzie faworytem? [&hellip;]","og_url":"https:\/\/www.welovecycling.com\/pl\/2018\/06\/29\/polska-grupa-buduje-napiecie-przed-tour-de-france\/","og_site_name":"\u0160koda We Love Cycling - Poland","article_published_time":"2018-06-29T09:31:21+00:00","og_image":[{"width":1024,"height":725,"url":"https:\/\/d2p6e6u75xmxt8.cloudfront.net\/5\/2018\/06\/shutterstock_683479321-1024x725.jpg","type":"image\/jpeg"}],"author":"piotrboczkowski","twitter_card":"summary_large_image","twitter_misc":{"Written by":"Piotr Jawor","Est. reading time":"5 minutes"},"schema":{"@context":"https:\/\/schema.org","@graph":[{"@type":"WebPage","@id":"https:\/\/www.welovecycling.com\/pl\/2018\/06\/29\/polska-grupa-buduje-napiecie-przed-tour-de-france\/","url":"https:\/\/www.welovecycling.com\/pl\/2018\/06\/29\/polska-grupa-buduje-napiecie-przed-tour-de-france\/","name":"\u201ePolska\u201d grupa buduje napi\u0119cie przed Tour de France - \u0160koda We Love Cycling - Poland","isPartOf":{"@id":"https:\/\/www.welovecycling.com\/pl\/#website"},"primaryImageOfPage":{"@id":"https:\/\/www.welovecycling.com\/pl\/2018\/06\/29\/polska-grupa-buduje-napiecie-przed-tour-de-france\/#primaryimage"},"image":{"@id":"https:\/\/www.welovecycling.com\/pl\/2018\/06\/29\/polska-grupa-buduje-napiecie-przed-tour-de-france\/#primaryimage"},"thumbnailUrl":"https:\/\/d2p6e6u75xmxt8.cloudfront.net\/5\/2018\/06\/shutterstock_683479321.jpg","datePublished":"2018-06-29T09:31:21+00:00","author":{"@id":"https:\/\/www.welovecycling.com\/pl\/#\/schema\/person\/0dba2d39da943db9df3fd8f4687e7f23"},"breadcrumb":{"@id":"https:\/\/www.welovecycling.com\/pl\/2018\/06\/29\/polska-grupa-buduje-napiecie-przed-tour-de-france\/#breadcrumb"},"inLanguage":"pl-PL","potentialAction":[{"@type":"ReadAction","target":["https:\/\/www.welovecycling.com\/pl\/2018\/06\/29\/polska-grupa-buduje-napiecie-przed-tour-de-france\/"]}]},{"@type":"ImageObject","inLanguage":"pl-PL","@id":"https:\/\/www.welovecycling.com\/pl\/2018\/06\/29\/polska-grupa-buduje-napiecie-przed-tour-de-france\/#primaryimage","url":"https:\/\/d2p6e6u75xmxt8.cloudfront.net\/5\/2018\/06\/shutterstock_683479321.jpg","contentUrl":"https:\/\/d2p6e6u75xmxt8.cloudfront.net\/5\/2018\/06\/shutterstock_683479321.jpg","width":3586,"height":2540},{"@type":"BreadcrumbList","@id":"https:\/\/www.welovecycling.com\/pl\/2018\/06\/29\/polska-grupa-buduje-napiecie-przed-tour-de-france\/#breadcrumb","itemListElement":[{"@type":"ListItem","position":1,"name":"Home","item":"https:\/\/www.welovecycling.com\/pl\/"},{"@type":"ListItem","position":2,"name":"\u201ePolska\u201d grupa buduje napi\u0119cie przed Tour de France"}]},{"@type":"WebSite","@id":"https:\/\/www.welovecycling.com\/pl\/#website","url":"https:\/\/www.welovecycling.com\/pl\/","name":"\u0160koda We Love Cycling - Poland","description":"","potentialAction":[{"@type":"SearchAction","target":{"@type":"EntryPoint","urlTemplate":"https:\/\/www.welovecycling.com\/pl\/?s={search_term_string}"},"query-input":{"@type":"PropertyValueSpecification","valueRequired":true,"valueName":"search_term_string"}}],"inLanguage":"pl-PL"},{"@type":"Person","@id":"https:\/\/www.welovecycling.com\/pl\/#\/schema\/person\/0dba2d39da943db9df3fd8f4687e7f23","name":"piotrboczkowski","image":{"@type":"ImageObject","inLanguage":"pl-PL","@id":"https:\/\/www.welovecycling.com\/pl\/#\/schema\/person\/image\/","url":"https:\/\/secure.gravatar.com\/avatar\/533caccae14752e03a2ce2d3fd62d1b98b93e1393c3195c27819e53344ca1ace?s=96&d=mm&r=g","contentUrl":"https:\/\/secure.gravatar.com\/avatar\/533caccae14752e03a2ce2d3fd62d1b98b93e1393c3195c27819e53344ca1ace?s=96&d=mm&r=g","caption":"piotrboczkowski"},"url":"https:\/\/www.welovecycling.com\/pl\/author\/piotrboczkowski\/"}]}},"_links":{"self":[{"href":"https:\/\/www.welovecycling.com\/pl\/wp-json\/wp\/v2\/posts\/7269","targetHints":{"allow":["GET"]}}],"collection":[{"href":"https:\/\/www.welovecycling.com\/pl\/wp-json\/wp\/v2\/posts"}],"about":[{"href":"https:\/\/www.welovecycling.com\/pl\/wp-json\/wp\/v2\/types\/post"}],"author":[{"embeddable":true,"href":"https:\/\/www.welovecycling.com\/pl\/wp-json\/wp\/v2\/users\/76"}],"replies":[{"embeddable":true,"href":"https:\/\/www.welovecycling.com\/pl\/wp-json\/wp\/v2\/comments?post=7269"}],"version-history":[{"count":1,"href":"https:\/\/www.welovecycling.com\/pl\/wp-json\/wp\/v2\/posts\/7269\/revisions"}],"predecessor-version":[{"id":7271,"href":"https:\/\/www.welovecycling.com\/pl\/wp-json\/wp\/v2\/posts\/7269\/revisions\/7271"}],"wp:featuredmedia":[{"embeddable":true,"href":"https:\/\/www.welovecycling.com\/pl\/wp-json\/wp\/v2\/media\/7272"}],"wp:attachment":[{"href":"https:\/\/www.welovecycling.com\/pl\/wp-json\/wp\/v2\/media?parent=7269"}],"wp:term":[{"taxonomy":"category","embeddable":true,"href":"https:\/\/www.welovecycling.com\/pl\/wp-json\/wp\/v2\/categories?post=7269"},{"taxonomy":"post_tag","embeddable":true,"href":"https:\/\/www.welovecycling.com\/pl\/wp-json\/wp\/v2\/tags?post=7269"},{"taxonomy":"global-categories","embeddable":true,"href":"https:\/\/www.welovecycling.com\/pl\/wp-json\/wp\/v2\/global-categories?post=7269"}],"curies":[{"name":"wp","href":"https:\/\/api.w.org\/{rel}","templated":true}]}}