{"id":7265,"date":"2018-06-28T15:53:31","date_gmt":"2018-06-28T15:53:31","guid":{"rendered":"https:\/\/www.welovecycling.com\/pl\/?p=7265"},"modified":"2018-07-16T09:31:33","modified_gmt":"2018-07-16T09:31:33","slug":"baranowski-na-tegorocznym-tour-de-france-bedzie-sie-dzialo","status":"publish","type":"post","link":"https:\/\/www.welovecycling.com\/pl\/2018\/06\/28\/baranowski-na-tegorocznym-tour-de-france-bedzie-sie-dzialo\/","title":{"rendered":"Baranowski: Na tegorocznym Tour de France b\u0119dzie si\u0119 dzia\u0142o!"},"content":{"rendered":"<p><strong>&#8211; <\/strong>Teraz Tour de France zajmuje mi wi\u0119cej czasu ni\u017c jak si\u0119 \u015bciga\u0142em \u2013 u\u015bmiecha si\u0119 Dariusz Baranowski. By\u0142y znakomity kolarz w specjalnym wywiadzie dla We Love Cycling opowiada o pracy komentatora, szansach Polak\u00f3w i najciekawiej zapowiadaj\u0105cych si\u0119 etapach tegorocznej Wielkiej P\u0119tli.<\/p>\n<p><strong>Tour de France startuje 7 lipca. \u017byje Pan ju\u017c tym wy\u015bcigiem?<\/strong><\/p>\n<p>&#8211; Tak, wszystko analizuj\u0119, jakbym sam mia\u0142 startowa\u0107 (\u015bmiech). Rozpisa\u0142em tras\u0119 na etapy p\u0142askie, g\u00f3rskie, pag\u00f3rkowate; kluczowe, wa\u017cne, mniej wa\u017cne\u2026 Dzi\u0119ki temu wiem, co czeka kolarzy.<\/p>\n<p><strong>I ju\u017c teraz mo\u017ce Pan przewidzie\u0107, jaki b\u0119dzie ten Tour de France?<\/strong><\/p>\n<p>&#8211; Na pewno emocjonuj\u0105cy. Nie ma jednego etapu, kt\u00f3ry wszystko rozstrzygnie. Nie b\u0119dziemy czekali na jeden wyj\u0105tkowy dzie\u0144, bo jest kilka etap\u00f3w, na kt\u00f3rych klasyfikacja generalna mo\u017ce si\u0119 wywr\u00f3ci\u0107 do g\u00f3ry nogami. B\u0119dzie si\u0119 dzia\u0142o!<\/p>\n<p><strong>Jak d\u0142ugo przygotowuje si\u0119 Pan do komentowania ka\u017cdego dnia wy\u015bcigu?<\/strong><\/p>\n<p>&#8211; Wracam do domu po etapie i wieczorem godzin\u0119 po\u015bwi\u0119cam kolejnemu. Analizuj\u0119 wy\u015bcig, sprawdzam czego mog\u0119 si\u0119 spodziewa\u0107 nazajutrz, czytam, co powiedzieli kolarze. Szukam ciekawostek, kt\u00f3rych na antenie nie by\u0142o wida\u0107. Czasem schodzi mi na to i ze dwie godziny. Nazajutrz wyje\u017cd\u017cam z domu trzy godziny przed wy\u015bcigiem, wi\u0119c jakie\u015b p\u00f3\u0142torej godziny przed wej\u015bciem na anten\u0119 jestem w siedzibie Eurosportu i na spokojnie jeszcze si\u0119 przygotowuj\u0119. Teraz Tour de France zajmuje mi wi\u0119cej czasu ni\u017c jak si\u0119 \u015bciga\u0142em (\u015bmiech). Wtedy by\u0142a tylko jazda, a p\u00f3\u017aniej masa\u017c i relaks. Teraz troch\u0119 trzeba przy tym posiedzie\u0107.<\/p>\n<p><strong>Paradoksalnie, podczas Tour de France, mo\u017ce zabrakn\u0105\u0107 Panu czasu na jazd\u0119 na rowerze.<\/strong><\/p>\n<p>&#8211; To ca\u0142y czas moja wielka pasja i kiedy mog\u0119, to je\u017cd\u017c\u0119. Od czasu do czasu bior\u0119 te\u017c udzia\u0142 w amatorskich imprezach, by poczu\u0107 troszk\u0119 rywalizacji. Na miejscach mi nie zale\u017cy, ale \u015bciga\u0107 si\u0119 lubi\u0119. Adrenalinka, start,\u00a0 ale wszystko z u\u015bmiechem. Podczas Wielkiej P\u0119tli jednak rzeczywi\u015bcie czasu na to b\u0119dzie niewiele.<\/p>\n<p><strong>Nie mia\u0142 Pan kiedy\u015b szalonego pomys\u0142u, by do siedziby Eurosportu na komentowanie Tour de France doje\u017cd\u017ca\u0107 rowerem?<\/strong><\/p>\n<p>&#8211; Nie, z mojego G\u0142owna, czyli okolic \u0141odzi, do Warszawy jest jakie\u015b 110 km, ale to nie jest dobra trasa na rower. Bocznymi drogami da\u0142oby si\u0119 dojecha\u0107, ale to jednak troch\u0119 za daleko. Gdyby to by\u0142o 30-40 km, to pewnie kilka razy bym si\u0119 na rower skusi\u0142.<\/p>\n<p><strong>Czego Pan si\u0119 spodziewa po polskich zawodnikach podczas Wielkiej P\u0119tli?<\/strong><\/p>\n<p>&#8211; Jedzie ich pi\u0119ciu, a to niez\u0142y wynik. W klasyfikacji generalnej b\u0119dziemy liczyli na Rafa\u0142a Majk\u0119. Chcia\u0142bym, \u017ceby by\u0142 w pierwszej \u201e10\u201d i p\u00f3\u017aniej patrzymy co wi\u0119cej da si\u0119 osi\u0105gn\u0105\u0107. Wiem, \u017ce Rafa\u0142 pragnie podium i bardzo mocno si\u0119 przygotowuje, ale pierwsza tr\u00f3jka to szalenie trudne zadanie. Konkurencja w tym roku jest bardzo mocna, ale b\u0119dziemy trzymali kciuki. Mo\u017ce te\u017c pokusi si\u0119 o wygranie jakie\u015b etapu\u2026 Klasyfikacja g\u00f3rska? Je\u015bli powalczy w klasyfikacji generalnej, to g\u00f3rsk\u0105 b\u0119dzie mu bardzo ci\u0119\u017cko wygra\u0107. Te dwie klasyfikacje trudno pogodzi\u0107.<\/p>\n<p><strong>A co z Micha\u0142em Kwiatkowskim, kt\u00f3ry ma pomaga\u0107 Chrisowi Froome\u2019owi?<\/strong><\/p>\n<p><strong>&#8211;<\/strong> Rok temu wspiera\u0142 go niesamowicie i teraz pewnie dostanie podobne zadanie. Micha\u0142 jest w bardzo wysokiej formie, wi\u0119c przy dobrych wiatrach mo\u017ce uda mu si\u0119 wygra\u0107 etap?<\/p>\n<p>Z kolei Maciej Bodnar ma pracowa\u0107 dla Petera Sagana i Rafa\u0142a Majki, podobnie jak Pawe\u0142 Polja\u0144ski. Z kolei przypuszczam, \u017ce Tomek Marczy\u0144ski otrzyma woln\u0105 r\u0119k\u0119 i mo\u017ce &#8211; tak jak podczas Vuelta a Espana &#8211; pokusi si\u0119 o wygranie kt\u00f3rego\u015b etapu? Polak\u00f3w mamy dobrych, wi\u0119c podczas Tour de France powinni by\u0107 widoczni.<\/p>\n<p><strong>Froome walczy o pi\u0105t\u0105 wygran\u0105 w Wielkiej P\u0119tli, czyli przej\u015bcie do historii. Uda mu si\u0119?<\/strong><\/p>\n<p>&#8211; Ma du\u017ce szanse, cho\u0107 trudno powiedzie\u0107 jak jego organizm zareaguje po ci\u0119\u017ckim Giro d\u2019Italia. Ca\u0142y czas odpoczywa, ale oczywi\u015bcie nie le\u017c\u0105c na pla\u017cy, tylko trenuj\u0105c. Ostatnio nie startowa\u0142 jednak w \u017cadnym wy\u015bcigu, wi\u0119c trudno powiedzie\u0107, w jakiej jest dyspozycji.<\/p>\n<p>Ja w tym roku b\u0119d\u0119 trzyma\u0142 kciuki za NairoQuintan\u0119 z Movistaru. W tej dru\u017cynie sam je\u017adzi\u0142em przez cztery lata, poza tym chcia\u0142bym, \u017ceby to w\u0142a\u015bnie on pokona\u0142 Froome\u2019a.<\/p>\n<p><strong>Movistar ma bardzo mocny zesp\u00f3\u0142, w kt\u00f3rym jest a\u017c trzech kandydat\u00f3w na lidera: Quintana, Mikel Landa i Alejandro Valverde.<\/strong><\/p>\n<p>&#8211; Dla mnie bez dw\u00f3ch zda\u0144 b\u0119dzie nim Quintana. Wszyscy s\u0105 bardzo mocnymi kolarzami, ale Valverde i Landa od pocz\u0105tku wiedz\u0105, jakie maj\u0105 zadanie. Cho\u0107 oczywi\u015bcie wy\u015bcig mo\u017ce si\u0119 r\u00f3\u017cnie u\u0142o\u017cy\u0107.<\/p>\n<p><strong>Ma Pan typ, na kt\u00f3rych etapach mo\u017ce rozstrzygn\u0105\u0107 si\u0119 tegoroczny Tour de France?<\/strong><\/p>\n<p>&#8211; Jest kilka trudnych&#8230; Nie chc\u0119 wchodzi\u0107 w szczeg\u00f3\u0142ow\u0105 analiz\u0119, ale na pewno nie mo\u017cna zlekcewa\u017cy\u0107 etapu brukowanego [9. etap \u2013 przyp. red.], kt\u00f3ry wed\u0142ug mnie jest niepotrzebny. Wielka P\u0119tla to s\u0105 g\u00f3ry, mety na szczytach, walka w Pirenejach, walka w Alpach, ale nie na brukach. Ja bym tak trudnego etapu podczas Tour de France nie robi\u0142, ale jednak b\u0119dzie on bardzo wa\u017cny, bo wiele mo\u017ce si\u0119 tam wydarzy\u0107.<\/p>\n<p>Podobnie jak na dw\u00f3ch etapach alpejskich, czyli 11. i 12. Szczeg\u00f3lnie ten drugi wydaje si\u0119 istotny, gdy zm\u0119czenie zacznie si\u0119 kumulowa\u0107 w nogach, a zawodnicy b\u0119d\u0105 musieli stawi\u0107 czo\u0142a masakrycznie ci\u0119\u017ckim g\u00f3rom z d\u0142ugimi i stromymi podjazdami. Nikt s\u0142aby i nieprzygotowany 12. etapu z dobrym czasem nie przejedzie.<\/p>\n<p>Ciekawie zapowiada si\u0119 te\u017c ostatni tydzie\u0144, czyli jazda w Pirenejach. Bardzo du\u017co m\u00f3wi si\u0119 o 17. etapie, kt\u00f3ry ma zaledwie 65 kilometr\u00f3w. Kolarze b\u0119d\u0105 ustawiani na starcie w sektorach, zgodnie z klasyfikacj\u0105 generaln\u0105, czyli liderzy z przodu, a ich pomocnicy z ty\u0142u, w zale\u017cno\u015bci od miejsca. Do pokonania maj\u0105 a\u017c trzy prze\u0142\u0119cze, a wszystko zako\u0144czone met\u0105 w Saint-Lary-Soulan, gdzie Rafa\u0142 Majka wygra\u0142 w 2014 r., a Zenon Jasku\u0142a w 1993 r. To b\u0119dzie eksplozja! Kr\u00f3tki etap, ale trzy wielkie prze\u0142\u0119cze i meta na szczycie.<\/p>\n<p>I na deser 20. etap, czyli czas\u00f3wka. 30 kilometr\u00f3w, ale dosy\u0107 trudnych \u2013 g\u00f3ra, d\u00f3\u0142, g\u00f3ra, d\u00f3\u0142, z kilometrowym podjazdem przed met\u0105.<\/p>\n<p><strong>Tyle pasjonuj\u0105cych etap\u00f3w, a Pana tam nie b\u0119dzie\u2026 Nie \u017ca\u0142uje Pan czasem, \u017ce nie jest na miejscu?<\/strong><\/p>\n<p>&#8211; Kiedy\u015b na pewno pojad\u0119. Na Tour de France by\u0142em jako kolarz, a chcia\u0142bym zobaczy\u0107 ten wy\u015bcig z innej strony. Szczerze m\u00f3wi\u0105c, to nawet mia\u0142em jecha\u0107 w tym roku\u2026 Tegoroczna edycja Wielkiej P\u0119tli b\u0119dzie wyj\u0105tkowa dla polskich kibic\u00f3w, bo w Eurosporcie w ca\u0142o\u015bci transmitujemy j\u0105 w tzw. polskim oknie. To znaczy, \u017ce wysy\u0142amy swojego reportera, kamer\u0119, a tak\u017ce ca\u0142\u0105 ekip\u0119. Ja mia\u0142em jecha\u0107 jako ekspert, ale jednak b\u0119d\u0119 komentowa\u0142 z Warszawy z Tomkiem Jaro\u0144skim, za to do Francji wybieraj\u0105 si\u0119 Adam Probosz i Bartek Huzarski.<\/p>\n<p>Przed ka\u017cdym etapem kwadrans w Eurosporcie b\u0119dzie typowo polski, czyli rozmowy z naszymi zawodnikami, cz\u0142onkami ekip itd. Liczymy te\u017c na \u0142\u0105czenia w czasie etap\u00f3w, a zaraz po wy\u015bcigu b\u0119dziemy mieli kolejny polski kwadrans, czyli nasi ludzie wy\u0142api\u0105 z peletonu polskich kolarzy. Do tego w ka\u017cd\u0105 sobot\u0119 i niedziel\u0119 mamy te\u017c nasze studio Eurosportu przed i po etapach, gdzie b\u0119d\u0105 zapraszani go\u015bcie, np. Lech Piasecki czy Zenon Jasku\u0142a. Dla polskiego kibica zapowiada si\u0119 sporo ciekawych rzeczy. Takiego przedsi\u0119wzi\u0119cia w historii polskiego Eurosportu jeszcze nie by\u0142o, wi\u0119c pod tym wzgl\u0119dem tegoroczny Tour de France dla polskich kibic\u00f3w na pewno b\u0119dzie wyj\u0105tkowy!<\/p>\n","protected":false},"excerpt":{"rendered":"<p>&#8211; Teraz Tour de France zajmuje mi wi\u0119cej czasu ni\u017c jak si\u0119 \u015bciga\u0142em \u2013 u\u015bmiecha si\u0119 Dariusz Baranowski. By\u0142y znakomity [&hellip;]<\/p>\n","protected":false},"author":76,"featured_media":7382,"comment_status":"open","ping_status":"open","sticky":false,"template":"","format":"standard","meta":{"footnotes":""},"categories":[226],"tags":[199],"global-categories":[],"class_list":["post-7265","post","type-post","status-publish","format-standard","has-post-thumbnail","hentry","category-ciekawostki","tag-dariusz-baranowski"],"yoast_head":"<!-- This site is optimized with the Yoast SEO Premium plugin v25.3 (Yoast SEO v25.9) - https:\/\/yoast.com\/wordpress\/plugins\/seo\/ -->\n<title>Baranowski: Na tegorocznym Tour de France b\u0119dzie si\u0119 dzia\u0142o! - \u0160koda We Love Cycling - Poland<\/title>\n<meta name=\"robots\" content=\"index, follow, max-snippet:-1, max-image-preview:large, max-video-preview:-1\" \/>\n<link rel=\"canonical\" href=\"https:\/\/www.welovecycling.com\/pl\/2018\/06\/28\/baranowski-na-tegorocznym-tour-de-france-bedzie-sie-dzialo\/\" \/>\n<meta property=\"og:locale\" content=\"pl_PL\" \/>\n<meta property=\"og:type\" content=\"article\" \/>\n<meta property=\"og:title\" content=\"Baranowski: Na tegorocznym Tour de France b\u0119dzie si\u0119 dzia\u0142o!\" \/>\n<meta property=\"og:description\" content=\"&#8211; Teraz Tour de France zajmuje mi wi\u0119cej czasu ni\u017c jak si\u0119 \u015bciga\u0142em \u2013 u\u015bmiecha si\u0119 Dariusz Baranowski. By\u0142y znakomity [&hellip;]\" \/>\n<meta property=\"og:url\" content=\"https:\/\/www.welovecycling.com\/pl\/2018\/06\/28\/baranowski-na-tegorocznym-tour-de-france-bedzie-sie-dzialo\/\" \/>\n<meta property=\"og:site_name\" content=\"\u0160koda We Love Cycling - Poland\" \/>\n<meta property=\"article:published_time\" content=\"2018-06-28T15:53:31+00:00\" \/>\n<meta property=\"article:modified_time\" content=\"2018-07-16T09:31:33+00:00\" \/>\n<meta property=\"og:image\" content=\"https:\/\/d2p6e6u75xmxt8.cloudfront.net\/5\/2018\/06\/Baranowski-1.jpg\" \/>\n\t<meta property=\"og:image:width\" content=\"788\" \/>\n\t<meta property=\"og:image:height\" content=\"444\" \/>\n\t<meta property=\"og:image:type\" content=\"image\/jpeg\" \/>\n<meta name=\"author\" content=\"piotrboczkowski\" \/>\n<meta name=\"twitter:card\" content=\"summary_large_image\" \/>\n<meta name=\"twitter:label1\" content=\"Written by\" \/>\n\t<meta name=\"twitter:data1\" content=\"Piotr Jawor\" \/>\n\t<meta name=\"twitter:label2\" content=\"Est. reading time\" \/>\n\t<meta name=\"twitter:data2\" content=\"6 minutes\" \/>\n<script type=\"application\/ld+json\" class=\"yoast-schema-graph\">{\"@context\":\"https:\/\/schema.org\",\"@graph\":[{\"@type\":\"WebPage\",\"@id\":\"https:\/\/www.welovecycling.com\/pl\/2018\/06\/28\/baranowski-na-tegorocznym-tour-de-france-bedzie-sie-dzialo\/\",\"url\":\"https:\/\/www.welovecycling.com\/pl\/2018\/06\/28\/baranowski-na-tegorocznym-tour-de-france-bedzie-sie-dzialo\/\",\"name\":\"Baranowski: Na tegorocznym Tour de France b\u0119dzie si\u0119 dzia\u0142o! - \u0160koda We Love Cycling - Poland\",\"isPartOf\":{\"@id\":\"https:\/\/www.welovecycling.com\/pl\/#website\"},\"primaryImageOfPage\":{\"@id\":\"https:\/\/www.welovecycling.com\/pl\/2018\/06\/28\/baranowski-na-tegorocznym-tour-de-france-bedzie-sie-dzialo\/#primaryimage\"},\"image\":{\"@id\":\"https:\/\/www.welovecycling.com\/pl\/2018\/06\/28\/baranowski-na-tegorocznym-tour-de-france-bedzie-sie-dzialo\/#primaryimage\"},\"thumbnailUrl\":\"https:\/\/d2p6e6u75xmxt8.cloudfront.net\/5\/2018\/06\/Baranowski-1.jpg\",\"datePublished\":\"2018-06-28T15:53:31+00:00\",\"dateModified\":\"2018-07-16T09:31:33+00:00\",\"author\":{\"@id\":\"https:\/\/www.welovecycling.com\/pl\/#\/schema\/person\/0dba2d39da943db9df3fd8f4687e7f23\"},\"breadcrumb\":{\"@id\":\"https:\/\/www.welovecycling.com\/pl\/2018\/06\/28\/baranowski-na-tegorocznym-tour-de-france-bedzie-sie-dzialo\/#breadcrumb\"},\"inLanguage\":\"pl-PL\",\"potentialAction\":[{\"@type\":\"ReadAction\",\"target\":[\"https:\/\/www.welovecycling.com\/pl\/2018\/06\/28\/baranowski-na-tegorocznym-tour-de-france-bedzie-sie-dzialo\/\"]}]},{\"@type\":\"ImageObject\",\"inLanguage\":\"pl-PL\",\"@id\":\"https:\/\/www.welovecycling.com\/pl\/2018\/06\/28\/baranowski-na-tegorocznym-tour-de-france-bedzie-sie-dzialo\/#primaryimage\",\"url\":\"https:\/\/d2p6e6u75xmxt8.cloudfront.net\/5\/2018\/06\/Baranowski-1.jpg\",\"contentUrl\":\"https:\/\/d2p6e6u75xmxt8.cloudfront.net\/5\/2018\/06\/Baranowski-1.jpg\",\"width\":788,\"height\":444},{\"@type\":\"BreadcrumbList\",\"@id\":\"https:\/\/www.welovecycling.com\/pl\/2018\/06\/28\/baranowski-na-tegorocznym-tour-de-france-bedzie-sie-dzialo\/#breadcrumb\",\"itemListElement\":[{\"@type\":\"ListItem\",\"position\":1,\"name\":\"Home\",\"item\":\"https:\/\/www.welovecycling.com\/pl\/\"},{\"@type\":\"ListItem\",\"position\":2,\"name\":\"Baranowski: Na tegorocznym Tour de France b\u0119dzie si\u0119 dzia\u0142o!\"}]},{\"@type\":\"WebSite\",\"@id\":\"https:\/\/www.welovecycling.com\/pl\/#website\",\"url\":\"https:\/\/www.welovecycling.com\/pl\/\",\"name\":\"\u0160koda We Love Cycling - Poland\",\"description\":\"\",\"potentialAction\":[{\"@type\":\"SearchAction\",\"target\":{\"@type\":\"EntryPoint\",\"urlTemplate\":\"https:\/\/www.welovecycling.com\/pl\/?s={search_term_string}\"},\"query-input\":{\"@type\":\"PropertyValueSpecification\",\"valueRequired\":true,\"valueName\":\"search_term_string\"}}],\"inLanguage\":\"pl-PL\"},{\"@type\":\"Person\",\"@id\":\"https:\/\/www.welovecycling.com\/pl\/#\/schema\/person\/0dba2d39da943db9df3fd8f4687e7f23\",\"name\":\"piotrboczkowski\",\"image\":{\"@type\":\"ImageObject\",\"inLanguage\":\"pl-PL\",\"@id\":\"https:\/\/www.welovecycling.com\/pl\/#\/schema\/person\/image\/\",\"url\":\"https:\/\/secure.gravatar.com\/avatar\/533caccae14752e03a2ce2d3fd62d1b98b93e1393c3195c27819e53344ca1ace?s=96&d=mm&r=g\",\"contentUrl\":\"https:\/\/secure.gravatar.com\/avatar\/533caccae14752e03a2ce2d3fd62d1b98b93e1393c3195c27819e53344ca1ace?s=96&d=mm&r=g\",\"caption\":\"piotrboczkowski\"},\"url\":\"https:\/\/www.welovecycling.com\/pl\/author\/piotrboczkowski\/\"}]}<\/script>\n<!-- \/ Yoast SEO Premium plugin. -->","yoast_head_json":{"title":"Baranowski: Na tegorocznym Tour de France b\u0119dzie si\u0119 dzia\u0142o! - \u0160koda We Love Cycling - Poland","robots":{"index":"index","follow":"follow","max-snippet":"max-snippet:-1","max-image-preview":"max-image-preview:large","max-video-preview":"max-video-preview:-1"},"canonical":"https:\/\/www.welovecycling.com\/pl\/2018\/06\/28\/baranowski-na-tegorocznym-tour-de-france-bedzie-sie-dzialo\/","og_locale":"pl_PL","og_type":"article","og_title":"Baranowski: Na tegorocznym Tour de France b\u0119dzie si\u0119 dzia\u0142o!","og_description":"&#8211; Teraz Tour de France zajmuje mi wi\u0119cej czasu ni\u017c jak si\u0119 \u015bciga\u0142em \u2013 u\u015bmiecha si\u0119 Dariusz Baranowski. By\u0142y znakomity [&hellip;]","og_url":"https:\/\/www.welovecycling.com\/pl\/2018\/06\/28\/baranowski-na-tegorocznym-tour-de-france-bedzie-sie-dzialo\/","og_site_name":"\u0160koda We Love Cycling - Poland","article_published_time":"2018-06-28T15:53:31+00:00","article_modified_time":"2018-07-16T09:31:33+00:00","og_image":[{"width":788,"height":444,"url":"https:\/\/d2p6e6u75xmxt8.cloudfront.net\/5\/2018\/06\/Baranowski-1.jpg","type":"image\/jpeg"}],"author":"piotrboczkowski","twitter_card":"summary_large_image","twitter_misc":{"Written by":"Piotr Jawor","Est. reading time":"6 minutes"},"schema":{"@context":"https:\/\/schema.org","@graph":[{"@type":"WebPage","@id":"https:\/\/www.welovecycling.com\/pl\/2018\/06\/28\/baranowski-na-tegorocznym-tour-de-france-bedzie-sie-dzialo\/","url":"https:\/\/www.welovecycling.com\/pl\/2018\/06\/28\/baranowski-na-tegorocznym-tour-de-france-bedzie-sie-dzialo\/","name":"Baranowski: Na tegorocznym Tour de France b\u0119dzie si\u0119 dzia\u0142o! - \u0160koda We Love Cycling - Poland","isPartOf":{"@id":"https:\/\/www.welovecycling.com\/pl\/#website"},"primaryImageOfPage":{"@id":"https:\/\/www.welovecycling.com\/pl\/2018\/06\/28\/baranowski-na-tegorocznym-tour-de-france-bedzie-sie-dzialo\/#primaryimage"},"image":{"@id":"https:\/\/www.welovecycling.com\/pl\/2018\/06\/28\/baranowski-na-tegorocznym-tour-de-france-bedzie-sie-dzialo\/#primaryimage"},"thumbnailUrl":"https:\/\/d2p6e6u75xmxt8.cloudfront.net\/5\/2018\/06\/Baranowski-1.jpg","datePublished":"2018-06-28T15:53:31+00:00","dateModified":"2018-07-16T09:31:33+00:00","author":{"@id":"https:\/\/www.welovecycling.com\/pl\/#\/schema\/person\/0dba2d39da943db9df3fd8f4687e7f23"},"breadcrumb":{"@id":"https:\/\/www.welovecycling.com\/pl\/2018\/06\/28\/baranowski-na-tegorocznym-tour-de-france-bedzie-sie-dzialo\/#breadcrumb"},"inLanguage":"pl-PL","potentialAction":[{"@type":"ReadAction","target":["https:\/\/www.welovecycling.com\/pl\/2018\/06\/28\/baranowski-na-tegorocznym-tour-de-france-bedzie-sie-dzialo\/"]}]},{"@type":"ImageObject","inLanguage":"pl-PL","@id":"https:\/\/www.welovecycling.com\/pl\/2018\/06\/28\/baranowski-na-tegorocznym-tour-de-france-bedzie-sie-dzialo\/#primaryimage","url":"https:\/\/d2p6e6u75xmxt8.cloudfront.net\/5\/2018\/06\/Baranowski-1.jpg","contentUrl":"https:\/\/d2p6e6u75xmxt8.cloudfront.net\/5\/2018\/06\/Baranowski-1.jpg","width":788,"height":444},{"@type":"BreadcrumbList","@id":"https:\/\/www.welovecycling.com\/pl\/2018\/06\/28\/baranowski-na-tegorocznym-tour-de-france-bedzie-sie-dzialo\/#breadcrumb","itemListElement":[{"@type":"ListItem","position":1,"name":"Home","item":"https:\/\/www.welovecycling.com\/pl\/"},{"@type":"ListItem","position":2,"name":"Baranowski: Na tegorocznym Tour de France b\u0119dzie si\u0119 dzia\u0142o!"}]},{"@type":"WebSite","@id":"https:\/\/www.welovecycling.com\/pl\/#website","url":"https:\/\/www.welovecycling.com\/pl\/","name":"\u0160koda We Love Cycling - Poland","description":"","potentialAction":[{"@type":"SearchAction","target":{"@type":"EntryPoint","urlTemplate":"https:\/\/www.welovecycling.com\/pl\/?s={search_term_string}"},"query-input":{"@type":"PropertyValueSpecification","valueRequired":true,"valueName":"search_term_string"}}],"inLanguage":"pl-PL"},{"@type":"Person","@id":"https:\/\/www.welovecycling.com\/pl\/#\/schema\/person\/0dba2d39da943db9df3fd8f4687e7f23","name":"piotrboczkowski","image":{"@type":"ImageObject","inLanguage":"pl-PL","@id":"https:\/\/www.welovecycling.com\/pl\/#\/schema\/person\/image\/","url":"https:\/\/secure.gravatar.com\/avatar\/533caccae14752e03a2ce2d3fd62d1b98b93e1393c3195c27819e53344ca1ace?s=96&d=mm&r=g","contentUrl":"https:\/\/secure.gravatar.com\/avatar\/533caccae14752e03a2ce2d3fd62d1b98b93e1393c3195c27819e53344ca1ace?s=96&d=mm&r=g","caption":"piotrboczkowski"},"url":"https:\/\/www.welovecycling.com\/pl\/author\/piotrboczkowski\/"}]}},"_links":{"self":[{"href":"https:\/\/www.welovecycling.com\/pl\/wp-json\/wp\/v2\/posts\/7265","targetHints":{"allow":["GET"]}}],"collection":[{"href":"https:\/\/www.welovecycling.com\/pl\/wp-json\/wp\/v2\/posts"}],"about":[{"href":"https:\/\/www.welovecycling.com\/pl\/wp-json\/wp\/v2\/types\/post"}],"author":[{"embeddable":true,"href":"https:\/\/www.welovecycling.com\/pl\/wp-json\/wp\/v2\/users\/76"}],"replies":[{"embeddable":true,"href":"https:\/\/www.welovecycling.com\/pl\/wp-json\/wp\/v2\/comments?post=7265"}],"version-history":[{"count":1,"href":"https:\/\/www.welovecycling.com\/pl\/wp-json\/wp\/v2\/posts\/7265\/revisions"}],"predecessor-version":[{"id":7267,"href":"https:\/\/www.welovecycling.com\/pl\/wp-json\/wp\/v2\/posts\/7265\/revisions\/7267"}],"wp:featuredmedia":[{"embeddable":true,"href":"https:\/\/www.welovecycling.com\/pl\/wp-json\/wp\/v2\/media\/7382"}],"wp:attachment":[{"href":"https:\/\/www.welovecycling.com\/pl\/wp-json\/wp\/v2\/media?parent=7265"}],"wp:term":[{"taxonomy":"category","embeddable":true,"href":"https:\/\/www.welovecycling.com\/pl\/wp-json\/wp\/v2\/categories?post=7265"},{"taxonomy":"post_tag","embeddable":true,"href":"https:\/\/www.welovecycling.com\/pl\/wp-json\/wp\/v2\/tags?post=7265"},{"taxonomy":"global-categories","embeddable":true,"href":"https:\/\/www.welovecycling.com\/pl\/wp-json\/wp\/v2\/global-categories?post=7265"}],"curies":[{"name":"wp","href":"https:\/\/api.w.org\/{rel}","templated":true}]}}