{"id":7258,"date":"2018-06-27T22:47:14","date_gmt":"2018-06-27T22:47:14","guid":{"rendered":"https:\/\/www.welovecycling.com\/pl\/?p=7258"},"modified":"2018-06-27T22:47:14","modified_gmt":"2018-06-27T22:47:14","slug":"bartosz-huzarski-wyscig-od-strony-organizacyjnej","status":"publish","type":"post","link":"https:\/\/www.welovecycling.com\/pl\/2018\/06\/27\/bartosz-huzarski-wyscig-od-strony-organizacyjnej\/","title":{"rendered":"Bartosz Huzarski: Wy\u015bcig od strony organizacyjnej"},"content":{"rendered":"<p>Wi\u0119kszo\u015b\u0107 z nas przyje\u017cd\u017caj\u0105c na wy\u015bcig nie zdaje sobie sprawy ile czasu i energii zajmuje jego przygotowanie. Ka\u017cdy zazwyczaj przypina numer startowy, ustawia si\u0119 w sektorze i gna do mety. Ale proces przygotowywania ka\u017cdego wy\u015bcigu kolarskiego zaczyna si\u0119 na d\u0142ugo przed startem . Bartosz Huzarski, jako cz\u0142onek zarz\u0105du \u015al\u0119\u017ca Sob\u00f3tka Bike Academy jest organizatorem kilku ciekawych wy\u015bcig\u00f3w szosowych dla amator\u00f3w i zawodowc\u00f3w. Dzisiaj opowiedzia\u0142 nam jak wygl\u0105da wy\u015bcig od strony technicznej, budowy ca\u0142ej infrastruktury, pracy biura, ekipy technicznej oraz zabezpieczenia imprezy. To na prawd\u0119 nie lada wyzwanie, by wy\u015bcig by\u0142 kolorowy, interesuj\u0105cy, ale przede wszystkim bezpieczny. Koordynacja s\u0142u\u017cb policji, spra\u017cy po\u017carnej, samochod\u00f3w prowadz\u0105cych poszczeg\u00f3lne grupy kolarzy jak r\u00f3wnie\u017c odpowiedni pomiar czasu, wolontariusze i zgrana ekipa techniczna to prawdziwy klucz do sukcesu. W wi\u0119kszo\u015bci przypadk\u00f3w zawodnicy nawet nie zdaj\u0105 sobie sprawy jak skomplikowany jest to proces.<\/p>\n<div style=\"width: 1920px;\" class=\"wp-video\"><!--[if lt IE 9]><script>document.createElement('video');<\/script><![endif]-->\n<video class=\"wp-video-shortcode\" id=\"video-7258-1\" width=\"1920\" height=\"1080\" preload=\"metadata\" controls=\"controls\"><source type=\"video\/mp4\" src=\"https:\/\/d2p6e6u75xmxt8.cloudfront.net\/5\/2018\/06\/Huzarski_odcinek_10.mp4?_=1\" \/><a href=\"https:\/\/d2p6e6u75xmxt8.cloudfront.net\/5\/2018\/06\/Huzarski_odcinek_10.mp4\">https:\/\/d2p6e6u75xmxt8.cloudfront.net\/5\/2018\/06\/Huzarski_odcinek_10.mp4<\/a><\/video><\/div>\n","protected":false},"excerpt":{"rendered":"<p>Wi\u0119kszo\u015b\u0107 z nas przyje\u017cd\u017caj\u0105c na wy\u015bcig nie zdaje sobie sprawy ile czasu i energii zajmuje jego przygotowanie. Ka\u017cdy zazwyczaj przypina [&hellip;]<\/p>\n","protected":false},"author":76,"featured_media":7259,"comment_status":"open","ping_status":"open","sticky":false,"template":"","format":"standard","meta":{"footnotes":""},"categories":[203],"tags":[],"global-categories":[],"class_list":["post-7258","post","type-post","status-publish","format-standard","has-post-thumbnail","hentry","category-bartosz-huzarski"],"yoast_head":"<!-- This site is optimized with the Yoast SEO Premium plugin v25.3 (Yoast SEO v25.9) - https:\/\/yoast.com\/wordpress\/plugins\/seo\/ -->\n<title>Bartosz Huzarski: Wy\u015bcig od strony organizacyjnej - \u0160koda We Love Cycling - Poland<\/title>\n<meta name=\"robots\" content=\"index, follow, max-snippet:-1, max-image-preview:large, max-video-preview:-1\" \/>\n<link rel=\"canonical\" href=\"https:\/\/www.welovecycling.com\/pl\/2018\/06\/27\/bartosz-huzarski-wyscig-od-strony-organizacyjnej\/\" \/>\n<meta property=\"og:locale\" content=\"pl_PL\" \/>\n<meta property=\"og:type\" content=\"article\" \/>\n<meta property=\"og:title\" content=\"Bartosz Huzarski: Wy\u015bcig od strony organizacyjnej\" \/>\n<meta property=\"og:description\" content=\"Wi\u0119kszo\u015b\u0107 z nas przyje\u017cd\u017caj\u0105c na wy\u015bcig nie zdaje sobie sprawy ile czasu i energii zajmuje jego przygotowanie. Ka\u017cdy zazwyczaj przypina [&hellip;]\" \/>\n<meta property=\"og:url\" content=\"https:\/\/www.welovecycling.com\/pl\/2018\/06\/27\/bartosz-huzarski-wyscig-od-strony-organizacyjnej\/\" \/>\n<meta property=\"og:site_name\" content=\"\u0160koda We Love Cycling - Poland\" \/>\n<meta property=\"article:published_time\" content=\"2018-06-27T22:47:14+00:00\" \/>\n<meta property=\"og:image\" content=\"https:\/\/d2p6e6u75xmxt8.cloudfront.net\/5\/2018\/06\/HHH.jpg\" \/>\n\t<meta property=\"og:image:width\" content=\"1600\" \/>\n\t<meta property=\"og:image:height\" content=\"840\" \/>\n\t<meta property=\"og:image:type\" content=\"image\/jpeg\" \/>\n<meta name=\"author\" content=\"piotrboczkowski\" \/>\n<meta name=\"twitter:card\" content=\"summary_large_image\" \/>\n<meta name=\"twitter:label1\" content=\"Written by\" \/>\n\t<meta name=\"twitter:data1\" content=\"Bartosz Huzarski\" \/>\n\t<meta name=\"twitter:label2\" content=\"Est. reading time\" \/>\n\t<meta name=\"twitter:data2\" content=\"1 minute\" \/>\n<script type=\"application\/ld+json\" class=\"yoast-schema-graph\">{\"@context\":\"https:\/\/schema.org\",\"@graph\":[{\"@type\":\"WebPage\",\"@id\":\"https:\/\/www.welovecycling.com\/pl\/2018\/06\/27\/bartosz-huzarski-wyscig-od-strony-organizacyjnej\/\",\"url\":\"https:\/\/www.welovecycling.com\/pl\/2018\/06\/27\/bartosz-huzarski-wyscig-od-strony-organizacyjnej\/\",\"name\":\"Bartosz Huzarski: Wy\u015bcig od strony organizacyjnej - \u0160koda We Love Cycling - Poland\",\"isPartOf\":{\"@id\":\"https:\/\/www.welovecycling.com\/pl\/#website\"},\"primaryImageOfPage\":{\"@id\":\"https:\/\/www.welovecycling.com\/pl\/2018\/06\/27\/bartosz-huzarski-wyscig-od-strony-organizacyjnej\/#primaryimage\"},\"image\":{\"@id\":\"https:\/\/www.welovecycling.com\/pl\/2018\/06\/27\/bartosz-huzarski-wyscig-od-strony-organizacyjnej\/#primaryimage\"},\"thumbnailUrl\":\"https:\/\/d2p6e6u75xmxt8.cloudfront.net\/5\/2018\/06\/HHH.jpg\",\"datePublished\":\"2018-06-27T22:47:14+00:00\",\"author\":{\"@id\":\"https:\/\/www.welovecycling.com\/pl\/#\/schema\/person\/0dba2d39da943db9df3fd8f4687e7f23\"},\"breadcrumb\":{\"@id\":\"https:\/\/www.welovecycling.com\/pl\/2018\/06\/27\/bartosz-huzarski-wyscig-od-strony-organizacyjnej\/#breadcrumb\"},\"inLanguage\":\"pl-PL\",\"potentialAction\":[{\"@type\":\"ReadAction\",\"target\":[\"https:\/\/www.welovecycling.com\/pl\/2018\/06\/27\/bartosz-huzarski-wyscig-od-strony-organizacyjnej\/\"]}]},{\"@type\":\"ImageObject\",\"inLanguage\":\"pl-PL\",\"@id\":\"https:\/\/www.welovecycling.com\/pl\/2018\/06\/27\/bartosz-huzarski-wyscig-od-strony-organizacyjnej\/#primaryimage\",\"url\":\"https:\/\/d2p6e6u75xmxt8.cloudfront.net\/5\/2018\/06\/HHH.jpg\",\"contentUrl\":\"https:\/\/d2p6e6u75xmxt8.cloudfront.net\/5\/2018\/06\/HHH.jpg\",\"width\":1600,\"height\":840},{\"@type\":\"BreadcrumbList\",\"@id\":\"https:\/\/www.welovecycling.com\/pl\/2018\/06\/27\/bartosz-huzarski-wyscig-od-strony-organizacyjnej\/#breadcrumb\",\"itemListElement\":[{\"@type\":\"ListItem\",\"position\":1,\"name\":\"Home\",\"item\":\"https:\/\/www.welovecycling.com\/pl\/\"},{\"@type\":\"ListItem\",\"position\":2,\"name\":\"Bartosz Huzarski: Wy\u015bcig od strony organizacyjnej\"}]},{\"@type\":\"WebSite\",\"@id\":\"https:\/\/www.welovecycling.com\/pl\/#website\",\"url\":\"https:\/\/www.welovecycling.com\/pl\/\",\"name\":\"\u0160koda We Love Cycling - Poland\",\"description\":\"\",\"potentialAction\":[{\"@type\":\"SearchAction\",\"target\":{\"@type\":\"EntryPoint\",\"urlTemplate\":\"https:\/\/www.welovecycling.com\/pl\/?s={search_term_string}\"},\"query-input\":{\"@type\":\"PropertyValueSpecification\",\"valueRequired\":true,\"valueName\":\"search_term_string\"}}],\"inLanguage\":\"pl-PL\"},{\"@type\":\"Person\",\"@id\":\"https:\/\/www.welovecycling.com\/pl\/#\/schema\/person\/0dba2d39da943db9df3fd8f4687e7f23\",\"name\":\"piotrboczkowski\",\"image\":{\"@type\":\"ImageObject\",\"inLanguage\":\"pl-PL\",\"@id\":\"https:\/\/www.welovecycling.com\/pl\/#\/schema\/person\/image\/\",\"url\":\"https:\/\/secure.gravatar.com\/avatar\/533caccae14752e03a2ce2d3fd62d1b98b93e1393c3195c27819e53344ca1ace?s=96&d=mm&r=g\",\"contentUrl\":\"https:\/\/secure.gravatar.com\/avatar\/533caccae14752e03a2ce2d3fd62d1b98b93e1393c3195c27819e53344ca1ace?s=96&d=mm&r=g\",\"caption\":\"piotrboczkowski\"},\"url\":\"https:\/\/www.welovecycling.com\/pl\/author\/piotrboczkowski\/\"}]}<\/script>\n<!-- \/ Yoast SEO Premium plugin. -->","yoast_head_json":{"title":"Bartosz Huzarski: Wy\u015bcig od strony organizacyjnej - \u0160koda We Love Cycling - Poland","robots":{"index":"index","follow":"follow","max-snippet":"max-snippet:-1","max-image-preview":"max-image-preview:large","max-video-preview":"max-video-preview:-1"},"canonical":"https:\/\/www.welovecycling.com\/pl\/2018\/06\/27\/bartosz-huzarski-wyscig-od-strony-organizacyjnej\/","og_locale":"pl_PL","og_type":"article","og_title":"Bartosz Huzarski: Wy\u015bcig od strony organizacyjnej","og_description":"Wi\u0119kszo\u015b\u0107 z nas przyje\u017cd\u017caj\u0105c na wy\u015bcig nie zdaje sobie sprawy ile czasu i energii zajmuje jego przygotowanie. Ka\u017cdy zazwyczaj przypina [&hellip;]","og_url":"https:\/\/www.welovecycling.com\/pl\/2018\/06\/27\/bartosz-huzarski-wyscig-od-strony-organizacyjnej\/","og_site_name":"\u0160koda We Love Cycling - Poland","article_published_time":"2018-06-27T22:47:14+00:00","og_image":[{"width":1600,"height":840,"url":"https:\/\/d2p6e6u75xmxt8.cloudfront.net\/5\/2018\/06\/HHH.jpg","type":"image\/jpeg"}],"author":"piotrboczkowski","twitter_card":"summary_large_image","twitter_misc":{"Written by":"Bartosz Huzarski","Est. reading time":"1 minute"},"schema":{"@context":"https:\/\/schema.org","@graph":[{"@type":"WebPage","@id":"https:\/\/www.welovecycling.com\/pl\/2018\/06\/27\/bartosz-huzarski-wyscig-od-strony-organizacyjnej\/","url":"https:\/\/www.welovecycling.com\/pl\/2018\/06\/27\/bartosz-huzarski-wyscig-od-strony-organizacyjnej\/","name":"Bartosz Huzarski: Wy\u015bcig od strony organizacyjnej - \u0160koda We Love Cycling - Poland","isPartOf":{"@id":"https:\/\/www.welovecycling.com\/pl\/#website"},"primaryImageOfPage":{"@id":"https:\/\/www.welovecycling.com\/pl\/2018\/06\/27\/bartosz-huzarski-wyscig-od-strony-organizacyjnej\/#primaryimage"},"image":{"@id":"https:\/\/www.welovecycling.com\/pl\/2018\/06\/27\/bartosz-huzarski-wyscig-od-strony-organizacyjnej\/#primaryimage"},"thumbnailUrl":"https:\/\/d2p6e6u75xmxt8.cloudfront.net\/5\/2018\/06\/HHH.jpg","datePublished":"2018-06-27T22:47:14+00:00","author":{"@id":"https:\/\/www.welovecycling.com\/pl\/#\/schema\/person\/0dba2d39da943db9df3fd8f4687e7f23"},"breadcrumb":{"@id":"https:\/\/www.welovecycling.com\/pl\/2018\/06\/27\/bartosz-huzarski-wyscig-od-strony-organizacyjnej\/#breadcrumb"},"inLanguage":"pl-PL","potentialAction":[{"@type":"ReadAction","target":["https:\/\/www.welovecycling.com\/pl\/2018\/06\/27\/bartosz-huzarski-wyscig-od-strony-organizacyjnej\/"]}]},{"@type":"ImageObject","inLanguage":"pl-PL","@id":"https:\/\/www.welovecycling.com\/pl\/2018\/06\/27\/bartosz-huzarski-wyscig-od-strony-organizacyjnej\/#primaryimage","url":"https:\/\/d2p6e6u75xmxt8.cloudfront.net\/5\/2018\/06\/HHH.jpg","contentUrl":"https:\/\/d2p6e6u75xmxt8.cloudfront.net\/5\/2018\/06\/HHH.jpg","width":1600,"height":840},{"@type":"BreadcrumbList","@id":"https:\/\/www.welovecycling.com\/pl\/2018\/06\/27\/bartosz-huzarski-wyscig-od-strony-organizacyjnej\/#breadcrumb","itemListElement":[{"@type":"ListItem","position":1,"name":"Home","item":"https:\/\/www.welovecycling.com\/pl\/"},{"@type":"ListItem","position":2,"name":"Bartosz Huzarski: Wy\u015bcig od strony organizacyjnej"}]},{"@type":"WebSite","@id":"https:\/\/www.welovecycling.com\/pl\/#website","url":"https:\/\/www.welovecycling.com\/pl\/","name":"\u0160koda We Love Cycling - Poland","description":"","potentialAction":[{"@type":"SearchAction","target":{"@type":"EntryPoint","urlTemplate":"https:\/\/www.welovecycling.com\/pl\/?s={search_term_string}"},"query-input":{"@type":"PropertyValueSpecification","valueRequired":true,"valueName":"search_term_string"}}],"inLanguage":"pl-PL"},{"@type":"Person","@id":"https:\/\/www.welovecycling.com\/pl\/#\/schema\/person\/0dba2d39da943db9df3fd8f4687e7f23","name":"piotrboczkowski","image":{"@type":"ImageObject","inLanguage":"pl-PL","@id":"https:\/\/www.welovecycling.com\/pl\/#\/schema\/person\/image\/","url":"https:\/\/secure.gravatar.com\/avatar\/533caccae14752e03a2ce2d3fd62d1b98b93e1393c3195c27819e53344ca1ace?s=96&d=mm&r=g","contentUrl":"https:\/\/secure.gravatar.com\/avatar\/533caccae14752e03a2ce2d3fd62d1b98b93e1393c3195c27819e53344ca1ace?s=96&d=mm&r=g","caption":"piotrboczkowski"},"url":"https:\/\/www.welovecycling.com\/pl\/author\/piotrboczkowski\/"}]}},"_links":{"self":[{"href":"https:\/\/www.welovecycling.com\/pl\/wp-json\/wp\/v2\/posts\/7258","targetHints":{"allow":["GET"]}}],"collection":[{"href":"https:\/\/www.welovecycling.com\/pl\/wp-json\/wp\/v2\/posts"}],"about":[{"href":"https:\/\/www.welovecycling.com\/pl\/wp-json\/wp\/v2\/types\/post"}],"author":[{"embeddable":true,"href":"https:\/\/www.welovecycling.com\/pl\/wp-json\/wp\/v2\/users\/76"}],"replies":[{"embeddable":true,"href":"https:\/\/www.welovecycling.com\/pl\/wp-json\/wp\/v2\/comments?post=7258"}],"version-history":[{"count":2,"href":"https:\/\/www.welovecycling.com\/pl\/wp-json\/wp\/v2\/posts\/7258\/revisions"}],"predecessor-version":[{"id":7262,"href":"https:\/\/www.welovecycling.com\/pl\/wp-json\/wp\/v2\/posts\/7258\/revisions\/7262"}],"wp:featuredmedia":[{"embeddable":true,"href":"https:\/\/www.welovecycling.com\/pl\/wp-json\/wp\/v2\/media\/7259"}],"wp:attachment":[{"href":"https:\/\/www.welovecycling.com\/pl\/wp-json\/wp\/v2\/media?parent=7258"}],"wp:term":[{"taxonomy":"category","embeddable":true,"href":"https:\/\/www.welovecycling.com\/pl\/wp-json\/wp\/v2\/categories?post=7258"},{"taxonomy":"post_tag","embeddable":true,"href":"https:\/\/www.welovecycling.com\/pl\/wp-json\/wp\/v2\/tags?post=7258"},{"taxonomy":"global-categories","embeddable":true,"href":"https:\/\/www.welovecycling.com\/pl\/wp-json\/wp\/v2\/global-categories?post=7258"}],"curies":[{"name":"wp","href":"https:\/\/api.w.org\/{rel}","templated":true}]}}