{"id":7231,"date":"2018-06-22T15:47:41","date_gmt":"2018-06-22T15:47:41","guid":{"rendered":"https:\/\/www.welovecycling.com\/pl\/?p=7231"},"modified":"2018-06-22T15:47:41","modified_gmt":"2018-06-22T15:47:41","slug":"jazda-artystyczna-na-rowerze-poznajcie-viole-brand","status":"publish","type":"post","link":"https:\/\/www.welovecycling.com\/pl\/2018\/06\/22\/jazda-artystyczna-na-rowerze-poznajcie-viole-brand\/","title":{"rendered":"Jazda artystyczna na rowerze: poznajcie  Viol\u0119 Brand"},"content":{"rendered":"<p><strong>Pami\u0119tacie jeszcze czasy, kiedy szaleli\u015bcie w parku na BMX-ie? To poczucie totalnej wolno\u015bci, kiedy jedziesz na rowerze \u2018bez trzymanki\u2019 albo robisz 20-sekundowe wheelie<\/strong><strong> (trik polegaj\u0105cy na je\u017adzie na tylnym kole roweru) , wracaj\u0105c do domu na kolacj\u0119. <\/strong><\/p>\n<p>Istnieje dyscyplina sportowa, kt\u00f3ra przenosi te doznania na kompletnie inny poziom \u2013 jazda artystyczna na rowerze. Musz\u0119 przyzna\u0107, \u017ce kiedy pierwszy raz zobaczy\u0142em taki artystyczny wyst\u0119p, wr\u00f3ci\u0142y do mnie wszystkie pi\u0119kne wspomnienia z m\u0142odo\u015bci.<\/p>\n<p>Z profesjonalnego punktu widzenia jazda artystyczna na rowerze (zwana r\u00f3wnie\u017c jazd\u0105 <em>freestyle<\/em>) jest sportem niszowym w Mi\u0119dzynarodowej Unii Kolarskiej (UCI), \u0142\u0105cz\u0105cym elementy jazdy na rowerze, gimnastyki, a nawet ta\u0144ca. Podobnie jak w ka\u017cdej z tych dyscyplin, na zawodach sportowcy prezentuj\u0105 pi\u0119ciominutowy program przed jury, kt\u00f3re przyznaje im oceny.<\/p>\n<p>Zatem gdy wi\u0119kszo\u015b\u0107 z nas je\u017adzi zwyczajnie na dw\u00f3ch k\u00f3\u0142kach (mo\u017ce za wyj\u0105tkiem kilku podskok\u00f3w w terenie lub \u201ekr\u00f3liczk\u00f3w\u201d na r\u00f3wniutkim asfalcie), s\u0105 na \u015bwiecie tacy sportowcy, kt\u00f3rzy wprost uwielbiaj\u0105 kr\u0119ci\u0107 piruety na rowerze w stroju jak z rosyjskiego baletu \u2013 i wygl\u0105daj\u0105 przy tym niesamowicie.<\/p>\n<p>Czym wi\u0119c jest ten sport \u2013 po\u0142\u0105czeniem gimnastyki, r\u00f3wnowagi na rowerze, sztuki, si\u0142y i ta\u0144ca? By dowiedzie\u0107 si\u0119 wi\u0119cej, najlepiej porozmawia\u0107 z zawodowcem. Ten warunek spe\u0142nia Viola Brand z Niemiec, wielokrotna medalistka Mistrzostw \u015awiata w je\u017adzie artystycznej na rowerze.<\/p>\n<p><strong><em>Viola, mamy pewne og\u00f3lne poj\u0119cie o tym, czym jest jazda artystyczna na rowerze. Jak ty opisa\u0142aby\u015b ten sport? <\/em><\/strong><\/p>\n<p>To wcale nie takie \u0142atwe pytanie! My\u015bl\u0119 jednak, \u017ce opis, kt\u00f3ry poda\u0142e\u015b jest do\u015b\u0107 trafny! Zdecydowanie jest to co\u015b pomi\u0119dzy gimnastyk\u0105, jazd\u0105 na rowerze, umiej\u0119tno\u015bci\u0105 utrzymywania r\u00f3wnowagi, sztuk\u0105 a ta\u0144cem. Niekt\u00f3rzy u\u017cywaj\u0105 nawet okre\u015blenia \u201ebalet na rowerze\u201d, kt\u00f3re bardzo mi si\u0119 podoba.<\/p>\n<p><strong><em>Jazda artystyczna na rowerze to sport, kt\u00f3ry wymaga wielu r\u00f3\u017cnych umiej\u0119tno\u015bci fizycznych, takich jak na przyk\u0142ad si\u0142a, zachowanie r\u00f3wnowagi, elastyczno\u015b\u0107. Kt\u00f3re z nich s\u0105 twoim zdaniem najwa\u017cniejsze? \u00a0<\/em><\/strong><\/p>\n<p>Szczerze m\u00f3wi\u0105c, my\u015bl\u0119, \u017ce najwa\u017cniejsza jest cierpliwo\u015b\u0107. Oczywi\u015bcie konieczne s\u0105 wszystkie fizyczne umiej\u0119tno\u015bci, kt\u00f3re wymieni\u0142e\u015b, ale nawet je\u015bli je masz, musisz wykaza\u0107 si\u0119 ogromn\u0105 cierpliwo\u015bci\u0105 i dyscyplin\u0105, bo niekt\u00f3re figury wymagaj\u0105 wielu lat praktyki. Na przyk\u0142ad, aby nauczy\u0107 si\u0119 sta\u0107 na r\u0119kach na kierownicy trenowa\u0142am 7 lat. Musisz wi\u0119c trenowa\u0107 codziennie, nawet je\u015bli efekty b\u0119d\u0105 widoczne dopiero po wielu miesi\u0105cach.<\/p>\n<p><strong><em>W ostatnich latach jazda <\/em><\/strong><strong>freestyle<em> jest obecna w mediach spo\u0142eczno\u015bciowych i dzi\u0119ki temu zyskuje na popularno\u015bci. Pomimo \u017ce sport ten powsta\u0142 ponad sto lat temu, dopiero niedawno ludzie zacz\u0119li\u00a0 si\u0119 nim interesowa\u0107 za spraw\u0105 r\u00f3\u017cnych platform internetowych. W tym kontek\u015bcie mo\u017cna powiedzie\u0107, \u017ce jeste\u015b czo\u0142ow\u0105 postaci\u0105 promuj\u0105c\u0105 jazd\u0119 artystyczn\u0105 na rowerze. Jak to si\u0119 zacz\u0119\u0142o? Czy zdecydowa\u0142a\u015b si\u0119 na to ju\u017c na pocz\u0105tku kariery, czy dopiero niedawno? <\/em><\/strong><\/p>\n<p>W moim przypadku wszystko zacz\u0119\u0142o si\u0119, kiedy w marcu 2017 roku przyjaciel poradzi\u0142 mi, \u017cebym za\u0142o\u017cy\u0142a konto na Instagramie. I za\u0142o\u017cy\u0142am! Ale oczywi\u015bcie nie spodziewa\u0142am si\u0119 ponad 100 tysi\u0119cy obserwator\u00f3w \u2013 szczerze m\u00f3wi\u0105c, to by\u0142o zupe\u0142ne zaskoczenie! W ci\u0105gu pierwszych kilku tygodni od za\u0142o\u017cenia konta moje filmiki by\u0142y udost\u0119pniane na r\u00f3\u017cnych stronach, dzi\u0119ki czemu przyby\u0142o mi wielu nowych obserwator\u00f3w. To niesamowite, \u017ce mog\u0119 dotrze\u0107 do ludzi za po\u015brednictwem medi\u00f3w spo\u0142eczno\u015bciowych i postrzegam to jako ogromn\u0105 szans\u0119 na upowszechnienie tego sportu na ca\u0142ym \u015bwiecie.<\/p>\n<p><strong><em>Czy decyzja o pojawieniu si\u0119 w mediach spo\u0142eczno\u015bciowych by\u0142a podyktowana wzgl\u0119dami marketingowymi czy raczej zawodowymi? <\/em><\/strong><\/p>\n<p>Gdy moje konto zacz\u0119\u0142o si\u0119 rozwija\u0107, zacz\u0119\u0142am kupowa\u0107 gad\u017cety do filmik\u00f3w i robi\u0107 lepsze zdj\u0119cia, \u017ceby poprawi\u0107 jako\u015b\u0107 publikowanych przeze mnie tre\u015bci. Nie by\u0142a to decyzja podyktowana ani wzgl\u0119dami marketingowymi, ani zawodowymi. Po prostu skorzysta\u0142am z rady dobrego przyjaciela i jestem za ni\u0105 bardzo wdzi\u0119czna!<\/p>\n<p><strong><em>Cofnijmy si\u0119 w czasie do momentu, kiedy zaczyna\u0142a\u015b swoj\u0105 przygod\u0119 z jazd\u0105 artystyczn\u0105 na rowerze. Jak i dlaczego zainteresowa\u0142a\u015b si\u0119 tym sportem? Czy masz jakie\u015b gimnastyczne lub baletowe przygotowanie? <\/em><\/strong><\/p>\n<p>Nigdy wcze\u015bniej nie uprawia\u0142am baletu ani gimnastyki. Tak naprawd\u0119 zacz\u0119\u0142o si\u0119 od mojego starszego brata! Gdy mia\u0142am 6 lat, zacz\u0119\u0142am trenowa\u0107 razem z nim i moj\u0105 mam\u0105, kt\u00f3ra jest nasz\u0105 trenerk\u0105. Od samego pocz\u0105tku widzia\u0142am, \u017ce ten sport jest niesamowity i zupe\u0142nie inny ni\u017c dyscypliny, jakimi zajmowa\u0142y si\u0119 wtedy inne dzieciaki.<\/p>\n<p><a href=\"https:\/\/d2p6e6u75xmxt8.cloudfront.net\/5\/2018\/06\/1-1.jpeg\"><img loading=\"lazy\" decoding=\"async\" class=\"alignnone size-extra-large wp-image-7241\" src=\"https:\/\/d2p6e6u75xmxt8.cloudfront.net\/5\/2018\/06\/1-1-1280x1920.jpeg\" alt=\"\" width=\"1280\" height=\"1920\" srcset=\"https:\/\/d2p6e6u75xmxt8.cloudfront.net\/5\/2018\/06\/1-1-1280x1920.jpeg 1280w, https:\/\/d2p6e6u75xmxt8.cloudfront.net\/5\/2018\/06\/1-1-200x300.jpeg 200w, https:\/\/d2p6e6u75xmxt8.cloudfront.net\/5\/2018\/06\/1-1-768x1152.jpeg 768w, https:\/\/d2p6e6u75xmxt8.cloudfront.net\/5\/2018\/06\/1-1-683x1024.jpeg 683w, https:\/\/d2p6e6u75xmxt8.cloudfront.net\/5\/2018\/06\/1-1.jpeg 1365w, https:\/\/d2p6e6u75xmxt8.cloudfront.net\/5\/2018\/06\/1-1-1280x1920.jpeg 1280w\" sizes=\"auto, (max-width: 1280px) 100vw, 1280px\" \/><\/a><\/p>\n<p><strong><em>Czy mo\u017cesz powiedzie\u0107, jak wygl\u0105da tw\u00f3j tygodniowy plan treningowy? <\/em><\/strong><\/p>\n<p>Codziennie mam zaj\u0119cia na uniwersytecie lub ucz\u0119 si\u0119 w domu. Cz\u0119sto staj\u0119 na r\u0119kach na pod\u0142odze, bo \u017ceby dobrze opanowa\u0107 stanie na r\u0119kach na rowerze, musisz najpierw bardzo dobrze opanowa\u0107 technik\u0119 stawania na r\u0119kach na pod\u0142odze. Tak wi\u0119c jest to trening si\u0142y i techniki oraz przyzwyczajanie si\u0119 do cz\u0119stego stania na r\u0119kach, bo \u0142atwiej jest potem powt\u00f3rzy\u0107 to samo na rowerze. To tylko namiastka mojego codziennego treningu.<\/p>\n<p>Wieczorem sp\u0119dzam trzy godziny w hali sportowej, \u0107wicz\u0105c na rowerze. Taki jest m\u00f3j codzienny plan treningowy od poniedzia\u0142ku do czwartku. W weekendy je\u017cd\u017c\u0119 na zjazdy szkoleniowe lub zawody. W pi\u0105tki i soboty zwykle trenuj\u0119 w domu. W niedziele odpoczywam, o ile nie jestem akurat na zawodach.<\/p>\n<p><strong><em>Zawodowi sportowcy cz\u0119sto \u0142\u0105cz\u0105 r\u00f3\u017cne aktywno\u015bci fizyczne, by poprawi\u0107 swoj\u0105 si\u0142\u0119 czy elastyczno\u015b\u0107 \u2013 na przyk\u0142ad profesjonalni rowerzy\u015bci szosowi cz\u0119sto p\u0142ywaj\u0105 w ramach codziennego treningu. Czy ty te\u017c w\u0142\u0105czasz do treningu inne dyscypliny? <\/em><\/strong><\/p>\n<p>Moje szkolenie obejmuje te\u017c trening si\u0142owy i uelastyczniaj\u0105cy. Biegam, ale nie uprawiam \u017cadnej innej konkretnej dyscypliny sportowej w pe\u0142nym wymiarze.<\/p>\n<p><strong><em>Wiemy, \u017ce studiujesz \u2013 na jakim wydziale? Czym chcia\u0142aby\u015b si\u0119 zajmowa\u0107 w przysz\u0142o\u015bci? <\/em><\/strong><\/p>\n<p>Studiuj\u0119 zarz\u0105dzanie programami \u017cywieniowymi i dietetyk\u0119. Latem b\u0119d\u0119 zdawa\u0107 egzamin licencjacki i mam nadziej\u0119, \u017ce w kolejnych latach uzyskam te\u017c tytu\u0142u magistra.<\/p>\n<p><a href=\"https:\/\/d2p6e6u75xmxt8.cloudfront.net\/5\/2018\/06\/2-1.jpeg\"><img loading=\"lazy\" decoding=\"async\" class=\"alignnone size-extra-large wp-image-7238\" src=\"https:\/\/d2p6e6u75xmxt8.cloudfront.net\/5\/2018\/06\/2-1-1920x1280.jpeg\" alt=\"\" width=\"1920\" height=\"1280\" srcset=\"https:\/\/d2p6e6u75xmxt8.cloudfront.net\/5\/2018\/06\/2-1-1920x1280.jpeg 1920w, https:\/\/d2p6e6u75xmxt8.cloudfront.net\/5\/2018\/06\/2-1-300x200.jpeg 300w, https:\/\/d2p6e6u75xmxt8.cloudfront.net\/5\/2018\/06\/2-1-768x512.jpeg 768w, https:\/\/d2p6e6u75xmxt8.cloudfront.net\/5\/2018\/06\/2-1-1024x683.jpeg 1024w, https:\/\/d2p6e6u75xmxt8.cloudfront.net\/5\/2018\/06\/2-1-272x182.jpeg 272w, https:\/\/d2p6e6u75xmxt8.cloudfront.net\/5\/2018\/06\/2-1.jpeg 2048w, https:\/\/d2p6e6u75xmxt8.cloudfront.net\/5\/2018\/06\/2-1-1920x1280.jpeg 1920w\" sizes=\"auto, (max-width: 1920px) 100vw, 1920px\" \/><\/a><\/p>\n<p><strong><em>Jeste\u015b wzorem do na\u015bladowania dla m\u0142odych dziewczyn. Co poradzi\u0142aby\u015b dziewczynom, kt\u00f3re chcia\u0142yby odnosi\u0107 sukcesy w je\u017adzie artystycznej na rowerze? Czy powinny zacz\u0105\u0107 od innego sportu? <\/em><\/strong><\/p>\n<p>Je\u015bli chc\u0105 odnie\u015b\u0107 sukces w je\u017adzie artystycznej na rowerze, powinny mie\u0107 du\u017co cierpliwo\u015bci i dyscypliny, by codziennie \u0107wiczy\u0107. Mo\u017ce najpierw warto zainteresowa\u0107 si\u0119 gimnastyk\u0105. Osobi\u015bcie nie uprawia\u0142am wcze\u015bniej innych dyscyplin, wi\u0119c wydaje mi si\u0119, \u017ce to naprawd\u0119 jest indywidualna sprawa. Najwa\u017cniejsze to zacz\u0105\u0107 w m\u0142odym wieku. My\u015bl\u0119, \u017ce najwa\u017cniejsze jest nastawienie i cel, jaki si\u0119 chce osi\u0105gn\u0105\u0107.<\/p>\n<p><strong>Cirque du Soleil<em> s\u0142ynie z udzia\u0142u sportowc\u00f3w w swoich \u015bwiatowych przedstawieniach, a seria przedstawie\u0144 \u201eKurios\u201d s\u0142ynie\u00a0<\/em><\/strong><strong><em>z wykorzystania umiej\u0119tno\u015bci rowerzyst\u00f3w uprawiaj\u0105cych jazd\u0119 artystyczn\u0105. Czy po zako\u0144czeniu zawodowej kariery ty te\u017c chcia\u0142aby\u015b si\u0119 tym zaj\u0105\u0107? <\/em><\/strong><\/p>\n<p>Jasne, dlaczego by nie. Ale oczywi\u015bcie b\u0119dzie to mo\u017cliwe dopiero wtedy, gdy sko\u0144cz\u0119 karier\u0119 jako zawodowiec. Gdyby pojawi\u0142a si\u0119 mo\u017cliwo\u015b\u0107 wsp\u00f3\u0142pracy z Cirque du Soleil, by\u0142abym przeszcz\u0119\u015bliwa.<\/p>\n<p><a href=\"https:\/\/d2p6e6u75xmxt8.cloudfront.net\/5\/2018\/06\/3-1.jpeg\"><img loading=\"lazy\" decoding=\"async\" class=\"alignnone size-extra-large wp-image-7239\" src=\"https:\/\/d2p6e6u75xmxt8.cloudfront.net\/5\/2018\/06\/3-1-1920x1280.jpeg\" alt=\"\" width=\"1920\" height=\"1280\" srcset=\"https:\/\/d2p6e6u75xmxt8.cloudfront.net\/5\/2018\/06\/3-1-1920x1280.jpeg 1920w, https:\/\/d2p6e6u75xmxt8.cloudfront.net\/5\/2018\/06\/3-1-300x200.jpeg 300w, https:\/\/d2p6e6u75xmxt8.cloudfront.net\/5\/2018\/06\/3-1-768x512.jpeg 768w, https:\/\/d2p6e6u75xmxt8.cloudfront.net\/5\/2018\/06\/3-1-1024x683.jpeg 1024w, https:\/\/d2p6e6u75xmxt8.cloudfront.net\/5\/2018\/06\/3-1-272x182.jpeg 272w, https:\/\/d2p6e6u75xmxt8.cloudfront.net\/5\/2018\/06\/3-1.jpeg 2048w, https:\/\/d2p6e6u75xmxt8.cloudfront.net\/5\/2018\/06\/3-1-1920x1280.jpeg 1920w\" sizes=\"auto, (max-width: 1920px) 100vw, 1920px\" \/><\/a><\/p>\n<p>Na zako\u0144czenie mamy do ciebie kilka pyta\u0144 pod tytu\u0142em \u201eViola wybiera\u201d! Do ka\u017cdego pytania mo\u017cesz wybra\u0107 tylko jedn\u0105 odpowied\u017a.<\/p>\n<p><strong><em>Pytanie 1: Studiujesz na uniwersytecie. Czym doje\u017cd\u017casz na zaj\u0119cia: rowerem, transportem miejskim czy samochodem? <\/em><\/strong><\/p>\n<p>C\u00f3\u017c, odleg\u0142o\u015b\u0107 od mojego domu do kampusu uniwersyteckiego, a potem do hali sportowej wynosi ok. 100 km (codziennie), a to by\u0142oby za du\u017co jazdy na rowerze jednego dnia! Transport miejski niestety pozostawia wiele do \u017cyczenia na mojej trasie. Dlatego z konieczno\u015bci przemieszczam si\u0119 samochodem. Chocia\u017c oczywi\u015bcie najlepiej by\u0142oby jecha\u0107 rowerem!<\/p>\n<p><strong><em>Pytanie 2: Gdyby\u015b musia\u0142a wybra\u0107 inn\u0105 dyscyplin\u0119 sportu, w kt\u00f3rej mia\u0142aby\u015b stan\u0105\u0107 do zawod\u00f3w, jaka dyscyplina by to by\u0142a: gimnastyka, karate, kolarstwo szosowe czy koszyk\u00f3wka? <\/em><\/strong><\/p>\n<p>Zdecydowanie gimnastyka!<\/p>\n<p><strong><em>Pytanie 3: Gdyby\u015b zosta\u0142a poproszona o udzia\u0142 w promocji <\/em><\/strong><strong><em>wydarzenia charytatywnego, jaki temat by\u015b wybra\u0142a: sport amatorski w szko\u0142ach, prawa kobiet, badania nad rakiem czy zdrowe obiady w szko\u0142ach? <\/em><\/strong><\/p>\n<p>Zdecydowa\u0142abym si\u0119 na zdrowie obiady w szko\u0142ach.<\/p>\n<p><strong><em>Pytanie 4: Jak\u0105 kombinacj\u0119 by\u015b wybra\u0142a na zwyk\u0142\u0105 przeja\u017cd\u017ck\u0119 weekendow\u0105: rower szosowy i str\u00f3j z lycry, rower cruiser i szorty plus t-shirt, czy te\u017c mo\u017ce holenderski rower miejski i styl eleganckiej cyklistki?<\/em><\/strong><\/p>\n<p>Zdecydowanie wybra\u0142abym styl elegancki!<\/p>\n<p><strong><em>Viola, pi\u0119knie dzi\u0119kuj\u0119 za rozmow\u0119!<\/em><\/strong><\/p>\n","protected":false},"excerpt":{"rendered":"<p>Pami\u0119tacie jeszcze czasy, kiedy szaleli\u015bcie w parku na BMX-ie? To poczucie totalnej wolno\u015bci, kiedy jedziesz na rowerze \u2018bez trzymanki\u2019 albo [&hellip;]<\/p>\n","protected":false},"author":76,"featured_media":7240,"comment_status":"open","ping_status":"open","sticky":false,"template":"","format":"standard","meta":{"footnotes":""},"categories":[226],"tags":[262],"global-categories":[],"class_list":["post-7231","post","type-post","status-publish","format-standard","has-post-thumbnail","hentry","category-ciekawostki","tag-viola-brand"],"yoast_head":"<!-- This site is optimized with the Yoast SEO Premium plugin v25.3 (Yoast SEO v25.9) - https:\/\/yoast.com\/wordpress\/plugins\/seo\/ -->\n<title>Jazda artystyczna na rowerze: poznajcie Viol\u0119 Brand - \u0160koda We Love Cycling - Poland<\/title>\n<meta name=\"robots\" content=\"index, follow, max-snippet:-1, max-image-preview:large, max-video-preview:-1\" \/>\n<link rel=\"canonical\" href=\"https:\/\/www.welovecycling.com\/pl\/2018\/06\/22\/jazda-artystyczna-na-rowerze-poznajcie-viole-brand\/\" \/>\n<meta property=\"og:locale\" content=\"pl_PL\" \/>\n<meta property=\"og:type\" content=\"article\" \/>\n<meta property=\"og:title\" content=\"Jazda artystyczna na rowerze: poznajcie Viol\u0119 Brand\" \/>\n<meta property=\"og:description\" content=\"Pami\u0119tacie jeszcze czasy, kiedy szaleli\u015bcie w parku na BMX-ie? To poczucie totalnej wolno\u015bci, kiedy jedziesz na rowerze \u2018bez trzymanki\u2019 albo [&hellip;]\" \/>\n<meta property=\"og:url\" content=\"https:\/\/www.welovecycling.com\/pl\/2018\/06\/22\/jazda-artystyczna-na-rowerze-poznajcie-viole-brand\/\" \/>\n<meta property=\"og:site_name\" content=\"\u0160koda We Love Cycling - Poland\" \/>\n<meta property=\"article:published_time\" content=\"2018-06-22T15:47:41+00:00\" \/>\n<meta property=\"og:image\" content=\"https:\/\/d2p6e6u75xmxt8.cloudfront.net\/5\/2018\/06\/HOM-5.jpg\" \/>\n\t<meta property=\"og:image:width\" content=\"1366\" \/>\n\t<meta property=\"og:image:height\" content=\"600\" \/>\n\t<meta property=\"og:image:type\" content=\"image\/jpeg\" \/>\n<meta name=\"author\" content=\"piotrboczkowski\" \/>\n<meta name=\"twitter:card\" content=\"summary_large_image\" \/>\n<meta name=\"twitter:label1\" content=\"Written by\" \/>\n\t<meta name=\"twitter:data1\" content=\"Jonathan Bouchard (Polska \u00e0 v\u00e9lo)\" \/>\n\t<meta name=\"twitter:label2\" content=\"Est. reading time\" \/>\n\t<meta name=\"twitter:data2\" content=\"7 minutes\" \/>\n<script type=\"application\/ld+json\" class=\"yoast-schema-graph\">{\"@context\":\"https:\/\/schema.org\",\"@graph\":[{\"@type\":\"WebPage\",\"@id\":\"https:\/\/www.welovecycling.com\/pl\/2018\/06\/22\/jazda-artystyczna-na-rowerze-poznajcie-viole-brand\/\",\"url\":\"https:\/\/www.welovecycling.com\/pl\/2018\/06\/22\/jazda-artystyczna-na-rowerze-poznajcie-viole-brand\/\",\"name\":\"Jazda artystyczna na rowerze: poznajcie Viol\u0119 Brand - \u0160koda We Love Cycling - Poland\",\"isPartOf\":{\"@id\":\"https:\/\/www.welovecycling.com\/pl\/#website\"},\"primaryImageOfPage\":{\"@id\":\"https:\/\/www.welovecycling.com\/pl\/2018\/06\/22\/jazda-artystyczna-na-rowerze-poznajcie-viole-brand\/#primaryimage\"},\"image\":{\"@id\":\"https:\/\/www.welovecycling.com\/pl\/2018\/06\/22\/jazda-artystyczna-na-rowerze-poznajcie-viole-brand\/#primaryimage\"},\"thumbnailUrl\":\"https:\/\/d2p6e6u75xmxt8.cloudfront.net\/5\/2018\/06\/HOM-5.jpg\",\"datePublished\":\"2018-06-22T15:47:41+00:00\",\"author\":{\"@id\":\"https:\/\/www.welovecycling.com\/pl\/#\/schema\/person\/0dba2d39da943db9df3fd8f4687e7f23\"},\"breadcrumb\":{\"@id\":\"https:\/\/www.welovecycling.com\/pl\/2018\/06\/22\/jazda-artystyczna-na-rowerze-poznajcie-viole-brand\/#breadcrumb\"},\"inLanguage\":\"pl-PL\",\"potentialAction\":[{\"@type\":\"ReadAction\",\"target\":[\"https:\/\/www.welovecycling.com\/pl\/2018\/06\/22\/jazda-artystyczna-na-rowerze-poznajcie-viole-brand\/\"]}]},{\"@type\":\"ImageObject\",\"inLanguage\":\"pl-PL\",\"@id\":\"https:\/\/www.welovecycling.com\/pl\/2018\/06\/22\/jazda-artystyczna-na-rowerze-poznajcie-viole-brand\/#primaryimage\",\"url\":\"https:\/\/d2p6e6u75xmxt8.cloudfront.net\/5\/2018\/06\/HOM-5.jpg\",\"contentUrl\":\"https:\/\/d2p6e6u75xmxt8.cloudfront.net\/5\/2018\/06\/HOM-5.jpg\",\"width\":1366,\"height\":600},{\"@type\":\"BreadcrumbList\",\"@id\":\"https:\/\/www.welovecycling.com\/pl\/2018\/06\/22\/jazda-artystyczna-na-rowerze-poznajcie-viole-brand\/#breadcrumb\",\"itemListElement\":[{\"@type\":\"ListItem\",\"position\":1,\"name\":\"Home\",\"item\":\"https:\/\/www.welovecycling.com\/pl\/\"},{\"@type\":\"ListItem\",\"position\":2,\"name\":\"Jazda artystyczna na rowerze: poznajcie Viol\u0119 Brand\"}]},{\"@type\":\"WebSite\",\"@id\":\"https:\/\/www.welovecycling.com\/pl\/#website\",\"url\":\"https:\/\/www.welovecycling.com\/pl\/\",\"name\":\"\u0160koda We Love Cycling - Poland\",\"description\":\"\",\"potentialAction\":[{\"@type\":\"SearchAction\",\"target\":{\"@type\":\"EntryPoint\",\"urlTemplate\":\"https:\/\/www.welovecycling.com\/pl\/?s={search_term_string}\"},\"query-input\":{\"@type\":\"PropertyValueSpecification\",\"valueRequired\":true,\"valueName\":\"search_term_string\"}}],\"inLanguage\":\"pl-PL\"},{\"@type\":\"Person\",\"@id\":\"https:\/\/www.welovecycling.com\/pl\/#\/schema\/person\/0dba2d39da943db9df3fd8f4687e7f23\",\"name\":\"piotrboczkowski\",\"image\":{\"@type\":\"ImageObject\",\"inLanguage\":\"pl-PL\",\"@id\":\"https:\/\/www.welovecycling.com\/pl\/#\/schema\/person\/image\/\",\"url\":\"https:\/\/secure.gravatar.com\/avatar\/533caccae14752e03a2ce2d3fd62d1b98b93e1393c3195c27819e53344ca1ace?s=96&d=mm&r=g\",\"contentUrl\":\"https:\/\/secure.gravatar.com\/avatar\/533caccae14752e03a2ce2d3fd62d1b98b93e1393c3195c27819e53344ca1ace?s=96&d=mm&r=g\",\"caption\":\"piotrboczkowski\"},\"url\":\"https:\/\/www.welovecycling.com\/pl\/author\/piotrboczkowski\/\"}]}<\/script>\n<!-- \/ Yoast SEO Premium plugin. -->","yoast_head_json":{"title":"Jazda artystyczna na rowerze: poznajcie Viol\u0119 Brand - \u0160koda We Love Cycling - Poland","robots":{"index":"index","follow":"follow","max-snippet":"max-snippet:-1","max-image-preview":"max-image-preview:large","max-video-preview":"max-video-preview:-1"},"canonical":"https:\/\/www.welovecycling.com\/pl\/2018\/06\/22\/jazda-artystyczna-na-rowerze-poznajcie-viole-brand\/","og_locale":"pl_PL","og_type":"article","og_title":"Jazda artystyczna na rowerze: poznajcie Viol\u0119 Brand","og_description":"Pami\u0119tacie jeszcze czasy, kiedy szaleli\u015bcie w parku na BMX-ie? To poczucie totalnej wolno\u015bci, kiedy jedziesz na rowerze \u2018bez trzymanki\u2019 albo [&hellip;]","og_url":"https:\/\/www.welovecycling.com\/pl\/2018\/06\/22\/jazda-artystyczna-na-rowerze-poznajcie-viole-brand\/","og_site_name":"\u0160koda We Love Cycling - Poland","article_published_time":"2018-06-22T15:47:41+00:00","og_image":[{"width":1366,"height":600,"url":"https:\/\/d2p6e6u75xmxt8.cloudfront.net\/5\/2018\/06\/HOM-5.jpg","type":"image\/jpeg"}],"author":"piotrboczkowski","twitter_card":"summary_large_image","twitter_misc":{"Written by":"Jonathan Bouchard (Polska \u00e0 v\u00e9lo)","Est. reading time":"7 minutes"},"schema":{"@context":"https:\/\/schema.org","@graph":[{"@type":"WebPage","@id":"https:\/\/www.welovecycling.com\/pl\/2018\/06\/22\/jazda-artystyczna-na-rowerze-poznajcie-viole-brand\/","url":"https:\/\/www.welovecycling.com\/pl\/2018\/06\/22\/jazda-artystyczna-na-rowerze-poznajcie-viole-brand\/","name":"Jazda artystyczna na rowerze: poznajcie Viol\u0119 Brand - \u0160koda We Love Cycling - Poland","isPartOf":{"@id":"https:\/\/www.welovecycling.com\/pl\/#website"},"primaryImageOfPage":{"@id":"https:\/\/www.welovecycling.com\/pl\/2018\/06\/22\/jazda-artystyczna-na-rowerze-poznajcie-viole-brand\/#primaryimage"},"image":{"@id":"https:\/\/www.welovecycling.com\/pl\/2018\/06\/22\/jazda-artystyczna-na-rowerze-poznajcie-viole-brand\/#primaryimage"},"thumbnailUrl":"https:\/\/d2p6e6u75xmxt8.cloudfront.net\/5\/2018\/06\/HOM-5.jpg","datePublished":"2018-06-22T15:47:41+00:00","author":{"@id":"https:\/\/www.welovecycling.com\/pl\/#\/schema\/person\/0dba2d39da943db9df3fd8f4687e7f23"},"breadcrumb":{"@id":"https:\/\/www.welovecycling.com\/pl\/2018\/06\/22\/jazda-artystyczna-na-rowerze-poznajcie-viole-brand\/#breadcrumb"},"inLanguage":"pl-PL","potentialAction":[{"@type":"ReadAction","target":["https:\/\/www.welovecycling.com\/pl\/2018\/06\/22\/jazda-artystyczna-na-rowerze-poznajcie-viole-brand\/"]}]},{"@type":"ImageObject","inLanguage":"pl-PL","@id":"https:\/\/www.welovecycling.com\/pl\/2018\/06\/22\/jazda-artystyczna-na-rowerze-poznajcie-viole-brand\/#primaryimage","url":"https:\/\/d2p6e6u75xmxt8.cloudfront.net\/5\/2018\/06\/HOM-5.jpg","contentUrl":"https:\/\/d2p6e6u75xmxt8.cloudfront.net\/5\/2018\/06\/HOM-5.jpg","width":1366,"height":600},{"@type":"BreadcrumbList","@id":"https:\/\/www.welovecycling.com\/pl\/2018\/06\/22\/jazda-artystyczna-na-rowerze-poznajcie-viole-brand\/#breadcrumb","itemListElement":[{"@type":"ListItem","position":1,"name":"Home","item":"https:\/\/www.welovecycling.com\/pl\/"},{"@type":"ListItem","position":2,"name":"Jazda artystyczna na rowerze: poznajcie Viol\u0119 Brand"}]},{"@type":"WebSite","@id":"https:\/\/www.welovecycling.com\/pl\/#website","url":"https:\/\/www.welovecycling.com\/pl\/","name":"\u0160koda We Love Cycling - Poland","description":"","potentialAction":[{"@type":"SearchAction","target":{"@type":"EntryPoint","urlTemplate":"https:\/\/www.welovecycling.com\/pl\/?s={search_term_string}"},"query-input":{"@type":"PropertyValueSpecification","valueRequired":true,"valueName":"search_term_string"}}],"inLanguage":"pl-PL"},{"@type":"Person","@id":"https:\/\/www.welovecycling.com\/pl\/#\/schema\/person\/0dba2d39da943db9df3fd8f4687e7f23","name":"piotrboczkowski","image":{"@type":"ImageObject","inLanguage":"pl-PL","@id":"https:\/\/www.welovecycling.com\/pl\/#\/schema\/person\/image\/","url":"https:\/\/secure.gravatar.com\/avatar\/533caccae14752e03a2ce2d3fd62d1b98b93e1393c3195c27819e53344ca1ace?s=96&d=mm&r=g","contentUrl":"https:\/\/secure.gravatar.com\/avatar\/533caccae14752e03a2ce2d3fd62d1b98b93e1393c3195c27819e53344ca1ace?s=96&d=mm&r=g","caption":"piotrboczkowski"},"url":"https:\/\/www.welovecycling.com\/pl\/author\/piotrboczkowski\/"}]}},"_links":{"self":[{"href":"https:\/\/www.welovecycling.com\/pl\/wp-json\/wp\/v2\/posts\/7231","targetHints":{"allow":["GET"]}}],"collection":[{"href":"https:\/\/www.welovecycling.com\/pl\/wp-json\/wp\/v2\/posts"}],"about":[{"href":"https:\/\/www.welovecycling.com\/pl\/wp-json\/wp\/v2\/types\/post"}],"author":[{"embeddable":true,"href":"https:\/\/www.welovecycling.com\/pl\/wp-json\/wp\/v2\/users\/76"}],"replies":[{"embeddable":true,"href":"https:\/\/www.welovecycling.com\/pl\/wp-json\/wp\/v2\/comments?post=7231"}],"version-history":[{"count":2,"href":"https:\/\/www.welovecycling.com\/pl\/wp-json\/wp\/v2\/posts\/7231\/revisions"}],"predecessor-version":[{"id":7242,"href":"https:\/\/www.welovecycling.com\/pl\/wp-json\/wp\/v2\/posts\/7231\/revisions\/7242"}],"wp:featuredmedia":[{"embeddable":true,"href":"https:\/\/www.welovecycling.com\/pl\/wp-json\/wp\/v2\/media\/7240"}],"wp:attachment":[{"href":"https:\/\/www.welovecycling.com\/pl\/wp-json\/wp\/v2\/media?parent=7231"}],"wp:term":[{"taxonomy":"category","embeddable":true,"href":"https:\/\/www.welovecycling.com\/pl\/wp-json\/wp\/v2\/categories?post=7231"},{"taxonomy":"post_tag","embeddable":true,"href":"https:\/\/www.welovecycling.com\/pl\/wp-json\/wp\/v2\/tags?post=7231"},{"taxonomy":"global-categories","embeddable":true,"href":"https:\/\/www.welovecycling.com\/pl\/wp-json\/wp\/v2\/global-categories?post=7231"}],"curies":[{"name":"wp","href":"https:\/\/api.w.org\/{rel}","templated":true}]}}