{"id":7208,"date":"2018-06-19T11:07:38","date_gmt":"2018-06-19T11:07:38","guid":{"rendered":"https:\/\/www.welovecycling.com\/pl\/?p=7208"},"modified":"2018-06-19T11:07:38","modified_gmt":"2018-06-19T11:07:38","slug":"poradnik-jak-przewozic-dziecko-na-rowerze","status":"publish","type":"post","link":"https:\/\/www.welovecycling.com\/pl\/2018\/06\/19\/poradnik-jak-przewozic-dziecko-na-rowerze\/","title":{"rendered":"Poradnik: jak przewozi\u0107 dziecko na rowerze"},"content":{"rendered":"<p><strong>Wi\u0119kszo\u015b\u0107 przedszkolak\u00f3w ch\u0119tnie nauczy si\u0119 je\u017adzi\u0107 na rowerze. Jednak zanim to nast\u0105pi (a jeste\u015b rodzicem-rowerzyst\u0105 i chcesz przewozi\u0107 na rowerze dziecko w wieku od 6 miesi\u0119cy do oko\u0142o 4 lat), musisz to robi\u0107 przede wszystkim rozs\u0105dnie i bezpiecznie.\u00a0 <\/strong><\/p>\n<p>Masz do wyboru kilka opcji: foteliki rowerowe przednie, foteliki rowerowe tylne i przyczepki. Jednak podobnie jak z innymi sprawami dotycz\u0105cymi dzieci, wyb\u00f3r jest kwesti\u0105 indywidualn\u0105 i zale\u017cy od tego, co najbardziej b\u0119dzie ci pasowa\u0107. Oczywi\u015bcie nie zapominamy o kasku.<\/p>\n<p>Foteliki rowerowe s\u0105 zwykle przeznaczone dla dzieci w wieku od 9 miesi\u0119cy do 4 lat. Dolna granica wieku jest podyktowana zdolno\u015bci\u0105 dziecka do siedzenia bez podparcia, a g\u00f3rna \u2013 nie tyle wiekiem, co wag\u0105, poniewa\u017c przewo\u017cenie ci\u0119\u017cszego pasa\u017cera znacznie utrudnia jazd\u0119. Foteliki s\u0105 przewa\u017cnie dostosowane do pasa\u017cer\u00f3w o masie cia\u0142a do 20 kg.<\/p>\n<p><strong>Czy fotelik b\u0119dzie pasowa\u0142 do twojego roweru? \u00a0<\/strong><\/p>\n<p>Jedn\u0105 z g\u0142\u00f3wnych kwestii przy wyborze w\u0142a\u015bciwego rozwi\u0105zania dla ciebie i twojej rodziny jest spos\u00f3b monta\u017cu fotelika na rowerze. Nie wszystkie rowery s\u0105 kompatybilne z fotelikami, a niekt\u00f3re rowery s\u0105 kompatybilne tylko z niekt\u00f3rymi typami lub markami fotelik\u00f3w. Standardowe rowery miejskie, hybrydy czy rowery dojazdowe daj\u0105 najwi\u0119cej mo\u017cliwo\u015bci, natomiast nie zaleca si\u0119 montowania fotelik\u00f3w do rower\u00f3w przeznaczonych do jazdy specjalistycznej.<\/p>\n<p><strong>Zwr\u00f3\u0107 uwag\u0119 na:<\/strong><\/p>\n<p>&#8211; otwory do zamontowania stela\u017cu do fotelika<\/p>\n<p>&#8211; linki, kt\u00f3re mog\u0105 przeszkadza\u0107 w monta\u017cu<\/p>\n<p>&#8211; specyficzne systemy monta\u017cu stela\u017cy z ty\u0142u<\/p>\n<p>Sprawd\u017a, czy tw\u00f3j rower zapewnia wystarczaj\u0105co du\u017co przestrzeni do zamontowania fotelika przedniego.<\/p>\n<p><strong>Foteliki rowerowe tylne<\/strong><\/p>\n<p>Foteliki rowerowe tylne s\u0105 dost\u0119pne w trzech podstawowych wersjach: przywieszone na wspornikach umieszczonych na rurze podsiod\u0142owej, montowane na tylnym baga\u017cniku i montowane bezpo\u015brednio do rury podsiod\u0142owej i g\u00f3rnych rur tr\u00f3jk\u0105ta.<\/p>\n<p>Takie foteliki s\u0105 najlepsze: dla wy\u017cszych dzieci od 9 miesi\u0105ca \u017cycia oraz na d\u0142u\u017csze wycieczki, podczas kt\u00f3rych dziecko mo\u017ce zasn\u0105\u0107.<\/p>\n<p><a href=\"https:\/\/d2p6e6u75xmxt8.cloudfront.net\/5\/2018\/06\/1-3.jpg\"><img loading=\"lazy\" decoding=\"async\" class=\"alignnone size-full wp-image-7209\" src=\"https:\/\/d2p6e6u75xmxt8.cloudfront.net\/5\/2018\/06\/1-3.jpg\" alt=\"\" width=\"800\" height=\"499\" srcset=\"https:\/\/d2p6e6u75xmxt8.cloudfront.net\/5\/2018\/06\/1-3.jpg 800w, https:\/\/d2p6e6u75xmxt8.cloudfront.net\/5\/2018\/06\/1-3-300x187.jpg 300w, https:\/\/d2p6e6u75xmxt8.cloudfront.net\/5\/2018\/06\/1-3-768x479.jpg 768w\" sizes=\"auto, (max-width: 800px) 100vw, 800px\" \/><\/a><\/p>\n<p><strong>Plusy<\/strong><\/p>\n<ol>\n<li>Wi\u0119kszo\u015b\u0107 fotelik\u00f3w pasuje najlepiej do \u015brednich lub du\u017cych rower\u00f3w z konwencjonaln\u0105 g\u00f3rn\u0105 rur\u0105 ramy.<\/li>\n<li>Jest to opcja najprostsza i powszechnie dost\u0119pna.<\/li>\n<li>Wi\u0119kszo\u015b\u0107 fotelik\u00f3w mo\u017cna wypi\u0105\u0107 ze wspornika zamontowanego na rowerze.<\/li>\n<li>Dodatkowy wspornik daje mo\u017cliwo\u015b\u0107 przek\u0142adania fotelika pomi\u0119dzy rowerami.<\/li>\n<\/ol>\n<p>&nbsp;<\/p>\n<p><strong>Minusy<\/strong><\/p>\n<ol>\n<li>Wi\u0119ksze dzieci lub cz\u0119ste u\u017cytkowanie fotelika mog\u0105 powodowa\u0107 jego zbyt du\u017ce odchylenie.<\/li>\n<li>W przypadku mniejszych ram lub tych z opuszczon\u0105 g\u00f3rn\u0105 rur\u0105 mog\u0105 wyst\u0105pi\u0107 problemy z monta\u017cem ka\u017cdego fotelika ze wspornikiem mocowanym do rury podsiod\u0142owej.<\/li>\n<li>Dziecko znajduje si\u0119 poza polem widzenia kieruj\u0105cego, co utrudnia rozmow\u0119.<\/li>\n<li>Fotelik i dziecko powoduj\u0105 przesuni\u0119cie \u015brodka ci\u0119\u017cko\u015bci roweru do ty\u0142u, co mo\u017ce (przynajmniej na pocz\u0105tku) sprawia\u0107 dziwne wra\u017cenie i utrudnia\u0107 jazd\u0119 kieruj\u0105cemu.<\/li>\n<\/ol>\n<p>&nbsp;<\/p>\n<p>Rekomendowane marki: Hamax, CoPilot, Bobike.<\/p>\n<p><strong>Foteliki rowerowe przednie<\/strong><\/p>\n<p>Foteliki rowerowe przednie s\u0105 zwykle montowane do g\u00f3rnej rury, poprzeczki montowanej powy\u017cej rury g\u00f3rnej lub wspornika na g\u0142\u00f3wce ramy. Niekt\u00f3re foteliki s\u0105 uformowane w ca\u0142o\u015bci z tworzywa sztucznego, a inne, dla starszych dzieci, to ma\u0142e siode\u0142ka z podn\u00f3\u017ckami.<\/p>\n<p>Foteliki przednie s\u0105 najlepsze: dla ma\u0142ych dzieci, jad\u0105cych z doros\u0142ym \u015bredniego lub wysokiego wzrostu.<\/p>\n<p><a href=\"https:\/\/d2p6e6u75xmxt8.cloudfront.net\/5\/2018\/06\/2-2.jpg\"><img loading=\"lazy\" decoding=\"async\" class=\"alignnone size-full wp-image-7210\" src=\"https:\/\/d2p6e6u75xmxt8.cloudfront.net\/5\/2018\/06\/2-2.jpg\" alt=\"\" width=\"900\" height=\"600\" srcset=\"https:\/\/d2p6e6u75xmxt8.cloudfront.net\/5\/2018\/06\/2-2.jpg 900w, https:\/\/d2p6e6u75xmxt8.cloudfront.net\/5\/2018\/06\/2-2-300x200.jpg 300w, https:\/\/d2p6e6u75xmxt8.cloudfront.net\/5\/2018\/06\/2-2-768x512.jpg 768w, https:\/\/d2p6e6u75xmxt8.cloudfront.net\/5\/2018\/06\/2-2-272x182.jpg 272w\" sizes=\"auto, (max-width: 900px) 100vw, 900px\" \/><\/a><\/p>\n<p><strong>Plusy<\/strong><\/p>\n<ol>\n<li>Fotelik przedni umo\u017cliwia rozmow\u0119 i bliski kontakt z dzieckiem.<\/li>\n<li>Dziecko ma lepsz\u0105 widoczno\u015b\u0107.<\/li>\n<li>R\u00f3wnowaga roweru zostaje zachowana.<\/li>\n<li>\u0141atwiejsze wk\u0142adanie i wyjmowanie dziecka z fotelika.<\/li>\n<\/ol>\n<p>&nbsp;<\/p>\n<p><strong>Minusy<\/strong><\/p>\n<ol>\n<li>Ograniczona przestrze\u0144 dla doros\u0142ego, co mo\u017ce powodowa\u0107 konieczno\u015b\u0107 peda\u0142owania z kolanami skierowanymi na zewn\u0105trz.<\/li>\n<li>W razie upadku lub nag\u0142ego zahamowania, istnieje niebezpiecze\u0144stwo, \u017ce dziecko stanie si\u0119 amortyzacj\u0105 dla kieruj\u0105cego.<\/li>\n<li>Dziecko jest nieco bardziej eksponowane na ch\u0142odny wiatr.<\/li>\n<li>Wersja z ma\u0142ym siode\u0142kiem jest rekomendowana wy\u0142\u0105cznie na kr\u00f3tkie przejazdy, poniewa\u017c zm\u0119czone dziecko mo\u017ce ze\u015blizgn\u0105\u0107 si\u0119 na bok lub zwiesi\u0107 nog\u0119 na przednie ko\u0142o.<\/li>\n<\/ol>\n<p>&nbsp;<\/p>\n<p>Rekomendowane marki: Bobike, Kangaroo, Weeride, Thule.<\/p>\n<p><strong>Nie tylko jedno dziecko?<\/strong><\/p>\n<p>Istnieje wprawdzie mo\u017cliwo\u015b\u0107 zamontowania przedniego i tylnego fotelika na jednym rowerze, jednak jazda w takich warunkach jest ekstremalnie trudna. Dlatego je\u015bli chcesz je\u017adzi\u0107 z wi\u0119cej ni\u017c jednym dzieckiem, najlepszym rozwi\u0105zaniem b\u0119dzie przyczepka rowerowa.<\/p>\n<p>Istotn\u0105 korzy\u015bci\u0105 przewo\u017cenia dziecka w przyczepce rowerowej jest to, \u017ce podczas gdy wi\u0119kszo\u015b\u0107 fotelik\u00f3w mo\u017ce by\u0107 u\u017cywana dopiero, gdy dziecko jest w stanie utrzyma\u0107 samodzielnie g\u0142\u00f3wk\u0119, w przyczepkach mog\u0105 je\u017adzi\u0107 nawet du\u017co m\u0142odsze dzieci. Dodatkowo zapewniaj\u0105 one wystarczaj\u0105co du\u017co miejsca na zapakowanie wszystkich niezb\u0119dnych dla dziecka rzeczy.<\/p>\n<p><a href=\"https:\/\/d2p6e6u75xmxt8.cloudfront.net\/5\/2018\/06\/3-2.jpg\"><img loading=\"lazy\" decoding=\"async\" class=\"alignnone size-extra-large wp-image-7211\" src=\"https:\/\/d2p6e6u75xmxt8.cloudfront.net\/5\/2018\/06\/3-2-1920x654.jpg\" alt=\"\" width=\"1920\" height=\"654\" srcset=\"https:\/\/d2p6e6u75xmxt8.cloudfront.net\/5\/2018\/06\/3-2-1920x654.jpg 1920w, https:\/\/d2p6e6u75xmxt8.cloudfront.net\/5\/2018\/06\/3-2-300x102.jpg 300w, https:\/\/d2p6e6u75xmxt8.cloudfront.net\/5\/2018\/06\/3-2-768x262.jpg 768w, https:\/\/d2p6e6u75xmxt8.cloudfront.net\/5\/2018\/06\/3-2-1024x349.jpg 1024w, https:\/\/d2p6e6u75xmxt8.cloudfront.net\/5\/2018\/06\/3-2.jpg 1979w, https:\/\/d2p6e6u75xmxt8.cloudfront.net\/5\/2018\/06\/3-2-1920x654.jpg 1920w\" sizes=\"auto, (max-width: 1920px) 100vw, 1920px\" \/><\/a><\/p>\n<p><strong>Plusy<\/strong><\/p>\n<ol>\n<li>Przyczepki rowerowe zapewniaj\u0105 du\u017co dodatkowej przestrzeni.<\/li>\n<li>S\u0105 wygodniejsze dla dziecka.<\/li>\n<li>Istnieje du\u017co przyczepek przeznaczonych do przewo\u017cenia dzieci od urodzenia (nale\u017cy sprawdzi\u0107 ograniczenia wiekowe modelu).<\/li>\n<li>Dziecko mo\u017ce wygodnie spa\u0107 w trakcie jazdy.<\/li>\n<li>W wielu przyczepkach dzieci s\u0105 umieszczone obok siebie, dzi\u0119ki czemu mog\u0105 ze sob\u0105 rozmawia\u0107.<\/li>\n<li>Przyczepka eliminuje wszelkie problemy z r\u00f3wnowag\u0105 lub kontrol\u0105 nad rowerem, jakie mog\u0105 powodowa\u0107 foteliki montowane do ramy roweru.<\/li>\n<li>Dzieci s\u0105 chronione nieprzemakalnym materia\u0142em i mog\u0105 swobodnie rusza\u0107 r\u0119kami w trakcie jazdy.<\/li>\n<li>Daj\u0105 mo\u017cliwo\u015b\u0107 ud\u017awigni\u0119cia wi\u0119kszego obci\u0105\u017cenia ni\u017c foteliki rowerowe.<\/li>\n<li>Z przyczepki mo\u017cna korzysta\u0107, pomimo \u017ce dziecko staje si\u0119 coraz wi\u0119ksze.<\/li>\n<li>Du\u017co nowoczesnych przyczepek mo\u017cna z \u0142atwo\u015bci\u0105 wykorzysta\u0107 w funkcji spacer\u00f3wki \u2013 nie musisz wi\u0119c przerywa\u0107 snu dziecka, gdy dojedziecie do celu.<\/li>\n<\/ol>\n<p>&nbsp;<\/p>\n<p><strong>Minusy<\/strong><\/p>\n<ol>\n<li>Wszystkie przyczepki maja ograniczenia wagowe (podobnie jak foteliki).<\/li>\n<li>Dzieci znajduj\u0105 si\u0119 w przyczepce za twoimi plecami, wi\u0119c nie s\u0142yszysz ich wyra\u017anie ani nie masz z nimi takiego kontaktu, jak wtedy, kiedy siedz\u0105 obok ciebie \u2013 tu pomocne mo\u017ce si\u0119 okaza\u0107 lusterko rowerowe.<\/li>\n<li>Ci\u0105gni\u0119cie przyczepki wymaga od kieruj\u0105cego si\u0142y i dobrej kondycji.<\/li>\n<li>Jako kieruj\u0105cy, musisz zwr\u00f3ci\u0107 wi\u0119ksz\u0105 uwag\u0119 na sw\u0105 pozycj\u0119 na drodze i upewni\u0107 si\u0119, \u017ce i ty, i przyczepka b\u0119dziecie dobrze widoczni dla kierowc\u00f3w.<\/li>\n<\/ol>\n","protected":false},"excerpt":{"rendered":"<p>Wi\u0119kszo\u015b\u0107 przedszkolak\u00f3w ch\u0119tnie nauczy si\u0119 je\u017adzi\u0107 na rowerze. Jednak zanim to nast\u0105pi (a jeste\u015b rodzicem-rowerzyst\u0105 i chcesz przewozi\u0107 na rowerze [&hellip;]<\/p>\n","protected":false},"author":76,"featured_media":7212,"comment_status":"open","ping_status":"open","sticky":false,"template":"","format":"standard","meta":{"footnotes":""},"categories":[7],"tags":[131,258,260,259,25],"global-categories":[],"class_list":["post-7208","post","type-post","status-publish","format-standard","has-post-thumbnail","hentry","category-bezpieczenstwo","tag-bezpieczenstwo","tag-dziecko","tag-fotelik","tag-foteliki-rowerowe","tag-rodzina"],"yoast_head":"<!-- This site is optimized with the Yoast SEO Premium plugin v25.3 (Yoast SEO v25.9) - https:\/\/yoast.com\/wordpress\/plugins\/seo\/ -->\n<title>Poradnik: jak przewozi\u0107 dziecko na rowerze - \u0160koda We Love Cycling - Poland<\/title>\n<meta name=\"robots\" content=\"index, follow, max-snippet:-1, max-image-preview:large, max-video-preview:-1\" \/>\n<link rel=\"canonical\" href=\"https:\/\/www.welovecycling.com\/pl\/2018\/06\/19\/poradnik-jak-przewozic-dziecko-na-rowerze\/\" \/>\n<meta property=\"og:locale\" content=\"pl_PL\" \/>\n<meta property=\"og:type\" content=\"article\" \/>\n<meta property=\"og:title\" content=\"Poradnik: jak przewozi\u0107 dziecko na rowerze\" \/>\n<meta property=\"og:description\" content=\"Wi\u0119kszo\u015b\u0107 przedszkolak\u00f3w ch\u0119tnie nauczy si\u0119 je\u017adzi\u0107 na rowerze. Jednak zanim to nast\u0105pi (a jeste\u015b rodzicem-rowerzyst\u0105 i chcesz przewozi\u0107 na rowerze [&hellip;]\" \/>\n<meta property=\"og:url\" content=\"https:\/\/www.welovecycling.com\/pl\/2018\/06\/19\/poradnik-jak-przewozic-dziecko-na-rowerze\/\" \/>\n<meta property=\"og:site_name\" content=\"\u0160koda We Love Cycling - Poland\" \/>\n<meta property=\"article:published_time\" content=\"2018-06-19T11:07:38+00:00\" \/>\n<meta property=\"og:image\" content=\"https:\/\/d2p6e6u75xmxt8.cloudfront.net\/5\/2018\/06\/HOM-2.jpg\" \/>\n\t<meta property=\"og:image:width\" content=\"1366\" \/>\n\t<meta property=\"og:image:height\" content=\"600\" \/>\n\t<meta property=\"og:image:type\" content=\"image\/jpeg\" \/>\n<meta name=\"author\" content=\"piotrboczkowski\" \/>\n<meta name=\"twitter:card\" content=\"summary_large_image\" \/>\n<meta name=\"twitter:label1\" content=\"Written by\" \/>\n\t<meta name=\"twitter:data1\" content=\"Bonnie Friend\" \/>\n\t<meta name=\"twitter:label2\" content=\"Est. reading time\" \/>\n\t<meta name=\"twitter:data2\" content=\"5 minutes\" \/>\n<script type=\"application\/ld+json\" class=\"yoast-schema-graph\">{\"@context\":\"https:\/\/schema.org\",\"@graph\":[{\"@type\":\"WebPage\",\"@id\":\"https:\/\/www.welovecycling.com\/pl\/2018\/06\/19\/poradnik-jak-przewozic-dziecko-na-rowerze\/\",\"url\":\"https:\/\/www.welovecycling.com\/pl\/2018\/06\/19\/poradnik-jak-przewozic-dziecko-na-rowerze\/\",\"name\":\"Poradnik: jak przewozi\u0107 dziecko na rowerze - \u0160koda We Love Cycling - Poland\",\"isPartOf\":{\"@id\":\"https:\/\/www.welovecycling.com\/pl\/#website\"},\"primaryImageOfPage\":{\"@id\":\"https:\/\/www.welovecycling.com\/pl\/2018\/06\/19\/poradnik-jak-przewozic-dziecko-na-rowerze\/#primaryimage\"},\"image\":{\"@id\":\"https:\/\/www.welovecycling.com\/pl\/2018\/06\/19\/poradnik-jak-przewozic-dziecko-na-rowerze\/#primaryimage\"},\"thumbnailUrl\":\"https:\/\/d2p6e6u75xmxt8.cloudfront.net\/5\/2018\/06\/HOM-2.jpg\",\"datePublished\":\"2018-06-19T11:07:38+00:00\",\"author\":{\"@id\":\"https:\/\/www.welovecycling.com\/pl\/#\/schema\/person\/0dba2d39da943db9df3fd8f4687e7f23\"},\"breadcrumb\":{\"@id\":\"https:\/\/www.welovecycling.com\/pl\/2018\/06\/19\/poradnik-jak-przewozic-dziecko-na-rowerze\/#breadcrumb\"},\"inLanguage\":\"pl-PL\",\"potentialAction\":[{\"@type\":\"ReadAction\",\"target\":[\"https:\/\/www.welovecycling.com\/pl\/2018\/06\/19\/poradnik-jak-przewozic-dziecko-na-rowerze\/\"]}]},{\"@type\":\"ImageObject\",\"inLanguage\":\"pl-PL\",\"@id\":\"https:\/\/www.welovecycling.com\/pl\/2018\/06\/19\/poradnik-jak-przewozic-dziecko-na-rowerze\/#primaryimage\",\"url\":\"https:\/\/d2p6e6u75xmxt8.cloudfront.net\/5\/2018\/06\/HOM-2.jpg\",\"contentUrl\":\"https:\/\/d2p6e6u75xmxt8.cloudfront.net\/5\/2018\/06\/HOM-2.jpg\",\"width\":1366,\"height\":600},{\"@type\":\"BreadcrumbList\",\"@id\":\"https:\/\/www.welovecycling.com\/pl\/2018\/06\/19\/poradnik-jak-przewozic-dziecko-na-rowerze\/#breadcrumb\",\"itemListElement\":[{\"@type\":\"ListItem\",\"position\":1,\"name\":\"Home\",\"item\":\"https:\/\/www.welovecycling.com\/pl\/\"},{\"@type\":\"ListItem\",\"position\":2,\"name\":\"Poradnik: jak przewozi\u0107 dziecko na rowerze\"}]},{\"@type\":\"WebSite\",\"@id\":\"https:\/\/www.welovecycling.com\/pl\/#website\",\"url\":\"https:\/\/www.welovecycling.com\/pl\/\",\"name\":\"\u0160koda We Love Cycling - Poland\",\"description\":\"\",\"potentialAction\":[{\"@type\":\"SearchAction\",\"target\":{\"@type\":\"EntryPoint\",\"urlTemplate\":\"https:\/\/www.welovecycling.com\/pl\/?s={search_term_string}\"},\"query-input\":{\"@type\":\"PropertyValueSpecification\",\"valueRequired\":true,\"valueName\":\"search_term_string\"}}],\"inLanguage\":\"pl-PL\"},{\"@type\":\"Person\",\"@id\":\"https:\/\/www.welovecycling.com\/pl\/#\/schema\/person\/0dba2d39da943db9df3fd8f4687e7f23\",\"name\":\"piotrboczkowski\",\"image\":{\"@type\":\"ImageObject\",\"inLanguage\":\"pl-PL\",\"@id\":\"https:\/\/www.welovecycling.com\/pl\/#\/schema\/person\/image\/\",\"url\":\"https:\/\/secure.gravatar.com\/avatar\/533caccae14752e03a2ce2d3fd62d1b98b93e1393c3195c27819e53344ca1ace?s=96&d=mm&r=g\",\"contentUrl\":\"https:\/\/secure.gravatar.com\/avatar\/533caccae14752e03a2ce2d3fd62d1b98b93e1393c3195c27819e53344ca1ace?s=96&d=mm&r=g\",\"caption\":\"piotrboczkowski\"},\"url\":\"https:\/\/www.welovecycling.com\/pl\/author\/piotrboczkowski\/\"}]}<\/script>\n<!-- \/ Yoast SEO Premium plugin. -->","yoast_head_json":{"title":"Poradnik: jak przewozi\u0107 dziecko na rowerze - \u0160koda We Love Cycling - Poland","robots":{"index":"index","follow":"follow","max-snippet":"max-snippet:-1","max-image-preview":"max-image-preview:large","max-video-preview":"max-video-preview:-1"},"canonical":"https:\/\/www.welovecycling.com\/pl\/2018\/06\/19\/poradnik-jak-przewozic-dziecko-na-rowerze\/","og_locale":"pl_PL","og_type":"article","og_title":"Poradnik: jak przewozi\u0107 dziecko na rowerze","og_description":"Wi\u0119kszo\u015b\u0107 przedszkolak\u00f3w ch\u0119tnie nauczy si\u0119 je\u017adzi\u0107 na rowerze. Jednak zanim to nast\u0105pi (a jeste\u015b rodzicem-rowerzyst\u0105 i chcesz przewozi\u0107 na rowerze [&hellip;]","og_url":"https:\/\/www.welovecycling.com\/pl\/2018\/06\/19\/poradnik-jak-przewozic-dziecko-na-rowerze\/","og_site_name":"\u0160koda We Love Cycling - Poland","article_published_time":"2018-06-19T11:07:38+00:00","og_image":[{"width":1366,"height":600,"url":"https:\/\/d2p6e6u75xmxt8.cloudfront.net\/5\/2018\/06\/HOM-2.jpg","type":"image\/jpeg"}],"author":"piotrboczkowski","twitter_card":"summary_large_image","twitter_misc":{"Written by":"Bonnie Friend","Est. reading time":"5 minutes"},"schema":{"@context":"https:\/\/schema.org","@graph":[{"@type":"WebPage","@id":"https:\/\/www.welovecycling.com\/pl\/2018\/06\/19\/poradnik-jak-przewozic-dziecko-na-rowerze\/","url":"https:\/\/www.welovecycling.com\/pl\/2018\/06\/19\/poradnik-jak-przewozic-dziecko-na-rowerze\/","name":"Poradnik: jak przewozi\u0107 dziecko na rowerze - \u0160koda We Love Cycling - Poland","isPartOf":{"@id":"https:\/\/www.welovecycling.com\/pl\/#website"},"primaryImageOfPage":{"@id":"https:\/\/www.welovecycling.com\/pl\/2018\/06\/19\/poradnik-jak-przewozic-dziecko-na-rowerze\/#primaryimage"},"image":{"@id":"https:\/\/www.welovecycling.com\/pl\/2018\/06\/19\/poradnik-jak-przewozic-dziecko-na-rowerze\/#primaryimage"},"thumbnailUrl":"https:\/\/d2p6e6u75xmxt8.cloudfront.net\/5\/2018\/06\/HOM-2.jpg","datePublished":"2018-06-19T11:07:38+00:00","author":{"@id":"https:\/\/www.welovecycling.com\/pl\/#\/schema\/person\/0dba2d39da943db9df3fd8f4687e7f23"},"breadcrumb":{"@id":"https:\/\/www.welovecycling.com\/pl\/2018\/06\/19\/poradnik-jak-przewozic-dziecko-na-rowerze\/#breadcrumb"},"inLanguage":"pl-PL","potentialAction":[{"@type":"ReadAction","target":["https:\/\/www.welovecycling.com\/pl\/2018\/06\/19\/poradnik-jak-przewozic-dziecko-na-rowerze\/"]}]},{"@type":"ImageObject","inLanguage":"pl-PL","@id":"https:\/\/www.welovecycling.com\/pl\/2018\/06\/19\/poradnik-jak-przewozic-dziecko-na-rowerze\/#primaryimage","url":"https:\/\/d2p6e6u75xmxt8.cloudfront.net\/5\/2018\/06\/HOM-2.jpg","contentUrl":"https:\/\/d2p6e6u75xmxt8.cloudfront.net\/5\/2018\/06\/HOM-2.jpg","width":1366,"height":600},{"@type":"BreadcrumbList","@id":"https:\/\/www.welovecycling.com\/pl\/2018\/06\/19\/poradnik-jak-przewozic-dziecko-na-rowerze\/#breadcrumb","itemListElement":[{"@type":"ListItem","position":1,"name":"Home","item":"https:\/\/www.welovecycling.com\/pl\/"},{"@type":"ListItem","position":2,"name":"Poradnik: jak przewozi\u0107 dziecko na rowerze"}]},{"@type":"WebSite","@id":"https:\/\/www.welovecycling.com\/pl\/#website","url":"https:\/\/www.welovecycling.com\/pl\/","name":"\u0160koda We Love Cycling - Poland","description":"","potentialAction":[{"@type":"SearchAction","target":{"@type":"EntryPoint","urlTemplate":"https:\/\/www.welovecycling.com\/pl\/?s={search_term_string}"},"query-input":{"@type":"PropertyValueSpecification","valueRequired":true,"valueName":"search_term_string"}}],"inLanguage":"pl-PL"},{"@type":"Person","@id":"https:\/\/www.welovecycling.com\/pl\/#\/schema\/person\/0dba2d39da943db9df3fd8f4687e7f23","name":"piotrboczkowski","image":{"@type":"ImageObject","inLanguage":"pl-PL","@id":"https:\/\/www.welovecycling.com\/pl\/#\/schema\/person\/image\/","url":"https:\/\/secure.gravatar.com\/avatar\/533caccae14752e03a2ce2d3fd62d1b98b93e1393c3195c27819e53344ca1ace?s=96&d=mm&r=g","contentUrl":"https:\/\/secure.gravatar.com\/avatar\/533caccae14752e03a2ce2d3fd62d1b98b93e1393c3195c27819e53344ca1ace?s=96&d=mm&r=g","caption":"piotrboczkowski"},"url":"https:\/\/www.welovecycling.com\/pl\/author\/piotrboczkowski\/"}]}},"_links":{"self":[{"href":"https:\/\/www.welovecycling.com\/pl\/wp-json\/wp\/v2\/posts\/7208","targetHints":{"allow":["GET"]}}],"collection":[{"href":"https:\/\/www.welovecycling.com\/pl\/wp-json\/wp\/v2\/posts"}],"about":[{"href":"https:\/\/www.welovecycling.com\/pl\/wp-json\/wp\/v2\/types\/post"}],"author":[{"embeddable":true,"href":"https:\/\/www.welovecycling.com\/pl\/wp-json\/wp\/v2\/users\/76"}],"replies":[{"embeddable":true,"href":"https:\/\/www.welovecycling.com\/pl\/wp-json\/wp\/v2\/comments?post=7208"}],"version-history":[{"count":2,"href":"https:\/\/www.welovecycling.com\/pl\/wp-json\/wp\/v2\/posts\/7208\/revisions"}],"predecessor-version":[{"id":7214,"href":"https:\/\/www.welovecycling.com\/pl\/wp-json\/wp\/v2\/posts\/7208\/revisions\/7214"}],"wp:featuredmedia":[{"embeddable":true,"href":"https:\/\/www.welovecycling.com\/pl\/wp-json\/wp\/v2\/media\/7212"}],"wp:attachment":[{"href":"https:\/\/www.welovecycling.com\/pl\/wp-json\/wp\/v2\/media?parent=7208"}],"wp:term":[{"taxonomy":"category","embeddable":true,"href":"https:\/\/www.welovecycling.com\/pl\/wp-json\/wp\/v2\/categories?post=7208"},{"taxonomy":"post_tag","embeddable":true,"href":"https:\/\/www.welovecycling.com\/pl\/wp-json\/wp\/v2\/tags?post=7208"},{"taxonomy":"global-categories","embeddable":true,"href":"https:\/\/www.welovecycling.com\/pl\/wp-json\/wp\/v2\/global-categories?post=7208"}],"curies":[{"name":"wp","href":"https:\/\/api.w.org\/{rel}","templated":true}]}}